{"id":63524,"date":"2020-06-13T00:16:49","date_gmt":"2020-06-13T03:16:49","guid":{"rendered":"http:\/\/infoecos.com.ar\/?p=63524"},"modified":"2020-06-13T00:16:52","modified_gmt":"2020-06-13T03:16:52","slug":"martin-insaurralde-intendente-de-lomas-de-zamora-padece-coronavirus-y-esta-internado-en-un-hospital-de-lavallol","status":"publish","type":"post","link":"https:\/\/infoecos.com.ar\/index.php\/martin-insaurralde-intendente-de-lomas-de-zamora-padece-coronavirus-y-esta-internado-en-un-hospital-de-lavallol\/","title":{"rendered":"Mart\u00edn Insaurralde, intendente de Lomas de Zamora, padece coronavirus y est\u00e1 internado en un hospital de Lavallol"},"content":{"rendered":"\n<p>El intendente de Lomas de Zamora, Mart\u00edn Insaurralde dio positivo en una prueba de coronavirus y qued\u00f3 internado en el hospital municipal de Lavallol por recomendaci\u00f3n de su m\u00e9dico, debido a que present\u00f3 un estado febril y teniendo en cuenta los antecedentes de salud que lo ponen en situaci\u00f3n de riesgo.<\/p>\n\n\n\n<div class=\"wp-block-image\"><figure class=\"aligncenter size-medium\"><img loading=\"lazy\" decoding=\"async\" width=\"460\" height=\"258\" src=\"http:\/\/infoecos.com.ar\/wp-content\/uploads\/insaurralde-460x258.jpg\" alt=\"\" class=\"wp-image-63525\" srcset=\"https:\/\/infoecos.com.ar\/wp-content\/uploads\/insaurralde-460x258.jpg 460w, https:\/\/infoecos.com.ar\/wp-content\/uploads\/insaurralde-920x516.jpg 920w, https:\/\/infoecos.com.ar\/wp-content\/uploads\/insaurralde-768x431.jpg 768w, https:\/\/infoecos.com.ar\/wp-content\/uploads\/insaurralde.jpg 1004w\" sizes=\"(max-width: 460px) 100vw, 460px\" \/><\/figure><\/div>\n\n\n\n<p>Fuentes cercanas al intendente explicaron a T\u00e9lam que \u00absi bien en un principio se hab\u00eda resuelto que cursara el aislamiento en su domicilio porque no presentaba dificultades respiratorias ni ninguna otra complicaci\u00f3n que hiciera pensar en un cuadro grave\u00bb, a \u00faltimo momento su m\u00e9dico prefiri\u00f3 por precauci\u00f3n hospedarlo en el centro de salud para seguir de cerca su cuadro, \u00abdebido a que la fiebre no ced\u00eda\u00bb.<\/p>\n\n\n\n<p>Asimismo, confirm\u00f3 que ya fueron hisopadas su esposa, Jessica Cirio, y la hija de ambos, aunque hasta esta noche no est\u00e1n disponibles los resultados de las pruebas.\n\n<\/p>\n","protected":false},"excerpt":{"rendered":"<p>El intendente de Lomas de Zamora, Mart\u00edn Insaurralde dio positivo en una prueba de coronavirus&#8230;<\/p>\n","protected":false},"author":2,"featured_media":63525,"comment_status":"closed","ping_status":"open","sticky":false,"template":"","format":"standard","meta":{"footnotes":""},"categories":[50],"tags":[214],"class_list":["post-63524","post","type-post","status-publish","format-standard","has-post-thumbnail","hentry","category-c1nota4","tag-lomas-de-zamora"],"yoast_head":"<!-- This site is optimized with the Yoast SEO plugin v23.4 - https:\/\/yoast.com\/wordpress\/plugins\/seo\/ -->\n<title>Mart\u00edn Insaurralde, intendente de Lomas de Zamora, padece coronavirus y est\u00e1 internado en un hospital de Lavallol - Infoecos<\/title>\n<meta name=\"robots\" content=\"index, follow, max-snippet:-1, max-image-preview:large, max-video-preview:-1\" \/>\n<link rel=\"canonical\" href=\"https:\/\/infoecos.com.ar\/index.php\/martin-insaurralde-intendente-de-lomas-de-zamora-padece-coronavirus-y-esta-internado-en-un-hospital-de-lavallol\/\" \/>\n<meta property=\"og:locale\" content=\"es_ES\" \/>\n<meta property=\"og:type\" content=\"article\" \/>\n<meta property=\"og:title\" content=\"Mart\u00edn Insaurralde, intendente de Lomas de Zamora, padece coronavirus y est\u00e1 internado en un hospital de Lavallol - Infoecos\" \/>\n<meta property=\"og:description\" content=\"El intendente de Lomas de Zamora, Mart\u00edn Insaurralde dio positivo en una prueba de coronavirus...\" \/>\n<meta property=\"og:url\" content=\"https:\/\/infoecos.com.ar\/index.php\/martin-insaurralde-intendente-de-lomas-de-zamora-padece-coronavirus-y-esta-internado-en-un-hospital-de-lavallol\/\" \/>\n<meta property=\"og:site_name\" content=\"Infoecos\" \/>\n<meta property=\"article:publisher\" content=\"https:\/\/www.facebook.com\/profile.php?id=100063200290284\" \/>\n<meta property=\"article:published_time\" content=\"2020-06-13T03:16:49+00:00\" \/>\n<meta property=\"article:modified_time\" content=\"2020-06-13T03:16:52+00:00\" \/>\n<meta property=\"og:image\" content=\"https:\/\/infoecos.com.ar\/wp-content\/uploads\/insaurralde.jpg\" \/>\n\t<meta property=\"og:image:width\" content=\"1004\" \/>\n\t<meta property=\"og:image:height\" content=\"563\" \/>\n\t<meta property=\"og:image:type\" content=\"image\/jpeg\" \/>\n<meta name=\"author\" content=\"Jorge Matheus\" \/>\n<meta name=\"twitter:card\" content=\"summary_large_image\" \/>\n<meta name=\"twitter:creator\" content=\"@infoecos\" \/>\n<meta name=\"twitter:site\" content=\"@infoecos\" \/>\n<meta name=\"twitter:label1\" content=\"Escrito por\" \/>\n\t<meta name=\"twitter:data1\" content=\"Jorge Matheus\" \/>\n\t<meta name=\"twitter:label2\" content=\"Tiempo de lectura\" \/>\n\t<meta name=\"twitter:data2\" content=\"1 minuto\" \/>\n<script type=\"application\/ld+json\" class=\"yoast-schema-graph\">{\"@context\":\"https:\/\/schema.org\",\"@graph\":[{\"@type\":\"Article\",\"@id\":\"https:\/\/infoecos.com.ar\/index.php\/martin-insaurralde-intendente-de-lomas-de-zamora-padece-coronavirus-y-esta-internado-en-un-hospital-de-lavallol\/#article\",\"isPartOf\":{\"@id\":\"https:\/\/infoecos.com.ar\/index.php\/martin-insaurralde-intendente-de-lomas-de-zamora-padece-coronavirus-y-esta-internado-en-un-hospital-de-lavallol\/\"},\"author\":{\"name\":\"Jorge Matheus\",\"@id\":\"https:\/\/infoecos.com.ar\/#\/schema\/person\/8f5ace5ce73b4b4aac4b7245aee6f191\"},\"headline\":\"Mart\u00edn Insaurralde, intendente de Lomas de Zamora, padece coronavirus y est\u00e1 internado en un hospital de Lavallol\",\"datePublished\":\"2020-06-13T03:16:49+00:00\",\"dateModified\":\"2020-06-13T03:16:52+00:00\",\"mainEntityOfPage\":{\"@id\":\"https:\/\/infoecos.com.ar\/index.php\/martin-insaurralde-intendente-de-lomas-de-zamora-padece-coronavirus-y-esta-internado-en-un-hospital-de-lavallol\/\"},\"wordCount\":173,\"publisher\":{\"@id\":\"https:\/\/infoecos.com.ar\/#organization\"},\"image\":{\"@id\":\"https:\/\/infoecos.com.ar\/index.php\/martin-insaurralde-intendente-de-lomas-de-zamora-padece-coronavirus-y-esta-internado-en-un-hospital-de-lavallol\/#primaryimage\"},\"thumbnailUrl\":\"https:\/\/infoecos.com.ar\/wp-content\/uploads\/insaurralde.jpg\",\"keywords\":[\"LOMAS DE ZAMORA\"],\"articleSection\":[\"C1 N4\"],\"inLanguage\":\"es\"},{\"@type\":\"WebPage\",\"@id\":\"https:\/\/infoecos.com.ar\/index.php\/martin-insaurralde-intendente-de-lomas-de-zamora-padece-coronavirus-y-esta-internado-en-un-hospital-de-lavallol\/\",\"url\":\"https:\/\/infoecos.com.ar\/index.php\/martin-insaurralde-intendente-de-lomas-de-zamora-padece-coronavirus-y-esta-internado-en-un-hospital-de-lavallol\/\",\"name\":\"Mart\u00edn Insaurralde, intendente de Lomas de Zamora, padece coronavirus y est\u00e1 internado en un hospital de Lavallol - Infoecos\",\"isPartOf\":{\"@id\":\"https:\/\/infoecos.com.ar\/#website\"},\"primaryImageOfPage\":{\"@id\":\"https:\/\/infoecos.com.ar\/index.php\/martin-insaurralde-intendente-de-lomas-de-zamora-padece-coronavirus-y-esta-internado-en-un-hospital-de-lavallol\/#primaryimage\"},\"image\":{\"@id\":\"https:\/\/infoecos.com.ar\/index.php\/martin-insaurralde-intendente-de-lomas-de-zamora-padece-coronavirus-y-esta-internado-en-un-hospital-de-lavallol\/#primaryimage\"},\"thumbnailUrl\":\"https:\/\/infoecos.com.ar\/wp-content\/uploads\/insaurralde.jpg\",\"datePublished\":\"2020-06-13T03:16:49+00:00\",\"dateModified\":\"2020-06-13T03:16:52+00:00\",\"breadcrumb\":{\"@id\":\"https:\/\/infoecos.com.ar\/index.php\/martin-insaurralde-intendente-de-lomas-de-zamora-padece-coronavirus-y-esta-internado-en-un-hospital-de-lavallol\/#breadcrumb\"},\"inLanguage\":\"es\",\"potentialAction\":[{\"@type\":\"ReadAction\",\"target\":[\"https:\/\/infoecos.com.ar\/index.php\/martin-insaurralde-intendente-de-lomas-de-zamora-padece-coronavirus-y-esta-internado-en-un-hospital-de-lavallol\/\"]}]},{\"@type\":\"ImageObject\",\"inLanguage\":\"es\",\"@id\":\"https:\/\/infoecos.com.ar\/index.php\/martin-insaurralde-intendente-de-lomas-de-zamora-padece-coronavirus-y-esta-internado-en-un-hospital-de-lavallol\/#primaryimage\",\"url\":\"https:\/\/infoecos.com.ar\/wp-content\/uploads\/insaurralde.jpg\",\"contentUrl\":\"https:\/\/infoecos.com.ar\/wp-content\/uploads\/insaurralde.jpg\",\"width\":1004,\"height\":563},{\"@type\":\"BreadcrumbList\",\"@id\":\"https:\/\/infoecos.com.ar\/index.php\/martin-insaurralde-intendente-de-lomas-de-zamora-padece-coronavirus-y-esta-internado-en-un-hospital-de-lavallol\/#breadcrumb\",\"itemListElement\":[{\"@type\":\"ListItem\",\"position\":1,\"name\":\"Portada\",\"item\":\"https:\/\/infoecos.com.ar\/\"},{\"@type\":\"ListItem\",\"position\":2,\"name\":\"Mart\u00edn Insaurralde, intendente de Lomas de Zamora, padece coronavirus y est\u00e1 internado en un hospital de Lavallol\"}]},{\"@type\":\"WebSite\",\"@id\":\"https:\/\/infoecos.com.ar\/#website\",\"url\":\"https:\/\/infoecos.com.ar\/\",\"name\":\"Infoecos\",\"description\":\"Noticias de trenque lauquen y la zona\",\"publisher\":{\"@id\":\"https:\/\/infoecos.com.ar\/#organization\"},\"alternateName\":\"Noticias\",\"potentialAction\":[{\"@type\":\"SearchAction\",\"target\":{\"@type\":\"EntryPoint\",\"urlTemplate\":\"https:\/\/infoecos.com.ar\/?s={search_term_string}\"},\"query-input\":{\"@type\":\"PropertyValueSpecification\",\"valueRequired\":true,\"valueName\":\"search_term_string\"}}],\"inLanguage\":\"es\"},{\"@type\":\"Organization\",\"@id\":\"https:\/\/infoecos.com.ar\/#organization\",\"name\":\"Infoecos\",\"alternateName\":\"Noticias\",\"url\":\"https:\/\/infoecos.com.ar\/\",\"logo\":{\"@type\":\"ImageObject\",\"inLanguage\":\"es\",\"@id\":\"https:\/\/infoecos.com.ar\/#\/schema\/logo\/image\/\",\"url\":\"https:\/\/infoecos.com.ar\/wp-content\/uploads\/2024\/03\/cropped-logo.png\",\"contentUrl\":\"https:\/\/infoecos.com.ar\/wp-content\/uploads\/2024\/03\/cropped-logo.png\",\"width\":374,\"height\":90,\"caption\":\"Infoecos\"},\"image\":{\"@id\":\"https:\/\/infoecos.com.ar\/#\/schema\/logo\/image\/\"},\"sameAs\":[\"https:\/\/www.facebook.com\/profile.php?id=100063200290284\",\"https:\/\/x.com\/infoecos\"]},{\"@type\":\"Person\",\"@id\":\"https:\/\/infoecos.com.ar\/#\/schema\/person\/8f5ace5ce73b4b4aac4b7245aee6f191\",\"name\":\"Jorge Matheus\",\"url\":\"https:\/\/infoecos.com.ar\/index.php\/author\/jomatheus\/\"}]}<\/script>\n<!-- \/ Yoast SEO plugin. -->","yoast_head_json":{"title":"Mart\u00edn Insaurralde, intendente de Lomas de Zamora, padece coronavirus y est\u00e1 internado en un hospital de Lavallol - Infoecos","robots":{"index":"index","follow":"follow","max-snippet":"max-snippet:-1","max-image-preview":"max-image-preview:large","max-video-preview":"max-video-preview:-1"},"canonical":"https:\/\/infoecos.com.ar\/index.php\/martin-insaurralde-intendente-de-lomas-de-zamora-padece-coronavirus-y-esta-internado-en-un-hospital-de-lavallol\/","og_locale":"es_ES","og_type":"article","og_title":"Mart\u00edn Insaurralde, intendente de Lomas de Zamora, padece coronavirus y est\u00e1 internado en un hospital de Lavallol - Infoecos","og_description":"El intendente de Lomas de Zamora, Mart\u00edn Insaurralde dio positivo en una prueba de coronavirus...","og_url":"https:\/\/infoecos.com.ar\/index.php\/martin-insaurralde-intendente-de-lomas-de-zamora-padece-coronavirus-y-esta-internado-en-un-hospital-de-lavallol\/","og_site_name":"Infoecos","article_publisher":"https:\/\/www.facebook.com\/profile.php?id=100063200290284","article_published_time":"2020-06-13T03:16:49+00:00","article_modified_time":"2020-06-13T03:16:52+00:00","og_image":[{"width":1004,"height":563,"url":"https:\/\/infoecos.com.ar\/wp-content\/uploads\/insaurralde.jpg","type":"image\/jpeg"}],"author":"Jorge Matheus","twitter_card":"summary_large_image","twitter_creator":"@infoecos","twitter_site":"@infoecos","twitter_misc":{"Escrito por":"Jorge Matheus","Tiempo de lectura":"1 minuto"},"schema":{"@context":"https:\/\/schema.org","@graph":[{"@type":"Article","@id":"https:\/\/infoecos.com.ar\/index.php\/martin-insaurralde-intendente-de-lomas-de-zamora-padece-coronavirus-y-esta-internado-en-un-hospital-de-lavallol\/#article","isPartOf":{"@id":"https:\/\/infoecos.com.ar\/index.php\/martin-insaurralde-intendente-de-lomas-de-zamora-padece-coronavirus-y-esta-internado-en-un-hospital-de-lavallol\/"},"author":{"name":"Jorge Matheus","@id":"https:\/\/infoecos.com.ar\/#\/schema\/person\/8f5ace5ce73b4b4aac4b7245aee6f191"},"headline":"Mart\u00edn Insaurralde, intendente de Lomas de Zamora, padece coronavirus y est\u00e1 internado en un hospital de Lavallol","datePublished":"2020-06-13T03:16:49+00:00","dateModified":"2020-06-13T03:16:52+00:00","mainEntityOfPage":{"@id":"https:\/\/infoecos.com.ar\/index.php\/martin-insaurralde-intendente-de-lomas-de-zamora-padece-coronavirus-y-esta-internado-en-un-hospital-de-lavallol\/"},"wordCount":173,"publisher":{"@id":"https:\/\/infoecos.com.ar\/#organization"},"image":{"@id":"https:\/\/infoecos.com.ar\/index.php\/martin-insaurralde-intendente-de-lomas-de-zamora-padece-coronavirus-y-esta-internado-en-un-hospital-de-lavallol\/#primaryimage"},"thumbnailUrl":"https:\/\/infoecos.com.ar\/wp-content\/uploads\/insaurralde.jpg","keywords":["LOMAS DE ZAMORA"],"articleSection":["C1 N4"],"inLanguage":"es"},{"@type":"WebPage","@id":"https:\/\/infoecos.com.ar\/index.php\/martin-insaurralde-intendente-de-lomas-de-zamora-padece-coronavirus-y-esta-internado-en-un-hospital-de-lavallol\/","url":"https:\/\/infoecos.com.ar\/index.php\/martin-insaurralde-intendente-de-lomas-de-zamora-padece-coronavirus-y-esta-internado-en-un-hospital-de-lavallol\/","name":"Mart\u00edn Insaurralde, intendente de Lomas de Zamora, padece coronavirus y est\u00e1 internado en un hospital de Lavallol - Infoecos","isPartOf":{"@id":"https:\/\/infoecos.com.ar\/#website"},"primaryImageOfPage":{"@id":"https:\/\/infoecos.com.ar\/index.php\/martin-insaurralde-intendente-de-lomas-de-zamora-padece-coronavirus-y-esta-internado-en-un-hospital-de-lavallol\/#primaryimage"},"image":{"@id":"https:\/\/infoecos.com.ar\/index.php\/martin-insaurralde-intendente-de-lomas-de-zamora-padece-coronavirus-y-esta-internado-en-un-hospital-de-lavallol\/#primaryimage"},"thumbnailUrl":"https:\/\/infoecos.com.ar\/wp-content\/uploads\/insaurralde.jpg","datePublished":"2020-06-13T03:16:49+00:00","dateModified":"2020-06-13T03:16:52+00:00","breadcrumb":{"@id":"https:\/\/infoecos.com.ar\/index.php\/martin-insaurralde-intendente-de-lomas-de-zamora-padece-coronavirus-y-esta-internado-en-un-hospital-de-lavallol\/#breadcrumb"},"inLanguage":"es","potentialAction":[{"@type":"ReadAction","target":["https:\/\/infoecos.com.ar\/index.php\/martin-insaurralde-intendente-de-lomas-de-zamora-padece-coronavirus-y-esta-internado-en-un-hospital-de-lavallol\/"]}]},{"@type":"ImageObject","inLanguage":"es","@id":"https:\/\/infoecos.com.ar\/index.php\/martin-insaurralde-intendente-de-lomas-de-zamora-padece-coronavirus-y-esta-internado-en-un-hospital-de-lavallol\/#primaryimage","url":"https:\/\/infoecos.com.ar\/wp-content\/uploads\/insaurralde.jpg","contentUrl":"https:\/\/infoecos.com.ar\/wp-content\/uploads\/insaurralde.jpg","width":1004,"height":563},{"@type":"BreadcrumbList","@id":"https:\/\/infoecos.com.ar\/index.php\/martin-insaurralde-intendente-de-lomas-de-zamora-padece-coronavirus-y-esta-internado-en-un-hospital-de-lavallol\/#breadcrumb","itemListElement":[{"@type":"ListItem","position":1,"name":"Portada","item":"https:\/\/infoecos.com.ar\/"},{"@type":"ListItem","position":2,"name":"Mart\u00edn Insaurralde, intendente de Lomas de Zamora, padece coronavirus y est\u00e1 internado en un hospital de Lavallol"}]},{"@type":"WebSite","@id":"https:\/\/infoecos.com.ar\/#website","url":"https:\/\/infoecos.com.ar\/","name":"Infoecos","description":"Noticias de trenque lauquen y la zona","publisher":{"@id":"https:\/\/infoecos.com.ar\/#organization"},"alternateName":"Noticias","potentialAction":[{"@type":"SearchAction","target":{"@type":"EntryPoint","urlTemplate":"https:\/\/infoecos.com.ar\/?s={search_term_string}"},"query-input":{"@type":"PropertyValueSpecification","valueRequired":true,"valueName":"search_term_string"}}],"inLanguage":"es"},{"@type":"Organization","@id":"https:\/\/infoecos.com.ar\/#organization","name":"Infoecos","alternateName":"Noticias","url":"https:\/\/infoecos.com.ar\/","logo":{"@type":"ImageObject","inLanguage":"es","@id":"https:\/\/infoecos.com.ar\/#\/schema\/logo\/image\/","url":"https:\/\/infoecos.com.ar\/wp-content\/uploads\/2024\/03\/cropped-logo.png","contentUrl":"https:\/\/infoecos.com.ar\/wp-content\/uploads\/2024\/03\/cropped-logo.png","width":374,"height":90,"caption":"Infoecos"},"image":{"@id":"https:\/\/infoecos.com.ar\/#\/schema\/logo\/image\/"},"sameAs":["https:\/\/www.facebook.com\/profile.php?id=100063200290284","https:\/\/x.com\/infoecos"]},{"@type":"Person","@id":"https:\/\/infoecos.com.ar\/#\/schema\/person\/8f5ace5ce73b4b4aac4b7245aee6f191","name":"Jorge Matheus","url":"https:\/\/infoecos.com.ar\/index.php\/author\/jomatheus\/"}]}},"featured_image_urls":{"full":["https:\/\/infoecos.com.ar\/wp-content\/uploads\/insaurralde.jpg",1004,563,false],"thumbnail":["https:\/\/infoecos.com.ar\/wp-content\/uploads\/insaurralde-150x150.jpg",150,150,true],"medium":["https:\/\/infoecos.com.ar\/wp-content\/uploads\/insaurralde-460x258.jpg",460,258,true],"medium_large":["https:\/\/infoecos.com.ar\/wp-content\/uploads\/insaurralde-768x431.jpg",640,359,true],"large":["https:\/\/infoecos.com.ar\/wp-content\/uploads\/insaurralde-920x516.jpg",640,359,true],"1536x1536":["https:\/\/infoecos.com.ar\/wp-content\/uploads\/insaurralde.jpg",1004,563,false],"2048x2048":["https:\/\/infoecos.com.ar\/wp-content\/uploads\/insaurralde.jpg",1004,563,false],"covernews-slider-full":["https:\/\/infoecos.com.ar\/wp-content\/uploads\/insaurralde.jpg",1004,563,false],"covernews-slider-center":["https:\/\/infoecos.com.ar\/wp-content\/uploads\/insaurralde-936x563.jpg",800,481,true],"covernews-featured":["https:\/\/infoecos.com.ar\/wp-content\/uploads\/insaurralde.jpg",1004,563,false],"covernews-medium":["https:\/\/infoecos.com.ar\/wp-content\/uploads\/insaurralde-720x380.jpg",540,285,true],"covernews-medium-square":["https:\/\/infoecos.com.ar\/wp-content\/uploads\/insaurralde-675x450.jpg",375,250,true]},"author_info":{"info":["Jorge Matheus"]},"category_info":"<a href=\"https:\/\/infoecos.com.ar\/index.php\/category\/c1nota4\/\" rel=\"category tag\">C1 N4<\/a>","tag_info":"C1 N4","comment_count":"0","_links":{"self":[{"href":"https:\/\/infoecos.com.ar\/index.php\/wp-json\/wp\/v2\/posts\/63524"}],"collection":[{"href":"https:\/\/infoecos.com.ar\/index.php\/wp-json\/wp\/v2\/posts"}],"about":[{"href":"https:\/\/infoecos.com.ar\/index.php\/wp-json\/wp\/v2\/types\/post"}],"author":[{"embeddable":true,"href":"https:\/\/infoecos.com.ar\/index.php\/wp-json\/wp\/v2\/users\/2"}],"replies":[{"embeddable":true,"href":"https:\/\/infoecos.com.ar\/index.php\/wp-json\/wp\/v2\/comments?post=63524"}],"version-history":[{"count":1,"href":"https:\/\/infoecos.com.ar\/index.php\/wp-json\/wp\/v2\/posts\/63524\/revisions"}],"predecessor-version":[{"id":63526,"href":"https:\/\/infoecos.com.ar\/index.php\/wp-json\/wp\/v2\/posts\/63524\/revisions\/63526"}],"wp:featuredmedia":[{"embeddable":true,"href":"https:\/\/infoecos.com.ar\/index.php\/wp-json\/wp\/v2\/media\/63525"}],"wp:attachment":[{"href":"https:\/\/infoecos.com.ar\/index.php\/wp-json\/wp\/v2\/media?parent=63524"}],"wp:term":[{"taxonomy":"category","embeddable":true,"href":"https:\/\/infoecos.com.ar\/index.php\/wp-json\/wp\/v2\/categories?post=63524"},{"taxonomy":"post_tag","embeddable":true,"href":"https:\/\/infoecos.com.ar\/index.php\/wp-json\/wp\/v2\/tags?post=63524"}],"curies":[{"name":"wp","href":"https:\/\/api.w.org\/{rel}","templated":true}]}}