{"id":63558,"date":"2020-06-15T01:44:17","date_gmt":"2020-06-15T04:44:17","guid":{"rendered":"http:\/\/infoecos.com.ar\/?p=63558"},"modified":"2020-06-15T01:45:21","modified_gmt":"2020-06-15T04:45:21","slug":"informe-del-intendente-de-olavarria-5-nuevos-casos-de-coronavirus-y-se-vuelve-a-fase-3","status":"publish","type":"post","link":"https:\/\/infoecos.com.ar\/index.php\/informe-del-intendente-de-olavarria-5-nuevos-casos-de-coronavirus-y-se-vuelve-a-fase-3\/","title":{"rendered":"Informe del intendente de Olavarr\u00eda: 5 nuevos casos de coronavirus y se vuelve a Fase 3"},"content":{"rendered":"\n<p>En una nueva conferencia de prensa realizada este domingo,\u00a0el Intendente de Olavarr\u00eda, Ezequiel Galli, se\u00f1al\u00f3 que Olavarr\u00eda pasar\u00e1 a la Fase 3 de la pandemia, tras casi 10 d\u00edas de Fase 1. Se\u00f1alaron que hay \u201ccirculaci\u00f3n en conglomerado\u201d y adem\u00e1s confirmaron 5 nuevos casos de coronavirus en la ciudad.<\/p>\n\n\n\n<div class=\"wp-block-image\"><figure class=\"aligncenter size-medium\"><img loading=\"lazy\" decoding=\"async\" width=\"460\" height=\"281\" src=\"http:\/\/infoecos.com.ar\/wp-content\/uploads\/galli-1-460x281.jpeg\" alt=\"\" class=\"wp-image-63559\" srcset=\"https:\/\/infoecos.com.ar\/wp-content\/uploads\/galli-1-460x281.jpeg 460w, https:\/\/infoecos.com.ar\/wp-content\/uploads\/galli-1-768x469.jpeg 768w, https:\/\/infoecos.com.ar\/wp-content\/uploads\/galli-1.jpeg 790w\" sizes=\"(max-width: 460px) 100vw, 460px\" \/><\/figure><\/div>\n\n\n\n<p>\u201cHace 7 d\u00edas a causa de un importante brote de COVID-19 volvimos a Fase 1 del aislamiento\u201d\u00a0comenz\u00f3 el Intendente en la presentaci\u00f3n.\u00a0\u201cFue una noticia negativa porque pens\u00e1bamos salir en vez de encerrarnos m\u00e1s\u201d. Y volvi\u00f3 a apuntar contra las reuniones y encuentros sociales.\u00a0\u201cEl mal accionar de algunos nos perjudic\u00f3 a todos\u201d, dijo.<\/p>\n\n\n\n<p>Indic\u00f3 que esperaron estos d\u00edas para ver c\u00f3mo evolucionaba el nivel de contagio, y\u00a0resalt\u00f3 el Plan Detectar en coordinaci\u00f3n con la Regi\u00f3n Sanitaria IX:\u00a0<em>\u201cHasta ahora, todas las muestras procesadas fueron negativas\u201d.<\/em><\/p>\n\n\n\n<p>En este sentido,\u00a0de las muestras analizadas en la jornada se\u00f1alaron que hubo 5 casos positivos y 64 casos negativos. Tras ello, dej\u00f3 un an\u00e1lisis acerca de los casos activos:\u00a0\u201cde los 99 activos, 82 son menores de 60 a\u00f1os, 9 se encuentran internados, 2 en terapia intensiva, y 90 en internaci\u00f3n domiciliaria. Adem\u00e1s, 70 son asintom\u00e1ticos\u201d.<\/p>\n\n\n\n<p><strong>Fuente: infoeme.com<\/strong><\/p>\n","protected":false},"excerpt":{"rendered":"<p>En una nueva conferencia de prensa realizada este domingo,\u00a0el Intendente de Olavarr\u00eda, Ezequiel Galli, se\u00f1al\u00f3&#8230;<\/p>\n","protected":false},"author":2,"featured_media":63559,"comment_status":"closed","ping_status":"open","sticky":false,"template":"","format":"standard","meta":{"footnotes":""},"categories":[25],"tags":[84],"class_list":["post-63558","post","type-post","status-publish","format-standard","has-post-thumbnail","hentry","category-c3nota1","tag-olavarria"],"yoast_head":"<!-- This site is optimized with the Yoast SEO plugin v23.4 - https:\/\/yoast.com\/wordpress\/plugins\/seo\/ -->\n<title>Informe del intendente de Olavarr\u00eda: 5 nuevos casos de coronavirus y se vuelve a Fase 3 - Infoecos<\/title>\n<meta name=\"robots\" content=\"index, follow, max-snippet:-1, max-image-preview:large, max-video-preview:-1\" \/>\n<link rel=\"canonical\" href=\"https:\/\/infoecos.com.ar\/index.php\/informe-del-intendente-de-olavarria-5-nuevos-casos-de-coronavirus-y-se-vuelve-a-fase-3\/\" \/>\n<meta property=\"og:locale\" content=\"es_ES\" \/>\n<meta property=\"og:type\" content=\"article\" \/>\n<meta property=\"og:title\" content=\"Informe del intendente de Olavarr\u00eda: 5 nuevos casos de coronavirus y se vuelve a Fase 3 - Infoecos\" \/>\n<meta property=\"og:description\" content=\"En una nueva conferencia de prensa realizada este domingo,\u00a0el Intendente de Olavarr\u00eda, Ezequiel Galli, se\u00f1al\u00f3...\" \/>\n<meta property=\"og:url\" content=\"https:\/\/infoecos.com.ar\/index.php\/informe-del-intendente-de-olavarria-5-nuevos-casos-de-coronavirus-y-se-vuelve-a-fase-3\/\" \/>\n<meta property=\"og:site_name\" content=\"Infoecos\" \/>\n<meta property=\"article:publisher\" content=\"https:\/\/www.facebook.com\/profile.php?id=100063200290284\" \/>\n<meta property=\"article:published_time\" content=\"2020-06-15T04:44:17+00:00\" \/>\n<meta property=\"article:modified_time\" content=\"2020-06-15T04:45:21+00:00\" \/>\n<meta property=\"og:image\" content=\"https:\/\/infoecos.com.ar\/wp-content\/uploads\/galli-1.jpeg\" \/>\n\t<meta property=\"og:image:width\" content=\"790\" \/>\n\t<meta property=\"og:image:height\" content=\"482\" \/>\n\t<meta property=\"og:image:type\" content=\"image\/jpeg\" \/>\n<meta name=\"author\" content=\"Jorge Matheus\" \/>\n<meta name=\"twitter:card\" content=\"summary_large_image\" \/>\n<meta name=\"twitter:creator\" content=\"@infoecos\" \/>\n<meta name=\"twitter:site\" content=\"@infoecos\" \/>\n<meta name=\"twitter:label1\" content=\"Escrito por\" \/>\n\t<meta name=\"twitter:data1\" content=\"Jorge Matheus\" \/>\n\t<meta name=\"twitter:label2\" content=\"Tiempo de lectura\" \/>\n\t<meta name=\"twitter:data2\" content=\"1 minuto\" \/>\n<script type=\"application\/ld+json\" class=\"yoast-schema-graph\">{\"@context\":\"https:\/\/schema.org\",\"@graph\":[{\"@type\":\"Article\",\"@id\":\"https:\/\/infoecos.com.ar\/index.php\/informe-del-intendente-de-olavarria-5-nuevos-casos-de-coronavirus-y-se-vuelve-a-fase-3\/#article\",\"isPartOf\":{\"@id\":\"https:\/\/infoecos.com.ar\/index.php\/informe-del-intendente-de-olavarria-5-nuevos-casos-de-coronavirus-y-se-vuelve-a-fase-3\/\"},\"author\":{\"name\":\"Jorge Matheus\",\"@id\":\"https:\/\/infoecos.com.ar\/#\/schema\/person\/8f5ace5ce73b4b4aac4b7245aee6f191\"},\"headline\":\"Informe del intendente de Olavarr\u00eda: 5 nuevos casos de coronavirus y se vuelve a Fase 3\",\"datePublished\":\"2020-06-15T04:44:17+00:00\",\"dateModified\":\"2020-06-15T04:45:21+00:00\",\"mainEntityOfPage\":{\"@id\":\"https:\/\/infoecos.com.ar\/index.php\/informe-del-intendente-de-olavarria-5-nuevos-casos-de-coronavirus-y-se-vuelve-a-fase-3\/\"},\"wordCount\":219,\"publisher\":{\"@id\":\"https:\/\/infoecos.com.ar\/#organization\"},\"image\":{\"@id\":\"https:\/\/infoecos.com.ar\/index.php\/informe-del-intendente-de-olavarria-5-nuevos-casos-de-coronavirus-y-se-vuelve-a-fase-3\/#primaryimage\"},\"thumbnailUrl\":\"https:\/\/infoecos.com.ar\/wp-content\/uploads\/galli-1.jpeg\",\"keywords\":[\"OLAVARR\u00cdA\"],\"articleSection\":[\"C3 N1\"],\"inLanguage\":\"es\"},{\"@type\":\"WebPage\",\"@id\":\"https:\/\/infoecos.com.ar\/index.php\/informe-del-intendente-de-olavarria-5-nuevos-casos-de-coronavirus-y-se-vuelve-a-fase-3\/\",\"url\":\"https:\/\/infoecos.com.ar\/index.php\/informe-del-intendente-de-olavarria-5-nuevos-casos-de-coronavirus-y-se-vuelve-a-fase-3\/\",\"name\":\"Informe del intendente de Olavarr\u00eda: 5 nuevos casos de coronavirus y se vuelve a Fase 3 - Infoecos\",\"isPartOf\":{\"@id\":\"https:\/\/infoecos.com.ar\/#website\"},\"primaryImageOfPage\":{\"@id\":\"https:\/\/infoecos.com.ar\/index.php\/informe-del-intendente-de-olavarria-5-nuevos-casos-de-coronavirus-y-se-vuelve-a-fase-3\/#primaryimage\"},\"image\":{\"@id\":\"https:\/\/infoecos.com.ar\/index.php\/informe-del-intendente-de-olavarria-5-nuevos-casos-de-coronavirus-y-se-vuelve-a-fase-3\/#primaryimage\"},\"thumbnailUrl\":\"https:\/\/infoecos.com.ar\/wp-content\/uploads\/galli-1.jpeg\",\"datePublished\":\"2020-06-15T04:44:17+00:00\",\"dateModified\":\"2020-06-15T04:45:21+00:00\",\"breadcrumb\":{\"@id\":\"https:\/\/infoecos.com.ar\/index.php\/informe-del-intendente-de-olavarria-5-nuevos-casos-de-coronavirus-y-se-vuelve-a-fase-3\/#breadcrumb\"},\"inLanguage\":\"es\",\"potentialAction\":[{\"@type\":\"ReadAction\",\"target\":[\"https:\/\/infoecos.com.ar\/index.php\/informe-del-intendente-de-olavarria-5-nuevos-casos-de-coronavirus-y-se-vuelve-a-fase-3\/\"]}]},{\"@type\":\"ImageObject\",\"inLanguage\":\"es\",\"@id\":\"https:\/\/infoecos.com.ar\/index.php\/informe-del-intendente-de-olavarria-5-nuevos-casos-de-coronavirus-y-se-vuelve-a-fase-3\/#primaryimage\",\"url\":\"https:\/\/infoecos.com.ar\/wp-content\/uploads\/galli-1.jpeg\",\"contentUrl\":\"https:\/\/infoecos.com.ar\/wp-content\/uploads\/galli-1.jpeg\",\"width\":790,\"height\":482},{\"@type\":\"BreadcrumbList\",\"@id\":\"https:\/\/infoecos.com.ar\/index.php\/informe-del-intendente-de-olavarria-5-nuevos-casos-de-coronavirus-y-se-vuelve-a-fase-3\/#breadcrumb\",\"itemListElement\":[{\"@type\":\"ListItem\",\"position\":1,\"name\":\"Portada\",\"item\":\"https:\/\/infoecos.com.ar\/\"},{\"@type\":\"ListItem\",\"position\":2,\"name\":\"Informe del intendente de Olavarr\u00eda: 5 nuevos casos de coronavirus y se vuelve a Fase 3\"}]},{\"@type\":\"WebSite\",\"@id\":\"https:\/\/infoecos.com.ar\/#website\",\"url\":\"https:\/\/infoecos.com.ar\/\",\"name\":\"Infoecos\",\"description\":\"Noticias de trenque lauquen y la zona\",\"publisher\":{\"@id\":\"https:\/\/infoecos.com.ar\/#organization\"},\"alternateName\":\"Noticias\",\"potentialAction\":[{\"@type\":\"SearchAction\",\"target\":{\"@type\":\"EntryPoint\",\"urlTemplate\":\"https:\/\/infoecos.com.ar\/?s={search_term_string}\"},\"query-input\":{\"@type\":\"PropertyValueSpecification\",\"valueRequired\":true,\"valueName\":\"search_term_string\"}}],\"inLanguage\":\"es\"},{\"@type\":\"Organization\",\"@id\":\"https:\/\/infoecos.com.ar\/#organization\",\"name\":\"Infoecos\",\"alternateName\":\"Noticias\",\"url\":\"https:\/\/infoecos.com.ar\/\",\"logo\":{\"@type\":\"ImageObject\",\"inLanguage\":\"es\",\"@id\":\"https:\/\/infoecos.com.ar\/#\/schema\/logo\/image\/\",\"url\":\"https:\/\/infoecos.com.ar\/wp-content\/uploads\/2024\/03\/cropped-logo.png\",\"contentUrl\":\"https:\/\/infoecos.com.ar\/wp-content\/uploads\/2024\/03\/cropped-logo.png\",\"width\":374,\"height\":90,\"caption\":\"Infoecos\"},\"image\":{\"@id\":\"https:\/\/infoecos.com.ar\/#\/schema\/logo\/image\/\"},\"sameAs\":[\"https:\/\/www.facebook.com\/profile.php?id=100063200290284\",\"https:\/\/x.com\/infoecos\"]},{\"@type\":\"Person\",\"@id\":\"https:\/\/infoecos.com.ar\/#\/schema\/person\/8f5ace5ce73b4b4aac4b7245aee6f191\",\"name\":\"Jorge Matheus\",\"url\":\"https:\/\/infoecos.com.ar\/index.php\/author\/jomatheus\/\"}]}<\/script>\n<!-- \/ Yoast SEO plugin. -->","yoast_head_json":{"title":"Informe del intendente de Olavarr\u00eda: 5 nuevos casos de coronavirus y se vuelve a Fase 3 - Infoecos","robots":{"index":"index","follow":"follow","max-snippet":"max-snippet:-1","max-image-preview":"max-image-preview:large","max-video-preview":"max-video-preview:-1"},"canonical":"https:\/\/infoecos.com.ar\/index.php\/informe-del-intendente-de-olavarria-5-nuevos-casos-de-coronavirus-y-se-vuelve-a-fase-3\/","og_locale":"es_ES","og_type":"article","og_title":"Informe del intendente de Olavarr\u00eda: 5 nuevos casos de coronavirus y se vuelve a Fase 3 - Infoecos","og_description":"En una nueva conferencia de prensa realizada este domingo,\u00a0el Intendente de Olavarr\u00eda, Ezequiel Galli, se\u00f1al\u00f3...","og_url":"https:\/\/infoecos.com.ar\/index.php\/informe-del-intendente-de-olavarria-5-nuevos-casos-de-coronavirus-y-se-vuelve-a-fase-3\/","og_site_name":"Infoecos","article_publisher":"https:\/\/www.facebook.com\/profile.php?id=100063200290284","article_published_time":"2020-06-15T04:44:17+00:00","article_modified_time":"2020-06-15T04:45:21+00:00","og_image":[{"width":790,"height":482,"url":"https:\/\/infoecos.com.ar\/wp-content\/uploads\/galli-1.jpeg","type":"image\/jpeg"}],"author":"Jorge Matheus","twitter_card":"summary_large_image","twitter_creator":"@infoecos","twitter_site":"@infoecos","twitter_misc":{"Escrito por":"Jorge Matheus","Tiempo de lectura":"1 minuto"},"schema":{"@context":"https:\/\/schema.org","@graph":[{"@type":"Article","@id":"https:\/\/infoecos.com.ar\/index.php\/informe-del-intendente-de-olavarria-5-nuevos-casos-de-coronavirus-y-se-vuelve-a-fase-3\/#article","isPartOf":{"@id":"https:\/\/infoecos.com.ar\/index.php\/informe-del-intendente-de-olavarria-5-nuevos-casos-de-coronavirus-y-se-vuelve-a-fase-3\/"},"author":{"name":"Jorge Matheus","@id":"https:\/\/infoecos.com.ar\/#\/schema\/person\/8f5ace5ce73b4b4aac4b7245aee6f191"},"headline":"Informe del intendente de Olavarr\u00eda: 5 nuevos casos de coronavirus y se vuelve a Fase 3","datePublished":"2020-06-15T04:44:17+00:00","dateModified":"2020-06-15T04:45:21+00:00","mainEntityOfPage":{"@id":"https:\/\/infoecos.com.ar\/index.php\/informe-del-intendente-de-olavarria-5-nuevos-casos-de-coronavirus-y-se-vuelve-a-fase-3\/"},"wordCount":219,"publisher":{"@id":"https:\/\/infoecos.com.ar\/#organization"},"image":{"@id":"https:\/\/infoecos.com.ar\/index.php\/informe-del-intendente-de-olavarria-5-nuevos-casos-de-coronavirus-y-se-vuelve-a-fase-3\/#primaryimage"},"thumbnailUrl":"https:\/\/infoecos.com.ar\/wp-content\/uploads\/galli-1.jpeg","keywords":["OLAVARR\u00cdA"],"articleSection":["C3 N1"],"inLanguage":"es"},{"@type":"WebPage","@id":"https:\/\/infoecos.com.ar\/index.php\/informe-del-intendente-de-olavarria-5-nuevos-casos-de-coronavirus-y-se-vuelve-a-fase-3\/","url":"https:\/\/infoecos.com.ar\/index.php\/informe-del-intendente-de-olavarria-5-nuevos-casos-de-coronavirus-y-se-vuelve-a-fase-3\/","name":"Informe del intendente de Olavarr\u00eda: 5 nuevos casos de coronavirus y se vuelve a Fase 3 - Infoecos","isPartOf":{"@id":"https:\/\/infoecos.com.ar\/#website"},"primaryImageOfPage":{"@id":"https:\/\/infoecos.com.ar\/index.php\/informe-del-intendente-de-olavarria-5-nuevos-casos-de-coronavirus-y-se-vuelve-a-fase-3\/#primaryimage"},"image":{"@id":"https:\/\/infoecos.com.ar\/index.php\/informe-del-intendente-de-olavarria-5-nuevos-casos-de-coronavirus-y-se-vuelve-a-fase-3\/#primaryimage"},"thumbnailUrl":"https:\/\/infoecos.com.ar\/wp-content\/uploads\/galli-1.jpeg","datePublished":"2020-06-15T04:44:17+00:00","dateModified":"2020-06-15T04:45:21+00:00","breadcrumb":{"@id":"https:\/\/infoecos.com.ar\/index.php\/informe-del-intendente-de-olavarria-5-nuevos-casos-de-coronavirus-y-se-vuelve-a-fase-3\/#breadcrumb"},"inLanguage":"es","potentialAction":[{"@type":"ReadAction","target":["https:\/\/infoecos.com.ar\/index.php\/informe-del-intendente-de-olavarria-5-nuevos-casos-de-coronavirus-y-se-vuelve-a-fase-3\/"]}]},{"@type":"ImageObject","inLanguage":"es","@id":"https:\/\/infoecos.com.ar\/index.php\/informe-del-intendente-de-olavarria-5-nuevos-casos-de-coronavirus-y-se-vuelve-a-fase-3\/#primaryimage","url":"https:\/\/infoecos.com.ar\/wp-content\/uploads\/galli-1.jpeg","contentUrl":"https:\/\/infoecos.com.ar\/wp-content\/uploads\/galli-1.jpeg","width":790,"height":482},{"@type":"BreadcrumbList","@id":"https:\/\/infoecos.com.ar\/index.php\/informe-del-intendente-de-olavarria-5-nuevos-casos-de-coronavirus-y-se-vuelve-a-fase-3\/#breadcrumb","itemListElement":[{"@type":"ListItem","position":1,"name":"Portada","item":"https:\/\/infoecos.com.ar\/"},{"@type":"ListItem","position":2,"name":"Informe del intendente de Olavarr\u00eda: 5 nuevos casos de coronavirus y se vuelve a Fase 3"}]},{"@type":"WebSite","@id":"https:\/\/infoecos.com.ar\/#website","url":"https:\/\/infoecos.com.ar\/","name":"Infoecos","description":"Noticias de trenque lauquen y la zona","publisher":{"@id":"https:\/\/infoecos.com.ar\/#organization"},"alternateName":"Noticias","potentialAction":[{"@type":"SearchAction","target":{"@type":"EntryPoint","urlTemplate":"https:\/\/infoecos.com.ar\/?s={search_term_string}"},"query-input":{"@type":"PropertyValueSpecification","valueRequired":true,"valueName":"search_term_string"}}],"inLanguage":"es"},{"@type":"Organization","@id":"https:\/\/infoecos.com.ar\/#organization","name":"Infoecos","alternateName":"Noticias","url":"https:\/\/infoecos.com.ar\/","logo":{"@type":"ImageObject","inLanguage":"es","@id":"https:\/\/infoecos.com.ar\/#\/schema\/logo\/image\/","url":"https:\/\/infoecos.com.ar\/wp-content\/uploads\/2024\/03\/cropped-logo.png","contentUrl":"https:\/\/infoecos.com.ar\/wp-content\/uploads\/2024\/03\/cropped-logo.png","width":374,"height":90,"caption":"Infoecos"},"image":{"@id":"https:\/\/infoecos.com.ar\/#\/schema\/logo\/image\/"},"sameAs":["https:\/\/www.facebook.com\/profile.php?id=100063200290284","https:\/\/x.com\/infoecos"]},{"@type":"Person","@id":"https:\/\/infoecos.com.ar\/#\/schema\/person\/8f5ace5ce73b4b4aac4b7245aee6f191","name":"Jorge Matheus","url":"https:\/\/infoecos.com.ar\/index.php\/author\/jomatheus\/"}]}},"featured_image_urls":{"full":["https:\/\/infoecos.com.ar\/wp-content\/uploads\/galli-1.jpeg",790,482,false],"thumbnail":["https:\/\/infoecos.com.ar\/wp-content\/uploads\/galli-1-150x150.jpeg",150,150,true],"medium":["https:\/\/infoecos.com.ar\/wp-content\/uploads\/galli-1-460x281.jpeg",460,281,true],"medium_large":["https:\/\/infoecos.com.ar\/wp-content\/uploads\/galli-1-768x469.jpeg",640,391,true],"large":["https:\/\/infoecos.com.ar\/wp-content\/uploads\/galli-1.jpeg",640,390,false],"1536x1536":["https:\/\/infoecos.com.ar\/wp-content\/uploads\/galli-1.jpeg",790,482,false],"2048x2048":["https:\/\/infoecos.com.ar\/wp-content\/uploads\/galli-1.jpeg",790,482,false],"covernews-slider-full":["https:\/\/infoecos.com.ar\/wp-content\/uploads\/galli-1.jpeg",790,482,false],"covernews-slider-center":["https:\/\/infoecos.com.ar\/wp-content\/uploads\/galli-1.jpeg",790,482,false],"covernews-featured":["https:\/\/infoecos.com.ar\/wp-content\/uploads\/galli-1.jpeg",790,482,false],"covernews-medium":["https:\/\/infoecos.com.ar\/wp-content\/uploads\/galli-1-720x380.jpeg",540,285,true],"covernews-medium-square":["https:\/\/infoecos.com.ar\/wp-content\/uploads\/galli-1-675x450.jpeg",375,250,true]},"author_info":{"info":["Jorge Matheus"]},"category_info":"<a href=\"https:\/\/infoecos.com.ar\/index.php\/category\/c3nota1\/\" rel=\"category tag\">C3 N1<\/a>","tag_info":"C3 N1","comment_count":"0","_links":{"self":[{"href":"https:\/\/infoecos.com.ar\/index.php\/wp-json\/wp\/v2\/posts\/63558"}],"collection":[{"href":"https:\/\/infoecos.com.ar\/index.php\/wp-json\/wp\/v2\/posts"}],"about":[{"href":"https:\/\/infoecos.com.ar\/index.php\/wp-json\/wp\/v2\/types\/post"}],"author":[{"embeddable":true,"href":"https:\/\/infoecos.com.ar\/index.php\/wp-json\/wp\/v2\/users\/2"}],"replies":[{"embeddable":true,"href":"https:\/\/infoecos.com.ar\/index.php\/wp-json\/wp\/v2\/comments?post=63558"}],"version-history":[{"count":2,"href":"https:\/\/infoecos.com.ar\/index.php\/wp-json\/wp\/v2\/posts\/63558\/revisions"}],"predecessor-version":[{"id":63561,"href":"https:\/\/infoecos.com.ar\/index.php\/wp-json\/wp\/v2\/posts\/63558\/revisions\/63561"}],"wp:featuredmedia":[{"embeddable":true,"href":"https:\/\/infoecos.com.ar\/index.php\/wp-json\/wp\/v2\/media\/63559"}],"wp:attachment":[{"href":"https:\/\/infoecos.com.ar\/index.php\/wp-json\/wp\/v2\/media?parent=63558"}],"wp:term":[{"taxonomy":"category","embeddable":true,"href":"https:\/\/infoecos.com.ar\/index.php\/wp-json\/wp\/v2\/categories?post=63558"},{"taxonomy":"post_tag","embeddable":true,"href":"https:\/\/infoecos.com.ar\/index.php\/wp-json\/wp\/v2\/tags?post=63558"}],"curies":[{"name":"wp","href":"https:\/\/api.w.org\/{rel}","templated":true}]}}