{"id":63584,"date":"2020-06-15T18:33:17","date_gmt":"2020-06-15T21:33:17","guid":{"rendered":"http:\/\/infoecos.com.ar\/?p=63584"},"modified":"2020-06-15T18:33:20","modified_gmt":"2020-06-15T21:33:20","slug":"coronavirus-en-olavarria-fallecio-una-mujer-de-87-anos","status":"publish","type":"post","link":"https:\/\/infoecos.com.ar\/index.php\/coronavirus-en-olavarria-fallecio-una-mujer-de-87-anos\/","title":{"rendered":"Coronavirus: en Olavarr\u00eda falleci\u00f3 una mujer de 87 a\u00f1os"},"content":{"rendered":"\n<p>Desde el Municipio de Olavarr\u00eda se inform\u00f3 que en la ma\u00f1ana de este lunes falleci\u00f3 una mujer de 87 a\u00f1os en el Hospital Municipal \u00abDoctor H\u00e9ctor Cura\u00bb.  <\/p>\n\n\n\n<div class=\"wp-block-image\"><figure class=\"aligncenter size-medium\"><img loading=\"lazy\" decoding=\"async\" width=\"460\" height=\"307\" src=\"http:\/\/infoecos.com.ar\/wp-content\/uploads\/olavarriahospital-460x307.jpg\" alt=\"\" class=\"wp-image-63585\" srcset=\"https:\/\/infoecos.com.ar\/wp-content\/uploads\/olavarriahospital-460x307.jpg 460w, https:\/\/infoecos.com.ar\/wp-content\/uploads\/olavarriahospital-920x613.jpg 920w, https:\/\/infoecos.com.ar\/wp-content\/uploads\/olavarriahospital-768x512.jpg 768w, https:\/\/infoecos.com.ar\/wp-content\/uploads\/olavarriahospital-1536x1024.jpg 1536w, https:\/\/infoecos.com.ar\/wp-content\/uploads\/olavarriahospital-1024x683.jpg 1024w, https:\/\/infoecos.com.ar\/wp-content\/uploads\/olavarriahospital-675x450.jpg 675w, https:\/\/infoecos.com.ar\/wp-content\/uploads\/olavarriahospital.jpg 1968w\" sizes=\"(max-width: 460px) 100vw, 460px\" \/><\/figure><\/div>\n\n\n\n<p>Finalmente se precis\u00f3 que la mujer\u00a0presentaba enfermedades de base como hipertensi\u00f3n arterial, \u00a0insuficiencia card\u00edaca, e hipotiroidismo. <\/p>\n\n\n\n<p>En el reporte sanitario diario se indic\u00f3 que no se registr\u00f3 ning\u00fan nuevo caso positivo de Coronavirus en Olavarr\u00eda, este lunes. Seg\u00fan se se\u00f1al\u00f3 al momento hay un total de 14 casos sospechosos.<\/p>\n\n\n\n<p>Los casos confirmados en ese distrito llegaron a 104.<strong>\u00a0<\/strong>En ese total se tiene en cuenta 5 personas oriundas de San Nicol\u00e1s que se encuentran aisladas en Olavarr\u00eda,\u00a0las 3 personas\u00a0que ya recibieron el alta m\u00e9dica y\u00a0los 3 fallecimientos.<\/p>\n","protected":false},"excerpt":{"rendered":"<p>Desde el Municipio de Olavarr\u00eda se inform\u00f3 que en la ma\u00f1ana de este lunes falleci\u00f3&#8230;<\/p>\n","protected":false},"author":2,"featured_media":63585,"comment_status":"closed","ping_status":"open","sticky":false,"template":"","format":"standard","meta":{"footnotes":""},"categories":[25],"tags":[84],"class_list":["post-63584","post","type-post","status-publish","format-standard","has-post-thumbnail","hentry","category-c3nota1","tag-olavarria"],"yoast_head":"<!-- This site is optimized with the Yoast SEO plugin v23.4 - https:\/\/yoast.com\/wordpress\/plugins\/seo\/ -->\n<title>Coronavirus: en Olavarr\u00eda falleci\u00f3 una mujer de 87 a\u00f1os - Infoecos<\/title>\n<meta name=\"robots\" content=\"index, follow, max-snippet:-1, max-image-preview:large, max-video-preview:-1\" \/>\n<link rel=\"canonical\" href=\"https:\/\/infoecos.com.ar\/index.php\/coronavirus-en-olavarria-fallecio-una-mujer-de-87-anos\/\" \/>\n<meta property=\"og:locale\" content=\"es_ES\" \/>\n<meta property=\"og:type\" content=\"article\" \/>\n<meta property=\"og:title\" content=\"Coronavirus: en Olavarr\u00eda falleci\u00f3 una mujer de 87 a\u00f1os - Infoecos\" \/>\n<meta property=\"og:description\" content=\"Desde el Municipio de Olavarr\u00eda se inform\u00f3 que en la ma\u00f1ana de este lunes falleci\u00f3...\" \/>\n<meta property=\"og:url\" content=\"https:\/\/infoecos.com.ar\/index.php\/coronavirus-en-olavarria-fallecio-una-mujer-de-87-anos\/\" \/>\n<meta property=\"og:site_name\" content=\"Infoecos\" \/>\n<meta property=\"article:publisher\" content=\"https:\/\/www.facebook.com\/profile.php?id=100063200290284\" \/>\n<meta property=\"article:published_time\" content=\"2020-06-15T21:33:17+00:00\" \/>\n<meta property=\"article:modified_time\" content=\"2020-06-15T21:33:20+00:00\" \/>\n<meta property=\"og:image\" content=\"https:\/\/infoecos.com.ar\/wp-content\/uploads\/olavarriahospital.jpg\" \/>\n\t<meta property=\"og:image:width\" content=\"1968\" \/>\n\t<meta property=\"og:image:height\" content=\"1312\" \/>\n\t<meta property=\"og:image:type\" content=\"image\/jpeg\" \/>\n<meta name=\"author\" content=\"Jorge Matheus\" \/>\n<meta name=\"twitter:card\" content=\"summary_large_image\" \/>\n<meta name=\"twitter:creator\" content=\"@infoecos\" \/>\n<meta name=\"twitter:site\" content=\"@infoecos\" \/>\n<meta name=\"twitter:label1\" content=\"Escrito por\" \/>\n\t<meta name=\"twitter:data1\" content=\"Jorge Matheus\" \/>\n\t<meta name=\"twitter:label2\" content=\"Tiempo de lectura\" \/>\n\t<meta name=\"twitter:data2\" content=\"1 minuto\" \/>\n<script type=\"application\/ld+json\" class=\"yoast-schema-graph\">{\"@context\":\"https:\/\/schema.org\",\"@graph\":[{\"@type\":\"Article\",\"@id\":\"https:\/\/infoecos.com.ar\/index.php\/coronavirus-en-olavarria-fallecio-una-mujer-de-87-anos\/#article\",\"isPartOf\":{\"@id\":\"https:\/\/infoecos.com.ar\/index.php\/coronavirus-en-olavarria-fallecio-una-mujer-de-87-anos\/\"},\"author\":{\"name\":\"Jorge Matheus\",\"@id\":\"https:\/\/infoecos.com.ar\/#\/schema\/person\/8f5ace5ce73b4b4aac4b7245aee6f191\"},\"headline\":\"Coronavirus: en Olavarr\u00eda falleci\u00f3 una mujer de 87 a\u00f1os\",\"datePublished\":\"2020-06-15T21:33:17+00:00\",\"dateModified\":\"2020-06-15T21:33:20+00:00\",\"mainEntityOfPage\":{\"@id\":\"https:\/\/infoecos.com.ar\/index.php\/coronavirus-en-olavarria-fallecio-una-mujer-de-87-anos\/\"},\"wordCount\":135,\"publisher\":{\"@id\":\"https:\/\/infoecos.com.ar\/#organization\"},\"image\":{\"@id\":\"https:\/\/infoecos.com.ar\/index.php\/coronavirus-en-olavarria-fallecio-una-mujer-de-87-anos\/#primaryimage\"},\"thumbnailUrl\":\"https:\/\/infoecos.com.ar\/wp-content\/uploads\/olavarriahospital.jpg\",\"keywords\":[\"OLAVARR\u00cdA\"],\"articleSection\":[\"C3 N1\"],\"inLanguage\":\"es\"},{\"@type\":\"WebPage\",\"@id\":\"https:\/\/infoecos.com.ar\/index.php\/coronavirus-en-olavarria-fallecio-una-mujer-de-87-anos\/\",\"url\":\"https:\/\/infoecos.com.ar\/index.php\/coronavirus-en-olavarria-fallecio-una-mujer-de-87-anos\/\",\"name\":\"Coronavirus: en Olavarr\u00eda falleci\u00f3 una mujer de 87 a\u00f1os - Infoecos\",\"isPartOf\":{\"@id\":\"https:\/\/infoecos.com.ar\/#website\"},\"primaryImageOfPage\":{\"@id\":\"https:\/\/infoecos.com.ar\/index.php\/coronavirus-en-olavarria-fallecio-una-mujer-de-87-anos\/#primaryimage\"},\"image\":{\"@id\":\"https:\/\/infoecos.com.ar\/index.php\/coronavirus-en-olavarria-fallecio-una-mujer-de-87-anos\/#primaryimage\"},\"thumbnailUrl\":\"https:\/\/infoecos.com.ar\/wp-content\/uploads\/olavarriahospital.jpg\",\"datePublished\":\"2020-06-15T21:33:17+00:00\",\"dateModified\":\"2020-06-15T21:33:20+00:00\",\"breadcrumb\":{\"@id\":\"https:\/\/infoecos.com.ar\/index.php\/coronavirus-en-olavarria-fallecio-una-mujer-de-87-anos\/#breadcrumb\"},\"inLanguage\":\"es\",\"potentialAction\":[{\"@type\":\"ReadAction\",\"target\":[\"https:\/\/infoecos.com.ar\/index.php\/coronavirus-en-olavarria-fallecio-una-mujer-de-87-anos\/\"]}]},{\"@type\":\"ImageObject\",\"inLanguage\":\"es\",\"@id\":\"https:\/\/infoecos.com.ar\/index.php\/coronavirus-en-olavarria-fallecio-una-mujer-de-87-anos\/#primaryimage\",\"url\":\"https:\/\/infoecos.com.ar\/wp-content\/uploads\/olavarriahospital.jpg\",\"contentUrl\":\"https:\/\/infoecos.com.ar\/wp-content\/uploads\/olavarriahospital.jpg\",\"width\":1968,\"height\":1312},{\"@type\":\"BreadcrumbList\",\"@id\":\"https:\/\/infoecos.com.ar\/index.php\/coronavirus-en-olavarria-fallecio-una-mujer-de-87-anos\/#breadcrumb\",\"itemListElement\":[{\"@type\":\"ListItem\",\"position\":1,\"name\":\"Portada\",\"item\":\"https:\/\/infoecos.com.ar\/\"},{\"@type\":\"ListItem\",\"position\":2,\"name\":\"Coronavirus: en Olavarr\u00eda falleci\u00f3 una mujer de 87 a\u00f1os\"}]},{\"@type\":\"WebSite\",\"@id\":\"https:\/\/infoecos.com.ar\/#website\",\"url\":\"https:\/\/infoecos.com.ar\/\",\"name\":\"Infoecos\",\"description\":\"Noticias de trenque lauquen y la zona\",\"publisher\":{\"@id\":\"https:\/\/infoecos.com.ar\/#organization\"},\"alternateName\":\"Noticias\",\"potentialAction\":[{\"@type\":\"SearchAction\",\"target\":{\"@type\":\"EntryPoint\",\"urlTemplate\":\"https:\/\/infoecos.com.ar\/?s={search_term_string}\"},\"query-input\":{\"@type\":\"PropertyValueSpecification\",\"valueRequired\":true,\"valueName\":\"search_term_string\"}}],\"inLanguage\":\"es\"},{\"@type\":\"Organization\",\"@id\":\"https:\/\/infoecos.com.ar\/#organization\",\"name\":\"Infoecos\",\"alternateName\":\"Noticias\",\"url\":\"https:\/\/infoecos.com.ar\/\",\"logo\":{\"@type\":\"ImageObject\",\"inLanguage\":\"es\",\"@id\":\"https:\/\/infoecos.com.ar\/#\/schema\/logo\/image\/\",\"url\":\"https:\/\/infoecos.com.ar\/wp-content\/uploads\/2024\/03\/cropped-logo.png\",\"contentUrl\":\"https:\/\/infoecos.com.ar\/wp-content\/uploads\/2024\/03\/cropped-logo.png\",\"width\":374,\"height\":90,\"caption\":\"Infoecos\"},\"image\":{\"@id\":\"https:\/\/infoecos.com.ar\/#\/schema\/logo\/image\/\"},\"sameAs\":[\"https:\/\/www.facebook.com\/profile.php?id=100063200290284\",\"https:\/\/x.com\/infoecos\"]},{\"@type\":\"Person\",\"@id\":\"https:\/\/infoecos.com.ar\/#\/schema\/person\/8f5ace5ce73b4b4aac4b7245aee6f191\",\"name\":\"Jorge Matheus\",\"url\":\"https:\/\/infoecos.com.ar\/index.php\/author\/jomatheus\/\"}]}<\/script>\n<!-- \/ Yoast SEO plugin. -->","yoast_head_json":{"title":"Coronavirus: en Olavarr\u00eda falleci\u00f3 una mujer de 87 a\u00f1os - Infoecos","robots":{"index":"index","follow":"follow","max-snippet":"max-snippet:-1","max-image-preview":"max-image-preview:large","max-video-preview":"max-video-preview:-1"},"canonical":"https:\/\/infoecos.com.ar\/index.php\/coronavirus-en-olavarria-fallecio-una-mujer-de-87-anos\/","og_locale":"es_ES","og_type":"article","og_title":"Coronavirus: en Olavarr\u00eda falleci\u00f3 una mujer de 87 a\u00f1os - Infoecos","og_description":"Desde el Municipio de Olavarr\u00eda se inform\u00f3 que en la ma\u00f1ana de este lunes falleci\u00f3...","og_url":"https:\/\/infoecos.com.ar\/index.php\/coronavirus-en-olavarria-fallecio-una-mujer-de-87-anos\/","og_site_name":"Infoecos","article_publisher":"https:\/\/www.facebook.com\/profile.php?id=100063200290284","article_published_time":"2020-06-15T21:33:17+00:00","article_modified_time":"2020-06-15T21:33:20+00:00","og_image":[{"width":1968,"height":1312,"url":"https:\/\/infoecos.com.ar\/wp-content\/uploads\/olavarriahospital.jpg","type":"image\/jpeg"}],"author":"Jorge Matheus","twitter_card":"summary_large_image","twitter_creator":"@infoecos","twitter_site":"@infoecos","twitter_misc":{"Escrito por":"Jorge Matheus","Tiempo de lectura":"1 minuto"},"schema":{"@context":"https:\/\/schema.org","@graph":[{"@type":"Article","@id":"https:\/\/infoecos.com.ar\/index.php\/coronavirus-en-olavarria-fallecio-una-mujer-de-87-anos\/#article","isPartOf":{"@id":"https:\/\/infoecos.com.ar\/index.php\/coronavirus-en-olavarria-fallecio-una-mujer-de-87-anos\/"},"author":{"name":"Jorge Matheus","@id":"https:\/\/infoecos.com.ar\/#\/schema\/person\/8f5ace5ce73b4b4aac4b7245aee6f191"},"headline":"Coronavirus: en Olavarr\u00eda falleci\u00f3 una mujer de 87 a\u00f1os","datePublished":"2020-06-15T21:33:17+00:00","dateModified":"2020-06-15T21:33:20+00:00","mainEntityOfPage":{"@id":"https:\/\/infoecos.com.ar\/index.php\/coronavirus-en-olavarria-fallecio-una-mujer-de-87-anos\/"},"wordCount":135,"publisher":{"@id":"https:\/\/infoecos.com.ar\/#organization"},"image":{"@id":"https:\/\/infoecos.com.ar\/index.php\/coronavirus-en-olavarria-fallecio-una-mujer-de-87-anos\/#primaryimage"},"thumbnailUrl":"https:\/\/infoecos.com.ar\/wp-content\/uploads\/olavarriahospital.jpg","keywords":["OLAVARR\u00cdA"],"articleSection":["C3 N1"],"inLanguage":"es"},{"@type":"WebPage","@id":"https:\/\/infoecos.com.ar\/index.php\/coronavirus-en-olavarria-fallecio-una-mujer-de-87-anos\/","url":"https:\/\/infoecos.com.ar\/index.php\/coronavirus-en-olavarria-fallecio-una-mujer-de-87-anos\/","name":"Coronavirus: en Olavarr\u00eda falleci\u00f3 una mujer de 87 a\u00f1os - Infoecos","isPartOf":{"@id":"https:\/\/infoecos.com.ar\/#website"},"primaryImageOfPage":{"@id":"https:\/\/infoecos.com.ar\/index.php\/coronavirus-en-olavarria-fallecio-una-mujer-de-87-anos\/#primaryimage"},"image":{"@id":"https:\/\/infoecos.com.ar\/index.php\/coronavirus-en-olavarria-fallecio-una-mujer-de-87-anos\/#primaryimage"},"thumbnailUrl":"https:\/\/infoecos.com.ar\/wp-content\/uploads\/olavarriahospital.jpg","datePublished":"2020-06-15T21:33:17+00:00","dateModified":"2020-06-15T21:33:20+00:00","breadcrumb":{"@id":"https:\/\/infoecos.com.ar\/index.php\/coronavirus-en-olavarria-fallecio-una-mujer-de-87-anos\/#breadcrumb"},"inLanguage":"es","potentialAction":[{"@type":"ReadAction","target":["https:\/\/infoecos.com.ar\/index.php\/coronavirus-en-olavarria-fallecio-una-mujer-de-87-anos\/"]}]},{"@type":"ImageObject","inLanguage":"es","@id":"https:\/\/infoecos.com.ar\/index.php\/coronavirus-en-olavarria-fallecio-una-mujer-de-87-anos\/#primaryimage","url":"https:\/\/infoecos.com.ar\/wp-content\/uploads\/olavarriahospital.jpg","contentUrl":"https:\/\/infoecos.com.ar\/wp-content\/uploads\/olavarriahospital.jpg","width":1968,"height":1312},{"@type":"BreadcrumbList","@id":"https:\/\/infoecos.com.ar\/index.php\/coronavirus-en-olavarria-fallecio-una-mujer-de-87-anos\/#breadcrumb","itemListElement":[{"@type":"ListItem","position":1,"name":"Portada","item":"https:\/\/infoecos.com.ar\/"},{"@type":"ListItem","position":2,"name":"Coronavirus: en Olavarr\u00eda falleci\u00f3 una mujer de 87 a\u00f1os"}]},{"@type":"WebSite","@id":"https:\/\/infoecos.com.ar\/#website","url":"https:\/\/infoecos.com.ar\/","name":"Infoecos","description":"Noticias de trenque lauquen y la zona","publisher":{"@id":"https:\/\/infoecos.com.ar\/#organization"},"alternateName":"Noticias","potentialAction":[{"@type":"SearchAction","target":{"@type":"EntryPoint","urlTemplate":"https:\/\/infoecos.com.ar\/?s={search_term_string}"},"query-input":{"@type":"PropertyValueSpecification","valueRequired":true,"valueName":"search_term_string"}}],"inLanguage":"es"},{"@type":"Organization","@id":"https:\/\/infoecos.com.ar\/#organization","name":"Infoecos","alternateName":"Noticias","url":"https:\/\/infoecos.com.ar\/","logo":{"@type":"ImageObject","inLanguage":"es","@id":"https:\/\/infoecos.com.ar\/#\/schema\/logo\/image\/","url":"https:\/\/infoecos.com.ar\/wp-content\/uploads\/2024\/03\/cropped-logo.png","contentUrl":"https:\/\/infoecos.com.ar\/wp-content\/uploads\/2024\/03\/cropped-logo.png","width":374,"height":90,"caption":"Infoecos"},"image":{"@id":"https:\/\/infoecos.com.ar\/#\/schema\/logo\/image\/"},"sameAs":["https:\/\/www.facebook.com\/profile.php?id=100063200290284","https:\/\/x.com\/infoecos"]},{"@type":"Person","@id":"https:\/\/infoecos.com.ar\/#\/schema\/person\/8f5ace5ce73b4b4aac4b7245aee6f191","name":"Jorge Matheus","url":"https:\/\/infoecos.com.ar\/index.php\/author\/jomatheus\/"}]}},"featured_image_urls":{"full":["https:\/\/infoecos.com.ar\/wp-content\/uploads\/olavarriahospital.jpg",1968,1312,false],"thumbnail":["https:\/\/infoecos.com.ar\/wp-content\/uploads\/olavarriahospital-150x150.jpg",150,150,true],"medium":["https:\/\/infoecos.com.ar\/wp-content\/uploads\/olavarriahospital-460x307.jpg",460,307,true],"medium_large":["https:\/\/infoecos.com.ar\/wp-content\/uploads\/olavarriahospital-768x512.jpg",640,427,true],"large":["https:\/\/infoecos.com.ar\/wp-content\/uploads\/olavarriahospital-920x613.jpg",640,426,true],"1536x1536":["https:\/\/infoecos.com.ar\/wp-content\/uploads\/olavarriahospital-1536x1024.jpg",1536,1024,true],"2048x2048":["https:\/\/infoecos.com.ar\/wp-content\/uploads\/olavarriahospital.jpg",1968,1312,false],"covernews-slider-full":["https:\/\/infoecos.com.ar\/wp-content\/uploads\/olavarriahospital-1536x1020.jpg",1077,715,true],"covernews-slider-center":["https:\/\/infoecos.com.ar\/wp-content\/uploads\/olavarriahospital-936x897.jpg",522,500,true],"covernews-featured":["https:\/\/infoecos.com.ar\/wp-content\/uploads\/olavarriahospital-1024x683.jpg",1024,683,true],"covernews-medium":["https:\/\/infoecos.com.ar\/wp-content\/uploads\/olavarriahospital-720x380.jpg",540,285,true],"covernews-medium-square":["https:\/\/infoecos.com.ar\/wp-content\/uploads\/olavarriahospital-675x450.jpg",375,250,true]},"author_info":{"info":["Jorge Matheus"]},"category_info":"<a href=\"https:\/\/infoecos.com.ar\/index.php\/category\/c3nota1\/\" rel=\"category tag\">C3 N1<\/a>","tag_info":"C3 N1","comment_count":"0","_links":{"self":[{"href":"https:\/\/infoecos.com.ar\/index.php\/wp-json\/wp\/v2\/posts\/63584"}],"collection":[{"href":"https:\/\/infoecos.com.ar\/index.php\/wp-json\/wp\/v2\/posts"}],"about":[{"href":"https:\/\/infoecos.com.ar\/index.php\/wp-json\/wp\/v2\/types\/post"}],"author":[{"embeddable":true,"href":"https:\/\/infoecos.com.ar\/index.php\/wp-json\/wp\/v2\/users\/2"}],"replies":[{"embeddable":true,"href":"https:\/\/infoecos.com.ar\/index.php\/wp-json\/wp\/v2\/comments?post=63584"}],"version-history":[{"count":1,"href":"https:\/\/infoecos.com.ar\/index.php\/wp-json\/wp\/v2\/posts\/63584\/revisions"}],"predecessor-version":[{"id":63586,"href":"https:\/\/infoecos.com.ar\/index.php\/wp-json\/wp\/v2\/posts\/63584\/revisions\/63586"}],"wp:featuredmedia":[{"embeddable":true,"href":"https:\/\/infoecos.com.ar\/index.php\/wp-json\/wp\/v2\/media\/63585"}],"wp:attachment":[{"href":"https:\/\/infoecos.com.ar\/index.php\/wp-json\/wp\/v2\/media?parent=63584"}],"wp:term":[{"taxonomy":"category","embeddable":true,"href":"https:\/\/infoecos.com.ar\/index.php\/wp-json\/wp\/v2\/categories?post=63584"},{"taxonomy":"post_tag","embeddable":true,"href":"https:\/\/infoecos.com.ar\/index.php\/wp-json\/wp\/v2\/tags?post=63584"}],"curies":[{"name":"wp","href":"https:\/\/api.w.org\/{rel}","templated":true}]}}