{"id":63710,"date":"2020-06-18T01:04:35","date_gmt":"2020-06-18T04:04:35","guid":{"rendered":"http:\/\/infoecos.com.ar\/?p=63710"},"modified":"2020-06-19T01:29:43","modified_gmt":"2020-06-19T04:29:43","slug":"el-intendente-de-lomas-de-zamora-martin-insaurralde-sera-tratado-con-plasma","status":"publish","type":"post","link":"https:\/\/infoecos.com.ar\/index.php\/el-intendente-de-lomas-de-zamora-martin-insaurralde-sera-tratado-con-plasma\/","title":{"rendered":"El intendente de Lomas de Zamora, Mart\u00edn Insaurralde, ser\u00e1 tratado con plasma"},"content":{"rendered":"\n<p>Luego de que diera positivo en el test de&nbsp;Covid-19, el intendente de Lomas de Zamora,&nbsp;Mart\u00edn Insaurralde<strong>,&nbsp;<\/strong>ser\u00e1 tratado con plasma, una de las formas que ayuda a muchos pacientes con coronavirus en su recuperaci\u00f3n.<\/p>\n\n\n\n<div class=\"wp-block-image\"><figure class=\"aligncenter size-medium\"><img loading=\"lazy\" decoding=\"async\" width=\"460\" height=\"258\" src=\"http:\/\/infoecos.com.ar\/wp-content\/uploads\/insaurralde-460x258.jpg\" alt=\"\" class=\"wp-image-63525\" srcset=\"https:\/\/infoecos.com.ar\/wp-content\/uploads\/insaurralde-460x258.jpg 460w, https:\/\/infoecos.com.ar\/wp-content\/uploads\/insaurralde-920x516.jpg 920w, https:\/\/infoecos.com.ar\/wp-content\/uploads\/insaurralde-768x431.jpg 768w, https:\/\/infoecos.com.ar\/wp-content\/uploads\/insaurralde.jpg 1004w\" sizes=\"(max-width: 460px) 100vw, 460px\" \/><\/figure><\/div>\n\n\n\n<p>En un comunicado en conjunto del Hospital Municipal de Llavallol y el Municipio de Lomas de Zamora, aseguraron que el jefe comunal \u201crecibir\u00e1 una transfusi\u00f3n de plasma de pacientes recuperados de Covid-19, tras detectarse una disminuci\u00f3n en su capacidad respiratoria como consecuencia de la enfermedad\u201d.<\/p>\n\n\n\n<p>\u201cEl equipo m\u00e9dico de Lomas de Zamora que monitorea la salud del Intendente Insaurralde determin\u00f3 activar el protocolo de la Provincia de Buenos Aires, que prev\u00e9 el tratamiento&nbsp;con plasma de pacientes recuperados ante sintomatolog\u00eda respiratoria y otros s\u00edntomas asociados, principalmente en pacientes de riesgo. Insaurralde padece adem\u00e1s una insuficiencia renal y es asm\u00e1tico\u201d, agregaron.<\/p>\n\n\n\n<p>\u201cEn ese sentido, por una baja en la saturaci\u00f3n de ox\u00edgeno confirmada por ex\u00e1menes m\u00e9dicos, tomograf\u00eda y estudios de laboratorio, se proceder\u00e1 a la transfusi\u00f3n\u201d, confirmaron desde el hospital.<\/p>\n","protected":false},"excerpt":{"rendered":"<p>Luego de que diera positivo en el test de&nbsp;Covid-19, el intendente de Lomas de Zamora,&nbsp;Mart\u00edn&#8230;<\/p>\n","protected":false},"author":2,"featured_media":63525,"comment_status":"closed","ping_status":"open","sticky":false,"template":"","format":"standard","meta":{"footnotes":""},"categories":[1623],"tags":[214],"class_list":["post-63710","post","type-post","status-publish","format-standard","has-post-thumbnail","hentry","category-empre-1","tag-lomas-de-zamora"],"yoast_head":"<!-- This site is optimized with the Yoast SEO plugin v23.4 - https:\/\/yoast.com\/wordpress\/plugins\/seo\/ -->\n<title>El intendente de Lomas de Zamora, Mart\u00edn Insaurralde, ser\u00e1 tratado con plasma - Infoecos<\/title>\n<meta name=\"robots\" content=\"index, follow, max-snippet:-1, max-image-preview:large, max-video-preview:-1\" \/>\n<link rel=\"canonical\" href=\"https:\/\/infoecos.com.ar\/index.php\/el-intendente-de-lomas-de-zamora-martin-insaurralde-sera-tratado-con-plasma\/\" \/>\n<meta property=\"og:locale\" content=\"es_ES\" \/>\n<meta property=\"og:type\" content=\"article\" \/>\n<meta property=\"og:title\" content=\"El intendente de Lomas de Zamora, Mart\u00edn Insaurralde, ser\u00e1 tratado con plasma - Infoecos\" \/>\n<meta property=\"og:description\" content=\"Luego de que diera positivo en el test de&nbsp;Covid-19, el intendente de Lomas de Zamora,&nbsp;Mart\u00edn...\" \/>\n<meta property=\"og:url\" content=\"https:\/\/infoecos.com.ar\/index.php\/el-intendente-de-lomas-de-zamora-martin-insaurralde-sera-tratado-con-plasma\/\" \/>\n<meta property=\"og:site_name\" content=\"Infoecos\" \/>\n<meta property=\"article:publisher\" content=\"https:\/\/www.facebook.com\/profile.php?id=100063200290284\" \/>\n<meta property=\"article:published_time\" content=\"2020-06-18T04:04:35+00:00\" \/>\n<meta property=\"article:modified_time\" content=\"2020-06-19T04:29:43+00:00\" \/>\n<meta property=\"og:image\" content=\"https:\/\/infoecos.com.ar\/wp-content\/uploads\/insaurralde.jpg\" \/>\n\t<meta property=\"og:image:width\" content=\"1004\" \/>\n\t<meta property=\"og:image:height\" content=\"563\" \/>\n\t<meta property=\"og:image:type\" content=\"image\/jpeg\" \/>\n<meta name=\"author\" content=\"Jorge Matheus\" \/>\n<meta name=\"twitter:card\" content=\"summary_large_image\" \/>\n<meta name=\"twitter:creator\" content=\"@infoecos\" \/>\n<meta name=\"twitter:site\" content=\"@infoecos\" \/>\n<meta name=\"twitter:label1\" content=\"Escrito por\" \/>\n\t<meta name=\"twitter:data1\" content=\"Jorge Matheus\" \/>\n\t<meta name=\"twitter:label2\" content=\"Tiempo de lectura\" \/>\n\t<meta name=\"twitter:data2\" content=\"1 minuto\" \/>\n<script type=\"application\/ld+json\" class=\"yoast-schema-graph\">{\"@context\":\"https:\/\/schema.org\",\"@graph\":[{\"@type\":\"Article\",\"@id\":\"https:\/\/infoecos.com.ar\/index.php\/el-intendente-de-lomas-de-zamora-martin-insaurralde-sera-tratado-con-plasma\/#article\",\"isPartOf\":{\"@id\":\"https:\/\/infoecos.com.ar\/index.php\/el-intendente-de-lomas-de-zamora-martin-insaurralde-sera-tratado-con-plasma\/\"},\"author\":{\"name\":\"Jorge Matheus\",\"@id\":\"https:\/\/infoecos.com.ar\/#\/schema\/person\/8f5ace5ce73b4b4aac4b7245aee6f191\"},\"headline\":\"El intendente de Lomas de Zamora, Mart\u00edn Insaurralde, ser\u00e1 tratado con plasma\",\"datePublished\":\"2020-06-18T04:04:35+00:00\",\"dateModified\":\"2020-06-19T04:29:43+00:00\",\"mainEntityOfPage\":{\"@id\":\"https:\/\/infoecos.com.ar\/index.php\/el-intendente-de-lomas-de-zamora-martin-insaurralde-sera-tratado-con-plasma\/\"},\"wordCount\":197,\"publisher\":{\"@id\":\"https:\/\/infoecos.com.ar\/#organization\"},\"image\":{\"@id\":\"https:\/\/infoecos.com.ar\/index.php\/el-intendente-de-lomas-de-zamora-martin-insaurralde-sera-tratado-con-plasma\/#primaryimage\"},\"thumbnailUrl\":\"https:\/\/infoecos.com.ar\/wp-content\/uploads\/insaurralde.jpg\",\"keywords\":[\"LOMAS DE ZAMORA\"],\"articleSection\":[\"Empre 1\"],\"inLanguage\":\"es\"},{\"@type\":\"WebPage\",\"@id\":\"https:\/\/infoecos.com.ar\/index.php\/el-intendente-de-lomas-de-zamora-martin-insaurralde-sera-tratado-con-plasma\/\",\"url\":\"https:\/\/infoecos.com.ar\/index.php\/el-intendente-de-lomas-de-zamora-martin-insaurralde-sera-tratado-con-plasma\/\",\"name\":\"El intendente de Lomas de Zamora, Mart\u00edn Insaurralde, ser\u00e1 tratado con plasma - Infoecos\",\"isPartOf\":{\"@id\":\"https:\/\/infoecos.com.ar\/#website\"},\"primaryImageOfPage\":{\"@id\":\"https:\/\/infoecos.com.ar\/index.php\/el-intendente-de-lomas-de-zamora-martin-insaurralde-sera-tratado-con-plasma\/#primaryimage\"},\"image\":{\"@id\":\"https:\/\/infoecos.com.ar\/index.php\/el-intendente-de-lomas-de-zamora-martin-insaurralde-sera-tratado-con-plasma\/#primaryimage\"},\"thumbnailUrl\":\"https:\/\/infoecos.com.ar\/wp-content\/uploads\/insaurralde.jpg\",\"datePublished\":\"2020-06-18T04:04:35+00:00\",\"dateModified\":\"2020-06-19T04:29:43+00:00\",\"breadcrumb\":{\"@id\":\"https:\/\/infoecos.com.ar\/index.php\/el-intendente-de-lomas-de-zamora-martin-insaurralde-sera-tratado-con-plasma\/#breadcrumb\"},\"inLanguage\":\"es\",\"potentialAction\":[{\"@type\":\"ReadAction\",\"target\":[\"https:\/\/infoecos.com.ar\/index.php\/el-intendente-de-lomas-de-zamora-martin-insaurralde-sera-tratado-con-plasma\/\"]}]},{\"@type\":\"ImageObject\",\"inLanguage\":\"es\",\"@id\":\"https:\/\/infoecos.com.ar\/index.php\/el-intendente-de-lomas-de-zamora-martin-insaurralde-sera-tratado-con-plasma\/#primaryimage\",\"url\":\"https:\/\/infoecos.com.ar\/wp-content\/uploads\/insaurralde.jpg\",\"contentUrl\":\"https:\/\/infoecos.com.ar\/wp-content\/uploads\/insaurralde.jpg\",\"width\":1004,\"height\":563},{\"@type\":\"BreadcrumbList\",\"@id\":\"https:\/\/infoecos.com.ar\/index.php\/el-intendente-de-lomas-de-zamora-martin-insaurralde-sera-tratado-con-plasma\/#breadcrumb\",\"itemListElement\":[{\"@type\":\"ListItem\",\"position\":1,\"name\":\"Portada\",\"item\":\"https:\/\/infoecos.com.ar\/\"},{\"@type\":\"ListItem\",\"position\":2,\"name\":\"El intendente de Lomas de Zamora, Mart\u00edn Insaurralde, ser\u00e1 tratado con plasma\"}]},{\"@type\":\"WebSite\",\"@id\":\"https:\/\/infoecos.com.ar\/#website\",\"url\":\"https:\/\/infoecos.com.ar\/\",\"name\":\"Infoecos\",\"description\":\"Noticias de trenque lauquen y la zona\",\"publisher\":{\"@id\":\"https:\/\/infoecos.com.ar\/#organization\"},\"alternateName\":\"Noticias\",\"potentialAction\":[{\"@type\":\"SearchAction\",\"target\":{\"@type\":\"EntryPoint\",\"urlTemplate\":\"https:\/\/infoecos.com.ar\/?s={search_term_string}\"},\"query-input\":{\"@type\":\"PropertyValueSpecification\",\"valueRequired\":true,\"valueName\":\"search_term_string\"}}],\"inLanguage\":\"es\"},{\"@type\":\"Organization\",\"@id\":\"https:\/\/infoecos.com.ar\/#organization\",\"name\":\"Infoecos\",\"alternateName\":\"Noticias\",\"url\":\"https:\/\/infoecos.com.ar\/\",\"logo\":{\"@type\":\"ImageObject\",\"inLanguage\":\"es\",\"@id\":\"https:\/\/infoecos.com.ar\/#\/schema\/logo\/image\/\",\"url\":\"https:\/\/infoecos.com.ar\/wp-content\/uploads\/2024\/03\/cropped-logo.png\",\"contentUrl\":\"https:\/\/infoecos.com.ar\/wp-content\/uploads\/2024\/03\/cropped-logo.png\",\"width\":374,\"height\":90,\"caption\":\"Infoecos\"},\"image\":{\"@id\":\"https:\/\/infoecos.com.ar\/#\/schema\/logo\/image\/\"},\"sameAs\":[\"https:\/\/www.facebook.com\/profile.php?id=100063200290284\",\"https:\/\/x.com\/infoecos\"]},{\"@type\":\"Person\",\"@id\":\"https:\/\/infoecos.com.ar\/#\/schema\/person\/8f5ace5ce73b4b4aac4b7245aee6f191\",\"name\":\"Jorge Matheus\",\"url\":\"https:\/\/infoecos.com.ar\/index.php\/author\/jomatheus\/\"}]}<\/script>\n<!-- \/ Yoast SEO plugin. -->","yoast_head_json":{"title":"El intendente de Lomas de Zamora, Mart\u00edn Insaurralde, ser\u00e1 tratado con plasma - Infoecos","robots":{"index":"index","follow":"follow","max-snippet":"max-snippet:-1","max-image-preview":"max-image-preview:large","max-video-preview":"max-video-preview:-1"},"canonical":"https:\/\/infoecos.com.ar\/index.php\/el-intendente-de-lomas-de-zamora-martin-insaurralde-sera-tratado-con-plasma\/","og_locale":"es_ES","og_type":"article","og_title":"El intendente de Lomas de Zamora, Mart\u00edn Insaurralde, ser\u00e1 tratado con plasma - Infoecos","og_description":"Luego de que diera positivo en el test de&nbsp;Covid-19, el intendente de Lomas de Zamora,&nbsp;Mart\u00edn...","og_url":"https:\/\/infoecos.com.ar\/index.php\/el-intendente-de-lomas-de-zamora-martin-insaurralde-sera-tratado-con-plasma\/","og_site_name":"Infoecos","article_publisher":"https:\/\/www.facebook.com\/profile.php?id=100063200290284","article_published_time":"2020-06-18T04:04:35+00:00","article_modified_time":"2020-06-19T04:29:43+00:00","og_image":[{"width":1004,"height":563,"url":"https:\/\/infoecos.com.ar\/wp-content\/uploads\/insaurralde.jpg","type":"image\/jpeg"}],"author":"Jorge Matheus","twitter_card":"summary_large_image","twitter_creator":"@infoecos","twitter_site":"@infoecos","twitter_misc":{"Escrito por":"Jorge Matheus","Tiempo de lectura":"1 minuto"},"schema":{"@context":"https:\/\/schema.org","@graph":[{"@type":"Article","@id":"https:\/\/infoecos.com.ar\/index.php\/el-intendente-de-lomas-de-zamora-martin-insaurralde-sera-tratado-con-plasma\/#article","isPartOf":{"@id":"https:\/\/infoecos.com.ar\/index.php\/el-intendente-de-lomas-de-zamora-martin-insaurralde-sera-tratado-con-plasma\/"},"author":{"name":"Jorge Matheus","@id":"https:\/\/infoecos.com.ar\/#\/schema\/person\/8f5ace5ce73b4b4aac4b7245aee6f191"},"headline":"El intendente de Lomas de Zamora, Mart\u00edn Insaurralde, ser\u00e1 tratado con plasma","datePublished":"2020-06-18T04:04:35+00:00","dateModified":"2020-06-19T04:29:43+00:00","mainEntityOfPage":{"@id":"https:\/\/infoecos.com.ar\/index.php\/el-intendente-de-lomas-de-zamora-martin-insaurralde-sera-tratado-con-plasma\/"},"wordCount":197,"publisher":{"@id":"https:\/\/infoecos.com.ar\/#organization"},"image":{"@id":"https:\/\/infoecos.com.ar\/index.php\/el-intendente-de-lomas-de-zamora-martin-insaurralde-sera-tratado-con-plasma\/#primaryimage"},"thumbnailUrl":"https:\/\/infoecos.com.ar\/wp-content\/uploads\/insaurralde.jpg","keywords":["LOMAS DE ZAMORA"],"articleSection":["Empre 1"],"inLanguage":"es"},{"@type":"WebPage","@id":"https:\/\/infoecos.com.ar\/index.php\/el-intendente-de-lomas-de-zamora-martin-insaurralde-sera-tratado-con-plasma\/","url":"https:\/\/infoecos.com.ar\/index.php\/el-intendente-de-lomas-de-zamora-martin-insaurralde-sera-tratado-con-plasma\/","name":"El intendente de Lomas de Zamora, Mart\u00edn Insaurralde, ser\u00e1 tratado con plasma - Infoecos","isPartOf":{"@id":"https:\/\/infoecos.com.ar\/#website"},"primaryImageOfPage":{"@id":"https:\/\/infoecos.com.ar\/index.php\/el-intendente-de-lomas-de-zamora-martin-insaurralde-sera-tratado-con-plasma\/#primaryimage"},"image":{"@id":"https:\/\/infoecos.com.ar\/index.php\/el-intendente-de-lomas-de-zamora-martin-insaurralde-sera-tratado-con-plasma\/#primaryimage"},"thumbnailUrl":"https:\/\/infoecos.com.ar\/wp-content\/uploads\/insaurralde.jpg","datePublished":"2020-06-18T04:04:35+00:00","dateModified":"2020-06-19T04:29:43+00:00","breadcrumb":{"@id":"https:\/\/infoecos.com.ar\/index.php\/el-intendente-de-lomas-de-zamora-martin-insaurralde-sera-tratado-con-plasma\/#breadcrumb"},"inLanguage":"es","potentialAction":[{"@type":"ReadAction","target":["https:\/\/infoecos.com.ar\/index.php\/el-intendente-de-lomas-de-zamora-martin-insaurralde-sera-tratado-con-plasma\/"]}]},{"@type":"ImageObject","inLanguage":"es","@id":"https:\/\/infoecos.com.ar\/index.php\/el-intendente-de-lomas-de-zamora-martin-insaurralde-sera-tratado-con-plasma\/#primaryimage","url":"https:\/\/infoecos.com.ar\/wp-content\/uploads\/insaurralde.jpg","contentUrl":"https:\/\/infoecos.com.ar\/wp-content\/uploads\/insaurralde.jpg","width":1004,"height":563},{"@type":"BreadcrumbList","@id":"https:\/\/infoecos.com.ar\/index.php\/el-intendente-de-lomas-de-zamora-martin-insaurralde-sera-tratado-con-plasma\/#breadcrumb","itemListElement":[{"@type":"ListItem","position":1,"name":"Portada","item":"https:\/\/infoecos.com.ar\/"},{"@type":"ListItem","position":2,"name":"El intendente de Lomas de Zamora, Mart\u00edn Insaurralde, ser\u00e1 tratado con plasma"}]},{"@type":"WebSite","@id":"https:\/\/infoecos.com.ar\/#website","url":"https:\/\/infoecos.com.ar\/","name":"Infoecos","description":"Noticias de trenque lauquen y la zona","publisher":{"@id":"https:\/\/infoecos.com.ar\/#organization"},"alternateName":"Noticias","potentialAction":[{"@type":"SearchAction","target":{"@type":"EntryPoint","urlTemplate":"https:\/\/infoecos.com.ar\/?s={search_term_string}"},"query-input":{"@type":"PropertyValueSpecification","valueRequired":true,"valueName":"search_term_string"}}],"inLanguage":"es"},{"@type":"Organization","@id":"https:\/\/infoecos.com.ar\/#organization","name":"Infoecos","alternateName":"Noticias","url":"https:\/\/infoecos.com.ar\/","logo":{"@type":"ImageObject","inLanguage":"es","@id":"https:\/\/infoecos.com.ar\/#\/schema\/logo\/image\/","url":"https:\/\/infoecos.com.ar\/wp-content\/uploads\/2024\/03\/cropped-logo.png","contentUrl":"https:\/\/infoecos.com.ar\/wp-content\/uploads\/2024\/03\/cropped-logo.png","width":374,"height":90,"caption":"Infoecos"},"image":{"@id":"https:\/\/infoecos.com.ar\/#\/schema\/logo\/image\/"},"sameAs":["https:\/\/www.facebook.com\/profile.php?id=100063200290284","https:\/\/x.com\/infoecos"]},{"@type":"Person","@id":"https:\/\/infoecos.com.ar\/#\/schema\/person\/8f5ace5ce73b4b4aac4b7245aee6f191","name":"Jorge Matheus","url":"https:\/\/infoecos.com.ar\/index.php\/author\/jomatheus\/"}]}},"featured_image_urls":{"full":["https:\/\/infoecos.com.ar\/wp-content\/uploads\/insaurralde.jpg",1004,563,false],"thumbnail":["https:\/\/infoecos.com.ar\/wp-content\/uploads\/insaurralde-150x150.jpg",150,150,true],"medium":["https:\/\/infoecos.com.ar\/wp-content\/uploads\/insaurralde-460x258.jpg",460,258,true],"medium_large":["https:\/\/infoecos.com.ar\/wp-content\/uploads\/insaurralde-768x431.jpg",640,359,true],"large":["https:\/\/infoecos.com.ar\/wp-content\/uploads\/insaurralde-920x516.jpg",640,359,true],"1536x1536":["https:\/\/infoecos.com.ar\/wp-content\/uploads\/insaurralde.jpg",1004,563,false],"2048x2048":["https:\/\/infoecos.com.ar\/wp-content\/uploads\/insaurralde.jpg",1004,563,false],"covernews-slider-full":["https:\/\/infoecos.com.ar\/wp-content\/uploads\/insaurralde.jpg",1004,563,false],"covernews-slider-center":["https:\/\/infoecos.com.ar\/wp-content\/uploads\/insaurralde-936x563.jpg",800,481,true],"covernews-featured":["https:\/\/infoecos.com.ar\/wp-content\/uploads\/insaurralde.jpg",1004,563,false],"covernews-medium":["https:\/\/infoecos.com.ar\/wp-content\/uploads\/insaurralde-720x380.jpg",540,285,true],"covernews-medium-square":["https:\/\/infoecos.com.ar\/wp-content\/uploads\/insaurralde-675x450.jpg",375,250,true]},"author_info":{"info":["Jorge Matheus"]},"category_info":"<a href=\"https:\/\/infoecos.com.ar\/index.php\/category\/empre-1\/\" rel=\"category tag\">Empre 1<\/a>","tag_info":"Empre 1","comment_count":"0","_links":{"self":[{"href":"https:\/\/infoecos.com.ar\/index.php\/wp-json\/wp\/v2\/posts\/63710"}],"collection":[{"href":"https:\/\/infoecos.com.ar\/index.php\/wp-json\/wp\/v2\/posts"}],"about":[{"href":"https:\/\/infoecos.com.ar\/index.php\/wp-json\/wp\/v2\/types\/post"}],"author":[{"embeddable":true,"href":"https:\/\/infoecos.com.ar\/index.php\/wp-json\/wp\/v2\/users\/2"}],"replies":[{"embeddable":true,"href":"https:\/\/infoecos.com.ar\/index.php\/wp-json\/wp\/v2\/comments?post=63710"}],"version-history":[{"count":2,"href":"https:\/\/infoecos.com.ar\/index.php\/wp-json\/wp\/v2\/posts\/63710\/revisions"}],"predecessor-version":[{"id":63760,"href":"https:\/\/infoecos.com.ar\/index.php\/wp-json\/wp\/v2\/posts\/63710\/revisions\/63760"}],"wp:featuredmedia":[{"embeddable":true,"href":"https:\/\/infoecos.com.ar\/index.php\/wp-json\/wp\/v2\/media\/63525"}],"wp:attachment":[{"href":"https:\/\/infoecos.com.ar\/index.php\/wp-json\/wp\/v2\/media?parent=63710"}],"wp:term":[{"taxonomy":"category","embeddable":true,"href":"https:\/\/infoecos.com.ar\/index.php\/wp-json\/wp\/v2\/categories?post=63710"},{"taxonomy":"post_tag","embeddable":true,"href":"https:\/\/infoecos.com.ar\/index.php\/wp-json\/wp\/v2\/tags?post=63710"}],"curies":[{"name":"wp","href":"https:\/\/api.w.org\/{rel}","templated":true}]}}