{"id":63955,"date":"2020-06-25T00:11:19","date_gmt":"2020-06-25T03:11:19","guid":{"rendered":"http:\/\/infoecos.com.ar\/?p=63955"},"modified":"2020-06-26T00:32:40","modified_gmt":"2020-06-26T03:32:40","slug":"decision-de-la-suprema-corte-de-buenos-aires-el-miercoles-proximo-se-restablecera-la-actividad-en-el-departamento-judicial-trenque-lauquen","status":"publish","type":"post","link":"https:\/\/infoecos.com.ar\/index.php\/decision-de-la-suprema-corte-de-buenos-aires-el-miercoles-proximo-se-restablecera-la-actividad-en-el-departamento-judicial-trenque-lauquen\/","title":{"rendered":"Decisi\u00f3n de la Suprema Corte de Buenos Aires: el mi\u00e9rcoles pr\u00f3ximo se restablecer\u00e1 la actividad en el Departamento Judicial Trenque Lauquen"},"content":{"rendered":"\n<p>Los \u00f3rganos judiciales y las dependencias administrativas de las cabeceras departamentales de Trenque Lauquen y de Pergamino restablecer\u00e1n el servicio de justicia a partir del pr\u00f3ximo mi\u00e9rcoles, 1\u00ba de julio, seg\u00fan la Resoluci\u00f3n n\u00ba 655\/20 de la Suprema Corte de Justicia de la Provincia de Buenos Aires, se inform\u00f3 anoche a trav\u00e9s de un comunicado de prensa.<\/p>\n\n\n\n<div class=\"wp-block-image\"><figure class=\"aligncenter size-medium\"><img loading=\"lazy\" decoding=\"async\" width=\"460\" height=\"301\" src=\"http:\/\/infoecos.com.ar\/wp-content\/uploads\/justicia-1-460x301.jpg\" alt=\"\" class=\"wp-image-60915\" srcset=\"https:\/\/infoecos.com.ar\/wp-content\/uploads\/justicia-1-460x301.jpg 460w, https:\/\/infoecos.com.ar\/wp-content\/uploads\/justicia-1.jpg 612w\" sizes=\"(max-width: 460px) 100vw, 460px\" \/><figcaption>S\u00edmbolo de Justicia<\/figcaption><\/figure><\/div>\n\n\n\n<p>El Colegio de Abogados del Departamento Judicial Trenque Lauquen (CADJTL) y los otros 19 colegios departamentales vienen realizando mediante el Colegio de Abogados de la Provincia de Buenos Aires (ColProBA) intensas gestiones en los distintos niveles y reclamando el restablecimiento del servicio de justicia desde el 16 de marzo pasado, sin apartarse del cumplimiento de los protocolos sanitarios necesarios por la pandemia de Covid-19 y sin poner en riesgo la salud de funcionarios, trabajadores judiciales, abogados y p\u00fablico en general.<\/p>\n\n\n\n<p>La SCBA fundamenta que habilita el restablecimiento del servicio de justicia en las cabeceras departamentales Trenque Lauquen y Pergamino, por:&nbsp;<\/p>\n\n\n\n<p><strong>a)<\/strong>&nbsp;Hallarse dentro de uno de los Partidos alcanzados por el distanciamiento social, preventivo y obligatorio, y cumplir los requisitos fijados en funci\u00f3n de los par\u00e1metros epidemiol\u00f3gicos y sanitarios.<\/p>\n\n\n\n<p><strong>b)<\/strong>&nbsp;Contar con protocolo aprobado para el ejercicio de la abogac\u00eda en el Municipio o a nivel provincial.<\/p>\n\n\n\n<p><strong>c)<\/strong>&nbsp;Ajustarse a las decisiones sanitarias establecidas por las autoridades nacionales y provinciales competentes en la materia.<\/p>\n\n\n\n<p><strong>d)<\/strong>&nbsp;Observar las reglas de funcionamiento operativas que se establezcan en torno a c\u00f3mo administrar la labor jurisdiccional, en consonancia con las recomendaciones en materia de seguridad e higiene.<\/p>\n\n\n\n<p><strong>e)<\/strong>&nbsp;Cumplir con las directrices fijadas en el Protocolo general de Actuaci\u00f3n para la prevenci\u00f3n y seguimiento del COVID 19 en el \u00e1mbito de la Jurisdicci\u00f3n Administraci\u00f3n de Justicia aprobado por&nbsp;<a rel=\"noreferrer noopener\" href=\"http:\/\/www.scba.gov.ar\/includes\/descarga.asp?id=45702&amp;n=Res%205-20%20SPL.pdf\" target=\"_blank\">Resoluci\u00f3n SPL n\u00ba 5\/20<\/a>.<\/p>\n\n\n\n<p><strong>f)<\/strong>&nbsp;Respetar las observaciones y ajustes que se propongan desde las autoridades competentes, en raz\u00f3n del monitoreo y fiscalizaciones que se realicen.<br><br><\/p>\n","protected":false},"excerpt":{"rendered":"<p>Los \u00f3rganos judiciales y las dependencias administrativas de las cabeceras departamentales de Trenque Lauquen y&#8230;<\/p>\n","protected":false},"author":2,"featured_media":47292,"comment_status":"closed","ping_status":"open","sticky":false,"template":"","format":"standard","meta":{"footnotes":""},"categories":[1325],"tags":[322],"class_list":["post-63955","post","type-post","status-publish","format-standard","has-post-thumbnail","hentry","category-c1nota6","tag-justicia"],"yoast_head":"<!-- This site is optimized with the Yoast SEO plugin v23.4 - https:\/\/yoast.com\/wordpress\/plugins\/seo\/ -->\n<title>Decisi\u00f3n de la Suprema Corte de Buenos Aires: el mi\u00e9rcoles pr\u00f3ximo se restablecer\u00e1 la actividad en el Departamento Judicial Trenque Lauquen - Infoecos<\/title>\n<meta name=\"robots\" content=\"index, follow, max-snippet:-1, max-image-preview:large, max-video-preview:-1\" \/>\n<link rel=\"canonical\" href=\"https:\/\/infoecos.com.ar\/index.php\/decision-de-la-suprema-corte-de-buenos-aires-el-miercoles-proximo-se-restablecera-la-actividad-en-el-departamento-judicial-trenque-lauquen\/\" \/>\n<meta property=\"og:locale\" content=\"es_ES\" \/>\n<meta property=\"og:type\" content=\"article\" \/>\n<meta property=\"og:title\" content=\"Decisi\u00f3n de la Suprema Corte de Buenos Aires: el mi\u00e9rcoles pr\u00f3ximo se restablecer\u00e1 la actividad en el Departamento Judicial Trenque Lauquen - Infoecos\" \/>\n<meta property=\"og:description\" content=\"Los \u00f3rganos judiciales y las dependencias administrativas de las cabeceras departamentales de Trenque Lauquen y...\" \/>\n<meta property=\"og:url\" content=\"https:\/\/infoecos.com.ar\/index.php\/decision-de-la-suprema-corte-de-buenos-aires-el-miercoles-proximo-se-restablecera-la-actividad-en-el-departamento-judicial-trenque-lauquen\/\" \/>\n<meta property=\"og:site_name\" content=\"Infoecos\" \/>\n<meta property=\"article:publisher\" content=\"https:\/\/www.facebook.com\/profile.php?id=100063200290284\" \/>\n<meta property=\"article:published_time\" content=\"2020-06-25T03:11:19+00:00\" \/>\n<meta property=\"article:modified_time\" content=\"2020-06-26T03:32:40+00:00\" \/>\n<meta property=\"og:image\" content=\"https:\/\/infoecos.com.ar\/wp-content\/uploads\/tribunales1-1.jpg\" \/>\n\t<meta property=\"og:image:width\" content=\"1137\" \/>\n\t<meta property=\"og:image:height\" content=\"826\" \/>\n\t<meta property=\"og:image:type\" content=\"image\/jpeg\" \/>\n<meta name=\"author\" content=\"Jorge Matheus\" \/>\n<meta name=\"twitter:card\" content=\"summary_large_image\" \/>\n<meta name=\"twitter:creator\" content=\"@infoecos\" \/>\n<meta name=\"twitter:site\" content=\"@infoecos\" \/>\n<meta name=\"twitter:label1\" content=\"Escrito por\" \/>\n\t<meta name=\"twitter:data1\" content=\"Jorge Matheus\" \/>\n\t<meta name=\"twitter:label2\" content=\"Tiempo de lectura\" \/>\n\t<meta name=\"twitter:data2\" content=\"2 minutos\" \/>\n<script type=\"application\/ld+json\" class=\"yoast-schema-graph\">{\"@context\":\"https:\/\/schema.org\",\"@graph\":[{\"@type\":\"Article\",\"@id\":\"https:\/\/infoecos.com.ar\/index.php\/decision-de-la-suprema-corte-de-buenos-aires-el-miercoles-proximo-se-restablecera-la-actividad-en-el-departamento-judicial-trenque-lauquen\/#article\",\"isPartOf\":{\"@id\":\"https:\/\/infoecos.com.ar\/index.php\/decision-de-la-suprema-corte-de-buenos-aires-el-miercoles-proximo-se-restablecera-la-actividad-en-el-departamento-judicial-trenque-lauquen\/\"},\"author\":{\"name\":\"Jorge Matheus\",\"@id\":\"https:\/\/infoecos.com.ar\/#\/schema\/person\/8f5ace5ce73b4b4aac4b7245aee6f191\"},\"headline\":\"Decisi\u00f3n de la Suprema Corte de Buenos Aires: el mi\u00e9rcoles pr\u00f3ximo se restablecer\u00e1 la actividad en el Departamento Judicial Trenque Lauquen\",\"datePublished\":\"2020-06-25T03:11:19+00:00\",\"dateModified\":\"2020-06-26T03:32:40+00:00\",\"mainEntityOfPage\":{\"@id\":\"https:\/\/infoecos.com.ar\/index.php\/decision-de-la-suprema-corte-de-buenos-aires-el-miercoles-proximo-se-restablecera-la-actividad-en-el-departamento-judicial-trenque-lauquen\/\"},\"wordCount\":355,\"publisher\":{\"@id\":\"https:\/\/infoecos.com.ar\/#organization\"},\"image\":{\"@id\":\"https:\/\/infoecos.com.ar\/index.php\/decision-de-la-suprema-corte-de-buenos-aires-el-miercoles-proximo-se-restablecera-la-actividad-en-el-departamento-judicial-trenque-lauquen\/#primaryimage\"},\"thumbnailUrl\":\"\",\"keywords\":[\"JUSTICIA\"],\"articleSection\":[\"C1 nota 6\"],\"inLanguage\":\"es\"},{\"@type\":\"WebPage\",\"@id\":\"https:\/\/infoecos.com.ar\/index.php\/decision-de-la-suprema-corte-de-buenos-aires-el-miercoles-proximo-se-restablecera-la-actividad-en-el-departamento-judicial-trenque-lauquen\/\",\"url\":\"https:\/\/infoecos.com.ar\/index.php\/decision-de-la-suprema-corte-de-buenos-aires-el-miercoles-proximo-se-restablecera-la-actividad-en-el-departamento-judicial-trenque-lauquen\/\",\"name\":\"Decisi\u00f3n de la Suprema Corte de Buenos Aires: el mi\u00e9rcoles pr\u00f3ximo se restablecer\u00e1 la actividad en el Departamento Judicial Trenque Lauquen - Infoecos\",\"isPartOf\":{\"@id\":\"https:\/\/infoecos.com.ar\/#website\"},\"primaryImageOfPage\":{\"@id\":\"https:\/\/infoecos.com.ar\/index.php\/decision-de-la-suprema-corte-de-buenos-aires-el-miercoles-proximo-se-restablecera-la-actividad-en-el-departamento-judicial-trenque-lauquen\/#primaryimage\"},\"image\":{\"@id\":\"https:\/\/infoecos.com.ar\/index.php\/decision-de-la-suprema-corte-de-buenos-aires-el-miercoles-proximo-se-restablecera-la-actividad-en-el-departamento-judicial-trenque-lauquen\/#primaryimage\"},\"thumbnailUrl\":\"\",\"datePublished\":\"2020-06-25T03:11:19+00:00\",\"dateModified\":\"2020-06-26T03:32:40+00:00\",\"breadcrumb\":{\"@id\":\"https:\/\/infoecos.com.ar\/index.php\/decision-de-la-suprema-corte-de-buenos-aires-el-miercoles-proximo-se-restablecera-la-actividad-en-el-departamento-judicial-trenque-lauquen\/#breadcrumb\"},\"inLanguage\":\"es\",\"potentialAction\":[{\"@type\":\"ReadAction\",\"target\":[\"https:\/\/infoecos.com.ar\/index.php\/decision-de-la-suprema-corte-de-buenos-aires-el-miercoles-proximo-se-restablecera-la-actividad-en-el-departamento-judicial-trenque-lauquen\/\"]}]},{\"@type\":\"ImageObject\",\"inLanguage\":\"es\",\"@id\":\"https:\/\/infoecos.com.ar\/index.php\/decision-de-la-suprema-corte-de-buenos-aires-el-miercoles-proximo-se-restablecera-la-actividad-en-el-departamento-judicial-trenque-lauquen\/#primaryimage\",\"url\":\"\",\"contentUrl\":\"\"},{\"@type\":\"BreadcrumbList\",\"@id\":\"https:\/\/infoecos.com.ar\/index.php\/decision-de-la-suprema-corte-de-buenos-aires-el-miercoles-proximo-se-restablecera-la-actividad-en-el-departamento-judicial-trenque-lauquen\/#breadcrumb\",\"itemListElement\":[{\"@type\":\"ListItem\",\"position\":1,\"name\":\"Portada\",\"item\":\"https:\/\/infoecos.com.ar\/\"},{\"@type\":\"ListItem\",\"position\":2,\"name\":\"Decisi\u00f3n de la Suprema Corte de Buenos Aires: el mi\u00e9rcoles pr\u00f3ximo se restablecer\u00e1 la actividad en el Departamento Judicial Trenque Lauquen\"}]},{\"@type\":\"WebSite\",\"@id\":\"https:\/\/infoecos.com.ar\/#website\",\"url\":\"https:\/\/infoecos.com.ar\/\",\"name\":\"Infoecos\",\"description\":\"Noticias de trenque lauquen y la zona\",\"publisher\":{\"@id\":\"https:\/\/infoecos.com.ar\/#organization\"},\"alternateName\":\"Noticias\",\"potentialAction\":[{\"@type\":\"SearchAction\",\"target\":{\"@type\":\"EntryPoint\",\"urlTemplate\":\"https:\/\/infoecos.com.ar\/?s={search_term_string}\"},\"query-input\":{\"@type\":\"PropertyValueSpecification\",\"valueRequired\":true,\"valueName\":\"search_term_string\"}}],\"inLanguage\":\"es\"},{\"@type\":\"Organization\",\"@id\":\"https:\/\/infoecos.com.ar\/#organization\",\"name\":\"Infoecos\",\"alternateName\":\"Noticias\",\"url\":\"https:\/\/infoecos.com.ar\/\",\"logo\":{\"@type\":\"ImageObject\",\"inLanguage\":\"es\",\"@id\":\"https:\/\/infoecos.com.ar\/#\/schema\/logo\/image\/\",\"url\":\"https:\/\/infoecos.com.ar\/wp-content\/uploads\/2024\/03\/cropped-logo.png\",\"contentUrl\":\"https:\/\/infoecos.com.ar\/wp-content\/uploads\/2024\/03\/cropped-logo.png\",\"width\":374,\"height\":90,\"caption\":\"Infoecos\"},\"image\":{\"@id\":\"https:\/\/infoecos.com.ar\/#\/schema\/logo\/image\/\"},\"sameAs\":[\"https:\/\/www.facebook.com\/profile.php?id=100063200290284\",\"https:\/\/x.com\/infoecos\"]},{\"@type\":\"Person\",\"@id\":\"https:\/\/infoecos.com.ar\/#\/schema\/person\/8f5ace5ce73b4b4aac4b7245aee6f191\",\"name\":\"Jorge Matheus\",\"url\":\"https:\/\/infoecos.com.ar\/index.php\/author\/jomatheus\/\"}]}<\/script>\n<!-- \/ Yoast SEO plugin. -->","yoast_head_json":{"title":"Decisi\u00f3n de la Suprema Corte de Buenos Aires: el mi\u00e9rcoles pr\u00f3ximo se restablecer\u00e1 la actividad en el Departamento Judicial Trenque Lauquen - Infoecos","robots":{"index":"index","follow":"follow","max-snippet":"max-snippet:-1","max-image-preview":"max-image-preview:large","max-video-preview":"max-video-preview:-1"},"canonical":"https:\/\/infoecos.com.ar\/index.php\/decision-de-la-suprema-corte-de-buenos-aires-el-miercoles-proximo-se-restablecera-la-actividad-en-el-departamento-judicial-trenque-lauquen\/","og_locale":"es_ES","og_type":"article","og_title":"Decisi\u00f3n de la Suprema Corte de Buenos Aires: el mi\u00e9rcoles pr\u00f3ximo se restablecer\u00e1 la actividad en el Departamento Judicial Trenque Lauquen - Infoecos","og_description":"Los \u00f3rganos judiciales y las dependencias administrativas de las cabeceras departamentales de Trenque Lauquen y...","og_url":"https:\/\/infoecos.com.ar\/index.php\/decision-de-la-suprema-corte-de-buenos-aires-el-miercoles-proximo-se-restablecera-la-actividad-en-el-departamento-judicial-trenque-lauquen\/","og_site_name":"Infoecos","article_publisher":"https:\/\/www.facebook.com\/profile.php?id=100063200290284","article_published_time":"2020-06-25T03:11:19+00:00","article_modified_time":"2020-06-26T03:32:40+00:00","og_image":[{"width":1137,"height":826,"url":"https:\/\/infoecos.com.ar\/wp-content\/uploads\/tribunales1-1.jpg","type":"image\/jpeg"}],"author":"Jorge Matheus","twitter_card":"summary_large_image","twitter_creator":"@infoecos","twitter_site":"@infoecos","twitter_misc":{"Escrito por":"Jorge Matheus","Tiempo de lectura":"2 minutos"},"schema":{"@context":"https:\/\/schema.org","@graph":[{"@type":"Article","@id":"https:\/\/infoecos.com.ar\/index.php\/decision-de-la-suprema-corte-de-buenos-aires-el-miercoles-proximo-se-restablecera-la-actividad-en-el-departamento-judicial-trenque-lauquen\/#article","isPartOf":{"@id":"https:\/\/infoecos.com.ar\/index.php\/decision-de-la-suprema-corte-de-buenos-aires-el-miercoles-proximo-se-restablecera-la-actividad-en-el-departamento-judicial-trenque-lauquen\/"},"author":{"name":"Jorge Matheus","@id":"https:\/\/infoecos.com.ar\/#\/schema\/person\/8f5ace5ce73b4b4aac4b7245aee6f191"},"headline":"Decisi\u00f3n de la Suprema Corte de Buenos Aires: el mi\u00e9rcoles pr\u00f3ximo se restablecer\u00e1 la actividad en el Departamento Judicial Trenque Lauquen","datePublished":"2020-06-25T03:11:19+00:00","dateModified":"2020-06-26T03:32:40+00:00","mainEntityOfPage":{"@id":"https:\/\/infoecos.com.ar\/index.php\/decision-de-la-suprema-corte-de-buenos-aires-el-miercoles-proximo-se-restablecera-la-actividad-en-el-departamento-judicial-trenque-lauquen\/"},"wordCount":355,"publisher":{"@id":"https:\/\/infoecos.com.ar\/#organization"},"image":{"@id":"https:\/\/infoecos.com.ar\/index.php\/decision-de-la-suprema-corte-de-buenos-aires-el-miercoles-proximo-se-restablecera-la-actividad-en-el-departamento-judicial-trenque-lauquen\/#primaryimage"},"thumbnailUrl":"","keywords":["JUSTICIA"],"articleSection":["C1 nota 6"],"inLanguage":"es"},{"@type":"WebPage","@id":"https:\/\/infoecos.com.ar\/index.php\/decision-de-la-suprema-corte-de-buenos-aires-el-miercoles-proximo-se-restablecera-la-actividad-en-el-departamento-judicial-trenque-lauquen\/","url":"https:\/\/infoecos.com.ar\/index.php\/decision-de-la-suprema-corte-de-buenos-aires-el-miercoles-proximo-se-restablecera-la-actividad-en-el-departamento-judicial-trenque-lauquen\/","name":"Decisi\u00f3n de la Suprema Corte de Buenos Aires: el mi\u00e9rcoles pr\u00f3ximo se restablecer\u00e1 la actividad en el Departamento Judicial Trenque Lauquen - Infoecos","isPartOf":{"@id":"https:\/\/infoecos.com.ar\/#website"},"primaryImageOfPage":{"@id":"https:\/\/infoecos.com.ar\/index.php\/decision-de-la-suprema-corte-de-buenos-aires-el-miercoles-proximo-se-restablecera-la-actividad-en-el-departamento-judicial-trenque-lauquen\/#primaryimage"},"image":{"@id":"https:\/\/infoecos.com.ar\/index.php\/decision-de-la-suprema-corte-de-buenos-aires-el-miercoles-proximo-se-restablecera-la-actividad-en-el-departamento-judicial-trenque-lauquen\/#primaryimage"},"thumbnailUrl":"","datePublished":"2020-06-25T03:11:19+00:00","dateModified":"2020-06-26T03:32:40+00:00","breadcrumb":{"@id":"https:\/\/infoecos.com.ar\/index.php\/decision-de-la-suprema-corte-de-buenos-aires-el-miercoles-proximo-se-restablecera-la-actividad-en-el-departamento-judicial-trenque-lauquen\/#breadcrumb"},"inLanguage":"es","potentialAction":[{"@type":"ReadAction","target":["https:\/\/infoecos.com.ar\/index.php\/decision-de-la-suprema-corte-de-buenos-aires-el-miercoles-proximo-se-restablecera-la-actividad-en-el-departamento-judicial-trenque-lauquen\/"]}]},{"@type":"ImageObject","inLanguage":"es","@id":"https:\/\/infoecos.com.ar\/index.php\/decision-de-la-suprema-corte-de-buenos-aires-el-miercoles-proximo-se-restablecera-la-actividad-en-el-departamento-judicial-trenque-lauquen\/#primaryimage","url":"","contentUrl":""},{"@type":"BreadcrumbList","@id":"https:\/\/infoecos.com.ar\/index.php\/decision-de-la-suprema-corte-de-buenos-aires-el-miercoles-proximo-se-restablecera-la-actividad-en-el-departamento-judicial-trenque-lauquen\/#breadcrumb","itemListElement":[{"@type":"ListItem","position":1,"name":"Portada","item":"https:\/\/infoecos.com.ar\/"},{"@type":"ListItem","position":2,"name":"Decisi\u00f3n de la Suprema Corte de Buenos Aires: el mi\u00e9rcoles pr\u00f3ximo se restablecer\u00e1 la actividad en el Departamento Judicial Trenque Lauquen"}]},{"@type":"WebSite","@id":"https:\/\/infoecos.com.ar\/#website","url":"https:\/\/infoecos.com.ar\/","name":"Infoecos","description":"Noticias de trenque lauquen y la zona","publisher":{"@id":"https:\/\/infoecos.com.ar\/#organization"},"alternateName":"Noticias","potentialAction":[{"@type":"SearchAction","target":{"@type":"EntryPoint","urlTemplate":"https:\/\/infoecos.com.ar\/?s={search_term_string}"},"query-input":{"@type":"PropertyValueSpecification","valueRequired":true,"valueName":"search_term_string"}}],"inLanguage":"es"},{"@type":"Organization","@id":"https:\/\/infoecos.com.ar\/#organization","name":"Infoecos","alternateName":"Noticias","url":"https:\/\/infoecos.com.ar\/","logo":{"@type":"ImageObject","inLanguage":"es","@id":"https:\/\/infoecos.com.ar\/#\/schema\/logo\/image\/","url":"https:\/\/infoecos.com.ar\/wp-content\/uploads\/2024\/03\/cropped-logo.png","contentUrl":"https:\/\/infoecos.com.ar\/wp-content\/uploads\/2024\/03\/cropped-logo.png","width":374,"height":90,"caption":"Infoecos"},"image":{"@id":"https:\/\/infoecos.com.ar\/#\/schema\/logo\/image\/"},"sameAs":["https:\/\/www.facebook.com\/profile.php?id=100063200290284","https:\/\/x.com\/infoecos"]},{"@type":"Person","@id":"https:\/\/infoecos.com.ar\/#\/schema\/person\/8f5ace5ce73b4b4aac4b7245aee6f191","name":"Jorge Matheus","url":"https:\/\/infoecos.com.ar\/index.php\/author\/jomatheus\/"}]}},"featured_image_urls":{"full":"","thumbnail":"","medium":"","medium_large":"","large":"","1536x1536":"","2048x2048":"","covernews-slider-full":"","covernews-slider-center":"","covernews-featured":"","covernews-medium":"","covernews-medium-square":""},"author_info":{"info":["Jorge Matheus"]},"category_info":"<a href=\"https:\/\/infoecos.com.ar\/index.php\/category\/c1nota6\/\" rel=\"category tag\">C1 nota 6<\/a>","tag_info":"C1 nota 6","comment_count":"0","_links":{"self":[{"href":"https:\/\/infoecos.com.ar\/index.php\/wp-json\/wp\/v2\/posts\/63955"}],"collection":[{"href":"https:\/\/infoecos.com.ar\/index.php\/wp-json\/wp\/v2\/posts"}],"about":[{"href":"https:\/\/infoecos.com.ar\/index.php\/wp-json\/wp\/v2\/types\/post"}],"author":[{"embeddable":true,"href":"https:\/\/infoecos.com.ar\/index.php\/wp-json\/wp\/v2\/users\/2"}],"replies":[{"embeddable":true,"href":"https:\/\/infoecos.com.ar\/index.php\/wp-json\/wp\/v2\/comments?post=63955"}],"version-history":[{"count":2,"href":"https:\/\/infoecos.com.ar\/index.php\/wp-json\/wp\/v2\/posts\/63955\/revisions"}],"predecessor-version":[{"id":64023,"href":"https:\/\/infoecos.com.ar\/index.php\/wp-json\/wp\/v2\/posts\/63955\/revisions\/64023"}],"wp:featuredmedia":[{"embeddable":true,"href":"https:\/\/infoecos.com.ar\/index.php\/wp-json\/"}],"wp:attachment":[{"href":"https:\/\/infoecos.com.ar\/index.php\/wp-json\/wp\/v2\/media?parent=63955"}],"wp:term":[{"taxonomy":"category","embeddable":true,"href":"https:\/\/infoecos.com.ar\/index.php\/wp-json\/wp\/v2\/categories?post=63955"},{"taxonomy":"post_tag","embeddable":true,"href":"https:\/\/infoecos.com.ar\/index.php\/wp-json\/wp\/v2\/tags?post=63955"}],"curies":[{"name":"wp","href":"https:\/\/api.w.org\/{rel}","templated":true}]}}