{"id":64004,"date":"2020-06-25T23:43:55","date_gmt":"2020-06-26T02:43:55","guid":{"rendered":"http:\/\/infoecos.com.ar\/?p=64004"},"modified":"2020-06-25T23:54:15","modified_gmt":"2020-06-26T02:54:15","slug":"coronavirus-en-olavarria-fueron-dados-de-alto-20-personas-y-se-registraron-2-nuevos-casos","status":"publish","type":"post","link":"https:\/\/infoecos.com.ar\/index.php\/coronavirus-en-olavarria-fueron-dados-de-alto-20-personas-y-se-registraron-2-nuevos-casos\/","title":{"rendered":"Coronavirus: en Olavarr\u00eda fueron dadas de alta 20 personas y se registraron 2 nuevos casos"},"content":{"rendered":"\n<p>El Municipio de Olavarr\u00eda emiti\u00f3 su parte diario por la Emergencia Sanitaria y confirm\u00f3 que 20&nbsp;pacientes fueron dados de alta y considerados como \u201ccurados\u201d por COVID-19. Tambi\u00e9n, confirmaron 2 nuevos casos&nbsp;que tienen seguimiento del personal de salud.<\/p>\n\n\n\n<div class=\"wp-block-image\"><figure class=\"aligncenter size-medium\"><img loading=\"lazy\" decoding=\"async\" width=\"460\" height=\"307\" src=\"http:\/\/infoecos.com.ar\/wp-content\/uploads\/olavarriahospital-460x307.jpg\" alt=\"\" class=\"wp-image-63585\" srcset=\"https:\/\/infoecos.com.ar\/wp-content\/uploads\/olavarriahospital-460x307.jpg 460w, https:\/\/infoecos.com.ar\/wp-content\/uploads\/olavarriahospital-920x613.jpg 920w, https:\/\/infoecos.com.ar\/wp-content\/uploads\/olavarriahospital-768x512.jpg 768w, https:\/\/infoecos.com.ar\/wp-content\/uploads\/olavarriahospital-1536x1024.jpg 1536w, https:\/\/infoecos.com.ar\/wp-content\/uploads\/olavarriahospital-1024x683.jpg 1024w, https:\/\/infoecos.com.ar\/wp-content\/uploads\/olavarriahospital-675x450.jpg 675w, https:\/\/infoecos.com.ar\/wp-content\/uploads\/olavarriahospital.jpg 1968w\" sizes=\"(max-width: 460px) 100vw, 460px\" \/><\/figure><\/div>\n\n\n\n<p>Restan confirmar, a\u00fan, los resultados de 34 casos sospechosos<strong>,<\/strong>&nbsp;mientras que en las \u00faltimas 24 horas se descartaron 35&nbsp;hisopados realizados. Desde el inicio de la pandemia, hubo 826&nbsp;hisopados negativos.<\/p>\n\n\n\n<p>Hasta ayer segu\u00edan internadas cuatro personas : tres en la sala de cuidados generales (sala COVID), y una persona internada en terapia intensiva en grave estado.<\/p>\n","protected":false},"excerpt":{"rendered":"<p>El Municipio de Olavarr\u00eda emiti\u00f3 su parte diario por la Emergencia Sanitaria y confirm\u00f3 que&#8230;<\/p>\n","protected":false},"author":2,"featured_media":63585,"comment_status":"closed","ping_status":"open","sticky":false,"template":"","format":"standard","meta":{"footnotes":""},"categories":[24],"tags":[84],"class_list":["post-64004","post","type-post","status-publish","format-standard","has-post-thumbnail","hentry","category-c1nota3","tag-olavarria"],"yoast_head":"<!-- This site is optimized with the Yoast SEO plugin v23.4 - https:\/\/yoast.com\/wordpress\/plugins\/seo\/ -->\n<title>Coronavirus: en Olavarr\u00eda fueron dadas de alta 20 personas y se registraron 2 nuevos casos - Infoecos<\/title>\n<meta name=\"robots\" content=\"index, follow, max-snippet:-1, max-image-preview:large, max-video-preview:-1\" \/>\n<link rel=\"canonical\" href=\"https:\/\/infoecos.com.ar\/index.php\/coronavirus-en-olavarria-fueron-dados-de-alto-20-personas-y-se-registraron-2-nuevos-casos\/\" \/>\n<meta property=\"og:locale\" content=\"es_ES\" \/>\n<meta property=\"og:type\" content=\"article\" \/>\n<meta property=\"og:title\" content=\"Coronavirus: en Olavarr\u00eda fueron dadas de alta 20 personas y se registraron 2 nuevos casos - Infoecos\" \/>\n<meta property=\"og:description\" content=\"El Municipio de Olavarr\u00eda emiti\u00f3 su parte diario por la Emergencia Sanitaria y confirm\u00f3 que...\" \/>\n<meta property=\"og:url\" content=\"https:\/\/infoecos.com.ar\/index.php\/coronavirus-en-olavarria-fueron-dados-de-alto-20-personas-y-se-registraron-2-nuevos-casos\/\" \/>\n<meta property=\"og:site_name\" content=\"Infoecos\" \/>\n<meta property=\"article:publisher\" content=\"https:\/\/www.facebook.com\/profile.php?id=100063200290284\" \/>\n<meta property=\"article:published_time\" content=\"2020-06-26T02:43:55+00:00\" \/>\n<meta property=\"article:modified_time\" content=\"2020-06-26T02:54:15+00:00\" \/>\n<meta property=\"og:image\" content=\"https:\/\/infoecos.com.ar\/wp-content\/uploads\/olavarriahospital.jpg\" \/>\n\t<meta property=\"og:image:width\" content=\"1968\" \/>\n\t<meta property=\"og:image:height\" content=\"1312\" \/>\n\t<meta property=\"og:image:type\" content=\"image\/jpeg\" \/>\n<meta name=\"author\" content=\"Jorge Matheus\" \/>\n<meta name=\"twitter:card\" content=\"summary_large_image\" \/>\n<meta name=\"twitter:creator\" content=\"@infoecos\" \/>\n<meta name=\"twitter:site\" content=\"@infoecos\" \/>\n<meta name=\"twitter:label1\" content=\"Escrito por\" \/>\n\t<meta name=\"twitter:data1\" content=\"Jorge Matheus\" \/>\n<script type=\"application\/ld+json\" class=\"yoast-schema-graph\">{\"@context\":\"https:\/\/schema.org\",\"@graph\":[{\"@type\":\"Article\",\"@id\":\"https:\/\/infoecos.com.ar\/index.php\/coronavirus-en-olavarria-fueron-dados-de-alto-20-personas-y-se-registraron-2-nuevos-casos\/#article\",\"isPartOf\":{\"@id\":\"https:\/\/infoecos.com.ar\/index.php\/coronavirus-en-olavarria-fueron-dados-de-alto-20-personas-y-se-registraron-2-nuevos-casos\/\"},\"author\":{\"name\":\"Jorge Matheus\",\"@id\":\"https:\/\/infoecos.com.ar\/#\/schema\/person\/8f5ace5ce73b4b4aac4b7245aee6f191\"},\"headline\":\"Coronavirus: en Olavarr\u00eda fueron dadas de alta 20 personas y se registraron 2 nuevos casos\",\"datePublished\":\"2020-06-26T02:43:55+00:00\",\"dateModified\":\"2020-06-26T02:54:15+00:00\",\"mainEntityOfPage\":{\"@id\":\"https:\/\/infoecos.com.ar\/index.php\/coronavirus-en-olavarria-fueron-dados-de-alto-20-personas-y-se-registraron-2-nuevos-casos\/\"},\"wordCount\":112,\"publisher\":{\"@id\":\"https:\/\/infoecos.com.ar\/#organization\"},\"image\":{\"@id\":\"https:\/\/infoecos.com.ar\/index.php\/coronavirus-en-olavarria-fueron-dados-de-alto-20-personas-y-se-registraron-2-nuevos-casos\/#primaryimage\"},\"thumbnailUrl\":\"https:\/\/infoecos.com.ar\/wp-content\/uploads\/olavarriahospital.jpg\",\"keywords\":[\"OLAVARR\u00cdA\"],\"articleSection\":[\"C1 N3\"],\"inLanguage\":\"es\"},{\"@type\":\"WebPage\",\"@id\":\"https:\/\/infoecos.com.ar\/index.php\/coronavirus-en-olavarria-fueron-dados-de-alto-20-personas-y-se-registraron-2-nuevos-casos\/\",\"url\":\"https:\/\/infoecos.com.ar\/index.php\/coronavirus-en-olavarria-fueron-dados-de-alto-20-personas-y-se-registraron-2-nuevos-casos\/\",\"name\":\"Coronavirus: en Olavarr\u00eda fueron dadas de alta 20 personas y se registraron 2 nuevos casos - Infoecos\",\"isPartOf\":{\"@id\":\"https:\/\/infoecos.com.ar\/#website\"},\"primaryImageOfPage\":{\"@id\":\"https:\/\/infoecos.com.ar\/index.php\/coronavirus-en-olavarria-fueron-dados-de-alto-20-personas-y-se-registraron-2-nuevos-casos\/#primaryimage\"},\"image\":{\"@id\":\"https:\/\/infoecos.com.ar\/index.php\/coronavirus-en-olavarria-fueron-dados-de-alto-20-personas-y-se-registraron-2-nuevos-casos\/#primaryimage\"},\"thumbnailUrl\":\"https:\/\/infoecos.com.ar\/wp-content\/uploads\/olavarriahospital.jpg\",\"datePublished\":\"2020-06-26T02:43:55+00:00\",\"dateModified\":\"2020-06-26T02:54:15+00:00\",\"breadcrumb\":{\"@id\":\"https:\/\/infoecos.com.ar\/index.php\/coronavirus-en-olavarria-fueron-dados-de-alto-20-personas-y-se-registraron-2-nuevos-casos\/#breadcrumb\"},\"inLanguage\":\"es\",\"potentialAction\":[{\"@type\":\"ReadAction\",\"target\":[\"https:\/\/infoecos.com.ar\/index.php\/coronavirus-en-olavarria-fueron-dados-de-alto-20-personas-y-se-registraron-2-nuevos-casos\/\"]}]},{\"@type\":\"ImageObject\",\"inLanguage\":\"es\",\"@id\":\"https:\/\/infoecos.com.ar\/index.php\/coronavirus-en-olavarria-fueron-dados-de-alto-20-personas-y-se-registraron-2-nuevos-casos\/#primaryimage\",\"url\":\"https:\/\/infoecos.com.ar\/wp-content\/uploads\/olavarriahospital.jpg\",\"contentUrl\":\"https:\/\/infoecos.com.ar\/wp-content\/uploads\/olavarriahospital.jpg\",\"width\":1968,\"height\":1312},{\"@type\":\"BreadcrumbList\",\"@id\":\"https:\/\/infoecos.com.ar\/index.php\/coronavirus-en-olavarria-fueron-dados-de-alto-20-personas-y-se-registraron-2-nuevos-casos\/#breadcrumb\",\"itemListElement\":[{\"@type\":\"ListItem\",\"position\":1,\"name\":\"Portada\",\"item\":\"https:\/\/infoecos.com.ar\/\"},{\"@type\":\"ListItem\",\"position\":2,\"name\":\"Coronavirus: en Olavarr\u00eda fueron dadas de alta 20 personas y se registraron 2 nuevos casos\"}]},{\"@type\":\"WebSite\",\"@id\":\"https:\/\/infoecos.com.ar\/#website\",\"url\":\"https:\/\/infoecos.com.ar\/\",\"name\":\"Infoecos\",\"description\":\"Noticias de trenque lauquen y la zona\",\"publisher\":{\"@id\":\"https:\/\/infoecos.com.ar\/#organization\"},\"alternateName\":\"Noticias\",\"potentialAction\":[{\"@type\":\"SearchAction\",\"target\":{\"@type\":\"EntryPoint\",\"urlTemplate\":\"https:\/\/infoecos.com.ar\/?s={search_term_string}\"},\"query-input\":{\"@type\":\"PropertyValueSpecification\",\"valueRequired\":true,\"valueName\":\"search_term_string\"}}],\"inLanguage\":\"es\"},{\"@type\":\"Organization\",\"@id\":\"https:\/\/infoecos.com.ar\/#organization\",\"name\":\"Infoecos\",\"alternateName\":\"Noticias\",\"url\":\"https:\/\/infoecos.com.ar\/\",\"logo\":{\"@type\":\"ImageObject\",\"inLanguage\":\"es\",\"@id\":\"https:\/\/infoecos.com.ar\/#\/schema\/logo\/image\/\",\"url\":\"https:\/\/infoecos.com.ar\/wp-content\/uploads\/2024\/03\/cropped-logo.png\",\"contentUrl\":\"https:\/\/infoecos.com.ar\/wp-content\/uploads\/2024\/03\/cropped-logo.png\",\"width\":374,\"height\":90,\"caption\":\"Infoecos\"},\"image\":{\"@id\":\"https:\/\/infoecos.com.ar\/#\/schema\/logo\/image\/\"},\"sameAs\":[\"https:\/\/www.facebook.com\/profile.php?id=100063200290284\",\"https:\/\/x.com\/infoecos\"]},{\"@type\":\"Person\",\"@id\":\"https:\/\/infoecos.com.ar\/#\/schema\/person\/8f5ace5ce73b4b4aac4b7245aee6f191\",\"name\":\"Jorge Matheus\",\"url\":\"https:\/\/infoecos.com.ar\/index.php\/author\/jomatheus\/\"}]}<\/script>\n<!-- \/ Yoast SEO plugin. -->","yoast_head_json":{"title":"Coronavirus: en Olavarr\u00eda fueron dadas de alta 20 personas y se registraron 2 nuevos casos - Infoecos","robots":{"index":"index","follow":"follow","max-snippet":"max-snippet:-1","max-image-preview":"max-image-preview:large","max-video-preview":"max-video-preview:-1"},"canonical":"https:\/\/infoecos.com.ar\/index.php\/coronavirus-en-olavarria-fueron-dados-de-alto-20-personas-y-se-registraron-2-nuevos-casos\/","og_locale":"es_ES","og_type":"article","og_title":"Coronavirus: en Olavarr\u00eda fueron dadas de alta 20 personas y se registraron 2 nuevos casos - Infoecos","og_description":"El Municipio de Olavarr\u00eda emiti\u00f3 su parte diario por la Emergencia Sanitaria y confirm\u00f3 que...","og_url":"https:\/\/infoecos.com.ar\/index.php\/coronavirus-en-olavarria-fueron-dados-de-alto-20-personas-y-se-registraron-2-nuevos-casos\/","og_site_name":"Infoecos","article_publisher":"https:\/\/www.facebook.com\/profile.php?id=100063200290284","article_published_time":"2020-06-26T02:43:55+00:00","article_modified_time":"2020-06-26T02:54:15+00:00","og_image":[{"width":1968,"height":1312,"url":"https:\/\/infoecos.com.ar\/wp-content\/uploads\/olavarriahospital.jpg","type":"image\/jpeg"}],"author":"Jorge Matheus","twitter_card":"summary_large_image","twitter_creator":"@infoecos","twitter_site":"@infoecos","twitter_misc":{"Escrito por":"Jorge Matheus"},"schema":{"@context":"https:\/\/schema.org","@graph":[{"@type":"Article","@id":"https:\/\/infoecos.com.ar\/index.php\/coronavirus-en-olavarria-fueron-dados-de-alto-20-personas-y-se-registraron-2-nuevos-casos\/#article","isPartOf":{"@id":"https:\/\/infoecos.com.ar\/index.php\/coronavirus-en-olavarria-fueron-dados-de-alto-20-personas-y-se-registraron-2-nuevos-casos\/"},"author":{"name":"Jorge Matheus","@id":"https:\/\/infoecos.com.ar\/#\/schema\/person\/8f5ace5ce73b4b4aac4b7245aee6f191"},"headline":"Coronavirus: en Olavarr\u00eda fueron dadas de alta 20 personas y se registraron 2 nuevos casos","datePublished":"2020-06-26T02:43:55+00:00","dateModified":"2020-06-26T02:54:15+00:00","mainEntityOfPage":{"@id":"https:\/\/infoecos.com.ar\/index.php\/coronavirus-en-olavarria-fueron-dados-de-alto-20-personas-y-se-registraron-2-nuevos-casos\/"},"wordCount":112,"publisher":{"@id":"https:\/\/infoecos.com.ar\/#organization"},"image":{"@id":"https:\/\/infoecos.com.ar\/index.php\/coronavirus-en-olavarria-fueron-dados-de-alto-20-personas-y-se-registraron-2-nuevos-casos\/#primaryimage"},"thumbnailUrl":"https:\/\/infoecos.com.ar\/wp-content\/uploads\/olavarriahospital.jpg","keywords":["OLAVARR\u00cdA"],"articleSection":["C1 N3"],"inLanguage":"es"},{"@type":"WebPage","@id":"https:\/\/infoecos.com.ar\/index.php\/coronavirus-en-olavarria-fueron-dados-de-alto-20-personas-y-se-registraron-2-nuevos-casos\/","url":"https:\/\/infoecos.com.ar\/index.php\/coronavirus-en-olavarria-fueron-dados-de-alto-20-personas-y-se-registraron-2-nuevos-casos\/","name":"Coronavirus: en Olavarr\u00eda fueron dadas de alta 20 personas y se registraron 2 nuevos casos - Infoecos","isPartOf":{"@id":"https:\/\/infoecos.com.ar\/#website"},"primaryImageOfPage":{"@id":"https:\/\/infoecos.com.ar\/index.php\/coronavirus-en-olavarria-fueron-dados-de-alto-20-personas-y-se-registraron-2-nuevos-casos\/#primaryimage"},"image":{"@id":"https:\/\/infoecos.com.ar\/index.php\/coronavirus-en-olavarria-fueron-dados-de-alto-20-personas-y-se-registraron-2-nuevos-casos\/#primaryimage"},"thumbnailUrl":"https:\/\/infoecos.com.ar\/wp-content\/uploads\/olavarriahospital.jpg","datePublished":"2020-06-26T02:43:55+00:00","dateModified":"2020-06-26T02:54:15+00:00","breadcrumb":{"@id":"https:\/\/infoecos.com.ar\/index.php\/coronavirus-en-olavarria-fueron-dados-de-alto-20-personas-y-se-registraron-2-nuevos-casos\/#breadcrumb"},"inLanguage":"es","potentialAction":[{"@type":"ReadAction","target":["https:\/\/infoecos.com.ar\/index.php\/coronavirus-en-olavarria-fueron-dados-de-alto-20-personas-y-se-registraron-2-nuevos-casos\/"]}]},{"@type":"ImageObject","inLanguage":"es","@id":"https:\/\/infoecos.com.ar\/index.php\/coronavirus-en-olavarria-fueron-dados-de-alto-20-personas-y-se-registraron-2-nuevos-casos\/#primaryimage","url":"https:\/\/infoecos.com.ar\/wp-content\/uploads\/olavarriahospital.jpg","contentUrl":"https:\/\/infoecos.com.ar\/wp-content\/uploads\/olavarriahospital.jpg","width":1968,"height":1312},{"@type":"BreadcrumbList","@id":"https:\/\/infoecos.com.ar\/index.php\/coronavirus-en-olavarria-fueron-dados-de-alto-20-personas-y-se-registraron-2-nuevos-casos\/#breadcrumb","itemListElement":[{"@type":"ListItem","position":1,"name":"Portada","item":"https:\/\/infoecos.com.ar\/"},{"@type":"ListItem","position":2,"name":"Coronavirus: en Olavarr\u00eda fueron dadas de alta 20 personas y se registraron 2 nuevos casos"}]},{"@type":"WebSite","@id":"https:\/\/infoecos.com.ar\/#website","url":"https:\/\/infoecos.com.ar\/","name":"Infoecos","description":"Noticias de trenque lauquen y la zona","publisher":{"@id":"https:\/\/infoecos.com.ar\/#organization"},"alternateName":"Noticias","potentialAction":[{"@type":"SearchAction","target":{"@type":"EntryPoint","urlTemplate":"https:\/\/infoecos.com.ar\/?s={search_term_string}"},"query-input":{"@type":"PropertyValueSpecification","valueRequired":true,"valueName":"search_term_string"}}],"inLanguage":"es"},{"@type":"Organization","@id":"https:\/\/infoecos.com.ar\/#organization","name":"Infoecos","alternateName":"Noticias","url":"https:\/\/infoecos.com.ar\/","logo":{"@type":"ImageObject","inLanguage":"es","@id":"https:\/\/infoecos.com.ar\/#\/schema\/logo\/image\/","url":"https:\/\/infoecos.com.ar\/wp-content\/uploads\/2024\/03\/cropped-logo.png","contentUrl":"https:\/\/infoecos.com.ar\/wp-content\/uploads\/2024\/03\/cropped-logo.png","width":374,"height":90,"caption":"Infoecos"},"image":{"@id":"https:\/\/infoecos.com.ar\/#\/schema\/logo\/image\/"},"sameAs":["https:\/\/www.facebook.com\/profile.php?id=100063200290284","https:\/\/x.com\/infoecos"]},{"@type":"Person","@id":"https:\/\/infoecos.com.ar\/#\/schema\/person\/8f5ace5ce73b4b4aac4b7245aee6f191","name":"Jorge Matheus","url":"https:\/\/infoecos.com.ar\/index.php\/author\/jomatheus\/"}]}},"featured_image_urls":{"full":["https:\/\/infoecos.com.ar\/wp-content\/uploads\/olavarriahospital.jpg",1968,1312,false],"thumbnail":["https:\/\/infoecos.com.ar\/wp-content\/uploads\/olavarriahospital-150x150.jpg",150,150,true],"medium":["https:\/\/infoecos.com.ar\/wp-content\/uploads\/olavarriahospital-460x307.jpg",460,307,true],"medium_large":["https:\/\/infoecos.com.ar\/wp-content\/uploads\/olavarriahospital-768x512.jpg",640,427,true],"large":["https:\/\/infoecos.com.ar\/wp-content\/uploads\/olavarriahospital-920x613.jpg",640,426,true],"1536x1536":["https:\/\/infoecos.com.ar\/wp-content\/uploads\/olavarriahospital-1536x1024.jpg",1536,1024,true],"2048x2048":["https:\/\/infoecos.com.ar\/wp-content\/uploads\/olavarriahospital.jpg",1968,1312,false],"covernews-slider-full":["https:\/\/infoecos.com.ar\/wp-content\/uploads\/olavarriahospital-1536x1020.jpg",1077,715,true],"covernews-slider-center":["https:\/\/infoecos.com.ar\/wp-content\/uploads\/olavarriahospital-936x897.jpg",522,500,true],"covernews-featured":["https:\/\/infoecos.com.ar\/wp-content\/uploads\/olavarriahospital-1024x683.jpg",1024,683,true],"covernews-medium":["https:\/\/infoecos.com.ar\/wp-content\/uploads\/olavarriahospital-720x380.jpg",540,285,true],"covernews-medium-square":["https:\/\/infoecos.com.ar\/wp-content\/uploads\/olavarriahospital-675x450.jpg",375,250,true]},"author_info":{"info":["Jorge Matheus"]},"category_info":"<a href=\"https:\/\/infoecos.com.ar\/index.php\/category\/c1nota3\/\" rel=\"category tag\">C1 N3<\/a>","tag_info":"C1 N3","comment_count":"0","_links":{"self":[{"href":"https:\/\/infoecos.com.ar\/index.php\/wp-json\/wp\/v2\/posts\/64004"}],"collection":[{"href":"https:\/\/infoecos.com.ar\/index.php\/wp-json\/wp\/v2\/posts"}],"about":[{"href":"https:\/\/infoecos.com.ar\/index.php\/wp-json\/wp\/v2\/types\/post"}],"author":[{"embeddable":true,"href":"https:\/\/infoecos.com.ar\/index.php\/wp-json\/wp\/v2\/users\/2"}],"replies":[{"embeddable":true,"href":"https:\/\/infoecos.com.ar\/index.php\/wp-json\/wp\/v2\/comments?post=64004"}],"version-history":[{"count":2,"href":"https:\/\/infoecos.com.ar\/index.php\/wp-json\/wp\/v2\/posts\/64004\/revisions"}],"predecessor-version":[{"id":64009,"href":"https:\/\/infoecos.com.ar\/index.php\/wp-json\/wp\/v2\/posts\/64004\/revisions\/64009"}],"wp:featuredmedia":[{"embeddable":true,"href":"https:\/\/infoecos.com.ar\/index.php\/wp-json\/wp\/v2\/media\/63585"}],"wp:attachment":[{"href":"https:\/\/infoecos.com.ar\/index.php\/wp-json\/wp\/v2\/media?parent=64004"}],"wp:term":[{"taxonomy":"category","embeddable":true,"href":"https:\/\/infoecos.com.ar\/index.php\/wp-json\/wp\/v2\/categories?post=64004"},{"taxonomy":"post_tag","embeddable":true,"href":"https:\/\/infoecos.com.ar\/index.php\/wp-json\/wp\/v2\/tags?post=64004"}],"curies":[{"name":"wp","href":"https:\/\/api.w.org\/{rel}","templated":true}]}}