{"id":64046,"date":"2020-06-28T18:01:01","date_gmt":"2020-06-28T21:01:01","guid":{"rendered":"http:\/\/infoecos.com.ar\/?p=64046"},"modified":"2020-06-28T18:01:04","modified_gmt":"2020-06-28T21:01:04","slug":"olavarria-pasa-a-la-fase-4-luego-de-haber-controlado-el-brote-de-covid-19","status":"publish","type":"post","link":"https:\/\/infoecos.com.ar\/index.php\/olavarria-pasa-a-la-fase-4-luego-de-haber-controlado-el-brote-de-covid-19\/","title":{"rendered":"Olavarr\u00eda pasa a la Fase 4 luego de haber controlado el brote de COVID 19"},"content":{"rendered":"\n<p>El intendente de Olavarr\u00eda,\u00a0<strong>Ezequiel Galli<\/strong>, brind\u00f3 una conferencia de prensa, este s\u00e1bado, para anunciar que ese distrito pasar\u00e1 a la fase 4 del aislamiento social luego de haber controlado el brote de COVID-19 que se detect\u00f3 hace 2 semanas y que gener\u00f3 144 contagios y 3 muertes.<\/p>\n\n\n\n<div class=\"wp-block-image\"><figure class=\"aligncenter size-medium\"><img loading=\"lazy\" decoding=\"async\" width=\"460\" height=\"306\" src=\"http:\/\/infoecos.com.ar\/wp-content\/uploads\/GALLI28-460x306.jpg\" alt=\"\" class=\"wp-image-64047\" srcset=\"https:\/\/infoecos.com.ar\/wp-content\/uploads\/GALLI28-460x306.jpg 460w, https:\/\/infoecos.com.ar\/wp-content\/uploads\/GALLI28-675x450.jpg 675w, https:\/\/infoecos.com.ar\/wp-content\/uploads\/GALLI28.jpg 680w\" sizes=\"(max-width: 460px) 100vw, 460px\" \/><figcaption>Galli &#8211; Conferencia de Prensa<\/figcaption><\/figure><\/div>\n\n\n\n<p>Junto al secretario de \u00a0Gobierno,\u00a0<strong>Hilario Galli<\/strong>, y al secretario de Salud Municipal,\u00a0<strong>Germ\u00e1n Caputo<\/strong>, el jefe comunal resalt\u00f3 que actualmente \u00abtenemos mas casos curados que activos\u00bb, por lo que consider\u00f3 que \u00abla situacion est\u00e1 relativamente controlada\u00bb, aunque continuar\u00e1 el rastreo de casos entre los contactos estrechos de aquellos que dieron positivo a los test.<\/p>\n\n\n\n<p>En el marco del cambio de fase del distrito, Galli anunci\u00f3 que se habilitar\u00e1n las \u00absalidas recreativas\u00bb en el rango de los 500 metros del domicilio, en el horario de 13 a 17 horas durante los 7 d\u00edas de la semana y sin ning\u00fan tipo de restricci\u00f3n, siempre que se respete el uso de tapaboca y las caminatas no se extiendan mas all\u00e1 de las 5 cuadras.<\/p>\n","protected":false},"excerpt":{"rendered":"<p>El intendente de Olavarr\u00eda,\u00a0Ezequiel Galli, brind\u00f3 una conferencia de prensa, este s\u00e1bado, para anunciar que&#8230;<\/p>\n","protected":false},"author":2,"featured_media":64047,"comment_status":"closed","ping_status":"open","sticky":false,"template":"","format":"standard","meta":{"footnotes":""},"categories":[24],"tags":[84],"class_list":["post-64046","post","type-post","status-publish","format-standard","has-post-thumbnail","hentry","category-c1nota3","tag-olavarria"],"yoast_head":"<!-- This site is optimized with the Yoast SEO plugin v23.4 - https:\/\/yoast.com\/wordpress\/plugins\/seo\/ -->\n<title>Olavarr\u00eda pasa a la Fase 4 luego de haber controlado el brote de COVID 19 - Infoecos<\/title>\n<meta name=\"robots\" content=\"index, follow, max-snippet:-1, max-image-preview:large, max-video-preview:-1\" \/>\n<link rel=\"canonical\" href=\"https:\/\/infoecos.com.ar\/index.php\/olavarria-pasa-a-la-fase-4-luego-de-haber-controlado-el-brote-de-covid-19\/\" \/>\n<meta property=\"og:locale\" content=\"es_ES\" \/>\n<meta property=\"og:type\" content=\"article\" \/>\n<meta property=\"og:title\" content=\"Olavarr\u00eda pasa a la Fase 4 luego de haber controlado el brote de COVID 19 - Infoecos\" \/>\n<meta property=\"og:description\" content=\"El intendente de Olavarr\u00eda,\u00a0Ezequiel Galli, brind\u00f3 una conferencia de prensa, este s\u00e1bado, para anunciar que...\" \/>\n<meta property=\"og:url\" content=\"https:\/\/infoecos.com.ar\/index.php\/olavarria-pasa-a-la-fase-4-luego-de-haber-controlado-el-brote-de-covid-19\/\" \/>\n<meta property=\"og:site_name\" content=\"Infoecos\" \/>\n<meta property=\"article:publisher\" content=\"https:\/\/www.facebook.com\/profile.php?id=100063200290284\" \/>\n<meta property=\"article:published_time\" content=\"2020-06-28T21:01:01+00:00\" \/>\n<meta property=\"article:modified_time\" content=\"2020-06-28T21:01:04+00:00\" \/>\n<meta property=\"og:image\" content=\"https:\/\/infoecos.com.ar\/wp-content\/uploads\/GALLI28.jpg\" \/>\n\t<meta property=\"og:image:width\" content=\"680\" \/>\n\t<meta property=\"og:image:height\" content=\"453\" \/>\n\t<meta property=\"og:image:type\" content=\"image\/jpeg\" \/>\n<meta name=\"author\" content=\"Jorge Matheus\" \/>\n<meta name=\"twitter:card\" content=\"summary_large_image\" \/>\n<meta name=\"twitter:creator\" content=\"@infoecos\" \/>\n<meta name=\"twitter:site\" content=\"@infoecos\" \/>\n<meta name=\"twitter:label1\" content=\"Escrito por\" \/>\n\t<meta name=\"twitter:data1\" content=\"Jorge Matheus\" \/>\n\t<meta name=\"twitter:label2\" content=\"Tiempo de lectura\" \/>\n\t<meta name=\"twitter:data2\" content=\"1 minuto\" \/>\n<script type=\"application\/ld+json\" class=\"yoast-schema-graph\">{\"@context\":\"https:\/\/schema.org\",\"@graph\":[{\"@type\":\"Article\",\"@id\":\"https:\/\/infoecos.com.ar\/index.php\/olavarria-pasa-a-la-fase-4-luego-de-haber-controlado-el-brote-de-covid-19\/#article\",\"isPartOf\":{\"@id\":\"https:\/\/infoecos.com.ar\/index.php\/olavarria-pasa-a-la-fase-4-luego-de-haber-controlado-el-brote-de-covid-19\/\"},\"author\":{\"name\":\"Jorge Matheus\",\"@id\":\"https:\/\/infoecos.com.ar\/#\/schema\/person\/8f5ace5ce73b4b4aac4b7245aee6f191\"},\"headline\":\"Olavarr\u00eda pasa a la Fase 4 luego de haber controlado el brote de COVID 19\",\"datePublished\":\"2020-06-28T21:01:01+00:00\",\"dateModified\":\"2020-06-28T21:01:04+00:00\",\"mainEntityOfPage\":{\"@id\":\"https:\/\/infoecos.com.ar\/index.php\/olavarria-pasa-a-la-fase-4-luego-de-haber-controlado-el-brote-de-covid-19\/\"},\"wordCount\":187,\"publisher\":{\"@id\":\"https:\/\/infoecos.com.ar\/#organization\"},\"image\":{\"@id\":\"https:\/\/infoecos.com.ar\/index.php\/olavarria-pasa-a-la-fase-4-luego-de-haber-controlado-el-brote-de-covid-19\/#primaryimage\"},\"thumbnailUrl\":\"https:\/\/infoecos.com.ar\/wp-content\/uploads\/GALLI28.jpg\",\"keywords\":[\"OLAVARR\u00cdA\"],\"articleSection\":[\"C1 N3\"],\"inLanguage\":\"es\"},{\"@type\":\"WebPage\",\"@id\":\"https:\/\/infoecos.com.ar\/index.php\/olavarria-pasa-a-la-fase-4-luego-de-haber-controlado-el-brote-de-covid-19\/\",\"url\":\"https:\/\/infoecos.com.ar\/index.php\/olavarria-pasa-a-la-fase-4-luego-de-haber-controlado-el-brote-de-covid-19\/\",\"name\":\"Olavarr\u00eda pasa a la Fase 4 luego de haber controlado el brote de COVID 19 - Infoecos\",\"isPartOf\":{\"@id\":\"https:\/\/infoecos.com.ar\/#website\"},\"primaryImageOfPage\":{\"@id\":\"https:\/\/infoecos.com.ar\/index.php\/olavarria-pasa-a-la-fase-4-luego-de-haber-controlado-el-brote-de-covid-19\/#primaryimage\"},\"image\":{\"@id\":\"https:\/\/infoecos.com.ar\/index.php\/olavarria-pasa-a-la-fase-4-luego-de-haber-controlado-el-brote-de-covid-19\/#primaryimage\"},\"thumbnailUrl\":\"https:\/\/infoecos.com.ar\/wp-content\/uploads\/GALLI28.jpg\",\"datePublished\":\"2020-06-28T21:01:01+00:00\",\"dateModified\":\"2020-06-28T21:01:04+00:00\",\"breadcrumb\":{\"@id\":\"https:\/\/infoecos.com.ar\/index.php\/olavarria-pasa-a-la-fase-4-luego-de-haber-controlado-el-brote-de-covid-19\/#breadcrumb\"},\"inLanguage\":\"es\",\"potentialAction\":[{\"@type\":\"ReadAction\",\"target\":[\"https:\/\/infoecos.com.ar\/index.php\/olavarria-pasa-a-la-fase-4-luego-de-haber-controlado-el-brote-de-covid-19\/\"]}]},{\"@type\":\"ImageObject\",\"inLanguage\":\"es\",\"@id\":\"https:\/\/infoecos.com.ar\/index.php\/olavarria-pasa-a-la-fase-4-luego-de-haber-controlado-el-brote-de-covid-19\/#primaryimage\",\"url\":\"https:\/\/infoecos.com.ar\/wp-content\/uploads\/GALLI28.jpg\",\"contentUrl\":\"https:\/\/infoecos.com.ar\/wp-content\/uploads\/GALLI28.jpg\",\"width\":680,\"height\":453},{\"@type\":\"BreadcrumbList\",\"@id\":\"https:\/\/infoecos.com.ar\/index.php\/olavarria-pasa-a-la-fase-4-luego-de-haber-controlado-el-brote-de-covid-19\/#breadcrumb\",\"itemListElement\":[{\"@type\":\"ListItem\",\"position\":1,\"name\":\"Portada\",\"item\":\"https:\/\/infoecos.com.ar\/\"},{\"@type\":\"ListItem\",\"position\":2,\"name\":\"Olavarr\u00eda pasa a la Fase 4 luego de haber controlado el brote de COVID 19\"}]},{\"@type\":\"WebSite\",\"@id\":\"https:\/\/infoecos.com.ar\/#website\",\"url\":\"https:\/\/infoecos.com.ar\/\",\"name\":\"Infoecos\",\"description\":\"Noticias de trenque lauquen y la zona\",\"publisher\":{\"@id\":\"https:\/\/infoecos.com.ar\/#organization\"},\"alternateName\":\"Noticias\",\"potentialAction\":[{\"@type\":\"SearchAction\",\"target\":{\"@type\":\"EntryPoint\",\"urlTemplate\":\"https:\/\/infoecos.com.ar\/?s={search_term_string}\"},\"query-input\":{\"@type\":\"PropertyValueSpecification\",\"valueRequired\":true,\"valueName\":\"search_term_string\"}}],\"inLanguage\":\"es\"},{\"@type\":\"Organization\",\"@id\":\"https:\/\/infoecos.com.ar\/#organization\",\"name\":\"Infoecos\",\"alternateName\":\"Noticias\",\"url\":\"https:\/\/infoecos.com.ar\/\",\"logo\":{\"@type\":\"ImageObject\",\"inLanguage\":\"es\",\"@id\":\"https:\/\/infoecos.com.ar\/#\/schema\/logo\/image\/\",\"url\":\"https:\/\/infoecos.com.ar\/wp-content\/uploads\/2024\/03\/cropped-logo.png\",\"contentUrl\":\"https:\/\/infoecos.com.ar\/wp-content\/uploads\/2024\/03\/cropped-logo.png\",\"width\":374,\"height\":90,\"caption\":\"Infoecos\"},\"image\":{\"@id\":\"https:\/\/infoecos.com.ar\/#\/schema\/logo\/image\/\"},\"sameAs\":[\"https:\/\/www.facebook.com\/profile.php?id=100063200290284\",\"https:\/\/x.com\/infoecos\"]},{\"@type\":\"Person\",\"@id\":\"https:\/\/infoecos.com.ar\/#\/schema\/person\/8f5ace5ce73b4b4aac4b7245aee6f191\",\"name\":\"Jorge Matheus\",\"url\":\"https:\/\/infoecos.com.ar\/index.php\/author\/jomatheus\/\"}]}<\/script>\n<!-- \/ Yoast SEO plugin. -->","yoast_head_json":{"title":"Olavarr\u00eda pasa a la Fase 4 luego de haber controlado el brote de COVID 19 - Infoecos","robots":{"index":"index","follow":"follow","max-snippet":"max-snippet:-1","max-image-preview":"max-image-preview:large","max-video-preview":"max-video-preview:-1"},"canonical":"https:\/\/infoecos.com.ar\/index.php\/olavarria-pasa-a-la-fase-4-luego-de-haber-controlado-el-brote-de-covid-19\/","og_locale":"es_ES","og_type":"article","og_title":"Olavarr\u00eda pasa a la Fase 4 luego de haber controlado el brote de COVID 19 - Infoecos","og_description":"El intendente de Olavarr\u00eda,\u00a0Ezequiel Galli, brind\u00f3 una conferencia de prensa, este s\u00e1bado, para anunciar que...","og_url":"https:\/\/infoecos.com.ar\/index.php\/olavarria-pasa-a-la-fase-4-luego-de-haber-controlado-el-brote-de-covid-19\/","og_site_name":"Infoecos","article_publisher":"https:\/\/www.facebook.com\/profile.php?id=100063200290284","article_published_time":"2020-06-28T21:01:01+00:00","article_modified_time":"2020-06-28T21:01:04+00:00","og_image":[{"width":680,"height":453,"url":"https:\/\/infoecos.com.ar\/wp-content\/uploads\/GALLI28.jpg","type":"image\/jpeg"}],"author":"Jorge Matheus","twitter_card":"summary_large_image","twitter_creator":"@infoecos","twitter_site":"@infoecos","twitter_misc":{"Escrito por":"Jorge Matheus","Tiempo de lectura":"1 minuto"},"schema":{"@context":"https:\/\/schema.org","@graph":[{"@type":"Article","@id":"https:\/\/infoecos.com.ar\/index.php\/olavarria-pasa-a-la-fase-4-luego-de-haber-controlado-el-brote-de-covid-19\/#article","isPartOf":{"@id":"https:\/\/infoecos.com.ar\/index.php\/olavarria-pasa-a-la-fase-4-luego-de-haber-controlado-el-brote-de-covid-19\/"},"author":{"name":"Jorge Matheus","@id":"https:\/\/infoecos.com.ar\/#\/schema\/person\/8f5ace5ce73b4b4aac4b7245aee6f191"},"headline":"Olavarr\u00eda pasa a la Fase 4 luego de haber controlado el brote de COVID 19","datePublished":"2020-06-28T21:01:01+00:00","dateModified":"2020-06-28T21:01:04+00:00","mainEntityOfPage":{"@id":"https:\/\/infoecos.com.ar\/index.php\/olavarria-pasa-a-la-fase-4-luego-de-haber-controlado-el-brote-de-covid-19\/"},"wordCount":187,"publisher":{"@id":"https:\/\/infoecos.com.ar\/#organization"},"image":{"@id":"https:\/\/infoecos.com.ar\/index.php\/olavarria-pasa-a-la-fase-4-luego-de-haber-controlado-el-brote-de-covid-19\/#primaryimage"},"thumbnailUrl":"https:\/\/infoecos.com.ar\/wp-content\/uploads\/GALLI28.jpg","keywords":["OLAVARR\u00cdA"],"articleSection":["C1 N3"],"inLanguage":"es"},{"@type":"WebPage","@id":"https:\/\/infoecos.com.ar\/index.php\/olavarria-pasa-a-la-fase-4-luego-de-haber-controlado-el-brote-de-covid-19\/","url":"https:\/\/infoecos.com.ar\/index.php\/olavarria-pasa-a-la-fase-4-luego-de-haber-controlado-el-brote-de-covid-19\/","name":"Olavarr\u00eda pasa a la Fase 4 luego de haber controlado el brote de COVID 19 - Infoecos","isPartOf":{"@id":"https:\/\/infoecos.com.ar\/#website"},"primaryImageOfPage":{"@id":"https:\/\/infoecos.com.ar\/index.php\/olavarria-pasa-a-la-fase-4-luego-de-haber-controlado-el-brote-de-covid-19\/#primaryimage"},"image":{"@id":"https:\/\/infoecos.com.ar\/index.php\/olavarria-pasa-a-la-fase-4-luego-de-haber-controlado-el-brote-de-covid-19\/#primaryimage"},"thumbnailUrl":"https:\/\/infoecos.com.ar\/wp-content\/uploads\/GALLI28.jpg","datePublished":"2020-06-28T21:01:01+00:00","dateModified":"2020-06-28T21:01:04+00:00","breadcrumb":{"@id":"https:\/\/infoecos.com.ar\/index.php\/olavarria-pasa-a-la-fase-4-luego-de-haber-controlado-el-brote-de-covid-19\/#breadcrumb"},"inLanguage":"es","potentialAction":[{"@type":"ReadAction","target":["https:\/\/infoecos.com.ar\/index.php\/olavarria-pasa-a-la-fase-4-luego-de-haber-controlado-el-brote-de-covid-19\/"]}]},{"@type":"ImageObject","inLanguage":"es","@id":"https:\/\/infoecos.com.ar\/index.php\/olavarria-pasa-a-la-fase-4-luego-de-haber-controlado-el-brote-de-covid-19\/#primaryimage","url":"https:\/\/infoecos.com.ar\/wp-content\/uploads\/GALLI28.jpg","contentUrl":"https:\/\/infoecos.com.ar\/wp-content\/uploads\/GALLI28.jpg","width":680,"height":453},{"@type":"BreadcrumbList","@id":"https:\/\/infoecos.com.ar\/index.php\/olavarria-pasa-a-la-fase-4-luego-de-haber-controlado-el-brote-de-covid-19\/#breadcrumb","itemListElement":[{"@type":"ListItem","position":1,"name":"Portada","item":"https:\/\/infoecos.com.ar\/"},{"@type":"ListItem","position":2,"name":"Olavarr\u00eda pasa a la Fase 4 luego de haber controlado el brote de COVID 19"}]},{"@type":"WebSite","@id":"https:\/\/infoecos.com.ar\/#website","url":"https:\/\/infoecos.com.ar\/","name":"Infoecos","description":"Noticias de trenque lauquen y la zona","publisher":{"@id":"https:\/\/infoecos.com.ar\/#organization"},"alternateName":"Noticias","potentialAction":[{"@type":"SearchAction","target":{"@type":"EntryPoint","urlTemplate":"https:\/\/infoecos.com.ar\/?s={search_term_string}"},"query-input":{"@type":"PropertyValueSpecification","valueRequired":true,"valueName":"search_term_string"}}],"inLanguage":"es"},{"@type":"Organization","@id":"https:\/\/infoecos.com.ar\/#organization","name":"Infoecos","alternateName":"Noticias","url":"https:\/\/infoecos.com.ar\/","logo":{"@type":"ImageObject","inLanguage":"es","@id":"https:\/\/infoecos.com.ar\/#\/schema\/logo\/image\/","url":"https:\/\/infoecos.com.ar\/wp-content\/uploads\/2024\/03\/cropped-logo.png","contentUrl":"https:\/\/infoecos.com.ar\/wp-content\/uploads\/2024\/03\/cropped-logo.png","width":374,"height":90,"caption":"Infoecos"},"image":{"@id":"https:\/\/infoecos.com.ar\/#\/schema\/logo\/image\/"},"sameAs":["https:\/\/www.facebook.com\/profile.php?id=100063200290284","https:\/\/x.com\/infoecos"]},{"@type":"Person","@id":"https:\/\/infoecos.com.ar\/#\/schema\/person\/8f5ace5ce73b4b4aac4b7245aee6f191","name":"Jorge Matheus","url":"https:\/\/infoecos.com.ar\/index.php\/author\/jomatheus\/"}]}},"featured_image_urls":{"full":["https:\/\/infoecos.com.ar\/wp-content\/uploads\/GALLI28.jpg",680,453,false],"thumbnail":["https:\/\/infoecos.com.ar\/wp-content\/uploads\/GALLI28-150x150.jpg",150,150,true],"medium":["https:\/\/infoecos.com.ar\/wp-content\/uploads\/GALLI28-460x306.jpg",460,306,true],"medium_large":["https:\/\/infoecos.com.ar\/wp-content\/uploads\/GALLI28.jpg",640,426,false],"large":["https:\/\/infoecos.com.ar\/wp-content\/uploads\/GALLI28.jpg",640,426,false],"1536x1536":["https:\/\/infoecos.com.ar\/wp-content\/uploads\/GALLI28.jpg",680,453,false],"2048x2048":["https:\/\/infoecos.com.ar\/wp-content\/uploads\/GALLI28.jpg",680,453,false],"covernews-slider-full":["https:\/\/infoecos.com.ar\/wp-content\/uploads\/GALLI28.jpg",680,453,false],"covernews-slider-center":["https:\/\/infoecos.com.ar\/wp-content\/uploads\/GALLI28.jpg",680,453,false],"covernews-featured":["https:\/\/infoecos.com.ar\/wp-content\/uploads\/GALLI28.jpg",680,453,false],"covernews-medium":["https:\/\/infoecos.com.ar\/wp-content\/uploads\/GALLI28-680x380.jpg",540,302,true],"covernews-medium-square":["https:\/\/infoecos.com.ar\/wp-content\/uploads\/GALLI28-675x450.jpg",375,250,true]},"author_info":{"info":["Jorge Matheus"]},"category_info":"<a href=\"https:\/\/infoecos.com.ar\/index.php\/category\/c1nota3\/\" rel=\"category tag\">C1 N3<\/a>","tag_info":"C1 N3","comment_count":"0","_links":{"self":[{"href":"https:\/\/infoecos.com.ar\/index.php\/wp-json\/wp\/v2\/posts\/64046"}],"collection":[{"href":"https:\/\/infoecos.com.ar\/index.php\/wp-json\/wp\/v2\/posts"}],"about":[{"href":"https:\/\/infoecos.com.ar\/index.php\/wp-json\/wp\/v2\/types\/post"}],"author":[{"embeddable":true,"href":"https:\/\/infoecos.com.ar\/index.php\/wp-json\/wp\/v2\/users\/2"}],"replies":[{"embeddable":true,"href":"https:\/\/infoecos.com.ar\/index.php\/wp-json\/wp\/v2\/comments?post=64046"}],"version-history":[{"count":1,"href":"https:\/\/infoecos.com.ar\/index.php\/wp-json\/wp\/v2\/posts\/64046\/revisions"}],"predecessor-version":[{"id":64048,"href":"https:\/\/infoecos.com.ar\/index.php\/wp-json\/wp\/v2\/posts\/64046\/revisions\/64048"}],"wp:featuredmedia":[{"embeddable":true,"href":"https:\/\/infoecos.com.ar\/index.php\/wp-json\/wp\/v2\/media\/64047"}],"wp:attachment":[{"href":"https:\/\/infoecos.com.ar\/index.php\/wp-json\/wp\/v2\/media?parent=64046"}],"wp:term":[{"taxonomy":"category","embeddable":true,"href":"https:\/\/infoecos.com.ar\/index.php\/wp-json\/wp\/v2\/categories?post=64046"},{"taxonomy":"post_tag","embeddable":true,"href":"https:\/\/infoecos.com.ar\/index.php\/wp-json\/wp\/v2\/tags?post=64046"}],"curies":[{"name":"wp","href":"https:\/\/api.w.org\/{rel}","templated":true}]}}