{"id":64262,"date":"2020-07-06T01:20:41","date_gmt":"2020-07-06T04:20:41","guid":{"rendered":"http:\/\/infoecos.com.ar\/?p=64262"},"modified":"2020-07-07T01:24:43","modified_gmt":"2020-07-07T04:24:43","slug":"cierre-total-del-comercio-en-henderson-desde-este-fin-de-semana-por-dos-casos-de-coronavirus","status":"publish","type":"post","link":"https:\/\/infoecos.com.ar\/index.php\/cierre-total-del-comercio-en-henderson-desde-este-fin-de-semana-por-dos-casos-de-coronavirus\/","title":{"rendered":"Cierre total del comercio en Henderson, desde este fin de semana, por dos casos de coronavirus"},"content":{"rendered":"\n<p>Dos casos positivos de coronavirus fueron confirmados en la ciudad de Henderson, capital del distrito de Hip\u00f3lito Yrigoyen, este domingo. <\/p>\n\n\n\n<p>Las autoridades municipales informaron sobre esta situaci\u00f3n y el C\u00edrculo M\u00e9dico apoy\u00f3 las gestiones que se vienen realizando en materia de salud en el distrito.<\/p>\n\n\n\n<p>La comuicaci\u00f3n oficial la realiz\u00f3 el intendente municipal, Luis Ignacio Pugnaloni. <\/p>\n\n\n\n<figure class=\"wp-block-embed-facebook wp-block-embed is-type-video is-provider-facebook\"><div class=\"wp-block-embed__wrapper\">\nhttps:\/\/www.facebook.com\/GobiernoMunicipalHY\/videos\/782358795839201\/\n<\/div><figcaption><br><\/figcaption><\/figure>\n\n\n\n<div class=\"wp-block-image\"><figure class=\"aligncenter size-large\"><img loading=\"lazy\" decoding=\"async\" width=\"831\" height=\"920\" src=\"http:\/\/infoecos.com.ar\/wp-content\/uploads\/henderson-831x920.jpg\" alt=\"\" class=\"wp-image-64263\" srcset=\"https:\/\/infoecos.com.ar\/wp-content\/uploads\/henderson-831x920.jpg 831w, https:\/\/infoecos.com.ar\/wp-content\/uploads\/henderson-415x460.jpg 415w, https:\/\/infoecos.com.ar\/wp-content\/uploads\/henderson-768x850.jpg 768w, https:\/\/infoecos.com.ar\/wp-content\/uploads\/henderson.jpg 867w\" sizes=\"(max-width: 831px) 100vw, 831px\" \/><\/figure><\/div>\n\n\n\n<figure class=\"wp-block-image size-large\"><img loading=\"lazy\" decoding=\"async\" width=\"920\" height=\"887\" src=\"http:\/\/infoecos.com.ar\/wp-content\/uploads\/circulomedicohen-920x887.jpg\" alt=\"\" class=\"wp-image-64264\" srcset=\"https:\/\/infoecos.com.ar\/wp-content\/uploads\/circulomedicohen-920x887.jpg 920w, https:\/\/infoecos.com.ar\/wp-content\/uploads\/circulomedicohen-460x443.jpg 460w, https:\/\/infoecos.com.ar\/wp-content\/uploads\/circulomedicohen-768x740.jpg 768w, https:\/\/infoecos.com.ar\/wp-content\/uploads\/circulomedicohen-1536x1481.jpg 1536w, https:\/\/infoecos.com.ar\/wp-content\/uploads\/circulomedicohen-1024x987.jpg 1024w, https:\/\/infoecos.com.ar\/wp-content\/uploads\/circulomedicohen.jpg 2048w\" sizes=\"(max-width: 920px) 100vw, 920px\" \/><\/figure>\n\n\n\n<p>El texto de lo manifestado por el intendente de Hip\u00f3lito Yrigoyen, el d\u00eda domingo:  <\/p>\n\n\n\n<p>El motivo del informe de hoy es comunicar a los vecinos que lamentablemente tenemos el segundo caso de Covid-19 positivo en nuestro pueblo. Como ya lo dije, comenzamos con un caso importado, en una familia grande que viven juntos en un mismo inmueble y un segundo familiar resulto positivo. No descartamos la posibilidad de que exista alg\u00fan caso m\u00e1s dentro del seno de esta familia.<\/p>\n\n\n\n<p>Tuvimos conocimiento de este resultado anoche y de inmediato comenzamos a trabajar aislando familias, en este momento hay alrededor de 45 personas en aislamiento en nuestro pueblo.<\/p>\n\n\n\n<p>Lamentablemente hemos tenido una peque\u00f1a desprolijidad que fue que desde que tuvo s\u00edntomas compatibles con Covid esta primer persona no lo comunico al sistema de salud, por eso es que se nos ha hecho muy grande.<\/p>\n\n\n\n<p>Por tal motivo quiero recalcar que ante el primer s\u00edntoma compatible con Coronavirus, por favor consulten al sistema de salud o a cualquiera de los profesionales m\u00e9dicos de nuestro pueblo, que no se repita esta forma de actuar que ante los s\u00edntomas se aisl\u00f3 en la casa, se automedico, fueron siete d\u00edas de contacto con muchas personas, por lo que hoy tenemos un caso de mucho volumen en nuestro pueblo.<\/p>\n\n\n\n<p>Esta situaci\u00f3n sumada a que ayer se incorporaron 5 de los 28 Distritos sin circulaci\u00f3n del virus a tener casos positivos, como la confirmaci\u00f3n de un caso en Bol\u00edvar, nos lleva a tomar decisiones dr\u00e1sticas, que no quer\u00edamos, pero conjuntamente con el Comit\u00e9 de Emergencia hemos decidido el cierre total de comercios por 15 d\u00edas a partir de hoy.<\/p>\n\n\n\n<p>Solo se permiten las actividades esenciales, como venta de alimentos, laboratorios, farmacias.<\/p>\n\n\n\n<p>Se corta tambi\u00e9n el servicio de Delivery y a partir de las 19 hs. cierre total de nuestro pueblo, a los efectos de ver hasta d\u00f3nde llega la cadena de contagios.<\/p>\n\n\n\n<p>No queremos llevar miedo, simplemente lo que queremos hacer es cortar r\u00e1pidamente la evoluci\u00f3n de los contagios, es por eso que estamos desde el primer d\u00eda trabajando con la familia para poder detectar los contactos directos y los del segundo y tercer anillo.<\/p>\n\n\n\n<p>Hoy creemos que la situaci\u00f3n amerita tomar esta decisi\u00f3n.<\/p>\n\n\n\n<p>Pido empat\u00eda y solidaridad a toda la comunidad para con esta familia, se que van a ser 15 d\u00edas duros, pero es m\u00e1s que necesarios tomar esta medida a los efectos de cortar con los contagios.<\/p>\n\n\n\n<p>Por eso reitero, solo se habilitan actividades esenciales.<\/p>\n\n\n\n<p><\/p>\n","protected":false},"excerpt":{"rendered":"<p>Dos casos positivos de coronavirus fueron confirmados en la ciudad de Henderson, capital del distrito&#8230;<\/p>\n","protected":false},"author":2,"featured_media":64265,"comment_status":"closed","ping_status":"open","sticky":false,"template":"","format":"standard","meta":{"footnotes":""},"categories":[41],"tags":[152],"class_list":["post-64262","post","type-post","status-publish","format-standard","has-post-thumbnail","hentry","category-inferior2","tag-henderson"],"yoast_head":"<!-- This site is optimized with the Yoast SEO plugin v23.4 - https:\/\/yoast.com\/wordpress\/plugins\/seo\/ -->\n<title>Cierre total del comercio en Henderson, desde este fin de semana, por dos casos de coronavirus - Infoecos<\/title>\n<meta name=\"robots\" content=\"index, follow, max-snippet:-1, max-image-preview:large, max-video-preview:-1\" \/>\n<link rel=\"canonical\" href=\"https:\/\/infoecos.com.ar\/index.php\/cierre-total-del-comercio-en-henderson-desde-este-fin-de-semana-por-dos-casos-de-coronavirus\/\" \/>\n<meta property=\"og:locale\" content=\"es_ES\" \/>\n<meta property=\"og:type\" content=\"article\" \/>\n<meta property=\"og:title\" content=\"Cierre total del comercio en Henderson, desde este fin de semana, por dos casos de coronavirus - Infoecos\" \/>\n<meta property=\"og:description\" content=\"Dos casos positivos de coronavirus fueron confirmados en la ciudad de Henderson, capital del distrito...\" \/>\n<meta property=\"og:url\" content=\"https:\/\/infoecos.com.ar\/index.php\/cierre-total-del-comercio-en-henderson-desde-este-fin-de-semana-por-dos-casos-de-coronavirus\/\" \/>\n<meta property=\"og:site_name\" content=\"Infoecos\" \/>\n<meta property=\"article:publisher\" content=\"https:\/\/www.facebook.com\/profile.php?id=100063200290284\" \/>\n<meta property=\"article:published_time\" content=\"2020-07-06T04:20:41+00:00\" \/>\n<meta property=\"article:modified_time\" content=\"2020-07-07T04:24:43+00:00\" \/>\n<meta property=\"og:image\" content=\"https:\/\/infoecos.com.ar\/wp-content\/uploads\/pugnaloni.jpg\" \/>\n\t<meta property=\"og:image:width\" content=\"1024\" \/>\n\t<meta property=\"og:image:height\" content=\"576\" \/>\n\t<meta property=\"og:image:type\" content=\"image\/jpeg\" \/>\n<meta name=\"author\" content=\"Jorge Matheus\" \/>\n<meta name=\"twitter:card\" content=\"summary_large_image\" \/>\n<meta name=\"twitter:creator\" content=\"@infoecos\" \/>\n<meta name=\"twitter:site\" content=\"@infoecos\" \/>\n<meta name=\"twitter:label1\" content=\"Escrito por\" \/>\n\t<meta name=\"twitter:data1\" content=\"Jorge Matheus\" \/>\n\t<meta name=\"twitter:label2\" content=\"Tiempo de lectura\" \/>\n\t<meta name=\"twitter:data2\" content=\"2 minutos\" \/>\n<script type=\"application\/ld+json\" class=\"yoast-schema-graph\">{\"@context\":\"https:\/\/schema.org\",\"@graph\":[{\"@type\":\"Article\",\"@id\":\"https:\/\/infoecos.com.ar\/index.php\/cierre-total-del-comercio-en-henderson-desde-este-fin-de-semana-por-dos-casos-de-coronavirus\/#article\",\"isPartOf\":{\"@id\":\"https:\/\/infoecos.com.ar\/index.php\/cierre-total-del-comercio-en-henderson-desde-este-fin-de-semana-por-dos-casos-de-coronavirus\/\"},\"author\":{\"name\":\"Jorge Matheus\",\"@id\":\"https:\/\/infoecos.com.ar\/#\/schema\/person\/8f5ace5ce73b4b4aac4b7245aee6f191\"},\"headline\":\"Cierre total del comercio en Henderson, desde este fin de semana, por dos casos de coronavirus\",\"datePublished\":\"2020-07-06T04:20:41+00:00\",\"dateModified\":\"2020-07-07T04:24:43+00:00\",\"mainEntityOfPage\":{\"@id\":\"https:\/\/infoecos.com.ar\/index.php\/cierre-total-del-comercio-en-henderson-desde-este-fin-de-semana-por-dos-casos-de-coronavirus\/\"},\"wordCount\":514,\"publisher\":{\"@id\":\"https:\/\/infoecos.com.ar\/#organization\"},\"image\":{\"@id\":\"https:\/\/infoecos.com.ar\/index.php\/cierre-total-del-comercio-en-henderson-desde-este-fin-de-semana-por-dos-casos-de-coronavirus\/#primaryimage\"},\"thumbnailUrl\":\"https:\/\/infoecos.com.ar\/wp-content\/uploads\/pugnaloni.jpg\",\"keywords\":[\"HENDERSON\"],\"articleSection\":[\"Bloque inferior - 2\"],\"inLanguage\":\"es\"},{\"@type\":\"WebPage\",\"@id\":\"https:\/\/infoecos.com.ar\/index.php\/cierre-total-del-comercio-en-henderson-desde-este-fin-de-semana-por-dos-casos-de-coronavirus\/\",\"url\":\"https:\/\/infoecos.com.ar\/index.php\/cierre-total-del-comercio-en-henderson-desde-este-fin-de-semana-por-dos-casos-de-coronavirus\/\",\"name\":\"Cierre total del comercio en Henderson, desde este fin de semana, por dos casos de coronavirus - Infoecos\",\"isPartOf\":{\"@id\":\"https:\/\/infoecos.com.ar\/#website\"},\"primaryImageOfPage\":{\"@id\":\"https:\/\/infoecos.com.ar\/index.php\/cierre-total-del-comercio-en-henderson-desde-este-fin-de-semana-por-dos-casos-de-coronavirus\/#primaryimage\"},\"image\":{\"@id\":\"https:\/\/infoecos.com.ar\/index.php\/cierre-total-del-comercio-en-henderson-desde-este-fin-de-semana-por-dos-casos-de-coronavirus\/#primaryimage\"},\"thumbnailUrl\":\"https:\/\/infoecos.com.ar\/wp-content\/uploads\/pugnaloni.jpg\",\"datePublished\":\"2020-07-06T04:20:41+00:00\",\"dateModified\":\"2020-07-07T04:24:43+00:00\",\"breadcrumb\":{\"@id\":\"https:\/\/infoecos.com.ar\/index.php\/cierre-total-del-comercio-en-henderson-desde-este-fin-de-semana-por-dos-casos-de-coronavirus\/#breadcrumb\"},\"inLanguage\":\"es\",\"potentialAction\":[{\"@type\":\"ReadAction\",\"target\":[\"https:\/\/infoecos.com.ar\/index.php\/cierre-total-del-comercio-en-henderson-desde-este-fin-de-semana-por-dos-casos-de-coronavirus\/\"]}]},{\"@type\":\"ImageObject\",\"inLanguage\":\"es\",\"@id\":\"https:\/\/infoecos.com.ar\/index.php\/cierre-total-del-comercio-en-henderson-desde-este-fin-de-semana-por-dos-casos-de-coronavirus\/#primaryimage\",\"url\":\"https:\/\/infoecos.com.ar\/wp-content\/uploads\/pugnaloni.jpg\",\"contentUrl\":\"https:\/\/infoecos.com.ar\/wp-content\/uploads\/pugnaloni.jpg\",\"width\":1024,\"height\":576},{\"@type\":\"BreadcrumbList\",\"@id\":\"https:\/\/infoecos.com.ar\/index.php\/cierre-total-del-comercio-en-henderson-desde-este-fin-de-semana-por-dos-casos-de-coronavirus\/#breadcrumb\",\"itemListElement\":[{\"@type\":\"ListItem\",\"position\":1,\"name\":\"Portada\",\"item\":\"https:\/\/infoecos.com.ar\/\"},{\"@type\":\"ListItem\",\"position\":2,\"name\":\"Cierre total del comercio en Henderson, desde este fin de semana, por dos casos de coronavirus\"}]},{\"@type\":\"WebSite\",\"@id\":\"https:\/\/infoecos.com.ar\/#website\",\"url\":\"https:\/\/infoecos.com.ar\/\",\"name\":\"Infoecos\",\"description\":\"Noticias de trenque lauquen y la zona\",\"publisher\":{\"@id\":\"https:\/\/infoecos.com.ar\/#organization\"},\"alternateName\":\"Noticias\",\"potentialAction\":[{\"@type\":\"SearchAction\",\"target\":{\"@type\":\"EntryPoint\",\"urlTemplate\":\"https:\/\/infoecos.com.ar\/?s={search_term_string}\"},\"query-input\":{\"@type\":\"PropertyValueSpecification\",\"valueRequired\":true,\"valueName\":\"search_term_string\"}}],\"inLanguage\":\"es\"},{\"@type\":\"Organization\",\"@id\":\"https:\/\/infoecos.com.ar\/#organization\",\"name\":\"Infoecos\",\"alternateName\":\"Noticias\",\"url\":\"https:\/\/infoecos.com.ar\/\",\"logo\":{\"@type\":\"ImageObject\",\"inLanguage\":\"es\",\"@id\":\"https:\/\/infoecos.com.ar\/#\/schema\/logo\/image\/\",\"url\":\"https:\/\/infoecos.com.ar\/wp-content\/uploads\/2024\/03\/cropped-logo.png\",\"contentUrl\":\"https:\/\/infoecos.com.ar\/wp-content\/uploads\/2024\/03\/cropped-logo.png\",\"width\":374,\"height\":90,\"caption\":\"Infoecos\"},\"image\":{\"@id\":\"https:\/\/infoecos.com.ar\/#\/schema\/logo\/image\/\"},\"sameAs\":[\"https:\/\/www.facebook.com\/profile.php?id=100063200290284\",\"https:\/\/x.com\/infoecos\"]},{\"@type\":\"Person\",\"@id\":\"https:\/\/infoecos.com.ar\/#\/schema\/person\/8f5ace5ce73b4b4aac4b7245aee6f191\",\"name\":\"Jorge Matheus\",\"url\":\"https:\/\/infoecos.com.ar\/index.php\/author\/jomatheus\/\"}]}<\/script>\n<!-- \/ Yoast SEO plugin. -->","yoast_head_json":{"title":"Cierre total del comercio en Henderson, desde este fin de semana, por dos casos de coronavirus - Infoecos","robots":{"index":"index","follow":"follow","max-snippet":"max-snippet:-1","max-image-preview":"max-image-preview:large","max-video-preview":"max-video-preview:-1"},"canonical":"https:\/\/infoecos.com.ar\/index.php\/cierre-total-del-comercio-en-henderson-desde-este-fin-de-semana-por-dos-casos-de-coronavirus\/","og_locale":"es_ES","og_type":"article","og_title":"Cierre total del comercio en Henderson, desde este fin de semana, por dos casos de coronavirus - Infoecos","og_description":"Dos casos positivos de coronavirus fueron confirmados en la ciudad de Henderson, capital del distrito...","og_url":"https:\/\/infoecos.com.ar\/index.php\/cierre-total-del-comercio-en-henderson-desde-este-fin-de-semana-por-dos-casos-de-coronavirus\/","og_site_name":"Infoecos","article_publisher":"https:\/\/www.facebook.com\/profile.php?id=100063200290284","article_published_time":"2020-07-06T04:20:41+00:00","article_modified_time":"2020-07-07T04:24:43+00:00","og_image":[{"width":1024,"height":576,"url":"https:\/\/infoecos.com.ar\/wp-content\/uploads\/pugnaloni.jpg","type":"image\/jpeg"}],"author":"Jorge Matheus","twitter_card":"summary_large_image","twitter_creator":"@infoecos","twitter_site":"@infoecos","twitter_misc":{"Escrito por":"Jorge Matheus","Tiempo de lectura":"2 minutos"},"schema":{"@context":"https:\/\/schema.org","@graph":[{"@type":"Article","@id":"https:\/\/infoecos.com.ar\/index.php\/cierre-total-del-comercio-en-henderson-desde-este-fin-de-semana-por-dos-casos-de-coronavirus\/#article","isPartOf":{"@id":"https:\/\/infoecos.com.ar\/index.php\/cierre-total-del-comercio-en-henderson-desde-este-fin-de-semana-por-dos-casos-de-coronavirus\/"},"author":{"name":"Jorge Matheus","@id":"https:\/\/infoecos.com.ar\/#\/schema\/person\/8f5ace5ce73b4b4aac4b7245aee6f191"},"headline":"Cierre total del comercio en Henderson, desde este fin de semana, por dos casos de coronavirus","datePublished":"2020-07-06T04:20:41+00:00","dateModified":"2020-07-07T04:24:43+00:00","mainEntityOfPage":{"@id":"https:\/\/infoecos.com.ar\/index.php\/cierre-total-del-comercio-en-henderson-desde-este-fin-de-semana-por-dos-casos-de-coronavirus\/"},"wordCount":514,"publisher":{"@id":"https:\/\/infoecos.com.ar\/#organization"},"image":{"@id":"https:\/\/infoecos.com.ar\/index.php\/cierre-total-del-comercio-en-henderson-desde-este-fin-de-semana-por-dos-casos-de-coronavirus\/#primaryimage"},"thumbnailUrl":"https:\/\/infoecos.com.ar\/wp-content\/uploads\/pugnaloni.jpg","keywords":["HENDERSON"],"articleSection":["Bloque inferior - 2"],"inLanguage":"es"},{"@type":"WebPage","@id":"https:\/\/infoecos.com.ar\/index.php\/cierre-total-del-comercio-en-henderson-desde-este-fin-de-semana-por-dos-casos-de-coronavirus\/","url":"https:\/\/infoecos.com.ar\/index.php\/cierre-total-del-comercio-en-henderson-desde-este-fin-de-semana-por-dos-casos-de-coronavirus\/","name":"Cierre total del comercio en Henderson, desde este fin de semana, por dos casos de coronavirus - Infoecos","isPartOf":{"@id":"https:\/\/infoecos.com.ar\/#website"},"primaryImageOfPage":{"@id":"https:\/\/infoecos.com.ar\/index.php\/cierre-total-del-comercio-en-henderson-desde-este-fin-de-semana-por-dos-casos-de-coronavirus\/#primaryimage"},"image":{"@id":"https:\/\/infoecos.com.ar\/index.php\/cierre-total-del-comercio-en-henderson-desde-este-fin-de-semana-por-dos-casos-de-coronavirus\/#primaryimage"},"thumbnailUrl":"https:\/\/infoecos.com.ar\/wp-content\/uploads\/pugnaloni.jpg","datePublished":"2020-07-06T04:20:41+00:00","dateModified":"2020-07-07T04:24:43+00:00","breadcrumb":{"@id":"https:\/\/infoecos.com.ar\/index.php\/cierre-total-del-comercio-en-henderson-desde-este-fin-de-semana-por-dos-casos-de-coronavirus\/#breadcrumb"},"inLanguage":"es","potentialAction":[{"@type":"ReadAction","target":["https:\/\/infoecos.com.ar\/index.php\/cierre-total-del-comercio-en-henderson-desde-este-fin-de-semana-por-dos-casos-de-coronavirus\/"]}]},{"@type":"ImageObject","inLanguage":"es","@id":"https:\/\/infoecos.com.ar\/index.php\/cierre-total-del-comercio-en-henderson-desde-este-fin-de-semana-por-dos-casos-de-coronavirus\/#primaryimage","url":"https:\/\/infoecos.com.ar\/wp-content\/uploads\/pugnaloni.jpg","contentUrl":"https:\/\/infoecos.com.ar\/wp-content\/uploads\/pugnaloni.jpg","width":1024,"height":576},{"@type":"BreadcrumbList","@id":"https:\/\/infoecos.com.ar\/index.php\/cierre-total-del-comercio-en-henderson-desde-este-fin-de-semana-por-dos-casos-de-coronavirus\/#breadcrumb","itemListElement":[{"@type":"ListItem","position":1,"name":"Portada","item":"https:\/\/infoecos.com.ar\/"},{"@type":"ListItem","position":2,"name":"Cierre total del comercio en Henderson, desde este fin de semana, por dos casos de coronavirus"}]},{"@type":"WebSite","@id":"https:\/\/infoecos.com.ar\/#website","url":"https:\/\/infoecos.com.ar\/","name":"Infoecos","description":"Noticias de trenque lauquen y la zona","publisher":{"@id":"https:\/\/infoecos.com.ar\/#organization"},"alternateName":"Noticias","potentialAction":[{"@type":"SearchAction","target":{"@type":"EntryPoint","urlTemplate":"https:\/\/infoecos.com.ar\/?s={search_term_string}"},"query-input":{"@type":"PropertyValueSpecification","valueRequired":true,"valueName":"search_term_string"}}],"inLanguage":"es"},{"@type":"Organization","@id":"https:\/\/infoecos.com.ar\/#organization","name":"Infoecos","alternateName":"Noticias","url":"https:\/\/infoecos.com.ar\/","logo":{"@type":"ImageObject","inLanguage":"es","@id":"https:\/\/infoecos.com.ar\/#\/schema\/logo\/image\/","url":"https:\/\/infoecos.com.ar\/wp-content\/uploads\/2024\/03\/cropped-logo.png","contentUrl":"https:\/\/infoecos.com.ar\/wp-content\/uploads\/2024\/03\/cropped-logo.png","width":374,"height":90,"caption":"Infoecos"},"image":{"@id":"https:\/\/infoecos.com.ar\/#\/schema\/logo\/image\/"},"sameAs":["https:\/\/www.facebook.com\/profile.php?id=100063200290284","https:\/\/x.com\/infoecos"]},{"@type":"Person","@id":"https:\/\/infoecos.com.ar\/#\/schema\/person\/8f5ace5ce73b4b4aac4b7245aee6f191","name":"Jorge Matheus","url":"https:\/\/infoecos.com.ar\/index.php\/author\/jomatheus\/"}]}},"featured_image_urls":{"full":["https:\/\/infoecos.com.ar\/wp-content\/uploads\/pugnaloni.jpg",1024,576,false],"thumbnail":["https:\/\/infoecos.com.ar\/wp-content\/uploads\/pugnaloni-150x150.jpg",150,150,true],"medium":["https:\/\/infoecos.com.ar\/wp-content\/uploads\/pugnaloni-460x259.jpg",460,259,true],"medium_large":["https:\/\/infoecos.com.ar\/wp-content\/uploads\/pugnaloni-768x432.jpg",640,360,true],"large":["https:\/\/infoecos.com.ar\/wp-content\/uploads\/pugnaloni-920x518.jpg",640,360,true],"1536x1536":["https:\/\/infoecos.com.ar\/wp-content\/uploads\/pugnaloni.jpg",1024,576,false],"2048x2048":["https:\/\/infoecos.com.ar\/wp-content\/uploads\/pugnaloni.jpg",1024,576,false],"covernews-slider-full":["https:\/\/infoecos.com.ar\/wp-content\/uploads\/pugnaloni.jpg",1024,576,false],"covernews-slider-center":["https:\/\/infoecos.com.ar\/wp-content\/uploads\/pugnaloni-936x576.jpg",800,492,true],"covernews-featured":["https:\/\/infoecos.com.ar\/wp-content\/uploads\/pugnaloni.jpg",1024,576,false],"covernews-medium":["https:\/\/infoecos.com.ar\/wp-content\/uploads\/pugnaloni-720x380.jpg",540,285,true],"covernews-medium-square":["https:\/\/infoecos.com.ar\/wp-content\/uploads\/pugnaloni-675x450.jpg",375,250,true]},"author_info":{"info":["Jorge Matheus"]},"category_info":"<a href=\"https:\/\/infoecos.com.ar\/index.php\/category\/inferior2\/\" rel=\"category tag\">Bloque inferior - 2<\/a>","tag_info":"Bloque inferior - 2","comment_count":"0","_links":{"self":[{"href":"https:\/\/infoecos.com.ar\/index.php\/wp-json\/wp\/v2\/posts\/64262"}],"collection":[{"href":"https:\/\/infoecos.com.ar\/index.php\/wp-json\/wp\/v2\/posts"}],"about":[{"href":"https:\/\/infoecos.com.ar\/index.php\/wp-json\/wp\/v2\/types\/post"}],"author":[{"embeddable":true,"href":"https:\/\/infoecos.com.ar\/index.php\/wp-json\/wp\/v2\/users\/2"}],"replies":[{"embeddable":true,"href":"https:\/\/infoecos.com.ar\/index.php\/wp-json\/wp\/v2\/comments?post=64262"}],"version-history":[{"count":2,"href":"https:\/\/infoecos.com.ar\/index.php\/wp-json\/wp\/v2\/posts\/64262\/revisions"}],"predecessor-version":[{"id":64267,"href":"https:\/\/infoecos.com.ar\/index.php\/wp-json\/wp\/v2\/posts\/64262\/revisions\/64267"}],"wp:featuredmedia":[{"embeddable":true,"href":"https:\/\/infoecos.com.ar\/index.php\/wp-json\/wp\/v2\/media\/64265"}],"wp:attachment":[{"href":"https:\/\/infoecos.com.ar\/index.php\/wp-json\/wp\/v2\/media?parent=64262"}],"wp:term":[{"taxonomy":"category","embeddable":true,"href":"https:\/\/infoecos.com.ar\/index.php\/wp-json\/wp\/v2\/categories?post=64262"},{"taxonomy":"post_tag","embeddable":true,"href":"https:\/\/infoecos.com.ar\/index.php\/wp-json\/wp\/v2\/tags?post=64262"}],"curies":[{"name":"wp","href":"https:\/\/api.w.org\/{rel}","templated":true}]}}