{"id":64292,"date":"2020-07-06T19:44:41","date_gmt":"2020-07-06T22:44:41","guid":{"rendered":"http:\/\/infoecos.com.ar\/?p=64292"},"modified":"2020-07-07T21:30:06","modified_gmt":"2020-07-08T00:30:06","slug":"caracteristicas-de-las-medidas-anunciadas-por-el-gobernador-de-la-provincia-de-buenos-aires","status":"publish","type":"post","link":"https:\/\/infoecos.com.ar\/index.php\/caracteristicas-de-las-medidas-anunciadas-por-el-gobernador-de-la-provincia-de-buenos-aires\/","title":{"rendered":"Caracter\u00edsticas de las medidas anunciadas por el gobernador de la provincia de Buenos Aires"},"content":{"rendered":"\n<p>La siguiente es una s\u00edntesis de las medidas anunciadas por el gobernador de la provincia de Buenos Aires, Axel Kicillof, este lunes con el prop\u00f3sito de generar pol\u00edticas que contribuyan a mejorar la situaci\u00f3n de las Pymes y los comercios que est\u00e1n padeciendo las consecuencias de la pandemia por el coronavirus. <\/p>\n\n\n\n<div class=\"wp-block-image\"><figure class=\"aligncenter size-medium\"><img loading=\"lazy\" decoding=\"async\" width=\"460\" height=\"307\" src=\"http:\/\/infoecos.com.ar\/wp-content\/uploads\/2020_07_06_AK_Anuncio-medidas-de-produccion_122-2-460x307.jpg\" alt=\"\" class=\"wp-image-64293\" srcset=\"https:\/\/infoecos.com.ar\/wp-content\/uploads\/2020_07_06_AK_Anuncio-medidas-de-produccion_122-2-460x307.jpg 460w, https:\/\/infoecos.com.ar\/wp-content\/uploads\/2020_07_06_AK_Anuncio-medidas-de-produccion_122-2-920x613.jpg 920w, https:\/\/infoecos.com.ar\/wp-content\/uploads\/2020_07_06_AK_Anuncio-medidas-de-produccion_122-2-768x512.jpg 768w, https:\/\/infoecos.com.ar\/wp-content\/uploads\/2020_07_06_AK_Anuncio-medidas-de-produccion_122-2-1536x1024.jpg 1536w, https:\/\/infoecos.com.ar\/wp-content\/uploads\/2020_07_06_AK_Anuncio-medidas-de-produccion_122-2-2048x1365.jpg 2048w, https:\/\/infoecos.com.ar\/wp-content\/uploads\/2020_07_06_AK_Anuncio-medidas-de-produccion_122-2-1024x683.jpg 1024w, https:\/\/infoecos.com.ar\/wp-content\/uploads\/2020_07_06_AK_Anuncio-medidas-de-produccion_122-2-675x450.jpg 675w\" sizes=\"(max-width: 460px) 100vw, 460px\" \/><figcaption>6 de julio de 2020. El gobernador de la provincia de Buenos Aires, Axel Kicillof, encabezo una videoconferencia donde se realizaron anuncios para el sector productivo.\nFoto: Mariano Sand\u00e1<\/figcaption><\/figure><\/div>\n\n\n\n<p><strong>Medidas Impositivas:<\/strong> <\/p>\n\n\n\n<ul class=\"wp-block-list\"><li>Reducci\u00f3n \u201cal m\u00ednimo\u201d de las al\u00edcuotas de los r\u00e9gimenes de deducciones para Ingresos Brutos, para PYMES con ingresos declarados de hasta 1 mill\u00f3n de pesos en 2019, y empresas con ca\u00eddas de ventas y aumento de la relaci\u00f3n deducciones\/ impuesto determinado, para todas las actividades registradas en ARBA.<\/li><li>Beneficio financiero a agentes de recaudaci\u00f3n, mediante Modificaci\u00f3n del plazo de ingreso de las percepciones a ARBA (de 15 a 30 d\u00edas, m\u00e9todo percibido) y plan de pagos para agentes con deudas por omisi\u00f3n.<\/li><li>Compensaci\u00f3n de impuestos provinciales: Compensaci\u00f3n del Saldo a Favor (SAF) de Ingresos Brutos con deudas acumuladas de otros impuestos, y elevaci\u00f3n a $300.000 del monto para devoluciones autom\u00e1ticas del SAF (demandas WEB).<\/li><li>Plan de pagos COVID 19: Plan de pagos para deudas tributarias contra\u00eddas durante la pandemia, con planes de hasta 18 cuotas. Los beneficiarios son contribuyentes que entre marzo y mayo 2020 hayan declarado ingresos hasta un 5% mayores que en 2019.<\/li><li>Extensi\u00f3n de planes generales de pago: para deudas generadas hasta el 31\/05, entre todos los contribuyentes y todas las actividades registradas en ARBA.<\/li><li>Bonificaciones de Ingresos Brutos para sectores afectados: Bonificaci\u00f3n del 15% en el impuesto a los Ingresos Brutos (y hasta 50% para PYMEs) hasta fin de a\u00f1o. Para contribuyentes que entre marzo y mayo 2020 hayan declarado ingresos hasta un 5% mayores que en 2019.<\/li><\/ul>\n\n\n\n<p><strong>Banco Provincia:<\/strong><\/p>\n\n\n\n<ul class=\"wp-block-list\"><li>Pr\u00e9stamo Evoluci\u00f3n: L\u00ednea de cr\u00e9dito al 35% para financiar capital de trabajo, con per\u00edodo de gracia de 3 meses y plazo de pago de 12 meses. Monto m\u00e1ximo por beneficiario: 5.000.000 de pesos. Fondeo total 5.000 MM de pesos (20% para nuevos clientes). Garant\u00edas FOGAR\/FOGABA, para todas las actividades.<\/li><li>Tarjeta pactar: Tarjeta de compra para empresas destinada a la adquisici\u00f3n de bienes de capital, insumos y materias primas. Tasa de 35% y plazo 180 d\u00edas, destinada a Empresas comerciales, industriales y de servicios con buena calificaci\u00f3n crediticia.<\/li><li>Compre bonaerense: Financiamiento para la adquisici\u00f3n de bienes de capital nuevos y usados, para ser aplicados a la producci\u00f3n de bienes y servicios. Hasta 100% de la inversi\u00f3n. 36, 48 y 60 meses. Tasas de 20%, 22% y 24%. Para todos los rubros registrados en la Provincia.<\/li><\/ul>\n\n\n\n<p><strong>Programa de Preservaci\u00f3n del Trabajo:<\/strong><\/p>\n\n\n\n<p>Consiste en la asignaci\u00f3n compensatoria del salario de hasta el 50% del SMVM por un plazo de tres meses, similar a la de los ATP nacionales. Los beneficiarios son unidades productivas cuyas caracter\u00edsticas de dotaci\u00f3n de trabajadores y trabajadoras y de facturaci\u00f3n anual, sea coincidente con el de las microempresas y peque\u00f1as empresas y que no accedieron a beneficios similares, y que se inscriban dentro de actividades afectadas por la pandemia en el AMBA (imposibilidad de funcionar y ca\u00edda de ingresos, como comercio minorista no esencial, servicios, gastronom\u00eda).<\/p>\n\n\n\n<p><strong>Fondo Municipal para la reactivaci\u00f3n de la cultura y el turismo:<\/strong> <\/p>\n\n\n\n<p>Se trata de un fondo de 300 millones de pesos para distribuir entre los 135 municipios de la PBA. Destino: gastos de adecuaci\u00f3n de locales y espacios, mantenimiento, equipamiento y adquisici\u00f3n de insumos para la reapertura del turismo y la cultura.<\/p>\n","protected":false},"excerpt":{"rendered":"<p>La siguiente es una s\u00edntesis de las medidas anunciadas por el gobernador de la provincia&#8230;<\/p>\n","protected":false},"author":2,"featured_media":64294,"comment_status":"closed","ping_status":"open","sticky":false,"template":"","format":"standard","meta":{"footnotes":""},"categories":[1614],"tags":[53],"class_list":["post-64292","post","type-post","status-publish","format-standard","has-post-thumbnail","hentry","category-c2nota7","tag-provincia-de-buenos-aires"],"yoast_head":"<!-- This site is optimized with the Yoast SEO plugin v23.4 - https:\/\/yoast.com\/wordpress\/plugins\/seo\/ -->\n<title>Caracter\u00edsticas de las medidas anunciadas por el gobernador de la provincia de Buenos Aires - Infoecos<\/title>\n<meta name=\"robots\" content=\"index, follow, max-snippet:-1, max-image-preview:large, max-video-preview:-1\" \/>\n<link rel=\"canonical\" href=\"https:\/\/infoecos.com.ar\/index.php\/caracteristicas-de-las-medidas-anunciadas-por-el-gobernador-de-la-provincia-de-buenos-aires\/\" \/>\n<meta property=\"og:locale\" content=\"es_ES\" \/>\n<meta property=\"og:type\" content=\"article\" \/>\n<meta property=\"og:title\" content=\"Caracter\u00edsticas de las medidas anunciadas por el gobernador de la provincia de Buenos Aires - Infoecos\" \/>\n<meta property=\"og:description\" content=\"La siguiente es una s\u00edntesis de las medidas anunciadas por el gobernador de la provincia...\" \/>\n<meta property=\"og:url\" content=\"https:\/\/infoecos.com.ar\/index.php\/caracteristicas-de-las-medidas-anunciadas-por-el-gobernador-de-la-provincia-de-buenos-aires\/\" \/>\n<meta property=\"og:site_name\" content=\"Infoecos\" \/>\n<meta property=\"article:publisher\" content=\"https:\/\/www.facebook.com\/profile.php?id=100063200290284\" \/>\n<meta property=\"article:published_time\" content=\"2020-07-06T22:44:41+00:00\" \/>\n<meta property=\"article:modified_time\" content=\"2020-07-08T00:30:06+00:00\" \/>\n<meta property=\"og:image\" content=\"https:\/\/infoecos.com.ar\/wp-content\/uploads\/IMG_5497-scaled.jpg\" \/>\n\t<meta property=\"og:image:width\" content=\"2560\" \/>\n\t<meta property=\"og:image:height\" content=\"1707\" \/>\n\t<meta property=\"og:image:type\" content=\"image\/jpeg\" \/>\n<meta name=\"author\" content=\"Jorge Matheus\" \/>\n<meta name=\"twitter:card\" content=\"summary_large_image\" \/>\n<meta name=\"twitter:creator\" content=\"@infoecos\" \/>\n<meta name=\"twitter:site\" content=\"@infoecos\" \/>\n<meta name=\"twitter:label1\" content=\"Escrito por\" \/>\n\t<meta name=\"twitter:data1\" content=\"Jorge Matheus\" \/>\n\t<meta name=\"twitter:label2\" content=\"Tiempo de lectura\" \/>\n\t<meta name=\"twitter:data2\" content=\"3 minutos\" \/>\n<script type=\"application\/ld+json\" class=\"yoast-schema-graph\">{\"@context\":\"https:\/\/schema.org\",\"@graph\":[{\"@type\":\"Article\",\"@id\":\"https:\/\/infoecos.com.ar\/index.php\/caracteristicas-de-las-medidas-anunciadas-por-el-gobernador-de-la-provincia-de-buenos-aires\/#article\",\"isPartOf\":{\"@id\":\"https:\/\/infoecos.com.ar\/index.php\/caracteristicas-de-las-medidas-anunciadas-por-el-gobernador-de-la-provincia-de-buenos-aires\/\"},\"author\":{\"name\":\"Jorge Matheus\",\"@id\":\"https:\/\/infoecos.com.ar\/#\/schema\/person\/8f5ace5ce73b4b4aac4b7245aee6f191\"},\"headline\":\"Caracter\u00edsticas de las medidas anunciadas por el gobernador de la provincia de Buenos Aires\",\"datePublished\":\"2020-07-06T22:44:41+00:00\",\"dateModified\":\"2020-07-08T00:30:06+00:00\",\"mainEntityOfPage\":{\"@id\":\"https:\/\/infoecos.com.ar\/index.php\/caracteristicas-de-las-medidas-anunciadas-por-el-gobernador-de-la-provincia-de-buenos-aires\/\"},\"wordCount\":614,\"publisher\":{\"@id\":\"https:\/\/infoecos.com.ar\/#organization\"},\"image\":{\"@id\":\"https:\/\/infoecos.com.ar\/index.php\/caracteristicas-de-las-medidas-anunciadas-por-el-gobernador-de-la-provincia-de-buenos-aires\/#primaryimage\"},\"thumbnailUrl\":\"https:\/\/infoecos.com.ar\/wp-content\/uploads\/IMG_5497-scaled.jpg\",\"keywords\":[\"PROVINCIA DE BUENOS AIRES\"],\"articleSection\":[\"C2 N7\"],\"inLanguage\":\"es\"},{\"@type\":\"WebPage\",\"@id\":\"https:\/\/infoecos.com.ar\/index.php\/caracteristicas-de-las-medidas-anunciadas-por-el-gobernador-de-la-provincia-de-buenos-aires\/\",\"url\":\"https:\/\/infoecos.com.ar\/index.php\/caracteristicas-de-las-medidas-anunciadas-por-el-gobernador-de-la-provincia-de-buenos-aires\/\",\"name\":\"Caracter\u00edsticas de las medidas anunciadas por el gobernador de la provincia de Buenos Aires - Infoecos\",\"isPartOf\":{\"@id\":\"https:\/\/infoecos.com.ar\/#website\"},\"primaryImageOfPage\":{\"@id\":\"https:\/\/infoecos.com.ar\/index.php\/caracteristicas-de-las-medidas-anunciadas-por-el-gobernador-de-la-provincia-de-buenos-aires\/#primaryimage\"},\"image\":{\"@id\":\"https:\/\/infoecos.com.ar\/index.php\/caracteristicas-de-las-medidas-anunciadas-por-el-gobernador-de-la-provincia-de-buenos-aires\/#primaryimage\"},\"thumbnailUrl\":\"https:\/\/infoecos.com.ar\/wp-content\/uploads\/IMG_5497-scaled.jpg\",\"datePublished\":\"2020-07-06T22:44:41+00:00\",\"dateModified\":\"2020-07-08T00:30:06+00:00\",\"breadcrumb\":{\"@id\":\"https:\/\/infoecos.com.ar\/index.php\/caracteristicas-de-las-medidas-anunciadas-por-el-gobernador-de-la-provincia-de-buenos-aires\/#breadcrumb\"},\"inLanguage\":\"es\",\"potentialAction\":[{\"@type\":\"ReadAction\",\"target\":[\"https:\/\/infoecos.com.ar\/index.php\/caracteristicas-de-las-medidas-anunciadas-por-el-gobernador-de-la-provincia-de-buenos-aires\/\"]}]},{\"@type\":\"ImageObject\",\"inLanguage\":\"es\",\"@id\":\"https:\/\/infoecos.com.ar\/index.php\/caracteristicas-de-las-medidas-anunciadas-por-el-gobernador-de-la-provincia-de-buenos-aires\/#primaryimage\",\"url\":\"https:\/\/infoecos.com.ar\/wp-content\/uploads\/IMG_5497-scaled.jpg\",\"contentUrl\":\"https:\/\/infoecos.com.ar\/wp-content\/uploads\/IMG_5497-scaled.jpg\",\"width\":2560,\"height\":1707},{\"@type\":\"BreadcrumbList\",\"@id\":\"https:\/\/infoecos.com.ar\/index.php\/caracteristicas-de-las-medidas-anunciadas-por-el-gobernador-de-la-provincia-de-buenos-aires\/#breadcrumb\",\"itemListElement\":[{\"@type\":\"ListItem\",\"position\":1,\"name\":\"Portada\",\"item\":\"https:\/\/infoecos.com.ar\/\"},{\"@type\":\"ListItem\",\"position\":2,\"name\":\"Caracter\u00edsticas de las medidas anunciadas por el gobernador de la provincia de Buenos Aires\"}]},{\"@type\":\"WebSite\",\"@id\":\"https:\/\/infoecos.com.ar\/#website\",\"url\":\"https:\/\/infoecos.com.ar\/\",\"name\":\"Infoecos\",\"description\":\"Noticias de trenque lauquen y la zona\",\"publisher\":{\"@id\":\"https:\/\/infoecos.com.ar\/#organization\"},\"alternateName\":\"Noticias\",\"potentialAction\":[{\"@type\":\"SearchAction\",\"target\":{\"@type\":\"EntryPoint\",\"urlTemplate\":\"https:\/\/infoecos.com.ar\/?s={search_term_string}\"},\"query-input\":{\"@type\":\"PropertyValueSpecification\",\"valueRequired\":true,\"valueName\":\"search_term_string\"}}],\"inLanguage\":\"es\"},{\"@type\":\"Organization\",\"@id\":\"https:\/\/infoecos.com.ar\/#organization\",\"name\":\"Infoecos\",\"alternateName\":\"Noticias\",\"url\":\"https:\/\/infoecos.com.ar\/\",\"logo\":{\"@type\":\"ImageObject\",\"inLanguage\":\"es\",\"@id\":\"https:\/\/infoecos.com.ar\/#\/schema\/logo\/image\/\",\"url\":\"https:\/\/infoecos.com.ar\/wp-content\/uploads\/2024\/03\/cropped-logo.png\",\"contentUrl\":\"https:\/\/infoecos.com.ar\/wp-content\/uploads\/2024\/03\/cropped-logo.png\",\"width\":374,\"height\":90,\"caption\":\"Infoecos\"},\"image\":{\"@id\":\"https:\/\/infoecos.com.ar\/#\/schema\/logo\/image\/\"},\"sameAs\":[\"https:\/\/www.facebook.com\/profile.php?id=100063200290284\",\"https:\/\/x.com\/infoecos\"]},{\"@type\":\"Person\",\"@id\":\"https:\/\/infoecos.com.ar\/#\/schema\/person\/8f5ace5ce73b4b4aac4b7245aee6f191\",\"name\":\"Jorge Matheus\",\"url\":\"https:\/\/infoecos.com.ar\/index.php\/author\/jomatheus\/\"}]}<\/script>\n<!-- \/ Yoast SEO plugin. -->","yoast_head_json":{"title":"Caracter\u00edsticas de las medidas anunciadas por el gobernador de la provincia de Buenos Aires - Infoecos","robots":{"index":"index","follow":"follow","max-snippet":"max-snippet:-1","max-image-preview":"max-image-preview:large","max-video-preview":"max-video-preview:-1"},"canonical":"https:\/\/infoecos.com.ar\/index.php\/caracteristicas-de-las-medidas-anunciadas-por-el-gobernador-de-la-provincia-de-buenos-aires\/","og_locale":"es_ES","og_type":"article","og_title":"Caracter\u00edsticas de las medidas anunciadas por el gobernador de la provincia de Buenos Aires - Infoecos","og_description":"La siguiente es una s\u00edntesis de las medidas anunciadas por el gobernador de la provincia...","og_url":"https:\/\/infoecos.com.ar\/index.php\/caracteristicas-de-las-medidas-anunciadas-por-el-gobernador-de-la-provincia-de-buenos-aires\/","og_site_name":"Infoecos","article_publisher":"https:\/\/www.facebook.com\/profile.php?id=100063200290284","article_published_time":"2020-07-06T22:44:41+00:00","article_modified_time":"2020-07-08T00:30:06+00:00","og_image":[{"width":2560,"height":1707,"url":"https:\/\/infoecos.com.ar\/wp-content\/uploads\/IMG_5497-scaled.jpg","type":"image\/jpeg"}],"author":"Jorge Matheus","twitter_card":"summary_large_image","twitter_creator":"@infoecos","twitter_site":"@infoecos","twitter_misc":{"Escrito por":"Jorge Matheus","Tiempo de lectura":"3 minutos"},"schema":{"@context":"https:\/\/schema.org","@graph":[{"@type":"Article","@id":"https:\/\/infoecos.com.ar\/index.php\/caracteristicas-de-las-medidas-anunciadas-por-el-gobernador-de-la-provincia-de-buenos-aires\/#article","isPartOf":{"@id":"https:\/\/infoecos.com.ar\/index.php\/caracteristicas-de-las-medidas-anunciadas-por-el-gobernador-de-la-provincia-de-buenos-aires\/"},"author":{"name":"Jorge Matheus","@id":"https:\/\/infoecos.com.ar\/#\/schema\/person\/8f5ace5ce73b4b4aac4b7245aee6f191"},"headline":"Caracter\u00edsticas de las medidas anunciadas por el gobernador de la provincia de Buenos Aires","datePublished":"2020-07-06T22:44:41+00:00","dateModified":"2020-07-08T00:30:06+00:00","mainEntityOfPage":{"@id":"https:\/\/infoecos.com.ar\/index.php\/caracteristicas-de-las-medidas-anunciadas-por-el-gobernador-de-la-provincia-de-buenos-aires\/"},"wordCount":614,"publisher":{"@id":"https:\/\/infoecos.com.ar\/#organization"},"image":{"@id":"https:\/\/infoecos.com.ar\/index.php\/caracteristicas-de-las-medidas-anunciadas-por-el-gobernador-de-la-provincia-de-buenos-aires\/#primaryimage"},"thumbnailUrl":"https:\/\/infoecos.com.ar\/wp-content\/uploads\/IMG_5497-scaled.jpg","keywords":["PROVINCIA DE BUENOS AIRES"],"articleSection":["C2 N7"],"inLanguage":"es"},{"@type":"WebPage","@id":"https:\/\/infoecos.com.ar\/index.php\/caracteristicas-de-las-medidas-anunciadas-por-el-gobernador-de-la-provincia-de-buenos-aires\/","url":"https:\/\/infoecos.com.ar\/index.php\/caracteristicas-de-las-medidas-anunciadas-por-el-gobernador-de-la-provincia-de-buenos-aires\/","name":"Caracter\u00edsticas de las medidas anunciadas por el gobernador de la provincia de Buenos Aires - Infoecos","isPartOf":{"@id":"https:\/\/infoecos.com.ar\/#website"},"primaryImageOfPage":{"@id":"https:\/\/infoecos.com.ar\/index.php\/caracteristicas-de-las-medidas-anunciadas-por-el-gobernador-de-la-provincia-de-buenos-aires\/#primaryimage"},"image":{"@id":"https:\/\/infoecos.com.ar\/index.php\/caracteristicas-de-las-medidas-anunciadas-por-el-gobernador-de-la-provincia-de-buenos-aires\/#primaryimage"},"thumbnailUrl":"https:\/\/infoecos.com.ar\/wp-content\/uploads\/IMG_5497-scaled.jpg","datePublished":"2020-07-06T22:44:41+00:00","dateModified":"2020-07-08T00:30:06+00:00","breadcrumb":{"@id":"https:\/\/infoecos.com.ar\/index.php\/caracteristicas-de-las-medidas-anunciadas-por-el-gobernador-de-la-provincia-de-buenos-aires\/#breadcrumb"},"inLanguage":"es","potentialAction":[{"@type":"ReadAction","target":["https:\/\/infoecos.com.ar\/index.php\/caracteristicas-de-las-medidas-anunciadas-por-el-gobernador-de-la-provincia-de-buenos-aires\/"]}]},{"@type":"ImageObject","inLanguage":"es","@id":"https:\/\/infoecos.com.ar\/index.php\/caracteristicas-de-las-medidas-anunciadas-por-el-gobernador-de-la-provincia-de-buenos-aires\/#primaryimage","url":"https:\/\/infoecos.com.ar\/wp-content\/uploads\/IMG_5497-scaled.jpg","contentUrl":"https:\/\/infoecos.com.ar\/wp-content\/uploads\/IMG_5497-scaled.jpg","width":2560,"height":1707},{"@type":"BreadcrumbList","@id":"https:\/\/infoecos.com.ar\/index.php\/caracteristicas-de-las-medidas-anunciadas-por-el-gobernador-de-la-provincia-de-buenos-aires\/#breadcrumb","itemListElement":[{"@type":"ListItem","position":1,"name":"Portada","item":"https:\/\/infoecos.com.ar\/"},{"@type":"ListItem","position":2,"name":"Caracter\u00edsticas de las medidas anunciadas por el gobernador de la provincia de Buenos Aires"}]},{"@type":"WebSite","@id":"https:\/\/infoecos.com.ar\/#website","url":"https:\/\/infoecos.com.ar\/","name":"Infoecos","description":"Noticias de trenque lauquen y la zona","publisher":{"@id":"https:\/\/infoecos.com.ar\/#organization"},"alternateName":"Noticias","potentialAction":[{"@type":"SearchAction","target":{"@type":"EntryPoint","urlTemplate":"https:\/\/infoecos.com.ar\/?s={search_term_string}"},"query-input":{"@type":"PropertyValueSpecification","valueRequired":true,"valueName":"search_term_string"}}],"inLanguage":"es"},{"@type":"Organization","@id":"https:\/\/infoecos.com.ar\/#organization","name":"Infoecos","alternateName":"Noticias","url":"https:\/\/infoecos.com.ar\/","logo":{"@type":"ImageObject","inLanguage":"es","@id":"https:\/\/infoecos.com.ar\/#\/schema\/logo\/image\/","url":"https:\/\/infoecos.com.ar\/wp-content\/uploads\/2024\/03\/cropped-logo.png","contentUrl":"https:\/\/infoecos.com.ar\/wp-content\/uploads\/2024\/03\/cropped-logo.png","width":374,"height":90,"caption":"Infoecos"},"image":{"@id":"https:\/\/infoecos.com.ar\/#\/schema\/logo\/image\/"},"sameAs":["https:\/\/www.facebook.com\/profile.php?id=100063200290284","https:\/\/x.com\/infoecos"]},{"@type":"Person","@id":"https:\/\/infoecos.com.ar\/#\/schema\/person\/8f5ace5ce73b4b4aac4b7245aee6f191","name":"Jorge Matheus","url":"https:\/\/infoecos.com.ar\/index.php\/author\/jomatheus\/"}]}},"featured_image_urls":{"full":["https:\/\/infoecos.com.ar\/wp-content\/uploads\/IMG_5497-scaled.jpg",2560,1707,false],"thumbnail":["https:\/\/infoecos.com.ar\/wp-content\/uploads\/IMG_5497-150x150.jpg",150,150,true],"medium":["https:\/\/infoecos.com.ar\/wp-content\/uploads\/IMG_5497-460x307.jpg",460,307,true],"medium_large":["https:\/\/infoecos.com.ar\/wp-content\/uploads\/IMG_5497-768x512.jpg",640,427,true],"large":["https:\/\/infoecos.com.ar\/wp-content\/uploads\/IMG_5497-920x613.jpg",640,426,true],"1536x1536":["https:\/\/infoecos.com.ar\/wp-content\/uploads\/IMG_5497-1536x1024.jpg",1536,1024,true],"2048x2048":["https:\/\/infoecos.com.ar\/wp-content\/uploads\/IMG_5497-2048x1365.jpg",2048,1365,true],"covernews-slider-full":["https:\/\/infoecos.com.ar\/wp-content\/uploads\/IMG_5497-1536x1020.jpg",1077,715,true],"covernews-slider-center":["https:\/\/infoecos.com.ar\/wp-content\/uploads\/IMG_5497-936x897.jpg",522,500,true],"covernews-featured":["https:\/\/infoecos.com.ar\/wp-content\/uploads\/IMG_5497-1024x683.jpg",1024,683,true],"covernews-medium":["https:\/\/infoecos.com.ar\/wp-content\/uploads\/IMG_5497-720x380.jpg",540,285,true],"covernews-medium-square":["https:\/\/infoecos.com.ar\/wp-content\/uploads\/IMG_5497-675x450.jpg",375,250,true]},"author_info":{"info":["Jorge Matheus"]},"category_info":"<a href=\"https:\/\/infoecos.com.ar\/index.php\/category\/c2nota7\/\" rel=\"category tag\">C2 N7<\/a>","tag_info":"C2 N7","comment_count":"0","_links":{"self":[{"href":"https:\/\/infoecos.com.ar\/index.php\/wp-json\/wp\/v2\/posts\/64292"}],"collection":[{"href":"https:\/\/infoecos.com.ar\/index.php\/wp-json\/wp\/v2\/posts"}],"about":[{"href":"https:\/\/infoecos.com.ar\/index.php\/wp-json\/wp\/v2\/types\/post"}],"author":[{"embeddable":true,"href":"https:\/\/infoecos.com.ar\/index.php\/wp-json\/wp\/v2\/users\/2"}],"replies":[{"embeddable":true,"href":"https:\/\/infoecos.com.ar\/index.php\/wp-json\/wp\/v2\/comments?post=64292"}],"version-history":[{"count":1,"href":"https:\/\/infoecos.com.ar\/index.php\/wp-json\/wp\/v2\/posts\/64292\/revisions"}],"predecessor-version":[{"id":64295,"href":"https:\/\/infoecos.com.ar\/index.php\/wp-json\/wp\/v2\/posts\/64292\/revisions\/64295"}],"wp:featuredmedia":[{"embeddable":true,"href":"https:\/\/infoecos.com.ar\/index.php\/wp-json\/wp\/v2\/media\/64294"}],"wp:attachment":[{"href":"https:\/\/infoecos.com.ar\/index.php\/wp-json\/wp\/v2\/media?parent=64292"}],"wp:term":[{"taxonomy":"category","embeddable":true,"href":"https:\/\/infoecos.com.ar\/index.php\/wp-json\/wp\/v2\/categories?post=64292"},{"taxonomy":"post_tag","embeddable":true,"href":"https:\/\/infoecos.com.ar\/index.php\/wp-json\/wp\/v2\/tags?post=64292"}],"curies":[{"name":"wp","href":"https:\/\/api.w.org\/{rel}","templated":true}]}}