{"id":64972,"date":"2020-07-22T01:48:06","date_gmt":"2020-07-22T04:48:06","guid":{"rendered":"http:\/\/infoecos.com.ar\/?p=64972"},"modified":"2020-07-23T01:23:48","modified_gmt":"2020-07-23T04:23:48","slug":"vuelta-a-la-escuela-el-frente-de-unidad-docente-se-reunio-con-las-autoridades-de-educacion-de-la-provincia","status":"publish","type":"post","link":"https:\/\/infoecos.com.ar\/index.php\/vuelta-a-la-escuela-el-frente-de-unidad-docente-se-reunio-con-las-autoridades-de-educacion-de-la-provincia\/","title":{"rendered":"Vuelta a la escuela: el Frente de Unidad Docente se reuni\u00f3 con las autoridades de educaci\u00f3n de la provincia"},"content":{"rendered":"\n<p>El Frente de Unidad Docente Bonaerense (FUDB) se reuni\u00f3 con la Direcci\u00f3n General de Cultura y Educaci\u00f3n para evaluar el documento que present\u00f3 Educaci\u00f3n como protocolo de \u201cvuelta a la escuela\u201d, abordar la definici\u00f3n de pautas y modelos para distritos en Distanciamiento Social, Preventivo y Obligatorio (DISPO).<\/p>\n\n\n\n<div class=\"wp-block-image\"><figure class=\"aligncenter size-medium\"><img decoding=\"async\" src=\"http:\/\/infoecos.com.ar\/wp-content\/uploads\/591493f1e0b2b_645x362-460x258.jpg\" alt=\"\" class=\"wp-image-37733\"\/><figcaption>Frente de Unidad Docente (archivo)<\/figcaption><\/figure><\/div>\n\n\n\n<p>En un comunicado, los representantes del FUDB informaron que plantearon a las autoridades educativas y mediante propuestas, el cumplimiento integral de las condiciones sanitarias y de las condiciones edilicias.<\/p>\n\n\n\n<p>Asimismo, los gremios solicitaron que se defina la organizaci\u00f3n institucional y del trabajo docente para que las mismas garanticen el cumplimiento de los derechos laborales, tanto en gesti\u00f3n estatal como en privada.<\/p>\n\n\n\n<p>&nbsp;\u201cEste encuentro permite dar los primeros pasos para discutir el c\u00f3mo para luego dar lugar al cu\u00e1ndo, de un posible retorno, que a\u00fan no tiene fecha, a las aulas\u201d, consider\u00f3 la FUDB quienes recordaron que \u201cel mismo deber\u00e1 emanar de los Ministerios de Salud de Naci\u00f3n y Provincia, cuando las instituciones se encuentren en condiciones \u00f3ptimas de asegurar la presencialidad. Para esto, deber\u00e1n proveer los elementos de seguridad e higiene para todo el personal\u201d.<\/p>\n\n\n\n<p>Por \u00faltimo, recalcaron que se avecina un \u201carduo trabajo\u201d, no sin destacar que la elaboraci\u00f3n de este tipo de material incluya los aportes de todos los actores de la Comunidad Educativa.<\/p>\n","protected":false},"excerpt":{"rendered":"<p>El Frente de Unidad Docente Bonaerense (FUDB) se reuni\u00f3 con la Direcci\u00f3n General de Cultura&#8230;<\/p>\n","protected":false},"author":2,"featured_media":37733,"comment_status":"closed","ping_status":"open","sticky":false,"template":"","format":"standard","meta":{"footnotes":""},"categories":[42],"tags":[1779],"class_list":["post-64972","post","type-post","status-publish","format-standard","has-post-thumbnail","hentry","category-inferior3","tag-educacion-2"],"yoast_head":"<!-- This site is optimized with the Yoast SEO plugin v23.4 - https:\/\/yoast.com\/wordpress\/plugins\/seo\/ -->\n<title>Vuelta a la escuela: el Frente de Unidad Docente se reuni\u00f3 con las autoridades de educaci\u00f3n de la provincia - Infoecos<\/title>\n<meta name=\"robots\" content=\"index, follow, max-snippet:-1, max-image-preview:large, max-video-preview:-1\" \/>\n<link rel=\"canonical\" href=\"https:\/\/infoecos.com.ar\/index.php\/vuelta-a-la-escuela-el-frente-de-unidad-docente-se-reunio-con-las-autoridades-de-educacion-de-la-provincia\/\" \/>\n<meta property=\"og:locale\" content=\"es_ES\" \/>\n<meta property=\"og:type\" content=\"article\" \/>\n<meta property=\"og:title\" content=\"Vuelta a la escuela: el Frente de Unidad Docente se reuni\u00f3 con las autoridades de educaci\u00f3n de la provincia - Infoecos\" \/>\n<meta property=\"og:description\" content=\"El Frente de Unidad Docente Bonaerense (FUDB) se reuni\u00f3 con la Direcci\u00f3n General de Cultura...\" \/>\n<meta property=\"og:url\" content=\"https:\/\/infoecos.com.ar\/index.php\/vuelta-a-la-escuela-el-frente-de-unidad-docente-se-reunio-con-las-autoridades-de-educacion-de-la-provincia\/\" \/>\n<meta property=\"og:site_name\" content=\"Infoecos\" \/>\n<meta property=\"article:publisher\" content=\"https:\/\/www.facebook.com\/profile.php?id=100063200290284\" \/>\n<meta property=\"article:published_time\" content=\"2020-07-22T04:48:06+00:00\" \/>\n<meta property=\"article:modified_time\" content=\"2020-07-23T04:23:48+00:00\" \/>\n<meta property=\"og:image\" content=\"https:\/\/infoecos.com.ar\/wp-content\/uploads\/591493f1e0b2b_645x362.jpg\" \/>\n\t<meta property=\"og:image:width\" content=\"645\" \/>\n\t<meta property=\"og:image:height\" content=\"362\" \/>\n\t<meta property=\"og:image:type\" content=\"image\/jpeg\" \/>\n<meta name=\"author\" content=\"Jorge Matheus\" \/>\n<meta name=\"twitter:card\" content=\"summary_large_image\" \/>\n<meta name=\"twitter:creator\" content=\"@infoecos\" \/>\n<meta name=\"twitter:site\" content=\"@infoecos\" \/>\n<meta name=\"twitter:label1\" content=\"Escrito por\" \/>\n\t<meta name=\"twitter:data1\" content=\"Jorge Matheus\" \/>\n\t<meta name=\"twitter:label2\" content=\"Tiempo de lectura\" \/>\n\t<meta name=\"twitter:data2\" content=\"1 minuto\" \/>\n<script type=\"application\/ld+json\" class=\"yoast-schema-graph\">{\"@context\":\"https:\/\/schema.org\",\"@graph\":[{\"@type\":\"Article\",\"@id\":\"https:\/\/infoecos.com.ar\/index.php\/vuelta-a-la-escuela-el-frente-de-unidad-docente-se-reunio-con-las-autoridades-de-educacion-de-la-provincia\/#article\",\"isPartOf\":{\"@id\":\"https:\/\/infoecos.com.ar\/index.php\/vuelta-a-la-escuela-el-frente-de-unidad-docente-se-reunio-con-las-autoridades-de-educacion-de-la-provincia\/\"},\"author\":{\"name\":\"Jorge Matheus\",\"@id\":\"https:\/\/infoecos.com.ar\/#\/schema\/person\/8f5ace5ce73b4b4aac4b7245aee6f191\"},\"headline\":\"Vuelta a la escuela: el Frente de Unidad Docente se reuni\u00f3 con las autoridades de educaci\u00f3n de la provincia\",\"datePublished\":\"2020-07-22T04:48:06+00:00\",\"dateModified\":\"2020-07-23T04:23:48+00:00\",\"mainEntityOfPage\":{\"@id\":\"https:\/\/infoecos.com.ar\/index.php\/vuelta-a-la-escuela-el-frente-de-unidad-docente-se-reunio-con-las-autoridades-de-educacion-de-la-provincia\/\"},\"wordCount\":251,\"publisher\":{\"@id\":\"https:\/\/infoecos.com.ar\/#organization\"},\"image\":{\"@id\":\"https:\/\/infoecos.com.ar\/index.php\/vuelta-a-la-escuela-el-frente-de-unidad-docente-se-reunio-con-las-autoridades-de-educacion-de-la-provincia\/#primaryimage\"},\"thumbnailUrl\":\"\",\"keywords\":[\"EDUCACION\"],\"articleSection\":[\"Bloque inferior - 3\"],\"inLanguage\":\"es\"},{\"@type\":\"WebPage\",\"@id\":\"https:\/\/infoecos.com.ar\/index.php\/vuelta-a-la-escuela-el-frente-de-unidad-docente-se-reunio-con-las-autoridades-de-educacion-de-la-provincia\/\",\"url\":\"https:\/\/infoecos.com.ar\/index.php\/vuelta-a-la-escuela-el-frente-de-unidad-docente-se-reunio-con-las-autoridades-de-educacion-de-la-provincia\/\",\"name\":\"Vuelta a la escuela: el Frente de Unidad Docente se reuni\u00f3 con las autoridades de educaci\u00f3n de la provincia - Infoecos\",\"isPartOf\":{\"@id\":\"https:\/\/infoecos.com.ar\/#website\"},\"primaryImageOfPage\":{\"@id\":\"https:\/\/infoecos.com.ar\/index.php\/vuelta-a-la-escuela-el-frente-de-unidad-docente-se-reunio-con-las-autoridades-de-educacion-de-la-provincia\/#primaryimage\"},\"image\":{\"@id\":\"https:\/\/infoecos.com.ar\/index.php\/vuelta-a-la-escuela-el-frente-de-unidad-docente-se-reunio-con-las-autoridades-de-educacion-de-la-provincia\/#primaryimage\"},\"thumbnailUrl\":\"\",\"datePublished\":\"2020-07-22T04:48:06+00:00\",\"dateModified\":\"2020-07-23T04:23:48+00:00\",\"breadcrumb\":{\"@id\":\"https:\/\/infoecos.com.ar\/index.php\/vuelta-a-la-escuela-el-frente-de-unidad-docente-se-reunio-con-las-autoridades-de-educacion-de-la-provincia\/#breadcrumb\"},\"inLanguage\":\"es\",\"potentialAction\":[{\"@type\":\"ReadAction\",\"target\":[\"https:\/\/infoecos.com.ar\/index.php\/vuelta-a-la-escuela-el-frente-de-unidad-docente-se-reunio-con-las-autoridades-de-educacion-de-la-provincia\/\"]}]},{\"@type\":\"ImageObject\",\"inLanguage\":\"es\",\"@id\":\"https:\/\/infoecos.com.ar\/index.php\/vuelta-a-la-escuela-el-frente-de-unidad-docente-se-reunio-con-las-autoridades-de-educacion-de-la-provincia\/#primaryimage\",\"url\":\"\",\"contentUrl\":\"\"},{\"@type\":\"BreadcrumbList\",\"@id\":\"https:\/\/infoecos.com.ar\/index.php\/vuelta-a-la-escuela-el-frente-de-unidad-docente-se-reunio-con-las-autoridades-de-educacion-de-la-provincia\/#breadcrumb\",\"itemListElement\":[{\"@type\":\"ListItem\",\"position\":1,\"name\":\"Portada\",\"item\":\"https:\/\/infoecos.com.ar\/\"},{\"@type\":\"ListItem\",\"position\":2,\"name\":\"Vuelta a la escuela: el Frente de Unidad Docente se reuni\u00f3 con las autoridades de educaci\u00f3n de la provincia\"}]},{\"@type\":\"WebSite\",\"@id\":\"https:\/\/infoecos.com.ar\/#website\",\"url\":\"https:\/\/infoecos.com.ar\/\",\"name\":\"Infoecos\",\"description\":\"Noticias de trenque lauquen y la zona\",\"publisher\":{\"@id\":\"https:\/\/infoecos.com.ar\/#organization\"},\"alternateName\":\"Noticias\",\"potentialAction\":[{\"@type\":\"SearchAction\",\"target\":{\"@type\":\"EntryPoint\",\"urlTemplate\":\"https:\/\/infoecos.com.ar\/?s={search_term_string}\"},\"query-input\":{\"@type\":\"PropertyValueSpecification\",\"valueRequired\":true,\"valueName\":\"search_term_string\"}}],\"inLanguage\":\"es\"},{\"@type\":\"Organization\",\"@id\":\"https:\/\/infoecos.com.ar\/#organization\",\"name\":\"Infoecos\",\"alternateName\":\"Noticias\",\"url\":\"https:\/\/infoecos.com.ar\/\",\"logo\":{\"@type\":\"ImageObject\",\"inLanguage\":\"es\",\"@id\":\"https:\/\/infoecos.com.ar\/#\/schema\/logo\/image\/\",\"url\":\"https:\/\/infoecos.com.ar\/wp-content\/uploads\/2024\/03\/cropped-logo.png\",\"contentUrl\":\"https:\/\/infoecos.com.ar\/wp-content\/uploads\/2024\/03\/cropped-logo.png\",\"width\":374,\"height\":90,\"caption\":\"Infoecos\"},\"image\":{\"@id\":\"https:\/\/infoecos.com.ar\/#\/schema\/logo\/image\/\"},\"sameAs\":[\"https:\/\/www.facebook.com\/profile.php?id=100063200290284\",\"https:\/\/x.com\/infoecos\"]},{\"@type\":\"Person\",\"@id\":\"https:\/\/infoecos.com.ar\/#\/schema\/person\/8f5ace5ce73b4b4aac4b7245aee6f191\",\"name\":\"Jorge Matheus\",\"url\":\"https:\/\/infoecos.com.ar\/index.php\/author\/jomatheus\/\"}]}<\/script>\n<!-- \/ Yoast SEO plugin. -->","yoast_head_json":{"title":"Vuelta a la escuela: el Frente de Unidad Docente se reuni\u00f3 con las autoridades de educaci\u00f3n de la provincia - Infoecos","robots":{"index":"index","follow":"follow","max-snippet":"max-snippet:-1","max-image-preview":"max-image-preview:large","max-video-preview":"max-video-preview:-1"},"canonical":"https:\/\/infoecos.com.ar\/index.php\/vuelta-a-la-escuela-el-frente-de-unidad-docente-se-reunio-con-las-autoridades-de-educacion-de-la-provincia\/","og_locale":"es_ES","og_type":"article","og_title":"Vuelta a la escuela: el Frente de Unidad Docente se reuni\u00f3 con las autoridades de educaci\u00f3n de la provincia - Infoecos","og_description":"El Frente de Unidad Docente Bonaerense (FUDB) se reuni\u00f3 con la Direcci\u00f3n General de Cultura...","og_url":"https:\/\/infoecos.com.ar\/index.php\/vuelta-a-la-escuela-el-frente-de-unidad-docente-se-reunio-con-las-autoridades-de-educacion-de-la-provincia\/","og_site_name":"Infoecos","article_publisher":"https:\/\/www.facebook.com\/profile.php?id=100063200290284","article_published_time":"2020-07-22T04:48:06+00:00","article_modified_time":"2020-07-23T04:23:48+00:00","og_image":[{"width":645,"height":362,"url":"https:\/\/infoecos.com.ar\/wp-content\/uploads\/591493f1e0b2b_645x362.jpg","type":"image\/jpeg"}],"author":"Jorge Matheus","twitter_card":"summary_large_image","twitter_creator":"@infoecos","twitter_site":"@infoecos","twitter_misc":{"Escrito por":"Jorge Matheus","Tiempo de lectura":"1 minuto"},"schema":{"@context":"https:\/\/schema.org","@graph":[{"@type":"Article","@id":"https:\/\/infoecos.com.ar\/index.php\/vuelta-a-la-escuela-el-frente-de-unidad-docente-se-reunio-con-las-autoridades-de-educacion-de-la-provincia\/#article","isPartOf":{"@id":"https:\/\/infoecos.com.ar\/index.php\/vuelta-a-la-escuela-el-frente-de-unidad-docente-se-reunio-con-las-autoridades-de-educacion-de-la-provincia\/"},"author":{"name":"Jorge Matheus","@id":"https:\/\/infoecos.com.ar\/#\/schema\/person\/8f5ace5ce73b4b4aac4b7245aee6f191"},"headline":"Vuelta a la escuela: el Frente de Unidad Docente se reuni\u00f3 con las autoridades de educaci\u00f3n de la provincia","datePublished":"2020-07-22T04:48:06+00:00","dateModified":"2020-07-23T04:23:48+00:00","mainEntityOfPage":{"@id":"https:\/\/infoecos.com.ar\/index.php\/vuelta-a-la-escuela-el-frente-de-unidad-docente-se-reunio-con-las-autoridades-de-educacion-de-la-provincia\/"},"wordCount":251,"publisher":{"@id":"https:\/\/infoecos.com.ar\/#organization"},"image":{"@id":"https:\/\/infoecos.com.ar\/index.php\/vuelta-a-la-escuela-el-frente-de-unidad-docente-se-reunio-con-las-autoridades-de-educacion-de-la-provincia\/#primaryimage"},"thumbnailUrl":"","keywords":["EDUCACION"],"articleSection":["Bloque inferior - 3"],"inLanguage":"es"},{"@type":"WebPage","@id":"https:\/\/infoecos.com.ar\/index.php\/vuelta-a-la-escuela-el-frente-de-unidad-docente-se-reunio-con-las-autoridades-de-educacion-de-la-provincia\/","url":"https:\/\/infoecos.com.ar\/index.php\/vuelta-a-la-escuela-el-frente-de-unidad-docente-se-reunio-con-las-autoridades-de-educacion-de-la-provincia\/","name":"Vuelta a la escuela: el Frente de Unidad Docente se reuni\u00f3 con las autoridades de educaci\u00f3n de la provincia - Infoecos","isPartOf":{"@id":"https:\/\/infoecos.com.ar\/#website"},"primaryImageOfPage":{"@id":"https:\/\/infoecos.com.ar\/index.php\/vuelta-a-la-escuela-el-frente-de-unidad-docente-se-reunio-con-las-autoridades-de-educacion-de-la-provincia\/#primaryimage"},"image":{"@id":"https:\/\/infoecos.com.ar\/index.php\/vuelta-a-la-escuela-el-frente-de-unidad-docente-se-reunio-con-las-autoridades-de-educacion-de-la-provincia\/#primaryimage"},"thumbnailUrl":"","datePublished":"2020-07-22T04:48:06+00:00","dateModified":"2020-07-23T04:23:48+00:00","breadcrumb":{"@id":"https:\/\/infoecos.com.ar\/index.php\/vuelta-a-la-escuela-el-frente-de-unidad-docente-se-reunio-con-las-autoridades-de-educacion-de-la-provincia\/#breadcrumb"},"inLanguage":"es","potentialAction":[{"@type":"ReadAction","target":["https:\/\/infoecos.com.ar\/index.php\/vuelta-a-la-escuela-el-frente-de-unidad-docente-se-reunio-con-las-autoridades-de-educacion-de-la-provincia\/"]}]},{"@type":"ImageObject","inLanguage":"es","@id":"https:\/\/infoecos.com.ar\/index.php\/vuelta-a-la-escuela-el-frente-de-unidad-docente-se-reunio-con-las-autoridades-de-educacion-de-la-provincia\/#primaryimage","url":"","contentUrl":""},{"@type":"BreadcrumbList","@id":"https:\/\/infoecos.com.ar\/index.php\/vuelta-a-la-escuela-el-frente-de-unidad-docente-se-reunio-con-las-autoridades-de-educacion-de-la-provincia\/#breadcrumb","itemListElement":[{"@type":"ListItem","position":1,"name":"Portada","item":"https:\/\/infoecos.com.ar\/"},{"@type":"ListItem","position":2,"name":"Vuelta a la escuela: el Frente de Unidad Docente se reuni\u00f3 con las autoridades de educaci\u00f3n de la provincia"}]},{"@type":"WebSite","@id":"https:\/\/infoecos.com.ar\/#website","url":"https:\/\/infoecos.com.ar\/","name":"Infoecos","description":"Noticias de trenque lauquen y la zona","publisher":{"@id":"https:\/\/infoecos.com.ar\/#organization"},"alternateName":"Noticias","potentialAction":[{"@type":"SearchAction","target":{"@type":"EntryPoint","urlTemplate":"https:\/\/infoecos.com.ar\/?s={search_term_string}"},"query-input":{"@type":"PropertyValueSpecification","valueRequired":true,"valueName":"search_term_string"}}],"inLanguage":"es"},{"@type":"Organization","@id":"https:\/\/infoecos.com.ar\/#organization","name":"Infoecos","alternateName":"Noticias","url":"https:\/\/infoecos.com.ar\/","logo":{"@type":"ImageObject","inLanguage":"es","@id":"https:\/\/infoecos.com.ar\/#\/schema\/logo\/image\/","url":"https:\/\/infoecos.com.ar\/wp-content\/uploads\/2024\/03\/cropped-logo.png","contentUrl":"https:\/\/infoecos.com.ar\/wp-content\/uploads\/2024\/03\/cropped-logo.png","width":374,"height":90,"caption":"Infoecos"},"image":{"@id":"https:\/\/infoecos.com.ar\/#\/schema\/logo\/image\/"},"sameAs":["https:\/\/www.facebook.com\/profile.php?id=100063200290284","https:\/\/x.com\/infoecos"]},{"@type":"Person","@id":"https:\/\/infoecos.com.ar\/#\/schema\/person\/8f5ace5ce73b4b4aac4b7245aee6f191","name":"Jorge Matheus","url":"https:\/\/infoecos.com.ar\/index.php\/author\/jomatheus\/"}]}},"featured_image_urls":{"full":"","thumbnail":"","medium":"","medium_large":"","large":"","1536x1536":"","2048x2048":"","covernews-slider-full":"","covernews-slider-center":"","covernews-featured":"","covernews-medium":"","covernews-medium-square":""},"author_info":{"info":["Jorge Matheus"]},"category_info":"<a href=\"https:\/\/infoecos.com.ar\/index.php\/category\/inferior3\/\" rel=\"category tag\">Bloque inferior - 3<\/a>","tag_info":"Bloque inferior - 3","comment_count":"0","_links":{"self":[{"href":"https:\/\/infoecos.com.ar\/index.php\/wp-json\/wp\/v2\/posts\/64972"}],"collection":[{"href":"https:\/\/infoecos.com.ar\/index.php\/wp-json\/wp\/v2\/posts"}],"about":[{"href":"https:\/\/infoecos.com.ar\/index.php\/wp-json\/wp\/v2\/types\/post"}],"author":[{"embeddable":true,"href":"https:\/\/infoecos.com.ar\/index.php\/wp-json\/wp\/v2\/users\/2"}],"replies":[{"embeddable":true,"href":"https:\/\/infoecos.com.ar\/index.php\/wp-json\/wp\/v2\/comments?post=64972"}],"version-history":[{"count":1,"href":"https:\/\/infoecos.com.ar\/index.php\/wp-json\/wp\/v2\/posts\/64972\/revisions"}],"predecessor-version":[{"id":64973,"href":"https:\/\/infoecos.com.ar\/index.php\/wp-json\/wp\/v2\/posts\/64972\/revisions\/64973"}],"wp:featuredmedia":[{"embeddable":true,"href":"https:\/\/infoecos.com.ar\/index.php\/wp-json\/"}],"wp:attachment":[{"href":"https:\/\/infoecos.com.ar\/index.php\/wp-json\/wp\/v2\/media?parent=64972"}],"wp:term":[{"taxonomy":"category","embeddable":true,"href":"https:\/\/infoecos.com.ar\/index.php\/wp-json\/wp\/v2\/categories?post=64972"},{"taxonomy":"post_tag","embeddable":true,"href":"https:\/\/infoecos.com.ar\/index.php\/wp-json\/wp\/v2\/tags?post=64972"}],"curies":[{"name":"wp","href":"https:\/\/api.w.org\/{rel}","templated":true}]}}