{"id":65365,"date":"2020-07-30T01:18:53","date_gmt":"2020-07-30T04:18:53","guid":{"rendered":"http:\/\/infoecos.com.ar\/?p=65365"},"modified":"2020-07-31T02:32:41","modified_gmt":"2020-07-31T05:32:41","slug":"el-departamento-judicial-de-trenque-lauquen-uno-de-los-que-menor-tasa-de-procesos-juveniles-registro-en-el-2019","status":"publish","type":"post","link":"https:\/\/infoecos.com.ar\/index.php\/el-departamento-judicial-de-trenque-lauquen-uno-de-los-que-menor-tasa-de-procesos-juveniles-registro-en-el-2019\/","title":{"rendered":"El Departamento Judicial de Trenque Lauquen uno de los que menor tasa de procesos juveniles registr\u00f3 en el 2019"},"content":{"rendered":"\n<p>El Ministerio P\u00fablico de la provincia de Buenos Aires, a trav\u00e9s de una estad\u00edstica, revela que en&nbsp;2019 disminuy\u00f3 la tasa de procesos juveniles en territorio bonaerense. El Registro de Procesos del Ni\u00f1o (RPN) contiene la informaci\u00f3n referida a los procesos penales seguidos a j\u00f3venes que, siendo punibles por edad y por delito (conforme Leyes N\u00b0 22.278 y N\u00b0 13.634), fueron imputados formalmente en los t\u00e9rminos del art. 308 primer p\u00e1rrafo del C\u00f3digo Procesal Penal de la provincia de Buenos Aires.<\/p>\n\n\n\n<div class=\"wp-block-image\"><figure class=\"aligncenter size-medium\"><img loading=\"lazy\" decoding=\"async\" width=\"460\" height=\"301\" src=\"http:\/\/infoecos.com.ar\/wp-content\/uploads\/justicia-1-460x301.jpg\" alt=\"\" class=\"wp-image-60915\" srcset=\"https:\/\/infoecos.com.ar\/wp-content\/uploads\/justicia-1-460x301.jpg 460w, https:\/\/infoecos.com.ar\/wp-content\/uploads\/justicia-1.jpg 612w\" sizes=\"(max-width: 460px) 100vw, 460px\" \/><figcaption>S\u00edmbolo de Justicia<\/figcaption><\/figure><\/div>\n\n\n\n<p><strong>BAJ\u00d3 LA TASA DE IMPUTADOS<\/strong><\/p>\n\n\n\n<p>De acuerdo a lo que indica el informe oficial, durante el 2019 se&nbsp;registraron en el RPN 2.374 procesos penales juveniles en la Provincia. En el marco de dichos procesos, se efectuaron 2.730 imputaciones formales mientras que el n\u00famero de j\u00f3venes imputados -individualizados y computados una sola vez durante el a\u00f1o- fue de 2.251. Ello implica que hubo procesos penales juveniles con m\u00e1s de un joven imputado y, al mismo tiempo, j\u00f3venes imputados en m\u00e1s de un proceso. En relaci\u00f3n al a\u00f1o 2018, se registra una disminuci\u00f3n de la tasa.&nbsp;<\/p>\n\n\n\n<figure class=\"wp-block-image\"><img decoding=\"async\" src=\"https:\/\/i.postimg.cc\/bJZGTmZ9\/estadistica.jpg\" alt=\"\"\/><\/figure>\n\n\n\n<p><strong>EL SUR DEL CONURBANO, LA ZONA M\u00c1S CALIENTE&nbsp;<\/strong><\/p>\n\n\n\n<p>El departamento judicial con mayor n\u00famero de procesos penales juveniles registrados en el RPN en 2019 es el de Lomas de Zamora (que abarca el territorio de los partidos de Almirante Brown, Avellaneda, Esteban Echeverr\u00eda, Ezeiza, Lan\u00fas y Lomas de Zamora) con 313 casos(13,2%). Le sigue Quilmes (que abarca el territorio de los partidos de Berazategui, Florencio Varela y Quilmes, con 213 (9,0%) y La Matanza (que abarca \u00fanicamente ese municipio de la Provincia por ser un \u00e1rea de m\u00e1s de 2 millones de habitantes)con 186 (7,8%).<\/p>\n\n\n\n<p><strong>CU\u00c1LES SON LOS MUNICIPIOS CON MENOS CASOS<\/strong><\/p>\n\n\n\n<p>Por otro lado, los departamentos judiciales que registraron la menor cantidad de procesos de dicha naturaleza fueron Necochea (que abarca&nbsp;el territorio de los partidos de&nbsp;Lober\u00eda,&nbsp;Necochea&nbsp;y&nbsp;San Cayetano) con 29 (1,2%), Trenque Lauquen (que abarca el territorio de los partidos de&nbsp;Adolfo Alsina,&nbsp;Carlos Casares,&nbsp;Carlos Tejedor,&nbsp;Daireaux,&nbsp;General Villegas,&nbsp;Guamin\u00ed,&nbsp;Hip\u00f3lito Yrigoyen,&nbsp;Pehuaj\u00f3,&nbsp;Pellegrini,&nbsp;Rivadavia,&nbsp;Salliquel\u00f3,&nbsp;Trenque Lauquen&nbsp;y&nbsp;Tres Lomas) con 44 (1,9%) y Z\u00e1rate-Campana (Campana,&nbsp;Escobar,&nbsp;Exaltaci\u00f3n de la Cruz&nbsp;y&nbsp;Z\u00e1rate),&nbsp;con 51 (2,1%).<\/p>\n\n\n\n<p><strong>LAS IMPUTACIONES, EN N\u00daMEROS<\/strong><\/p>\n\n\n\n<p>Del an\u00e1lisis de las caracter\u00edsticas de los j\u00f3venes imputados formalmente surge que el 94,8% es de sexo masculino y el 5,2% de sexo femenino. El total de delitos por los que fueron imputados los j\u00f3venes registrados en el RPN en 2019 asciende a 3.653, es decir, un 6,5% menos que el total de delitos por los que fueron imputados los j\u00f3venes registrados en el RPN en 2018 (3.907).<\/p>\n\n\n\n<p>En cuanto a los delitos en particular, en el 70,2% de los casos se imputaron \u00abdelitos contra la propiedad\u00bb (robo, hurto, estafa o extorsi\u00f3n).&nbsp;En el 8,2% \u00abdelitos contra la administraci\u00f3n p\u00fablica\u00bb, en el 7,8% \u00abdelitos contra las personas\u00bb, en el 6,6% \u00abdelitos contra la seguridad p\u00fablica\u00bb, en el 4,8% \u00abdelitos contra la libertad\u00bb, en el 1,7% \u00abdelitos contra la integridad sexual\u00bb y en el 0,7% otros delitos.<\/p>\n\n\n\n<p><strong>M\u00c1S DE MIL J\u00d3VENES DETENIDOS<\/strong><\/p>\n\n\n\n<p>Ahora bien, al 31 de diciembre de 2019, independientemente de la fecha de inicio del proceso penal juvenil respectivo, obraba en el RPN un total de 1.528 j\u00f3venes privados de libertad, de los cuales el 44,4% (678) se encontraba en Centros de Ni\u00f1ez, el 33,3% (509) en dependencias del Servicio Penitenciario Bonaerense, el 19,0% (291) bajo prisi\u00f3n domiciliaria, mientras que el restante 3,3% (50) se encontraba alojado en otras instituciones.<\/p>\n\n\n\n<p>Fuente: lanoticia1.com<\/p>\n","protected":false},"excerpt":{"rendered":"<p>El Ministerio P\u00fablico de la provincia de Buenos Aires, a trav\u00e9s de una estad\u00edstica, revela&#8230;<\/p>\n","protected":false},"author":2,"featured_media":20729,"comment_status":"closed","ping_status":"open","sticky":false,"template":"","format":"standard","meta":{"footnotes":""},"categories":[1614],"tags":[322],"class_list":["post-65365","post","type-post","status-publish","format-standard","has-post-thumbnail","hentry","category-c2nota7","tag-justicia"],"yoast_head":"<!-- This site is optimized with the Yoast SEO plugin v23.4 - https:\/\/yoast.com\/wordpress\/plugins\/seo\/ -->\n<title>El Departamento Judicial de Trenque Lauquen uno de los que menor tasa de procesos juveniles registr\u00f3 en el 2019 - Infoecos<\/title>\n<meta name=\"robots\" content=\"index, follow, max-snippet:-1, max-image-preview:large, max-video-preview:-1\" \/>\n<link rel=\"canonical\" href=\"https:\/\/infoecos.com.ar\/index.php\/el-departamento-judicial-de-trenque-lauquen-uno-de-los-que-menor-tasa-de-procesos-juveniles-registro-en-el-2019\/\" \/>\n<meta property=\"og:locale\" content=\"es_ES\" \/>\n<meta property=\"og:type\" content=\"article\" \/>\n<meta property=\"og:title\" content=\"El Departamento Judicial de Trenque Lauquen uno de los que menor tasa de procesos juveniles registr\u00f3 en el 2019 - Infoecos\" \/>\n<meta property=\"og:description\" content=\"El Ministerio P\u00fablico de la provincia de Buenos Aires, a trav\u00e9s de una estad\u00edstica, revela...\" \/>\n<meta property=\"og:url\" content=\"https:\/\/infoecos.com.ar\/index.php\/el-departamento-judicial-de-trenque-lauquen-uno-de-los-que-menor-tasa-de-procesos-juveniles-registro-en-el-2019\/\" \/>\n<meta property=\"og:site_name\" content=\"Infoecos\" \/>\n<meta property=\"article:publisher\" content=\"https:\/\/www.facebook.com\/profile.php?id=100063200290284\" \/>\n<meta property=\"article:published_time\" content=\"2020-07-30T04:18:53+00:00\" \/>\n<meta property=\"article:modified_time\" content=\"2020-07-31T05:32:41+00:00\" \/>\n<meta property=\"og:image\" content=\"https:\/\/infoecos.com.ar\/wp-content\/uploads\/TRIBUNALEs.jpg\" \/>\n\t<meta property=\"og:image:width\" content=\"854\" \/>\n\t<meta property=\"og:image:height\" content=\"567\" \/>\n\t<meta property=\"og:image:type\" content=\"image\/jpeg\" \/>\n<meta name=\"author\" content=\"Jorge Matheus\" \/>\n<meta name=\"twitter:card\" content=\"summary_large_image\" \/>\n<meta name=\"twitter:creator\" content=\"@infoecos\" \/>\n<meta name=\"twitter:site\" content=\"@infoecos\" \/>\n<meta name=\"twitter:label1\" content=\"Escrito por\" \/>\n\t<meta name=\"twitter:data1\" content=\"Jorge Matheus\" \/>\n\t<meta name=\"twitter:label2\" content=\"Tiempo de lectura\" \/>\n\t<meta name=\"twitter:data2\" content=\"3 minutos\" \/>\n<script type=\"application\/ld+json\" class=\"yoast-schema-graph\">{\"@context\":\"https:\/\/schema.org\",\"@graph\":[{\"@type\":\"Article\",\"@id\":\"https:\/\/infoecos.com.ar\/index.php\/el-departamento-judicial-de-trenque-lauquen-uno-de-los-que-menor-tasa-de-procesos-juveniles-registro-en-el-2019\/#article\",\"isPartOf\":{\"@id\":\"https:\/\/infoecos.com.ar\/index.php\/el-departamento-judicial-de-trenque-lauquen-uno-de-los-que-menor-tasa-de-procesos-juveniles-registro-en-el-2019\/\"},\"author\":{\"name\":\"Jorge Matheus\",\"@id\":\"https:\/\/infoecos.com.ar\/#\/schema\/person\/8f5ace5ce73b4b4aac4b7245aee6f191\"},\"headline\":\"El Departamento Judicial de Trenque Lauquen uno de los que menor tasa de procesos juveniles registr\u00f3 en el 2019\",\"datePublished\":\"2020-07-30T04:18:53+00:00\",\"dateModified\":\"2020-07-31T05:32:41+00:00\",\"mainEntityOfPage\":{\"@id\":\"https:\/\/infoecos.com.ar\/index.php\/el-departamento-judicial-de-trenque-lauquen-uno-de-los-que-menor-tasa-de-procesos-juveniles-registro-en-el-2019\/\"},\"wordCount\":626,\"publisher\":{\"@id\":\"https:\/\/infoecos.com.ar\/#organization\"},\"image\":{\"@id\":\"https:\/\/infoecos.com.ar\/index.php\/el-departamento-judicial-de-trenque-lauquen-uno-de-los-que-menor-tasa-de-procesos-juveniles-registro-en-el-2019\/#primaryimage\"},\"thumbnailUrl\":\"\",\"keywords\":[\"JUSTICIA\"],\"articleSection\":[\"C2 N7\"],\"inLanguage\":\"es\"},{\"@type\":\"WebPage\",\"@id\":\"https:\/\/infoecos.com.ar\/index.php\/el-departamento-judicial-de-trenque-lauquen-uno-de-los-que-menor-tasa-de-procesos-juveniles-registro-en-el-2019\/\",\"url\":\"https:\/\/infoecos.com.ar\/index.php\/el-departamento-judicial-de-trenque-lauquen-uno-de-los-que-menor-tasa-de-procesos-juveniles-registro-en-el-2019\/\",\"name\":\"El Departamento Judicial de Trenque Lauquen uno de los que menor tasa de procesos juveniles registr\u00f3 en el 2019 - Infoecos\",\"isPartOf\":{\"@id\":\"https:\/\/infoecos.com.ar\/#website\"},\"primaryImageOfPage\":{\"@id\":\"https:\/\/infoecos.com.ar\/index.php\/el-departamento-judicial-de-trenque-lauquen-uno-de-los-que-menor-tasa-de-procesos-juveniles-registro-en-el-2019\/#primaryimage\"},\"image\":{\"@id\":\"https:\/\/infoecos.com.ar\/index.php\/el-departamento-judicial-de-trenque-lauquen-uno-de-los-que-menor-tasa-de-procesos-juveniles-registro-en-el-2019\/#primaryimage\"},\"thumbnailUrl\":\"\",\"datePublished\":\"2020-07-30T04:18:53+00:00\",\"dateModified\":\"2020-07-31T05:32:41+00:00\",\"breadcrumb\":{\"@id\":\"https:\/\/infoecos.com.ar\/index.php\/el-departamento-judicial-de-trenque-lauquen-uno-de-los-que-menor-tasa-de-procesos-juveniles-registro-en-el-2019\/#breadcrumb\"},\"inLanguage\":\"es\",\"potentialAction\":[{\"@type\":\"ReadAction\",\"target\":[\"https:\/\/infoecos.com.ar\/index.php\/el-departamento-judicial-de-trenque-lauquen-uno-de-los-que-menor-tasa-de-procesos-juveniles-registro-en-el-2019\/\"]}]},{\"@type\":\"ImageObject\",\"inLanguage\":\"es\",\"@id\":\"https:\/\/infoecos.com.ar\/index.php\/el-departamento-judicial-de-trenque-lauquen-uno-de-los-que-menor-tasa-de-procesos-juveniles-registro-en-el-2019\/#primaryimage\",\"url\":\"\",\"contentUrl\":\"\"},{\"@type\":\"BreadcrumbList\",\"@id\":\"https:\/\/infoecos.com.ar\/index.php\/el-departamento-judicial-de-trenque-lauquen-uno-de-los-que-menor-tasa-de-procesos-juveniles-registro-en-el-2019\/#breadcrumb\",\"itemListElement\":[{\"@type\":\"ListItem\",\"position\":1,\"name\":\"Portada\",\"item\":\"https:\/\/infoecos.com.ar\/\"},{\"@type\":\"ListItem\",\"position\":2,\"name\":\"El Departamento Judicial de Trenque Lauquen uno de los que menor tasa de procesos juveniles registr\u00f3 en el 2019\"}]},{\"@type\":\"WebSite\",\"@id\":\"https:\/\/infoecos.com.ar\/#website\",\"url\":\"https:\/\/infoecos.com.ar\/\",\"name\":\"Infoecos\",\"description\":\"Noticias de trenque lauquen y la zona\",\"publisher\":{\"@id\":\"https:\/\/infoecos.com.ar\/#organization\"},\"alternateName\":\"Noticias\",\"potentialAction\":[{\"@type\":\"SearchAction\",\"target\":{\"@type\":\"EntryPoint\",\"urlTemplate\":\"https:\/\/infoecos.com.ar\/?s={search_term_string}\"},\"query-input\":{\"@type\":\"PropertyValueSpecification\",\"valueRequired\":true,\"valueName\":\"search_term_string\"}}],\"inLanguage\":\"es\"},{\"@type\":\"Organization\",\"@id\":\"https:\/\/infoecos.com.ar\/#organization\",\"name\":\"Infoecos\",\"alternateName\":\"Noticias\",\"url\":\"https:\/\/infoecos.com.ar\/\",\"logo\":{\"@type\":\"ImageObject\",\"inLanguage\":\"es\",\"@id\":\"https:\/\/infoecos.com.ar\/#\/schema\/logo\/image\/\",\"url\":\"https:\/\/infoecos.com.ar\/wp-content\/uploads\/2024\/03\/cropped-logo.png\",\"contentUrl\":\"https:\/\/infoecos.com.ar\/wp-content\/uploads\/2024\/03\/cropped-logo.png\",\"width\":374,\"height\":90,\"caption\":\"Infoecos\"},\"image\":{\"@id\":\"https:\/\/infoecos.com.ar\/#\/schema\/logo\/image\/\"},\"sameAs\":[\"https:\/\/www.facebook.com\/profile.php?id=100063200290284\",\"https:\/\/x.com\/infoecos\"]},{\"@type\":\"Person\",\"@id\":\"https:\/\/infoecos.com.ar\/#\/schema\/person\/8f5ace5ce73b4b4aac4b7245aee6f191\",\"name\":\"Jorge Matheus\",\"url\":\"https:\/\/infoecos.com.ar\/index.php\/author\/jomatheus\/\"}]}<\/script>\n<!-- \/ Yoast SEO plugin. -->","yoast_head_json":{"title":"El Departamento Judicial de Trenque Lauquen uno de los que menor tasa de procesos juveniles registr\u00f3 en el 2019 - Infoecos","robots":{"index":"index","follow":"follow","max-snippet":"max-snippet:-1","max-image-preview":"max-image-preview:large","max-video-preview":"max-video-preview:-1"},"canonical":"https:\/\/infoecos.com.ar\/index.php\/el-departamento-judicial-de-trenque-lauquen-uno-de-los-que-menor-tasa-de-procesos-juveniles-registro-en-el-2019\/","og_locale":"es_ES","og_type":"article","og_title":"El Departamento Judicial de Trenque Lauquen uno de los que menor tasa de procesos juveniles registr\u00f3 en el 2019 - Infoecos","og_description":"El Ministerio P\u00fablico de la provincia de Buenos Aires, a trav\u00e9s de una estad\u00edstica, revela...","og_url":"https:\/\/infoecos.com.ar\/index.php\/el-departamento-judicial-de-trenque-lauquen-uno-de-los-que-menor-tasa-de-procesos-juveniles-registro-en-el-2019\/","og_site_name":"Infoecos","article_publisher":"https:\/\/www.facebook.com\/profile.php?id=100063200290284","article_published_time":"2020-07-30T04:18:53+00:00","article_modified_time":"2020-07-31T05:32:41+00:00","og_image":[{"width":854,"height":567,"url":"https:\/\/infoecos.com.ar\/wp-content\/uploads\/TRIBUNALEs.jpg","type":"image\/jpeg"}],"author":"Jorge Matheus","twitter_card":"summary_large_image","twitter_creator":"@infoecos","twitter_site":"@infoecos","twitter_misc":{"Escrito por":"Jorge Matheus","Tiempo de lectura":"3 minutos"},"schema":{"@context":"https:\/\/schema.org","@graph":[{"@type":"Article","@id":"https:\/\/infoecos.com.ar\/index.php\/el-departamento-judicial-de-trenque-lauquen-uno-de-los-que-menor-tasa-de-procesos-juveniles-registro-en-el-2019\/#article","isPartOf":{"@id":"https:\/\/infoecos.com.ar\/index.php\/el-departamento-judicial-de-trenque-lauquen-uno-de-los-que-menor-tasa-de-procesos-juveniles-registro-en-el-2019\/"},"author":{"name":"Jorge Matheus","@id":"https:\/\/infoecos.com.ar\/#\/schema\/person\/8f5ace5ce73b4b4aac4b7245aee6f191"},"headline":"El Departamento Judicial de Trenque Lauquen uno de los que menor tasa de procesos juveniles registr\u00f3 en el 2019","datePublished":"2020-07-30T04:18:53+00:00","dateModified":"2020-07-31T05:32:41+00:00","mainEntityOfPage":{"@id":"https:\/\/infoecos.com.ar\/index.php\/el-departamento-judicial-de-trenque-lauquen-uno-de-los-que-menor-tasa-de-procesos-juveniles-registro-en-el-2019\/"},"wordCount":626,"publisher":{"@id":"https:\/\/infoecos.com.ar\/#organization"},"image":{"@id":"https:\/\/infoecos.com.ar\/index.php\/el-departamento-judicial-de-trenque-lauquen-uno-de-los-que-menor-tasa-de-procesos-juveniles-registro-en-el-2019\/#primaryimage"},"thumbnailUrl":"","keywords":["JUSTICIA"],"articleSection":["C2 N7"],"inLanguage":"es"},{"@type":"WebPage","@id":"https:\/\/infoecos.com.ar\/index.php\/el-departamento-judicial-de-trenque-lauquen-uno-de-los-que-menor-tasa-de-procesos-juveniles-registro-en-el-2019\/","url":"https:\/\/infoecos.com.ar\/index.php\/el-departamento-judicial-de-trenque-lauquen-uno-de-los-que-menor-tasa-de-procesos-juveniles-registro-en-el-2019\/","name":"El Departamento Judicial de Trenque Lauquen uno de los que menor tasa de procesos juveniles registr\u00f3 en el 2019 - Infoecos","isPartOf":{"@id":"https:\/\/infoecos.com.ar\/#website"},"primaryImageOfPage":{"@id":"https:\/\/infoecos.com.ar\/index.php\/el-departamento-judicial-de-trenque-lauquen-uno-de-los-que-menor-tasa-de-procesos-juveniles-registro-en-el-2019\/#primaryimage"},"image":{"@id":"https:\/\/infoecos.com.ar\/index.php\/el-departamento-judicial-de-trenque-lauquen-uno-de-los-que-menor-tasa-de-procesos-juveniles-registro-en-el-2019\/#primaryimage"},"thumbnailUrl":"","datePublished":"2020-07-30T04:18:53+00:00","dateModified":"2020-07-31T05:32:41+00:00","breadcrumb":{"@id":"https:\/\/infoecos.com.ar\/index.php\/el-departamento-judicial-de-trenque-lauquen-uno-de-los-que-menor-tasa-de-procesos-juveniles-registro-en-el-2019\/#breadcrumb"},"inLanguage":"es","potentialAction":[{"@type":"ReadAction","target":["https:\/\/infoecos.com.ar\/index.php\/el-departamento-judicial-de-trenque-lauquen-uno-de-los-que-menor-tasa-de-procesos-juveniles-registro-en-el-2019\/"]}]},{"@type":"ImageObject","inLanguage":"es","@id":"https:\/\/infoecos.com.ar\/index.php\/el-departamento-judicial-de-trenque-lauquen-uno-de-los-que-menor-tasa-de-procesos-juveniles-registro-en-el-2019\/#primaryimage","url":"","contentUrl":""},{"@type":"BreadcrumbList","@id":"https:\/\/infoecos.com.ar\/index.php\/el-departamento-judicial-de-trenque-lauquen-uno-de-los-que-menor-tasa-de-procesos-juveniles-registro-en-el-2019\/#breadcrumb","itemListElement":[{"@type":"ListItem","position":1,"name":"Portada","item":"https:\/\/infoecos.com.ar\/"},{"@type":"ListItem","position":2,"name":"El Departamento Judicial de Trenque Lauquen uno de los que menor tasa de procesos juveniles registr\u00f3 en el 2019"}]},{"@type":"WebSite","@id":"https:\/\/infoecos.com.ar\/#website","url":"https:\/\/infoecos.com.ar\/","name":"Infoecos","description":"Noticias de trenque lauquen y la zona","publisher":{"@id":"https:\/\/infoecos.com.ar\/#organization"},"alternateName":"Noticias","potentialAction":[{"@type":"SearchAction","target":{"@type":"EntryPoint","urlTemplate":"https:\/\/infoecos.com.ar\/?s={search_term_string}"},"query-input":{"@type":"PropertyValueSpecification","valueRequired":true,"valueName":"search_term_string"}}],"inLanguage":"es"},{"@type":"Organization","@id":"https:\/\/infoecos.com.ar\/#organization","name":"Infoecos","alternateName":"Noticias","url":"https:\/\/infoecos.com.ar\/","logo":{"@type":"ImageObject","inLanguage":"es","@id":"https:\/\/infoecos.com.ar\/#\/schema\/logo\/image\/","url":"https:\/\/infoecos.com.ar\/wp-content\/uploads\/2024\/03\/cropped-logo.png","contentUrl":"https:\/\/infoecos.com.ar\/wp-content\/uploads\/2024\/03\/cropped-logo.png","width":374,"height":90,"caption":"Infoecos"},"image":{"@id":"https:\/\/infoecos.com.ar\/#\/schema\/logo\/image\/"},"sameAs":["https:\/\/www.facebook.com\/profile.php?id=100063200290284","https:\/\/x.com\/infoecos"]},{"@type":"Person","@id":"https:\/\/infoecos.com.ar\/#\/schema\/person\/8f5ace5ce73b4b4aac4b7245aee6f191","name":"Jorge Matheus","url":"https:\/\/infoecos.com.ar\/index.php\/author\/jomatheus\/"}]}},"featured_image_urls":{"full":"","thumbnail":"","medium":"","medium_large":"","large":"","1536x1536":"","2048x2048":"","covernews-slider-full":"","covernews-slider-center":"","covernews-featured":"","covernews-medium":"","covernews-medium-square":""},"author_info":{"info":["Jorge Matheus"]},"category_info":"<a href=\"https:\/\/infoecos.com.ar\/index.php\/category\/c2nota7\/\" rel=\"category tag\">C2 N7<\/a>","tag_info":"C2 N7","comment_count":"0","_links":{"self":[{"href":"https:\/\/infoecos.com.ar\/index.php\/wp-json\/wp\/v2\/posts\/65365"}],"collection":[{"href":"https:\/\/infoecos.com.ar\/index.php\/wp-json\/wp\/v2\/posts"}],"about":[{"href":"https:\/\/infoecos.com.ar\/index.php\/wp-json\/wp\/v2\/types\/post"}],"author":[{"embeddable":true,"href":"https:\/\/infoecos.com.ar\/index.php\/wp-json\/wp\/v2\/users\/2"}],"replies":[{"embeddable":true,"href":"https:\/\/infoecos.com.ar\/index.php\/wp-json\/wp\/v2\/comments?post=65365"}],"version-history":[{"count":2,"href":"https:\/\/infoecos.com.ar\/index.php\/wp-json\/wp\/v2\/posts\/65365\/revisions"}],"predecessor-version":[{"id":65429,"href":"https:\/\/infoecos.com.ar\/index.php\/wp-json\/wp\/v2\/posts\/65365\/revisions\/65429"}],"wp:featuredmedia":[{"embeddable":true,"href":"https:\/\/infoecos.com.ar\/index.php\/wp-json\/"}],"wp:attachment":[{"href":"https:\/\/infoecos.com.ar\/index.php\/wp-json\/wp\/v2\/media?parent=65365"}],"wp:term":[{"taxonomy":"category","embeddable":true,"href":"https:\/\/infoecos.com.ar\/index.php\/wp-json\/wp\/v2\/categories?post=65365"},{"taxonomy":"post_tag","embeddable":true,"href":"https:\/\/infoecos.com.ar\/index.php\/wp-json\/wp\/v2\/tags?post=65365"}],"curies":[{"name":"wp","href":"https:\/\/api.w.org\/{rel}","templated":true}]}}