{"id":65378,"date":"2020-07-31T00:57:12","date_gmt":"2020-07-31T03:57:12","guid":{"rendered":"http:\/\/infoecos.com.ar\/?p=65378"},"modified":"2020-07-31T00:57:14","modified_gmt":"2020-07-31T03:57:14","slug":"denunciaron-torturas-en-dependencias-policiales-de-lincoln-4-uniformados-ya-estan-identificados","status":"publish","type":"post","link":"https:\/\/infoecos.com.ar\/index.php\/denunciaron-torturas-en-dependencias-policiales-de-lincoln-4-uniformados-ya-estan-identificados\/","title":{"rendered":"Denunciaron torturas en dependencias policiales de Lincoln: 4 uniformados ya est\u00e1n identificados"},"content":{"rendered":"\n<p>Al menos tres j\u00f3venes de entre 14 y 16 a\u00f1os denunciaron torturas en dependencias policiales del partido de Lincoln, y seg\u00fan trascendidos las mismas incluir\u00edan golpes y abuso sexual por parte de al menos 4 uniformados que ya estan identificados.<\/p>\n\n\n\n<div class=\"wp-block-image\"><figure class=\"aligncenter size-medium\"><img loading=\"lazy\" decoding=\"async\" width=\"460\" height=\"258\" src=\"http:\/\/infoecos.com.ar\/wp-content\/uploads\/carpintero-460x258.jpg\" alt=\"\" class=\"wp-image-65379\" srcset=\"https:\/\/infoecos.com.ar\/wp-content\/uploads\/carpintero-460x258.jpg 460w, https:\/\/infoecos.com.ar\/wp-content\/uploads\/carpintero-768x430.jpg 768w, https:\/\/infoecos.com.ar\/wp-content\/uploads\/carpintero.jpg 880w\" sizes=\"(max-width: 460px) 100vw, 460px\" \/><\/figure><\/div>\n\n\n\n<p>El esc\u00e1ndalo cobr\u00f3 relevancia p\u00fablica merced al relato del periodista local\u00a0<strong>Omar Carpintero<\/strong>, quien afirm\u00f3 que particip\u00f3 de una reuni\u00f3n con el intendente\u00a0<strong>Salvador Serenal<\/strong>, el comisario\u00a0<strong>Ernesto Rodr\u00edguez<\/strong>\u00a0y las madres de los tres menores, que realizaron un crudo relato de lo que toc\u00f3 vivir a sus hijos y que ellas mismas registraron como testigos al acercarse a la comisar\u00eda local.<\/p>\n\n\n\n<p>\u00abUna de las madres llorando le dice al intendente que cuando fue a la comisaria, la trataron muy mal y vio como estaben reventando a palos a un chico que estaba detenido\u00bb, revel\u00f3 Carpintero en su programa de radio, por lo que en la redes sociales comenz\u00f3 a calificarse a las dependencias policiales locales como \u00absalas de tortura\u00bb.<\/p>\n\n\n\n<p>Los uniformados apuntados son cuatro, y fueron identificados con nombre y apellido por las madres de la v\u00edctimas, que adem\u00e1s remarcaron que tendr\u00edan como costumbre golpear a los j\u00f3venes detenidos y abusar de ellos sexualmente, ya que seg\u00fan los trascendidos, las agredidos&nbsp;relataron que la agresi\u00f3n incluy\u00f3 el contacto genital con los uniformados.<\/p>\n\n\n\n<p>Pero adem\u00e1s, vecinos consultados por\u00a0el sitio platense <strong>C\u00f3digoBAIRES<\/strong>, afirmaron que la situaci\u00f3n de la polic\u00eda de calle desde hace tiempo esta completamente descontrolada y el problema no es solo las torturas en la comisaria, sino que el sistema de recaudaci\u00f3n ilegal instalado en todos los comercios del distrito es evidente, mientras las autoridades miran para otro lado.<\/p>\n\n\n\n<div class=\"wp-block-image\"><figure class=\"aligncenter size-medium\"><img loading=\"lazy\" decoding=\"async\" width=\"460\" height=\"261\" src=\"http:\/\/infoecos.com.ar\/wp-content\/uploads\/crialincoln-460x261.jpg\" alt=\"\" class=\"wp-image-65380\" srcset=\"https:\/\/infoecos.com.ar\/wp-content\/uploads\/crialincoln-460x261.jpg 460w, https:\/\/infoecos.com.ar\/wp-content\/uploads\/crialincoln-920x522.jpg 920w, https:\/\/infoecos.com.ar\/wp-content\/uploads\/crialincoln-768x435.jpg 768w, https:\/\/infoecos.com.ar\/wp-content\/uploads\/crialincoln.jpg 970w\" sizes=\"(max-width: 460px) 100vw, 460px\" \/><\/figure><\/div>\n\n\n\n<p>Seg\u00fan los dichos del periodista local, durante la reuni\u00f3n con el intendente, el comisario Rodr\u00edguez prometi\u00f3 que \u00abesas cosas no iban a volver a pasar\u00bb, pero advirti\u00f3 que \u00absi les pido el traslado, le envi\u00f3 el problema a otro lugar\u00bb y reconoci\u00f3 que a esos cuatro efectivos \u00ablos traje conmigo de Jun\u00edn\u00bb, evidenciando cierto nivel de conocimiento de la situaci\u00f3n.<\/p>\n\n\n\n<p>A nivel pol\u00edtico, los cuestionamientos apuntan al titular de seguridad&nbsp;<strong>Oscar Carrizo<\/strong>, que pr\u00e1cticamente no particip\u00f3 de la mencionada reuni\u00f3n y evidentemente deber\u00eda estar al tanto de lo que ocurre tanto en las dependencias policiales como en los patrullajes y en los comercios de la ciudad, que vienen denunciando aprietes policiales para realizar un \u00abaporte\u00bb al mantenimiento del personal<\/p>\n","protected":false},"excerpt":{"rendered":"<p>Al menos tres j\u00f3venes de entre 14 y 16 a\u00f1os denunciaron torturas en dependencias policiales&#8230;<\/p>\n","protected":false},"author":2,"featured_media":65380,"comment_status":"closed","ping_status":"open","sticky":false,"template":"","format":"standard","meta":{"footnotes":""},"categories":[1612],"tags":[4],"class_list":["post-65378","post","type-post","status-publish","format-standard","has-post-thumbnail","hentry","category-noticia-principal","tag-lincoln"],"yoast_head":"<!-- This site is optimized with the Yoast SEO plugin v23.4 - https:\/\/yoast.com\/wordpress\/plugins\/seo\/ -->\n<title>Denunciaron torturas en dependencias policiales de Lincoln: 4 uniformados ya est\u00e1n identificados - Infoecos<\/title>\n<meta name=\"robots\" content=\"index, follow, max-snippet:-1, max-image-preview:large, max-video-preview:-1\" \/>\n<link rel=\"canonical\" href=\"https:\/\/infoecos.com.ar\/index.php\/denunciaron-torturas-en-dependencias-policiales-de-lincoln-4-uniformados-ya-estan-identificados\/\" \/>\n<meta property=\"og:locale\" content=\"es_ES\" \/>\n<meta property=\"og:type\" content=\"article\" \/>\n<meta property=\"og:title\" content=\"Denunciaron torturas en dependencias policiales de Lincoln: 4 uniformados ya est\u00e1n identificados - Infoecos\" \/>\n<meta property=\"og:description\" content=\"Al menos tres j\u00f3venes de entre 14 y 16 a\u00f1os denunciaron torturas en dependencias policiales...\" \/>\n<meta property=\"og:url\" content=\"https:\/\/infoecos.com.ar\/index.php\/denunciaron-torturas-en-dependencias-policiales-de-lincoln-4-uniformados-ya-estan-identificados\/\" \/>\n<meta property=\"og:site_name\" content=\"Infoecos\" \/>\n<meta property=\"article:publisher\" content=\"https:\/\/www.facebook.com\/profile.php?id=100063200290284\" \/>\n<meta property=\"article:published_time\" content=\"2020-07-31T03:57:12+00:00\" \/>\n<meta property=\"article:modified_time\" content=\"2020-07-31T03:57:14+00:00\" \/>\n<meta property=\"og:image\" content=\"https:\/\/infoecos.com.ar\/wp-content\/uploads\/crialincoln.jpg\" \/>\n\t<meta property=\"og:image:width\" content=\"970\" \/>\n\t<meta property=\"og:image:height\" content=\"550\" \/>\n\t<meta property=\"og:image:type\" content=\"image\/jpeg\" \/>\n<meta name=\"author\" content=\"Jorge Matheus\" \/>\n<meta name=\"twitter:card\" content=\"summary_large_image\" \/>\n<meta name=\"twitter:creator\" content=\"@infoecos\" \/>\n<meta name=\"twitter:site\" content=\"@infoecos\" \/>\n<meta name=\"twitter:label1\" content=\"Escrito por\" \/>\n\t<meta name=\"twitter:data1\" content=\"Jorge Matheus\" \/>\n\t<meta name=\"twitter:label2\" content=\"Tiempo de lectura\" \/>\n\t<meta name=\"twitter:data2\" content=\"2 minutos\" \/>\n<script type=\"application\/ld+json\" class=\"yoast-schema-graph\">{\"@context\":\"https:\/\/schema.org\",\"@graph\":[{\"@type\":\"Article\",\"@id\":\"https:\/\/infoecos.com.ar\/index.php\/denunciaron-torturas-en-dependencias-policiales-de-lincoln-4-uniformados-ya-estan-identificados\/#article\",\"isPartOf\":{\"@id\":\"https:\/\/infoecos.com.ar\/index.php\/denunciaron-torturas-en-dependencias-policiales-de-lincoln-4-uniformados-ya-estan-identificados\/\"},\"author\":{\"name\":\"Jorge Matheus\",\"@id\":\"https:\/\/infoecos.com.ar\/#\/schema\/person\/8f5ace5ce73b4b4aac4b7245aee6f191\"},\"headline\":\"Denunciaron torturas en dependencias policiales de Lincoln: 4 uniformados ya est\u00e1n identificados\",\"datePublished\":\"2020-07-31T03:57:12+00:00\",\"dateModified\":\"2020-07-31T03:57:14+00:00\",\"mainEntityOfPage\":{\"@id\":\"https:\/\/infoecos.com.ar\/index.php\/denunciaron-torturas-en-dependencias-policiales-de-lincoln-4-uniformados-ya-estan-identificados\/\"},\"wordCount\":430,\"publisher\":{\"@id\":\"https:\/\/infoecos.com.ar\/#organization\"},\"image\":{\"@id\":\"https:\/\/infoecos.com.ar\/index.php\/denunciaron-torturas-en-dependencias-policiales-de-lincoln-4-uniformados-ya-estan-identificados\/#primaryimage\"},\"thumbnailUrl\":\"https:\/\/infoecos.com.ar\/wp-content\/uploads\/crialincoln.jpg\",\"keywords\":[\"Lincoln\"],\"articleSection\":[\"Noticia Principal\"],\"inLanguage\":\"es\"},{\"@type\":\"WebPage\",\"@id\":\"https:\/\/infoecos.com.ar\/index.php\/denunciaron-torturas-en-dependencias-policiales-de-lincoln-4-uniformados-ya-estan-identificados\/\",\"url\":\"https:\/\/infoecos.com.ar\/index.php\/denunciaron-torturas-en-dependencias-policiales-de-lincoln-4-uniformados-ya-estan-identificados\/\",\"name\":\"Denunciaron torturas en dependencias policiales de Lincoln: 4 uniformados ya est\u00e1n identificados - Infoecos\",\"isPartOf\":{\"@id\":\"https:\/\/infoecos.com.ar\/#website\"},\"primaryImageOfPage\":{\"@id\":\"https:\/\/infoecos.com.ar\/index.php\/denunciaron-torturas-en-dependencias-policiales-de-lincoln-4-uniformados-ya-estan-identificados\/#primaryimage\"},\"image\":{\"@id\":\"https:\/\/infoecos.com.ar\/index.php\/denunciaron-torturas-en-dependencias-policiales-de-lincoln-4-uniformados-ya-estan-identificados\/#primaryimage\"},\"thumbnailUrl\":\"https:\/\/infoecos.com.ar\/wp-content\/uploads\/crialincoln.jpg\",\"datePublished\":\"2020-07-31T03:57:12+00:00\",\"dateModified\":\"2020-07-31T03:57:14+00:00\",\"breadcrumb\":{\"@id\":\"https:\/\/infoecos.com.ar\/index.php\/denunciaron-torturas-en-dependencias-policiales-de-lincoln-4-uniformados-ya-estan-identificados\/#breadcrumb\"},\"inLanguage\":\"es\",\"potentialAction\":[{\"@type\":\"ReadAction\",\"target\":[\"https:\/\/infoecos.com.ar\/index.php\/denunciaron-torturas-en-dependencias-policiales-de-lincoln-4-uniformados-ya-estan-identificados\/\"]}]},{\"@type\":\"ImageObject\",\"inLanguage\":\"es\",\"@id\":\"https:\/\/infoecos.com.ar\/index.php\/denunciaron-torturas-en-dependencias-policiales-de-lincoln-4-uniformados-ya-estan-identificados\/#primaryimage\",\"url\":\"https:\/\/infoecos.com.ar\/wp-content\/uploads\/crialincoln.jpg\",\"contentUrl\":\"https:\/\/infoecos.com.ar\/wp-content\/uploads\/crialincoln.jpg\",\"width\":970,\"height\":550},{\"@type\":\"BreadcrumbList\",\"@id\":\"https:\/\/infoecos.com.ar\/index.php\/denunciaron-torturas-en-dependencias-policiales-de-lincoln-4-uniformados-ya-estan-identificados\/#breadcrumb\",\"itemListElement\":[{\"@type\":\"ListItem\",\"position\":1,\"name\":\"Portada\",\"item\":\"https:\/\/infoecos.com.ar\/\"},{\"@type\":\"ListItem\",\"position\":2,\"name\":\"Denunciaron torturas en dependencias policiales de Lincoln: 4 uniformados ya est\u00e1n identificados\"}]},{\"@type\":\"WebSite\",\"@id\":\"https:\/\/infoecos.com.ar\/#website\",\"url\":\"https:\/\/infoecos.com.ar\/\",\"name\":\"Infoecos\",\"description\":\"Noticias de trenque lauquen y la zona\",\"publisher\":{\"@id\":\"https:\/\/infoecos.com.ar\/#organization\"},\"alternateName\":\"Noticias\",\"potentialAction\":[{\"@type\":\"SearchAction\",\"target\":{\"@type\":\"EntryPoint\",\"urlTemplate\":\"https:\/\/infoecos.com.ar\/?s={search_term_string}\"},\"query-input\":{\"@type\":\"PropertyValueSpecification\",\"valueRequired\":true,\"valueName\":\"search_term_string\"}}],\"inLanguage\":\"es\"},{\"@type\":\"Organization\",\"@id\":\"https:\/\/infoecos.com.ar\/#organization\",\"name\":\"Infoecos\",\"alternateName\":\"Noticias\",\"url\":\"https:\/\/infoecos.com.ar\/\",\"logo\":{\"@type\":\"ImageObject\",\"inLanguage\":\"es\",\"@id\":\"https:\/\/infoecos.com.ar\/#\/schema\/logo\/image\/\",\"url\":\"https:\/\/infoecos.com.ar\/wp-content\/uploads\/2024\/03\/cropped-logo.png\",\"contentUrl\":\"https:\/\/infoecos.com.ar\/wp-content\/uploads\/2024\/03\/cropped-logo.png\",\"width\":374,\"height\":90,\"caption\":\"Infoecos\"},\"image\":{\"@id\":\"https:\/\/infoecos.com.ar\/#\/schema\/logo\/image\/\"},\"sameAs\":[\"https:\/\/www.facebook.com\/profile.php?id=100063200290284\",\"https:\/\/x.com\/infoecos\"]},{\"@type\":\"Person\",\"@id\":\"https:\/\/infoecos.com.ar\/#\/schema\/person\/8f5ace5ce73b4b4aac4b7245aee6f191\",\"name\":\"Jorge Matheus\",\"url\":\"https:\/\/infoecos.com.ar\/index.php\/author\/jomatheus\/\"}]}<\/script>\n<!-- \/ Yoast SEO plugin. -->","yoast_head_json":{"title":"Denunciaron torturas en dependencias policiales de Lincoln: 4 uniformados ya est\u00e1n identificados - Infoecos","robots":{"index":"index","follow":"follow","max-snippet":"max-snippet:-1","max-image-preview":"max-image-preview:large","max-video-preview":"max-video-preview:-1"},"canonical":"https:\/\/infoecos.com.ar\/index.php\/denunciaron-torturas-en-dependencias-policiales-de-lincoln-4-uniformados-ya-estan-identificados\/","og_locale":"es_ES","og_type":"article","og_title":"Denunciaron torturas en dependencias policiales de Lincoln: 4 uniformados ya est\u00e1n identificados - Infoecos","og_description":"Al menos tres j\u00f3venes de entre 14 y 16 a\u00f1os denunciaron torturas en dependencias policiales...","og_url":"https:\/\/infoecos.com.ar\/index.php\/denunciaron-torturas-en-dependencias-policiales-de-lincoln-4-uniformados-ya-estan-identificados\/","og_site_name":"Infoecos","article_publisher":"https:\/\/www.facebook.com\/profile.php?id=100063200290284","article_published_time":"2020-07-31T03:57:12+00:00","article_modified_time":"2020-07-31T03:57:14+00:00","og_image":[{"width":970,"height":550,"url":"https:\/\/infoecos.com.ar\/wp-content\/uploads\/crialincoln.jpg","type":"image\/jpeg"}],"author":"Jorge Matheus","twitter_card":"summary_large_image","twitter_creator":"@infoecos","twitter_site":"@infoecos","twitter_misc":{"Escrito por":"Jorge Matheus","Tiempo de lectura":"2 minutos"},"schema":{"@context":"https:\/\/schema.org","@graph":[{"@type":"Article","@id":"https:\/\/infoecos.com.ar\/index.php\/denunciaron-torturas-en-dependencias-policiales-de-lincoln-4-uniformados-ya-estan-identificados\/#article","isPartOf":{"@id":"https:\/\/infoecos.com.ar\/index.php\/denunciaron-torturas-en-dependencias-policiales-de-lincoln-4-uniformados-ya-estan-identificados\/"},"author":{"name":"Jorge Matheus","@id":"https:\/\/infoecos.com.ar\/#\/schema\/person\/8f5ace5ce73b4b4aac4b7245aee6f191"},"headline":"Denunciaron torturas en dependencias policiales de Lincoln: 4 uniformados ya est\u00e1n identificados","datePublished":"2020-07-31T03:57:12+00:00","dateModified":"2020-07-31T03:57:14+00:00","mainEntityOfPage":{"@id":"https:\/\/infoecos.com.ar\/index.php\/denunciaron-torturas-en-dependencias-policiales-de-lincoln-4-uniformados-ya-estan-identificados\/"},"wordCount":430,"publisher":{"@id":"https:\/\/infoecos.com.ar\/#organization"},"image":{"@id":"https:\/\/infoecos.com.ar\/index.php\/denunciaron-torturas-en-dependencias-policiales-de-lincoln-4-uniformados-ya-estan-identificados\/#primaryimage"},"thumbnailUrl":"https:\/\/infoecos.com.ar\/wp-content\/uploads\/crialincoln.jpg","keywords":["Lincoln"],"articleSection":["Noticia Principal"],"inLanguage":"es"},{"@type":"WebPage","@id":"https:\/\/infoecos.com.ar\/index.php\/denunciaron-torturas-en-dependencias-policiales-de-lincoln-4-uniformados-ya-estan-identificados\/","url":"https:\/\/infoecos.com.ar\/index.php\/denunciaron-torturas-en-dependencias-policiales-de-lincoln-4-uniformados-ya-estan-identificados\/","name":"Denunciaron torturas en dependencias policiales de Lincoln: 4 uniformados ya est\u00e1n identificados - Infoecos","isPartOf":{"@id":"https:\/\/infoecos.com.ar\/#website"},"primaryImageOfPage":{"@id":"https:\/\/infoecos.com.ar\/index.php\/denunciaron-torturas-en-dependencias-policiales-de-lincoln-4-uniformados-ya-estan-identificados\/#primaryimage"},"image":{"@id":"https:\/\/infoecos.com.ar\/index.php\/denunciaron-torturas-en-dependencias-policiales-de-lincoln-4-uniformados-ya-estan-identificados\/#primaryimage"},"thumbnailUrl":"https:\/\/infoecos.com.ar\/wp-content\/uploads\/crialincoln.jpg","datePublished":"2020-07-31T03:57:12+00:00","dateModified":"2020-07-31T03:57:14+00:00","breadcrumb":{"@id":"https:\/\/infoecos.com.ar\/index.php\/denunciaron-torturas-en-dependencias-policiales-de-lincoln-4-uniformados-ya-estan-identificados\/#breadcrumb"},"inLanguage":"es","potentialAction":[{"@type":"ReadAction","target":["https:\/\/infoecos.com.ar\/index.php\/denunciaron-torturas-en-dependencias-policiales-de-lincoln-4-uniformados-ya-estan-identificados\/"]}]},{"@type":"ImageObject","inLanguage":"es","@id":"https:\/\/infoecos.com.ar\/index.php\/denunciaron-torturas-en-dependencias-policiales-de-lincoln-4-uniformados-ya-estan-identificados\/#primaryimage","url":"https:\/\/infoecos.com.ar\/wp-content\/uploads\/crialincoln.jpg","contentUrl":"https:\/\/infoecos.com.ar\/wp-content\/uploads\/crialincoln.jpg","width":970,"height":550},{"@type":"BreadcrumbList","@id":"https:\/\/infoecos.com.ar\/index.php\/denunciaron-torturas-en-dependencias-policiales-de-lincoln-4-uniformados-ya-estan-identificados\/#breadcrumb","itemListElement":[{"@type":"ListItem","position":1,"name":"Portada","item":"https:\/\/infoecos.com.ar\/"},{"@type":"ListItem","position":2,"name":"Denunciaron torturas en dependencias policiales de Lincoln: 4 uniformados ya est\u00e1n identificados"}]},{"@type":"WebSite","@id":"https:\/\/infoecos.com.ar\/#website","url":"https:\/\/infoecos.com.ar\/","name":"Infoecos","description":"Noticias de trenque lauquen y la zona","publisher":{"@id":"https:\/\/infoecos.com.ar\/#organization"},"alternateName":"Noticias","potentialAction":[{"@type":"SearchAction","target":{"@type":"EntryPoint","urlTemplate":"https:\/\/infoecos.com.ar\/?s={search_term_string}"},"query-input":{"@type":"PropertyValueSpecification","valueRequired":true,"valueName":"search_term_string"}}],"inLanguage":"es"},{"@type":"Organization","@id":"https:\/\/infoecos.com.ar\/#organization","name":"Infoecos","alternateName":"Noticias","url":"https:\/\/infoecos.com.ar\/","logo":{"@type":"ImageObject","inLanguage":"es","@id":"https:\/\/infoecos.com.ar\/#\/schema\/logo\/image\/","url":"https:\/\/infoecos.com.ar\/wp-content\/uploads\/2024\/03\/cropped-logo.png","contentUrl":"https:\/\/infoecos.com.ar\/wp-content\/uploads\/2024\/03\/cropped-logo.png","width":374,"height":90,"caption":"Infoecos"},"image":{"@id":"https:\/\/infoecos.com.ar\/#\/schema\/logo\/image\/"},"sameAs":["https:\/\/www.facebook.com\/profile.php?id=100063200290284","https:\/\/x.com\/infoecos"]},{"@type":"Person","@id":"https:\/\/infoecos.com.ar\/#\/schema\/person\/8f5ace5ce73b4b4aac4b7245aee6f191","name":"Jorge Matheus","url":"https:\/\/infoecos.com.ar\/index.php\/author\/jomatheus\/"}]}},"featured_image_urls":{"full":["https:\/\/infoecos.com.ar\/wp-content\/uploads\/crialincoln.jpg",970,550,false],"thumbnail":["https:\/\/infoecos.com.ar\/wp-content\/uploads\/crialincoln-150x150.jpg",150,150,true],"medium":["https:\/\/infoecos.com.ar\/wp-content\/uploads\/crialincoln-460x261.jpg",460,261,true],"medium_large":["https:\/\/infoecos.com.ar\/wp-content\/uploads\/crialincoln-768x435.jpg",640,363,true],"large":["https:\/\/infoecos.com.ar\/wp-content\/uploads\/crialincoln-920x522.jpg",640,363,true],"1536x1536":["https:\/\/infoecos.com.ar\/wp-content\/uploads\/crialincoln.jpg",970,550,false],"2048x2048":["https:\/\/infoecos.com.ar\/wp-content\/uploads\/crialincoln.jpg",970,550,false],"covernews-slider-full":["https:\/\/infoecos.com.ar\/wp-content\/uploads\/crialincoln.jpg",970,550,false],"covernews-slider-center":["https:\/\/infoecos.com.ar\/wp-content\/uploads\/crialincoln-936x550.jpg",800,470,true],"covernews-featured":["https:\/\/infoecos.com.ar\/wp-content\/uploads\/crialincoln.jpg",970,550,false],"covernews-medium":["https:\/\/infoecos.com.ar\/wp-content\/uploads\/crialincoln-720x380.jpg",540,285,true],"covernews-medium-square":["https:\/\/infoecos.com.ar\/wp-content\/uploads\/crialincoln-675x450.jpg",375,250,true]},"author_info":{"info":["Jorge Matheus"]},"category_info":"<a href=\"https:\/\/infoecos.com.ar\/index.php\/category\/noticia-principal\/\" rel=\"category tag\">Noticia Principal<\/a>","tag_info":"Noticia Principal","comment_count":"0","_links":{"self":[{"href":"https:\/\/infoecos.com.ar\/index.php\/wp-json\/wp\/v2\/posts\/65378"}],"collection":[{"href":"https:\/\/infoecos.com.ar\/index.php\/wp-json\/wp\/v2\/posts"}],"about":[{"href":"https:\/\/infoecos.com.ar\/index.php\/wp-json\/wp\/v2\/types\/post"}],"author":[{"embeddable":true,"href":"https:\/\/infoecos.com.ar\/index.php\/wp-json\/wp\/v2\/users\/2"}],"replies":[{"embeddable":true,"href":"https:\/\/infoecos.com.ar\/index.php\/wp-json\/wp\/v2\/comments?post=65378"}],"version-history":[{"count":1,"href":"https:\/\/infoecos.com.ar\/index.php\/wp-json\/wp\/v2\/posts\/65378\/revisions"}],"predecessor-version":[{"id":65381,"href":"https:\/\/infoecos.com.ar\/index.php\/wp-json\/wp\/v2\/posts\/65378\/revisions\/65381"}],"wp:featuredmedia":[{"embeddable":true,"href":"https:\/\/infoecos.com.ar\/index.php\/wp-json\/wp\/v2\/media\/65380"}],"wp:attachment":[{"href":"https:\/\/infoecos.com.ar\/index.php\/wp-json\/wp\/v2\/media?parent=65378"}],"wp:term":[{"taxonomy":"category","embeddable":true,"href":"https:\/\/infoecos.com.ar\/index.php\/wp-json\/wp\/v2\/categories?post=65378"},{"taxonomy":"post_tag","embeddable":true,"href":"https:\/\/infoecos.com.ar\/index.php\/wp-json\/wp\/v2\/tags?post=65378"}],"curies":[{"name":"wp","href":"https:\/\/api.w.org\/{rel}","templated":true}]}}