{"id":65555,"date":"2020-08-04T21:26:05","date_gmt":"2020-08-05T00:26:05","guid":{"rendered":"http:\/\/infoecos.com.ar\/?p=65555"},"modified":"2020-08-06T02:43:02","modified_gmt":"2020-08-06T05:43:02","slug":"mones-cazon-cumple-109-anos-el-acto-conmemorativo-se-realizo-este-martes","status":"publish","type":"post","link":"https:\/\/infoecos.com.ar\/index.php\/mones-cazon-cumple-109-anos-el-acto-conmemorativo-se-realizo-este-martes\/","title":{"rendered":"Mones Caz\u00f3n cumple 109 a\u00f1os: el acto conmemorativo se realiz\u00f3 este martes"},"content":{"rendered":"\n<p>Mones Caz\u00f3n cumple este martes el 109 aniversario de su fundaci\u00f3n. Por tal raz\u00f3n se desarroll\u00f3 un sencillo acto en la plaza de la localidad que cont\u00f3 con la asistencia de las autoridades municipales encabezadas por Pablo Zurro. El mandatario comunal estuvo acompa\u00f1ado por el presidente del Concejo Deliberante, Diego Videla, la delegada Alicia Tobio, autoridades de las instituciones educativas y vecinos.<\/p>\n\n\n\n<div class=\"wp-block-image\"><figure class=\"aligncenter size-medium\"><img loading=\"lazy\" decoding=\"async\" width=\"460\" height=\"306\" src=\"http:\/\/infoecos.com.ar\/wp-content\/uploads\/mcaz-460x306.jpg\" alt=\"\" class=\"wp-image-65556\" srcset=\"https:\/\/infoecos.com.ar\/wp-content\/uploads\/mcaz-460x306.jpg 460w, https:\/\/infoecos.com.ar\/wp-content\/uploads\/mcaz.jpg 640w\" sizes=\"(max-width: 460px) 100vw, 460px\" \/><\/figure><\/div>\n\n\n\n<p>El acto const\u00f3 del izamiento de la bandera argentina y la entonaci\u00f3n del Himno Nacional, para luego pasar a las palabras alusivas a cargo de Julia Indini, Directora del CEC 804. Acto seguido, los presentes procedieron a la colocaci\u00f3n de la ofrenda floral al monumento del fundador.<\/p>\n\n\n\n<figure class=\"wp-block-embed-facebook wp-block-embed is-type-video is-provider-facebook\"><div class=\"wp-block-embed__wrapper\">\nhttps:\/\/www.facebook.com\/prensapehuajo\/videos\/727074298146161\/\n<\/div><\/figure>\n\n\n\n<p><\/p>\n","protected":false},"excerpt":{"rendered":"<p>Mones Caz\u00f3n cumple este martes el 109 aniversario de su fundaci\u00f3n. Por tal raz\u00f3n se&#8230;<\/p>\n","protected":false},"author":2,"featured_media":65557,"comment_status":"closed","ping_status":"open","sticky":false,"template":"","format":"standard","meta":{"footnotes":""},"categories":[1614],"tags":[1472],"class_list":["post-65555","post","type-post","status-publish","format-standard","has-post-thumbnail","hentry","category-c2nota7","tag-mones-cazon-pehuajo"],"yoast_head":"<!-- This site is optimized with the Yoast SEO plugin v23.4 - https:\/\/yoast.com\/wordpress\/plugins\/seo\/ -->\n<title>Mones Caz\u00f3n cumple 109 a\u00f1os: el acto conmemorativo se realiz\u00f3 este martes - Infoecos<\/title>\n<meta name=\"robots\" content=\"index, follow, max-snippet:-1, max-image-preview:large, max-video-preview:-1\" \/>\n<link rel=\"canonical\" href=\"https:\/\/infoecos.com.ar\/index.php\/mones-cazon-cumple-109-anos-el-acto-conmemorativo-se-realizo-este-martes\/\" \/>\n<meta property=\"og:locale\" content=\"es_ES\" \/>\n<meta property=\"og:type\" content=\"article\" \/>\n<meta property=\"og:title\" content=\"Mones Caz\u00f3n cumple 109 a\u00f1os: el acto conmemorativo se realiz\u00f3 este martes - Infoecos\" \/>\n<meta property=\"og:description\" content=\"Mones Caz\u00f3n cumple este martes el 109 aniversario de su fundaci\u00f3n. Por tal raz\u00f3n se...\" \/>\n<meta property=\"og:url\" content=\"https:\/\/infoecos.com.ar\/index.php\/mones-cazon-cumple-109-anos-el-acto-conmemorativo-se-realizo-este-martes\/\" \/>\n<meta property=\"og:site_name\" content=\"Infoecos\" \/>\n<meta property=\"article:publisher\" content=\"https:\/\/www.facebook.com\/profile.php?id=100063200290284\" \/>\n<meta property=\"article:published_time\" content=\"2020-08-05T00:26:05+00:00\" \/>\n<meta property=\"article:modified_time\" content=\"2020-08-06T05:43:02+00:00\" \/>\n<meta property=\"og:image\" content=\"https:\/\/infoecos.com.ar\/wp-content\/uploads\/mcaz2.jpg\" \/>\n\t<meta property=\"og:image:width\" content=\"640\" \/>\n\t<meta property=\"og:image:height\" content=\"426\" \/>\n\t<meta property=\"og:image:type\" content=\"image\/jpeg\" \/>\n<meta name=\"author\" content=\"Jorge Matheus\" \/>\n<meta name=\"twitter:card\" content=\"summary_large_image\" \/>\n<meta name=\"twitter:creator\" content=\"@infoecos\" \/>\n<meta name=\"twitter:site\" content=\"@infoecos\" \/>\n<meta name=\"twitter:label1\" content=\"Escrito por\" \/>\n\t<meta name=\"twitter:data1\" content=\"Jorge Matheus\" \/>\n\t<meta name=\"twitter:label2\" content=\"Tiempo de lectura\" \/>\n\t<meta name=\"twitter:data2\" content=\"1 minuto\" \/>\n<script type=\"application\/ld+json\" class=\"yoast-schema-graph\">{\"@context\":\"https:\/\/schema.org\",\"@graph\":[{\"@type\":\"Article\",\"@id\":\"https:\/\/infoecos.com.ar\/index.php\/mones-cazon-cumple-109-anos-el-acto-conmemorativo-se-realizo-este-martes\/#article\",\"isPartOf\":{\"@id\":\"https:\/\/infoecos.com.ar\/index.php\/mones-cazon-cumple-109-anos-el-acto-conmemorativo-se-realizo-este-martes\/\"},\"author\":{\"name\":\"Jorge Matheus\",\"@id\":\"https:\/\/infoecos.com.ar\/#\/schema\/person\/8f5ace5ce73b4b4aac4b7245aee6f191\"},\"headline\":\"Mones Caz\u00f3n cumple 109 a\u00f1os: el acto conmemorativo se realiz\u00f3 este martes\",\"datePublished\":\"2020-08-05T00:26:05+00:00\",\"dateModified\":\"2020-08-06T05:43:02+00:00\",\"mainEntityOfPage\":{\"@id\":\"https:\/\/infoecos.com.ar\/index.php\/mones-cazon-cumple-109-anos-el-acto-conmemorativo-se-realizo-este-martes\/\"},\"wordCount\":132,\"publisher\":{\"@id\":\"https:\/\/infoecos.com.ar\/#organization\"},\"image\":{\"@id\":\"https:\/\/infoecos.com.ar\/index.php\/mones-cazon-cumple-109-anos-el-acto-conmemorativo-se-realizo-este-martes\/#primaryimage\"},\"thumbnailUrl\":\"https:\/\/infoecos.com.ar\/wp-content\/uploads\/mcaz2.jpg\",\"keywords\":[\"MONES CAZ\u00d3N (PEHUAJ\u00d3)\"],\"articleSection\":[\"C2 N7\"],\"inLanguage\":\"es\"},{\"@type\":\"WebPage\",\"@id\":\"https:\/\/infoecos.com.ar\/index.php\/mones-cazon-cumple-109-anos-el-acto-conmemorativo-se-realizo-este-martes\/\",\"url\":\"https:\/\/infoecos.com.ar\/index.php\/mones-cazon-cumple-109-anos-el-acto-conmemorativo-se-realizo-este-martes\/\",\"name\":\"Mones Caz\u00f3n cumple 109 a\u00f1os: el acto conmemorativo se realiz\u00f3 este martes - Infoecos\",\"isPartOf\":{\"@id\":\"https:\/\/infoecos.com.ar\/#website\"},\"primaryImageOfPage\":{\"@id\":\"https:\/\/infoecos.com.ar\/index.php\/mones-cazon-cumple-109-anos-el-acto-conmemorativo-se-realizo-este-martes\/#primaryimage\"},\"image\":{\"@id\":\"https:\/\/infoecos.com.ar\/index.php\/mones-cazon-cumple-109-anos-el-acto-conmemorativo-se-realizo-este-martes\/#primaryimage\"},\"thumbnailUrl\":\"https:\/\/infoecos.com.ar\/wp-content\/uploads\/mcaz2.jpg\",\"datePublished\":\"2020-08-05T00:26:05+00:00\",\"dateModified\":\"2020-08-06T05:43:02+00:00\",\"breadcrumb\":{\"@id\":\"https:\/\/infoecos.com.ar\/index.php\/mones-cazon-cumple-109-anos-el-acto-conmemorativo-se-realizo-este-martes\/#breadcrumb\"},\"inLanguage\":\"es\",\"potentialAction\":[{\"@type\":\"ReadAction\",\"target\":[\"https:\/\/infoecos.com.ar\/index.php\/mones-cazon-cumple-109-anos-el-acto-conmemorativo-se-realizo-este-martes\/\"]}]},{\"@type\":\"ImageObject\",\"inLanguage\":\"es\",\"@id\":\"https:\/\/infoecos.com.ar\/index.php\/mones-cazon-cumple-109-anos-el-acto-conmemorativo-se-realizo-este-martes\/#primaryimage\",\"url\":\"https:\/\/infoecos.com.ar\/wp-content\/uploads\/mcaz2.jpg\",\"contentUrl\":\"https:\/\/infoecos.com.ar\/wp-content\/uploads\/mcaz2.jpg\",\"width\":640,\"height\":426},{\"@type\":\"BreadcrumbList\",\"@id\":\"https:\/\/infoecos.com.ar\/index.php\/mones-cazon-cumple-109-anos-el-acto-conmemorativo-se-realizo-este-martes\/#breadcrumb\",\"itemListElement\":[{\"@type\":\"ListItem\",\"position\":1,\"name\":\"Portada\",\"item\":\"https:\/\/infoecos.com.ar\/\"},{\"@type\":\"ListItem\",\"position\":2,\"name\":\"Mones Caz\u00f3n cumple 109 a\u00f1os: el acto conmemorativo se realiz\u00f3 este martes\"}]},{\"@type\":\"WebSite\",\"@id\":\"https:\/\/infoecos.com.ar\/#website\",\"url\":\"https:\/\/infoecos.com.ar\/\",\"name\":\"Infoecos\",\"description\":\"Noticias de trenque lauquen y la zona\",\"publisher\":{\"@id\":\"https:\/\/infoecos.com.ar\/#organization\"},\"alternateName\":\"Noticias\",\"potentialAction\":[{\"@type\":\"SearchAction\",\"target\":{\"@type\":\"EntryPoint\",\"urlTemplate\":\"https:\/\/infoecos.com.ar\/?s={search_term_string}\"},\"query-input\":{\"@type\":\"PropertyValueSpecification\",\"valueRequired\":true,\"valueName\":\"search_term_string\"}}],\"inLanguage\":\"es\"},{\"@type\":\"Organization\",\"@id\":\"https:\/\/infoecos.com.ar\/#organization\",\"name\":\"Infoecos\",\"alternateName\":\"Noticias\",\"url\":\"https:\/\/infoecos.com.ar\/\",\"logo\":{\"@type\":\"ImageObject\",\"inLanguage\":\"es\",\"@id\":\"https:\/\/infoecos.com.ar\/#\/schema\/logo\/image\/\",\"url\":\"https:\/\/infoecos.com.ar\/wp-content\/uploads\/2024\/03\/cropped-logo.png\",\"contentUrl\":\"https:\/\/infoecos.com.ar\/wp-content\/uploads\/2024\/03\/cropped-logo.png\",\"width\":374,\"height\":90,\"caption\":\"Infoecos\"},\"image\":{\"@id\":\"https:\/\/infoecos.com.ar\/#\/schema\/logo\/image\/\"},\"sameAs\":[\"https:\/\/www.facebook.com\/profile.php?id=100063200290284\",\"https:\/\/x.com\/infoecos\"]},{\"@type\":\"Person\",\"@id\":\"https:\/\/infoecos.com.ar\/#\/schema\/person\/8f5ace5ce73b4b4aac4b7245aee6f191\",\"name\":\"Jorge Matheus\",\"url\":\"https:\/\/infoecos.com.ar\/index.php\/author\/jomatheus\/\"}]}<\/script>\n<!-- \/ Yoast SEO plugin. -->","yoast_head_json":{"title":"Mones Caz\u00f3n cumple 109 a\u00f1os: el acto conmemorativo se realiz\u00f3 este martes - Infoecos","robots":{"index":"index","follow":"follow","max-snippet":"max-snippet:-1","max-image-preview":"max-image-preview:large","max-video-preview":"max-video-preview:-1"},"canonical":"https:\/\/infoecos.com.ar\/index.php\/mones-cazon-cumple-109-anos-el-acto-conmemorativo-se-realizo-este-martes\/","og_locale":"es_ES","og_type":"article","og_title":"Mones Caz\u00f3n cumple 109 a\u00f1os: el acto conmemorativo se realiz\u00f3 este martes - Infoecos","og_description":"Mones Caz\u00f3n cumple este martes el 109 aniversario de su fundaci\u00f3n. Por tal raz\u00f3n se...","og_url":"https:\/\/infoecos.com.ar\/index.php\/mones-cazon-cumple-109-anos-el-acto-conmemorativo-se-realizo-este-martes\/","og_site_name":"Infoecos","article_publisher":"https:\/\/www.facebook.com\/profile.php?id=100063200290284","article_published_time":"2020-08-05T00:26:05+00:00","article_modified_time":"2020-08-06T05:43:02+00:00","og_image":[{"width":640,"height":426,"url":"https:\/\/infoecos.com.ar\/wp-content\/uploads\/mcaz2.jpg","type":"image\/jpeg"}],"author":"Jorge Matheus","twitter_card":"summary_large_image","twitter_creator":"@infoecos","twitter_site":"@infoecos","twitter_misc":{"Escrito por":"Jorge Matheus","Tiempo de lectura":"1 minuto"},"schema":{"@context":"https:\/\/schema.org","@graph":[{"@type":"Article","@id":"https:\/\/infoecos.com.ar\/index.php\/mones-cazon-cumple-109-anos-el-acto-conmemorativo-se-realizo-este-martes\/#article","isPartOf":{"@id":"https:\/\/infoecos.com.ar\/index.php\/mones-cazon-cumple-109-anos-el-acto-conmemorativo-se-realizo-este-martes\/"},"author":{"name":"Jorge Matheus","@id":"https:\/\/infoecos.com.ar\/#\/schema\/person\/8f5ace5ce73b4b4aac4b7245aee6f191"},"headline":"Mones Caz\u00f3n cumple 109 a\u00f1os: el acto conmemorativo se realiz\u00f3 este martes","datePublished":"2020-08-05T00:26:05+00:00","dateModified":"2020-08-06T05:43:02+00:00","mainEntityOfPage":{"@id":"https:\/\/infoecos.com.ar\/index.php\/mones-cazon-cumple-109-anos-el-acto-conmemorativo-se-realizo-este-martes\/"},"wordCount":132,"publisher":{"@id":"https:\/\/infoecos.com.ar\/#organization"},"image":{"@id":"https:\/\/infoecos.com.ar\/index.php\/mones-cazon-cumple-109-anos-el-acto-conmemorativo-se-realizo-este-martes\/#primaryimage"},"thumbnailUrl":"https:\/\/infoecos.com.ar\/wp-content\/uploads\/mcaz2.jpg","keywords":["MONES CAZ\u00d3N (PEHUAJ\u00d3)"],"articleSection":["C2 N7"],"inLanguage":"es"},{"@type":"WebPage","@id":"https:\/\/infoecos.com.ar\/index.php\/mones-cazon-cumple-109-anos-el-acto-conmemorativo-se-realizo-este-martes\/","url":"https:\/\/infoecos.com.ar\/index.php\/mones-cazon-cumple-109-anos-el-acto-conmemorativo-se-realizo-este-martes\/","name":"Mones Caz\u00f3n cumple 109 a\u00f1os: el acto conmemorativo se realiz\u00f3 este martes - Infoecos","isPartOf":{"@id":"https:\/\/infoecos.com.ar\/#website"},"primaryImageOfPage":{"@id":"https:\/\/infoecos.com.ar\/index.php\/mones-cazon-cumple-109-anos-el-acto-conmemorativo-se-realizo-este-martes\/#primaryimage"},"image":{"@id":"https:\/\/infoecos.com.ar\/index.php\/mones-cazon-cumple-109-anos-el-acto-conmemorativo-se-realizo-este-martes\/#primaryimage"},"thumbnailUrl":"https:\/\/infoecos.com.ar\/wp-content\/uploads\/mcaz2.jpg","datePublished":"2020-08-05T00:26:05+00:00","dateModified":"2020-08-06T05:43:02+00:00","breadcrumb":{"@id":"https:\/\/infoecos.com.ar\/index.php\/mones-cazon-cumple-109-anos-el-acto-conmemorativo-se-realizo-este-martes\/#breadcrumb"},"inLanguage":"es","potentialAction":[{"@type":"ReadAction","target":["https:\/\/infoecos.com.ar\/index.php\/mones-cazon-cumple-109-anos-el-acto-conmemorativo-se-realizo-este-martes\/"]}]},{"@type":"ImageObject","inLanguage":"es","@id":"https:\/\/infoecos.com.ar\/index.php\/mones-cazon-cumple-109-anos-el-acto-conmemorativo-se-realizo-este-martes\/#primaryimage","url":"https:\/\/infoecos.com.ar\/wp-content\/uploads\/mcaz2.jpg","contentUrl":"https:\/\/infoecos.com.ar\/wp-content\/uploads\/mcaz2.jpg","width":640,"height":426},{"@type":"BreadcrumbList","@id":"https:\/\/infoecos.com.ar\/index.php\/mones-cazon-cumple-109-anos-el-acto-conmemorativo-se-realizo-este-martes\/#breadcrumb","itemListElement":[{"@type":"ListItem","position":1,"name":"Portada","item":"https:\/\/infoecos.com.ar\/"},{"@type":"ListItem","position":2,"name":"Mones Caz\u00f3n cumple 109 a\u00f1os: el acto conmemorativo se realiz\u00f3 este martes"}]},{"@type":"WebSite","@id":"https:\/\/infoecos.com.ar\/#website","url":"https:\/\/infoecos.com.ar\/","name":"Infoecos","description":"Noticias de trenque lauquen y la zona","publisher":{"@id":"https:\/\/infoecos.com.ar\/#organization"},"alternateName":"Noticias","potentialAction":[{"@type":"SearchAction","target":{"@type":"EntryPoint","urlTemplate":"https:\/\/infoecos.com.ar\/?s={search_term_string}"},"query-input":{"@type":"PropertyValueSpecification","valueRequired":true,"valueName":"search_term_string"}}],"inLanguage":"es"},{"@type":"Organization","@id":"https:\/\/infoecos.com.ar\/#organization","name":"Infoecos","alternateName":"Noticias","url":"https:\/\/infoecos.com.ar\/","logo":{"@type":"ImageObject","inLanguage":"es","@id":"https:\/\/infoecos.com.ar\/#\/schema\/logo\/image\/","url":"https:\/\/infoecos.com.ar\/wp-content\/uploads\/2024\/03\/cropped-logo.png","contentUrl":"https:\/\/infoecos.com.ar\/wp-content\/uploads\/2024\/03\/cropped-logo.png","width":374,"height":90,"caption":"Infoecos"},"image":{"@id":"https:\/\/infoecos.com.ar\/#\/schema\/logo\/image\/"},"sameAs":["https:\/\/www.facebook.com\/profile.php?id=100063200290284","https:\/\/x.com\/infoecos"]},{"@type":"Person","@id":"https:\/\/infoecos.com.ar\/#\/schema\/person\/8f5ace5ce73b4b4aac4b7245aee6f191","name":"Jorge Matheus","url":"https:\/\/infoecos.com.ar\/index.php\/author\/jomatheus\/"}]}},"featured_image_urls":{"full":["https:\/\/infoecos.com.ar\/wp-content\/uploads\/mcaz2.jpg",640,426,false],"thumbnail":["https:\/\/infoecos.com.ar\/wp-content\/uploads\/mcaz2-150x150.jpg",150,150,true],"medium":["https:\/\/infoecos.com.ar\/wp-content\/uploads\/mcaz2-460x306.jpg",460,306,true],"medium_large":["https:\/\/infoecos.com.ar\/wp-content\/uploads\/mcaz2.jpg",640,426,false],"large":["https:\/\/infoecos.com.ar\/wp-content\/uploads\/mcaz2.jpg",640,426,false],"1536x1536":["https:\/\/infoecos.com.ar\/wp-content\/uploads\/mcaz2.jpg",640,426,false],"2048x2048":["https:\/\/infoecos.com.ar\/wp-content\/uploads\/mcaz2.jpg",640,426,false],"covernews-slider-full":["https:\/\/infoecos.com.ar\/wp-content\/uploads\/mcaz2.jpg",640,426,false],"covernews-slider-center":["https:\/\/infoecos.com.ar\/wp-content\/uploads\/mcaz2.jpg",640,426,false],"covernews-featured":["https:\/\/infoecos.com.ar\/wp-content\/uploads\/mcaz2.jpg",640,426,false],"covernews-medium":["https:\/\/infoecos.com.ar\/wp-content\/uploads\/mcaz2-640x380.jpg",540,321,true],"covernews-medium-square":["https:\/\/infoecos.com.ar\/wp-content\/uploads\/mcaz2.jpg",376,250,false]},"author_info":{"info":["Jorge Matheus"]},"category_info":"<a href=\"https:\/\/infoecos.com.ar\/index.php\/category\/c2nota7\/\" rel=\"category tag\">C2 N7<\/a>","tag_info":"C2 N7","comment_count":"0","_links":{"self":[{"href":"https:\/\/infoecos.com.ar\/index.php\/wp-json\/wp\/v2\/posts\/65555"}],"collection":[{"href":"https:\/\/infoecos.com.ar\/index.php\/wp-json\/wp\/v2\/posts"}],"about":[{"href":"https:\/\/infoecos.com.ar\/index.php\/wp-json\/wp\/v2\/types\/post"}],"author":[{"embeddable":true,"href":"https:\/\/infoecos.com.ar\/index.php\/wp-json\/wp\/v2\/users\/2"}],"replies":[{"embeddable":true,"href":"https:\/\/infoecos.com.ar\/index.php\/wp-json\/wp\/v2\/comments?post=65555"}],"version-history":[{"count":1,"href":"https:\/\/infoecos.com.ar\/index.php\/wp-json\/wp\/v2\/posts\/65555\/revisions"}],"predecessor-version":[{"id":65558,"href":"https:\/\/infoecos.com.ar\/index.php\/wp-json\/wp\/v2\/posts\/65555\/revisions\/65558"}],"wp:featuredmedia":[{"embeddable":true,"href":"https:\/\/infoecos.com.ar\/index.php\/wp-json\/wp\/v2\/media\/65557"}],"wp:attachment":[{"href":"https:\/\/infoecos.com.ar\/index.php\/wp-json\/wp\/v2\/media?parent=65555"}],"wp:term":[{"taxonomy":"category","embeddable":true,"href":"https:\/\/infoecos.com.ar\/index.php\/wp-json\/wp\/v2\/categories?post=65555"},{"taxonomy":"post_tag","embeddable":true,"href":"https:\/\/infoecos.com.ar\/index.php\/wp-json\/wp\/v2\/tags?post=65555"}],"curies":[{"name":"wp","href":"https:\/\/api.w.org\/{rel}","templated":true}]}}