{"id":65902,"date":"2020-08-12T01:40:37","date_gmt":"2020-08-12T04:40:37","guid":{"rendered":"http:\/\/infoecos.com.ar\/?p=65902"},"modified":"2020-08-13T01:51:51","modified_gmt":"2020-08-13T04:51:51","slug":"el-intendente-de-chivilcoy-reitero-que-los-denominados-intendentes-independientes-vamos-a-trabajar-codo-a-codo-con-los-ministros-del-gobernador","status":"publish","type":"post","link":"https:\/\/infoecos.com.ar\/index.php\/el-intendente-de-chivilcoy-reitero-que-los-denominados-intendentes-independientes-vamos-a-trabajar-codo-a-codo-con-los-ministros-del-gobernador\/","title":{"rendered":"El intendente de Chivilcoy reiter\u00f3 que los denominados independientes \u00abvamos a trabajar codo a codo con los ministros del Gobernador\u00bb"},"content":{"rendered":"\n<p>El intendente municipal de Chivilcoy, Guillermo Britos, en conferencia de prensa donde se refiri\u00f3 a la situaci\u00f3n sanitaria de su distrito, tambi\u00e9n habl\u00f3 de la videoconferencia que mantuvo junto a otros seis intendentes, de los denominados independientes, con el gobernador de la provincia de Buenos Aires, Axel Kicillof.<\/p>\n\n\n\n<div class=\"wp-block-image\"><figure class=\"aligncenter size-medium\"><img decoding=\"async\" src=\"http:\/\/infoecos.com.ar\/wp-content\/uploads\/20200102135347_whatsapp-image-2020-01-02-at-13-55-33-460x287.jpeg\" alt=\"\" class=\"wp-image-57111\"\/><figcaption>Kicillof con intendentes vecinalistas (archivo)<\/figcaption><\/figure><\/div>\n\n\n\n<p>Manifest\u00f3 con respecto al encuentro apuntado m\u00e1s arriba que se habl\u00f3, entre otras cosas, de las rutas 30, 41, 51, obras de agua y de cloacas. \u00abTambi\u00e9n conversamos sobre el dinero que se necesita para obras en los Parques Industriales, especialmente vinculados con accesos y obra internas\u00bb, coment\u00f3. <\/p>\n\n\n\n<p>En torno a la relaci\u00f3n con el gobierno de la provincia, Britos manifest\u00f3 que \u00abvamos a trabajar codo a codo con los ministros que el Gobernador dispuso, como lo hicimos desde el inicio de la gesti\u00f3n\u00bb. <\/p>\n\n\n\n<p><\/p>\n\n\n\n<p><\/p>\n\n\n\n<p><\/p>\n","protected":false},"excerpt":{"rendered":"<p>El intendente municipal de Chivilcoy, Guillermo Britos, en conferencia de prensa donde se refiri\u00f3 a&#8230;<\/p>\n","protected":false},"author":2,"featured_media":57111,"comment_status":"closed","ping_status":"open","sticky":false,"template":"","format":"standard","meta":{"footnotes":""},"categories":[1614],"tags":[7],"class_list":["post-65902","post","type-post","status-publish","format-standard","has-post-thumbnail","hentry","category-c2nota7","tag-chivilcoy"],"yoast_head":"<!-- This site is optimized with the Yoast SEO plugin v23.4 - https:\/\/yoast.com\/wordpress\/plugins\/seo\/ -->\n<title>El intendente de Chivilcoy reiter\u00f3 que los denominados independientes &quot;vamos a trabajar codo a codo con los ministros del Gobernador&quot; - Infoecos<\/title>\n<meta name=\"robots\" content=\"index, follow, max-snippet:-1, max-image-preview:large, max-video-preview:-1\" \/>\n<link rel=\"canonical\" href=\"https:\/\/infoecos.com.ar\/index.php\/el-intendente-de-chivilcoy-reitero-que-los-denominados-intendentes-independientes-vamos-a-trabajar-codo-a-codo-con-los-ministros-del-gobernador\/\" \/>\n<meta property=\"og:locale\" content=\"es_ES\" \/>\n<meta property=\"og:type\" content=\"article\" \/>\n<meta property=\"og:title\" content=\"El intendente de Chivilcoy reiter\u00f3 que los denominados independientes &quot;vamos a trabajar codo a codo con los ministros del Gobernador&quot; - Infoecos\" \/>\n<meta property=\"og:description\" content=\"El intendente municipal de Chivilcoy, Guillermo Britos, en conferencia de prensa donde se refiri\u00f3 a...\" \/>\n<meta property=\"og:url\" content=\"https:\/\/infoecos.com.ar\/index.php\/el-intendente-de-chivilcoy-reitero-que-los-denominados-intendentes-independientes-vamos-a-trabajar-codo-a-codo-con-los-ministros-del-gobernador\/\" \/>\n<meta property=\"og:site_name\" content=\"Infoecos\" \/>\n<meta property=\"article:publisher\" content=\"https:\/\/www.facebook.com\/profile.php?id=100063200290284\" \/>\n<meta property=\"article:published_time\" content=\"2020-08-12T04:40:37+00:00\" \/>\n<meta property=\"article:modified_time\" content=\"2020-08-13T04:51:51+00:00\" \/>\n<meta property=\"og:image\" content=\"https:\/\/infoecos.com.ar\/wp-content\/uploads\/20200102135347_whatsapp-image-2020-01-02-at-13-55-33.jpeg\" \/>\n\t<meta property=\"og:image:width\" content=\"887\" \/>\n\t<meta property=\"og:image:height\" content=\"554\" \/>\n\t<meta property=\"og:image:type\" content=\"image\/jpeg\" \/>\n<meta name=\"author\" content=\"Jorge Matheus\" \/>\n<meta name=\"twitter:card\" content=\"summary_large_image\" \/>\n<meta name=\"twitter:creator\" content=\"@infoecos\" \/>\n<meta name=\"twitter:site\" content=\"@infoecos\" \/>\n<meta name=\"twitter:label1\" content=\"Escrito por\" \/>\n\t<meta name=\"twitter:data1\" content=\"Jorge Matheus\" \/>\n\t<meta name=\"twitter:label2\" content=\"Tiempo de lectura\" \/>\n\t<meta name=\"twitter:data2\" content=\"1 minuto\" \/>\n<script type=\"application\/ld+json\" class=\"yoast-schema-graph\">{\"@context\":\"https:\/\/schema.org\",\"@graph\":[{\"@type\":\"Article\",\"@id\":\"https:\/\/infoecos.com.ar\/index.php\/el-intendente-de-chivilcoy-reitero-que-los-denominados-intendentes-independientes-vamos-a-trabajar-codo-a-codo-con-los-ministros-del-gobernador\/#article\",\"isPartOf\":{\"@id\":\"https:\/\/infoecos.com.ar\/index.php\/el-intendente-de-chivilcoy-reitero-que-los-denominados-intendentes-independientes-vamos-a-trabajar-codo-a-codo-con-los-ministros-del-gobernador\/\"},\"author\":{\"name\":\"Jorge Matheus\",\"@id\":\"https:\/\/infoecos.com.ar\/#\/schema\/person\/8f5ace5ce73b4b4aac4b7245aee6f191\"},\"headline\":\"El intendente de Chivilcoy reiter\u00f3 que los denominados independientes \u00abvamos a trabajar codo a codo con los ministros del Gobernador\u00bb\",\"datePublished\":\"2020-08-12T04:40:37+00:00\",\"dateModified\":\"2020-08-13T04:51:51+00:00\",\"mainEntityOfPage\":{\"@id\":\"https:\/\/infoecos.com.ar\/index.php\/el-intendente-de-chivilcoy-reitero-que-los-denominados-intendentes-independientes-vamos-a-trabajar-codo-a-codo-con-los-ministros-del-gobernador\/\"},\"wordCount\":160,\"publisher\":{\"@id\":\"https:\/\/infoecos.com.ar\/#organization\"},\"image\":{\"@id\":\"https:\/\/infoecos.com.ar\/index.php\/el-intendente-de-chivilcoy-reitero-que-los-denominados-intendentes-independientes-vamos-a-trabajar-codo-a-codo-con-los-ministros-del-gobernador\/#primaryimage\"},\"thumbnailUrl\":\"\",\"keywords\":[\"Chivilcoy\"],\"articleSection\":[\"C2 N7\"],\"inLanguage\":\"es\"},{\"@type\":\"WebPage\",\"@id\":\"https:\/\/infoecos.com.ar\/index.php\/el-intendente-de-chivilcoy-reitero-que-los-denominados-intendentes-independientes-vamos-a-trabajar-codo-a-codo-con-los-ministros-del-gobernador\/\",\"url\":\"https:\/\/infoecos.com.ar\/index.php\/el-intendente-de-chivilcoy-reitero-que-los-denominados-intendentes-independientes-vamos-a-trabajar-codo-a-codo-con-los-ministros-del-gobernador\/\",\"name\":\"El intendente de Chivilcoy reiter\u00f3 que los denominados independientes \\\"vamos a trabajar codo a codo con los ministros del Gobernador\\\" - Infoecos\",\"isPartOf\":{\"@id\":\"https:\/\/infoecos.com.ar\/#website\"},\"primaryImageOfPage\":{\"@id\":\"https:\/\/infoecos.com.ar\/index.php\/el-intendente-de-chivilcoy-reitero-que-los-denominados-intendentes-independientes-vamos-a-trabajar-codo-a-codo-con-los-ministros-del-gobernador\/#primaryimage\"},\"image\":{\"@id\":\"https:\/\/infoecos.com.ar\/index.php\/el-intendente-de-chivilcoy-reitero-que-los-denominados-intendentes-independientes-vamos-a-trabajar-codo-a-codo-con-los-ministros-del-gobernador\/#primaryimage\"},\"thumbnailUrl\":\"\",\"datePublished\":\"2020-08-12T04:40:37+00:00\",\"dateModified\":\"2020-08-13T04:51:51+00:00\",\"breadcrumb\":{\"@id\":\"https:\/\/infoecos.com.ar\/index.php\/el-intendente-de-chivilcoy-reitero-que-los-denominados-intendentes-independientes-vamos-a-trabajar-codo-a-codo-con-los-ministros-del-gobernador\/#breadcrumb\"},\"inLanguage\":\"es\",\"potentialAction\":[{\"@type\":\"ReadAction\",\"target\":[\"https:\/\/infoecos.com.ar\/index.php\/el-intendente-de-chivilcoy-reitero-que-los-denominados-intendentes-independientes-vamos-a-trabajar-codo-a-codo-con-los-ministros-del-gobernador\/\"]}]},{\"@type\":\"ImageObject\",\"inLanguage\":\"es\",\"@id\":\"https:\/\/infoecos.com.ar\/index.php\/el-intendente-de-chivilcoy-reitero-que-los-denominados-intendentes-independientes-vamos-a-trabajar-codo-a-codo-con-los-ministros-del-gobernador\/#primaryimage\",\"url\":\"\",\"contentUrl\":\"\"},{\"@type\":\"BreadcrumbList\",\"@id\":\"https:\/\/infoecos.com.ar\/index.php\/el-intendente-de-chivilcoy-reitero-que-los-denominados-intendentes-independientes-vamos-a-trabajar-codo-a-codo-con-los-ministros-del-gobernador\/#breadcrumb\",\"itemListElement\":[{\"@type\":\"ListItem\",\"position\":1,\"name\":\"Portada\",\"item\":\"https:\/\/infoecos.com.ar\/\"},{\"@type\":\"ListItem\",\"position\":2,\"name\":\"El intendente de Chivilcoy reiter\u00f3 que los denominados independientes \u00abvamos a trabajar codo a codo con los ministros del Gobernador\u00bb\"}]},{\"@type\":\"WebSite\",\"@id\":\"https:\/\/infoecos.com.ar\/#website\",\"url\":\"https:\/\/infoecos.com.ar\/\",\"name\":\"Infoecos\",\"description\":\"Noticias de trenque lauquen y la zona\",\"publisher\":{\"@id\":\"https:\/\/infoecos.com.ar\/#organization\"},\"alternateName\":\"Noticias\",\"potentialAction\":[{\"@type\":\"SearchAction\",\"target\":{\"@type\":\"EntryPoint\",\"urlTemplate\":\"https:\/\/infoecos.com.ar\/?s={search_term_string}\"},\"query-input\":{\"@type\":\"PropertyValueSpecification\",\"valueRequired\":true,\"valueName\":\"search_term_string\"}}],\"inLanguage\":\"es\"},{\"@type\":\"Organization\",\"@id\":\"https:\/\/infoecos.com.ar\/#organization\",\"name\":\"Infoecos\",\"alternateName\":\"Noticias\",\"url\":\"https:\/\/infoecos.com.ar\/\",\"logo\":{\"@type\":\"ImageObject\",\"inLanguage\":\"es\",\"@id\":\"https:\/\/infoecos.com.ar\/#\/schema\/logo\/image\/\",\"url\":\"https:\/\/infoecos.com.ar\/wp-content\/uploads\/2024\/03\/cropped-logo.png\",\"contentUrl\":\"https:\/\/infoecos.com.ar\/wp-content\/uploads\/2024\/03\/cropped-logo.png\",\"width\":374,\"height\":90,\"caption\":\"Infoecos\"},\"image\":{\"@id\":\"https:\/\/infoecos.com.ar\/#\/schema\/logo\/image\/\"},\"sameAs\":[\"https:\/\/www.facebook.com\/profile.php?id=100063200290284\",\"https:\/\/x.com\/infoecos\"]},{\"@type\":\"Person\",\"@id\":\"https:\/\/infoecos.com.ar\/#\/schema\/person\/8f5ace5ce73b4b4aac4b7245aee6f191\",\"name\":\"Jorge Matheus\",\"url\":\"https:\/\/infoecos.com.ar\/index.php\/author\/jomatheus\/\"}]}<\/script>\n<!-- \/ Yoast SEO plugin. -->","yoast_head_json":{"title":"El intendente de Chivilcoy reiter\u00f3 que los denominados independientes \"vamos a trabajar codo a codo con los ministros del Gobernador\" - Infoecos","robots":{"index":"index","follow":"follow","max-snippet":"max-snippet:-1","max-image-preview":"max-image-preview:large","max-video-preview":"max-video-preview:-1"},"canonical":"https:\/\/infoecos.com.ar\/index.php\/el-intendente-de-chivilcoy-reitero-que-los-denominados-intendentes-independientes-vamos-a-trabajar-codo-a-codo-con-los-ministros-del-gobernador\/","og_locale":"es_ES","og_type":"article","og_title":"El intendente de Chivilcoy reiter\u00f3 que los denominados independientes \"vamos a trabajar codo a codo con los ministros del Gobernador\" - Infoecos","og_description":"El intendente municipal de Chivilcoy, Guillermo Britos, en conferencia de prensa donde se refiri\u00f3 a...","og_url":"https:\/\/infoecos.com.ar\/index.php\/el-intendente-de-chivilcoy-reitero-que-los-denominados-intendentes-independientes-vamos-a-trabajar-codo-a-codo-con-los-ministros-del-gobernador\/","og_site_name":"Infoecos","article_publisher":"https:\/\/www.facebook.com\/profile.php?id=100063200290284","article_published_time":"2020-08-12T04:40:37+00:00","article_modified_time":"2020-08-13T04:51:51+00:00","og_image":[{"width":887,"height":554,"url":"https:\/\/infoecos.com.ar\/wp-content\/uploads\/20200102135347_whatsapp-image-2020-01-02-at-13-55-33.jpeg","type":"image\/jpeg"}],"author":"Jorge Matheus","twitter_card":"summary_large_image","twitter_creator":"@infoecos","twitter_site":"@infoecos","twitter_misc":{"Escrito por":"Jorge Matheus","Tiempo de lectura":"1 minuto"},"schema":{"@context":"https:\/\/schema.org","@graph":[{"@type":"Article","@id":"https:\/\/infoecos.com.ar\/index.php\/el-intendente-de-chivilcoy-reitero-que-los-denominados-intendentes-independientes-vamos-a-trabajar-codo-a-codo-con-los-ministros-del-gobernador\/#article","isPartOf":{"@id":"https:\/\/infoecos.com.ar\/index.php\/el-intendente-de-chivilcoy-reitero-que-los-denominados-intendentes-independientes-vamos-a-trabajar-codo-a-codo-con-los-ministros-del-gobernador\/"},"author":{"name":"Jorge Matheus","@id":"https:\/\/infoecos.com.ar\/#\/schema\/person\/8f5ace5ce73b4b4aac4b7245aee6f191"},"headline":"El intendente de Chivilcoy reiter\u00f3 que los denominados independientes \u00abvamos a trabajar codo a codo con los ministros del Gobernador\u00bb","datePublished":"2020-08-12T04:40:37+00:00","dateModified":"2020-08-13T04:51:51+00:00","mainEntityOfPage":{"@id":"https:\/\/infoecos.com.ar\/index.php\/el-intendente-de-chivilcoy-reitero-que-los-denominados-intendentes-independientes-vamos-a-trabajar-codo-a-codo-con-los-ministros-del-gobernador\/"},"wordCount":160,"publisher":{"@id":"https:\/\/infoecos.com.ar\/#organization"},"image":{"@id":"https:\/\/infoecos.com.ar\/index.php\/el-intendente-de-chivilcoy-reitero-que-los-denominados-intendentes-independientes-vamos-a-trabajar-codo-a-codo-con-los-ministros-del-gobernador\/#primaryimage"},"thumbnailUrl":"","keywords":["Chivilcoy"],"articleSection":["C2 N7"],"inLanguage":"es"},{"@type":"WebPage","@id":"https:\/\/infoecos.com.ar\/index.php\/el-intendente-de-chivilcoy-reitero-que-los-denominados-intendentes-independientes-vamos-a-trabajar-codo-a-codo-con-los-ministros-del-gobernador\/","url":"https:\/\/infoecos.com.ar\/index.php\/el-intendente-de-chivilcoy-reitero-que-los-denominados-intendentes-independientes-vamos-a-trabajar-codo-a-codo-con-los-ministros-del-gobernador\/","name":"El intendente de Chivilcoy reiter\u00f3 que los denominados independientes \"vamos a trabajar codo a codo con los ministros del Gobernador\" - Infoecos","isPartOf":{"@id":"https:\/\/infoecos.com.ar\/#website"},"primaryImageOfPage":{"@id":"https:\/\/infoecos.com.ar\/index.php\/el-intendente-de-chivilcoy-reitero-que-los-denominados-intendentes-independientes-vamos-a-trabajar-codo-a-codo-con-los-ministros-del-gobernador\/#primaryimage"},"image":{"@id":"https:\/\/infoecos.com.ar\/index.php\/el-intendente-de-chivilcoy-reitero-que-los-denominados-intendentes-independientes-vamos-a-trabajar-codo-a-codo-con-los-ministros-del-gobernador\/#primaryimage"},"thumbnailUrl":"","datePublished":"2020-08-12T04:40:37+00:00","dateModified":"2020-08-13T04:51:51+00:00","breadcrumb":{"@id":"https:\/\/infoecos.com.ar\/index.php\/el-intendente-de-chivilcoy-reitero-que-los-denominados-intendentes-independientes-vamos-a-trabajar-codo-a-codo-con-los-ministros-del-gobernador\/#breadcrumb"},"inLanguage":"es","potentialAction":[{"@type":"ReadAction","target":["https:\/\/infoecos.com.ar\/index.php\/el-intendente-de-chivilcoy-reitero-que-los-denominados-intendentes-independientes-vamos-a-trabajar-codo-a-codo-con-los-ministros-del-gobernador\/"]}]},{"@type":"ImageObject","inLanguage":"es","@id":"https:\/\/infoecos.com.ar\/index.php\/el-intendente-de-chivilcoy-reitero-que-los-denominados-intendentes-independientes-vamos-a-trabajar-codo-a-codo-con-los-ministros-del-gobernador\/#primaryimage","url":"","contentUrl":""},{"@type":"BreadcrumbList","@id":"https:\/\/infoecos.com.ar\/index.php\/el-intendente-de-chivilcoy-reitero-que-los-denominados-intendentes-independientes-vamos-a-trabajar-codo-a-codo-con-los-ministros-del-gobernador\/#breadcrumb","itemListElement":[{"@type":"ListItem","position":1,"name":"Portada","item":"https:\/\/infoecos.com.ar\/"},{"@type":"ListItem","position":2,"name":"El intendente de Chivilcoy reiter\u00f3 que los denominados independientes \u00abvamos a trabajar codo a codo con los ministros del Gobernador\u00bb"}]},{"@type":"WebSite","@id":"https:\/\/infoecos.com.ar\/#website","url":"https:\/\/infoecos.com.ar\/","name":"Infoecos","description":"Noticias de trenque lauquen y la zona","publisher":{"@id":"https:\/\/infoecos.com.ar\/#organization"},"alternateName":"Noticias","potentialAction":[{"@type":"SearchAction","target":{"@type":"EntryPoint","urlTemplate":"https:\/\/infoecos.com.ar\/?s={search_term_string}"},"query-input":{"@type":"PropertyValueSpecification","valueRequired":true,"valueName":"search_term_string"}}],"inLanguage":"es"},{"@type":"Organization","@id":"https:\/\/infoecos.com.ar\/#organization","name":"Infoecos","alternateName":"Noticias","url":"https:\/\/infoecos.com.ar\/","logo":{"@type":"ImageObject","inLanguage":"es","@id":"https:\/\/infoecos.com.ar\/#\/schema\/logo\/image\/","url":"https:\/\/infoecos.com.ar\/wp-content\/uploads\/2024\/03\/cropped-logo.png","contentUrl":"https:\/\/infoecos.com.ar\/wp-content\/uploads\/2024\/03\/cropped-logo.png","width":374,"height":90,"caption":"Infoecos"},"image":{"@id":"https:\/\/infoecos.com.ar\/#\/schema\/logo\/image\/"},"sameAs":["https:\/\/www.facebook.com\/profile.php?id=100063200290284","https:\/\/x.com\/infoecos"]},{"@type":"Person","@id":"https:\/\/infoecos.com.ar\/#\/schema\/person\/8f5ace5ce73b4b4aac4b7245aee6f191","name":"Jorge Matheus","url":"https:\/\/infoecos.com.ar\/index.php\/author\/jomatheus\/"}]}},"featured_image_urls":{"full":"","thumbnail":"","medium":"","medium_large":"","large":"","1536x1536":"","2048x2048":"","covernews-slider-full":"","covernews-slider-center":"","covernews-featured":"","covernews-medium":"","covernews-medium-square":""},"author_info":{"info":["Jorge Matheus"]},"category_info":"<a href=\"https:\/\/infoecos.com.ar\/index.php\/category\/c2nota7\/\" rel=\"category tag\">C2 N7<\/a>","tag_info":"C2 N7","comment_count":"0","_links":{"self":[{"href":"https:\/\/infoecos.com.ar\/index.php\/wp-json\/wp\/v2\/posts\/65902"}],"collection":[{"href":"https:\/\/infoecos.com.ar\/index.php\/wp-json\/wp\/v2\/posts"}],"about":[{"href":"https:\/\/infoecos.com.ar\/index.php\/wp-json\/wp\/v2\/types\/post"}],"author":[{"embeddable":true,"href":"https:\/\/infoecos.com.ar\/index.php\/wp-json\/wp\/v2\/users\/2"}],"replies":[{"embeddable":true,"href":"https:\/\/infoecos.com.ar\/index.php\/wp-json\/wp\/v2\/comments?post=65902"}],"version-history":[{"count":2,"href":"https:\/\/infoecos.com.ar\/index.php\/wp-json\/wp\/v2\/posts\/65902\/revisions"}],"predecessor-version":[{"id":65982,"href":"https:\/\/infoecos.com.ar\/index.php\/wp-json\/wp\/v2\/posts\/65902\/revisions\/65982"}],"wp:featuredmedia":[{"embeddable":true,"href":"https:\/\/infoecos.com.ar\/index.php\/wp-json\/"}],"wp:attachment":[{"href":"https:\/\/infoecos.com.ar\/index.php\/wp-json\/wp\/v2\/media?parent=65902"}],"wp:term":[{"taxonomy":"category","embeddable":true,"href":"https:\/\/infoecos.com.ar\/index.php\/wp-json\/wp\/v2\/categories?post=65902"},{"taxonomy":"post_tag","embeddable":true,"href":"https:\/\/infoecos.com.ar\/index.php\/wp-json\/wp\/v2\/tags?post=65902"}],"curies":[{"name":"wp","href":"https:\/\/api.w.org\/{rel}","templated":true}]}}