{"id":66072,"date":"2020-08-17T01:34:32","date_gmt":"2020-08-17T04:34:32","guid":{"rendered":"http:\/\/infoecos.com.ar\/?p=66072"},"modified":"2020-08-17T01:34:42","modified_gmt":"2020-08-17T04:34:42","slug":"la-coope-con-un-concurso-al-cumplir-100-anos-se-adhiere-a-la-iniciativa-de-la-presidencia-que-declara-el-2020-como-el-ano-del-general-manuel-belgrano","status":"publish","type":"post","link":"https:\/\/infoecos.com.ar\/index.php\/la-coope-con-un-concurso-al-cumplir-100-anos-se-adhiere-a-la-iniciativa-de-la-presidencia-que-declara-el-2020-como-el-ano-del-general-manuel-belgrano\/","title":{"rendered":"La Coope, con un concurso, al cumplir 100 a\u00f1os se adhiere a la iniciativa de la presidencia que declara el 2020 como el \u00abA\u00f1o del General Manuel Belgrano\u00bb"},"content":{"rendered":"\n<p>En el a\u00f1o del Centenario de la Cooperativa Obrera que posee sucursales en toda esta regi\u00f3n lanza la nueva edici\u00f3n del Certamen Escolar adhiriendo a la iniciativa de la Presidencia de la Naci\u00f3n en la que declara el 2020 como el \u201cA\u00d1O DEL GENERAL MANUEL BELGRANO\u201d, por cumplirse doscientos cincuenta a\u00f1os de su nacimiento y doscientos a\u00f1os de su muerte.<\/p>\n\n\n\n<div class=\"wp-block-image\"><figure class=\"aligncenter size-medium\"><img decoding=\"async\" src=\"http:\/\/infoecos.com.ar\/wp-content\/uploads\/multimedia.normal.a87878c6d1365b9c.636f6f70655f6e6f726d616c2e6a7067-460x345.jpg\" alt=\"\" class=\"wp-image-48676\"\/><figcaption>Trenque Lauquen &#8211; Cooperativa Obrera<\/figcaption><\/figure><\/div>\n\n\n\n<p>De esta manera, se\u00f1ala una gacetilla de prensa, el Certamen Escolar busca ayudar al conocimiento del creador de la bandera estimulando en los ni\u00f1os la conciencia \u00e9tica, y trabajando valores que son pilares de la sociedad y<br>que caracterizaron a la figura del pr\u00f3cer, entre ellos, el esp\u00edritu de servicio, la capacidad de sacrificio, el desinter\u00e9s personal y la austeridad.<\/p>\n\n\n\n<p>Pueden participar alumnas y alumnos de segundo ciclo de escuelas primarias con sus docentes gu\u00edas. En esta oportunidad las chicas y chicos tomar\u00e1n el rol de periodista y deber\u00e1n redactar una nota relatando un suceso o hecho hist\u00f3rico en el que Belgrano haya sido protagonista, pudiendo tambi\u00e9n desarrollar una entrevista al mismo.<\/p>\n\n\n\n<p>Esta edici\u00f3n tiene un bonus track con material pedag\u00f3gico, did\u00e1ctico, audiovisual, l\u00fadico educativo, de uso libre y gratuito, orientado a docentes y alumnos provisto por el Ministerio de Educaci\u00f3n de la Naci\u00f3n. Adem\u00e1s los participantes al jugar suman chances para ganar distinciones y grandes premios. Aquellos que no tengan acceso a la tecnolog\u00eda, tambi\u00e9n pueden participar retirando un cuadernillo impreso con toda la informaci\u00f3n en cualquiera de las 134 sucursales de La Coope.<\/p>\n\n\n\n<p>Toda la informaci\u00f3n sobre las bases y condiciones para participar se encuentra en la web www.cooperativaobrera.coop. Hay tiempo para participar hasta el 2 de octubre.<\/p>\n","protected":false},"excerpt":{"rendered":"<p>En el a\u00f1o del Centenario de la Cooperativa Obrera que posee sucursales en toda esta&#8230;<\/p>\n","protected":false},"author":2,"featured_media":48676,"comment_status":"closed","ping_status":"open","sticky":false,"template":"","format":"standard","meta":{"footnotes":""},"categories":[51],"tags":[1857],"class_list":["post-66072","post","type-post","status-publish","format-standard","has-post-thumbnail","hentry","category-c2nota4","tag-cooperativismo-y-educacion"],"yoast_head":"<!-- This site is optimized with the Yoast SEO plugin v23.4 - https:\/\/yoast.com\/wordpress\/plugins\/seo\/ -->\n<title>La Coope, con un concurso, al cumplir 100 a\u00f1os se adhiere a la iniciativa de la presidencia que declara el 2020 como el &quot;A\u00f1o del General Manuel Belgrano&quot; - Infoecos<\/title>\n<meta name=\"robots\" content=\"index, follow, max-snippet:-1, max-image-preview:large, max-video-preview:-1\" \/>\n<link rel=\"canonical\" href=\"https:\/\/infoecos.com.ar\/index.php\/la-coope-con-un-concurso-al-cumplir-100-anos-se-adhiere-a-la-iniciativa-de-la-presidencia-que-declara-el-2020-como-el-ano-del-general-manuel-belgrano\/\" \/>\n<meta property=\"og:locale\" content=\"es_ES\" \/>\n<meta property=\"og:type\" content=\"article\" \/>\n<meta property=\"og:title\" content=\"La Coope, con un concurso, al cumplir 100 a\u00f1os se adhiere a la iniciativa de la presidencia que declara el 2020 como el &quot;A\u00f1o del General Manuel Belgrano&quot; - Infoecos\" \/>\n<meta property=\"og:description\" content=\"En el a\u00f1o del Centenario de la Cooperativa Obrera que posee sucursales en toda esta...\" \/>\n<meta property=\"og:url\" content=\"https:\/\/infoecos.com.ar\/index.php\/la-coope-con-un-concurso-al-cumplir-100-anos-se-adhiere-a-la-iniciativa-de-la-presidencia-que-declara-el-2020-como-el-ano-del-general-manuel-belgrano\/\" \/>\n<meta property=\"og:site_name\" content=\"Infoecos\" \/>\n<meta property=\"article:publisher\" content=\"https:\/\/www.facebook.com\/profile.php?id=100063200290284\" \/>\n<meta property=\"article:published_time\" content=\"2020-08-17T04:34:32+00:00\" \/>\n<meta property=\"article:modified_time\" content=\"2020-08-17T04:34:42+00:00\" \/>\n<meta property=\"og:image\" content=\"https:\/\/infoecos.com.ar\/wp-content\/uploads\/multimedia.normal.a87878c6d1365b9c.636f6f70655f6e6f726d616c2e6a7067.jpg\" \/>\n\t<meta property=\"og:image:width\" content=\"800\" \/>\n\t<meta property=\"og:image:height\" content=\"600\" \/>\n\t<meta property=\"og:image:type\" content=\"image\/jpeg\" \/>\n<meta name=\"author\" content=\"Jorge Matheus\" \/>\n<meta name=\"twitter:card\" content=\"summary_large_image\" \/>\n<meta name=\"twitter:creator\" content=\"@infoecos\" \/>\n<meta name=\"twitter:site\" content=\"@infoecos\" \/>\n<meta name=\"twitter:label1\" content=\"Escrito por\" \/>\n\t<meta name=\"twitter:data1\" content=\"Jorge Matheus\" \/>\n\t<meta name=\"twitter:label2\" content=\"Tiempo de lectura\" \/>\n\t<meta name=\"twitter:data2\" content=\"2 minutos\" \/>\n<script type=\"application\/ld+json\" class=\"yoast-schema-graph\">{\"@context\":\"https:\/\/schema.org\",\"@graph\":[{\"@type\":\"Article\",\"@id\":\"https:\/\/infoecos.com.ar\/index.php\/la-coope-con-un-concurso-al-cumplir-100-anos-se-adhiere-a-la-iniciativa-de-la-presidencia-que-declara-el-2020-como-el-ano-del-general-manuel-belgrano\/#article\",\"isPartOf\":{\"@id\":\"https:\/\/infoecos.com.ar\/index.php\/la-coope-con-un-concurso-al-cumplir-100-anos-se-adhiere-a-la-iniciativa-de-la-presidencia-que-declara-el-2020-como-el-ano-del-general-manuel-belgrano\/\"},\"author\":{\"name\":\"Jorge Matheus\",\"@id\":\"https:\/\/infoecos.com.ar\/#\/schema\/person\/8f5ace5ce73b4b4aac4b7245aee6f191\"},\"headline\":\"La Coope, con un concurso, al cumplir 100 a\u00f1os se adhiere a la iniciativa de la presidencia que declara el 2020 como el \u00abA\u00f1o del General Manuel Belgrano\u00bb\",\"datePublished\":\"2020-08-17T04:34:32+00:00\",\"dateModified\":\"2020-08-17T04:34:42+00:00\",\"mainEntityOfPage\":{\"@id\":\"https:\/\/infoecos.com.ar\/index.php\/la-coope-con-un-concurso-al-cumplir-100-anos-se-adhiere-a-la-iniciativa-de-la-presidencia-que-declara-el-2020-como-el-ano-del-general-manuel-belgrano\/\"},\"wordCount\":329,\"publisher\":{\"@id\":\"https:\/\/infoecos.com.ar\/#organization\"},\"image\":{\"@id\":\"https:\/\/infoecos.com.ar\/index.php\/la-coope-con-un-concurso-al-cumplir-100-anos-se-adhiere-a-la-iniciativa-de-la-presidencia-que-declara-el-2020-como-el-ano-del-general-manuel-belgrano\/#primaryimage\"},\"thumbnailUrl\":\"\",\"keywords\":[\"COOPERATIVISMO Y EDUCACI\u00d3N\"],\"articleSection\":[\"C2 N4\"],\"inLanguage\":\"es\"},{\"@type\":\"WebPage\",\"@id\":\"https:\/\/infoecos.com.ar\/index.php\/la-coope-con-un-concurso-al-cumplir-100-anos-se-adhiere-a-la-iniciativa-de-la-presidencia-que-declara-el-2020-como-el-ano-del-general-manuel-belgrano\/\",\"url\":\"https:\/\/infoecos.com.ar\/index.php\/la-coope-con-un-concurso-al-cumplir-100-anos-se-adhiere-a-la-iniciativa-de-la-presidencia-que-declara-el-2020-como-el-ano-del-general-manuel-belgrano\/\",\"name\":\"La Coope, con un concurso, al cumplir 100 a\u00f1os se adhiere a la iniciativa de la presidencia que declara el 2020 como el \\\"A\u00f1o del General Manuel Belgrano\\\" - Infoecos\",\"isPartOf\":{\"@id\":\"https:\/\/infoecos.com.ar\/#website\"},\"primaryImageOfPage\":{\"@id\":\"https:\/\/infoecos.com.ar\/index.php\/la-coope-con-un-concurso-al-cumplir-100-anos-se-adhiere-a-la-iniciativa-de-la-presidencia-que-declara-el-2020-como-el-ano-del-general-manuel-belgrano\/#primaryimage\"},\"image\":{\"@id\":\"https:\/\/infoecos.com.ar\/index.php\/la-coope-con-un-concurso-al-cumplir-100-anos-se-adhiere-a-la-iniciativa-de-la-presidencia-que-declara-el-2020-como-el-ano-del-general-manuel-belgrano\/#primaryimage\"},\"thumbnailUrl\":\"\",\"datePublished\":\"2020-08-17T04:34:32+00:00\",\"dateModified\":\"2020-08-17T04:34:42+00:00\",\"breadcrumb\":{\"@id\":\"https:\/\/infoecos.com.ar\/index.php\/la-coope-con-un-concurso-al-cumplir-100-anos-se-adhiere-a-la-iniciativa-de-la-presidencia-que-declara-el-2020-como-el-ano-del-general-manuel-belgrano\/#breadcrumb\"},\"inLanguage\":\"es\",\"potentialAction\":[{\"@type\":\"ReadAction\",\"target\":[\"https:\/\/infoecos.com.ar\/index.php\/la-coope-con-un-concurso-al-cumplir-100-anos-se-adhiere-a-la-iniciativa-de-la-presidencia-que-declara-el-2020-como-el-ano-del-general-manuel-belgrano\/\"]}]},{\"@type\":\"ImageObject\",\"inLanguage\":\"es\",\"@id\":\"https:\/\/infoecos.com.ar\/index.php\/la-coope-con-un-concurso-al-cumplir-100-anos-se-adhiere-a-la-iniciativa-de-la-presidencia-que-declara-el-2020-como-el-ano-del-general-manuel-belgrano\/#primaryimage\",\"url\":\"\",\"contentUrl\":\"\"},{\"@type\":\"BreadcrumbList\",\"@id\":\"https:\/\/infoecos.com.ar\/index.php\/la-coope-con-un-concurso-al-cumplir-100-anos-se-adhiere-a-la-iniciativa-de-la-presidencia-que-declara-el-2020-como-el-ano-del-general-manuel-belgrano\/#breadcrumb\",\"itemListElement\":[{\"@type\":\"ListItem\",\"position\":1,\"name\":\"Portada\",\"item\":\"https:\/\/infoecos.com.ar\/\"},{\"@type\":\"ListItem\",\"position\":2,\"name\":\"La Coope, con un concurso, al cumplir 100 a\u00f1os se adhiere a la iniciativa de la presidencia que declara el 2020 como el \u00abA\u00f1o del General Manuel Belgrano\u00bb\"}]},{\"@type\":\"WebSite\",\"@id\":\"https:\/\/infoecos.com.ar\/#website\",\"url\":\"https:\/\/infoecos.com.ar\/\",\"name\":\"Infoecos\",\"description\":\"Noticias de trenque lauquen y la zona\",\"publisher\":{\"@id\":\"https:\/\/infoecos.com.ar\/#organization\"},\"alternateName\":\"Noticias\",\"potentialAction\":[{\"@type\":\"SearchAction\",\"target\":{\"@type\":\"EntryPoint\",\"urlTemplate\":\"https:\/\/infoecos.com.ar\/?s={search_term_string}\"},\"query-input\":{\"@type\":\"PropertyValueSpecification\",\"valueRequired\":true,\"valueName\":\"search_term_string\"}}],\"inLanguage\":\"es\"},{\"@type\":\"Organization\",\"@id\":\"https:\/\/infoecos.com.ar\/#organization\",\"name\":\"Infoecos\",\"alternateName\":\"Noticias\",\"url\":\"https:\/\/infoecos.com.ar\/\",\"logo\":{\"@type\":\"ImageObject\",\"inLanguage\":\"es\",\"@id\":\"https:\/\/infoecos.com.ar\/#\/schema\/logo\/image\/\",\"url\":\"https:\/\/infoecos.com.ar\/wp-content\/uploads\/2024\/03\/cropped-logo.png\",\"contentUrl\":\"https:\/\/infoecos.com.ar\/wp-content\/uploads\/2024\/03\/cropped-logo.png\",\"width\":374,\"height\":90,\"caption\":\"Infoecos\"},\"image\":{\"@id\":\"https:\/\/infoecos.com.ar\/#\/schema\/logo\/image\/\"},\"sameAs\":[\"https:\/\/www.facebook.com\/profile.php?id=100063200290284\",\"https:\/\/x.com\/infoecos\"]},{\"@type\":\"Person\",\"@id\":\"https:\/\/infoecos.com.ar\/#\/schema\/person\/8f5ace5ce73b4b4aac4b7245aee6f191\",\"name\":\"Jorge Matheus\",\"url\":\"https:\/\/infoecos.com.ar\/index.php\/author\/jomatheus\/\"}]}<\/script>\n<!-- \/ Yoast SEO plugin. -->","yoast_head_json":{"title":"La Coope, con un concurso, al cumplir 100 a\u00f1os se adhiere a la iniciativa de la presidencia que declara el 2020 como el \"A\u00f1o del General Manuel Belgrano\" - Infoecos","robots":{"index":"index","follow":"follow","max-snippet":"max-snippet:-1","max-image-preview":"max-image-preview:large","max-video-preview":"max-video-preview:-1"},"canonical":"https:\/\/infoecos.com.ar\/index.php\/la-coope-con-un-concurso-al-cumplir-100-anos-se-adhiere-a-la-iniciativa-de-la-presidencia-que-declara-el-2020-como-el-ano-del-general-manuel-belgrano\/","og_locale":"es_ES","og_type":"article","og_title":"La Coope, con un concurso, al cumplir 100 a\u00f1os se adhiere a la iniciativa de la presidencia que declara el 2020 como el \"A\u00f1o del General Manuel Belgrano\" - Infoecos","og_description":"En el a\u00f1o del Centenario de la Cooperativa Obrera que posee sucursales en toda esta...","og_url":"https:\/\/infoecos.com.ar\/index.php\/la-coope-con-un-concurso-al-cumplir-100-anos-se-adhiere-a-la-iniciativa-de-la-presidencia-que-declara-el-2020-como-el-ano-del-general-manuel-belgrano\/","og_site_name":"Infoecos","article_publisher":"https:\/\/www.facebook.com\/profile.php?id=100063200290284","article_published_time":"2020-08-17T04:34:32+00:00","article_modified_time":"2020-08-17T04:34:42+00:00","og_image":[{"width":800,"height":600,"url":"https:\/\/infoecos.com.ar\/wp-content\/uploads\/multimedia.normal.a87878c6d1365b9c.636f6f70655f6e6f726d616c2e6a7067.jpg","type":"image\/jpeg"}],"author":"Jorge Matheus","twitter_card":"summary_large_image","twitter_creator":"@infoecos","twitter_site":"@infoecos","twitter_misc":{"Escrito por":"Jorge Matheus","Tiempo de lectura":"2 minutos"},"schema":{"@context":"https:\/\/schema.org","@graph":[{"@type":"Article","@id":"https:\/\/infoecos.com.ar\/index.php\/la-coope-con-un-concurso-al-cumplir-100-anos-se-adhiere-a-la-iniciativa-de-la-presidencia-que-declara-el-2020-como-el-ano-del-general-manuel-belgrano\/#article","isPartOf":{"@id":"https:\/\/infoecos.com.ar\/index.php\/la-coope-con-un-concurso-al-cumplir-100-anos-se-adhiere-a-la-iniciativa-de-la-presidencia-que-declara-el-2020-como-el-ano-del-general-manuel-belgrano\/"},"author":{"name":"Jorge Matheus","@id":"https:\/\/infoecos.com.ar\/#\/schema\/person\/8f5ace5ce73b4b4aac4b7245aee6f191"},"headline":"La Coope, con un concurso, al cumplir 100 a\u00f1os se adhiere a la iniciativa de la presidencia que declara el 2020 como el \u00abA\u00f1o del General Manuel Belgrano\u00bb","datePublished":"2020-08-17T04:34:32+00:00","dateModified":"2020-08-17T04:34:42+00:00","mainEntityOfPage":{"@id":"https:\/\/infoecos.com.ar\/index.php\/la-coope-con-un-concurso-al-cumplir-100-anos-se-adhiere-a-la-iniciativa-de-la-presidencia-que-declara-el-2020-como-el-ano-del-general-manuel-belgrano\/"},"wordCount":329,"publisher":{"@id":"https:\/\/infoecos.com.ar\/#organization"},"image":{"@id":"https:\/\/infoecos.com.ar\/index.php\/la-coope-con-un-concurso-al-cumplir-100-anos-se-adhiere-a-la-iniciativa-de-la-presidencia-que-declara-el-2020-como-el-ano-del-general-manuel-belgrano\/#primaryimage"},"thumbnailUrl":"","keywords":["COOPERATIVISMO Y EDUCACI\u00d3N"],"articleSection":["C2 N4"],"inLanguage":"es"},{"@type":"WebPage","@id":"https:\/\/infoecos.com.ar\/index.php\/la-coope-con-un-concurso-al-cumplir-100-anos-se-adhiere-a-la-iniciativa-de-la-presidencia-que-declara-el-2020-como-el-ano-del-general-manuel-belgrano\/","url":"https:\/\/infoecos.com.ar\/index.php\/la-coope-con-un-concurso-al-cumplir-100-anos-se-adhiere-a-la-iniciativa-de-la-presidencia-que-declara-el-2020-como-el-ano-del-general-manuel-belgrano\/","name":"La Coope, con un concurso, al cumplir 100 a\u00f1os se adhiere a la iniciativa de la presidencia que declara el 2020 como el \"A\u00f1o del General Manuel Belgrano\" - Infoecos","isPartOf":{"@id":"https:\/\/infoecos.com.ar\/#website"},"primaryImageOfPage":{"@id":"https:\/\/infoecos.com.ar\/index.php\/la-coope-con-un-concurso-al-cumplir-100-anos-se-adhiere-a-la-iniciativa-de-la-presidencia-que-declara-el-2020-como-el-ano-del-general-manuel-belgrano\/#primaryimage"},"image":{"@id":"https:\/\/infoecos.com.ar\/index.php\/la-coope-con-un-concurso-al-cumplir-100-anos-se-adhiere-a-la-iniciativa-de-la-presidencia-que-declara-el-2020-como-el-ano-del-general-manuel-belgrano\/#primaryimage"},"thumbnailUrl":"","datePublished":"2020-08-17T04:34:32+00:00","dateModified":"2020-08-17T04:34:42+00:00","breadcrumb":{"@id":"https:\/\/infoecos.com.ar\/index.php\/la-coope-con-un-concurso-al-cumplir-100-anos-se-adhiere-a-la-iniciativa-de-la-presidencia-que-declara-el-2020-como-el-ano-del-general-manuel-belgrano\/#breadcrumb"},"inLanguage":"es","potentialAction":[{"@type":"ReadAction","target":["https:\/\/infoecos.com.ar\/index.php\/la-coope-con-un-concurso-al-cumplir-100-anos-se-adhiere-a-la-iniciativa-de-la-presidencia-que-declara-el-2020-como-el-ano-del-general-manuel-belgrano\/"]}]},{"@type":"ImageObject","inLanguage":"es","@id":"https:\/\/infoecos.com.ar\/index.php\/la-coope-con-un-concurso-al-cumplir-100-anos-se-adhiere-a-la-iniciativa-de-la-presidencia-que-declara-el-2020-como-el-ano-del-general-manuel-belgrano\/#primaryimage","url":"","contentUrl":""},{"@type":"BreadcrumbList","@id":"https:\/\/infoecos.com.ar\/index.php\/la-coope-con-un-concurso-al-cumplir-100-anos-se-adhiere-a-la-iniciativa-de-la-presidencia-que-declara-el-2020-como-el-ano-del-general-manuel-belgrano\/#breadcrumb","itemListElement":[{"@type":"ListItem","position":1,"name":"Portada","item":"https:\/\/infoecos.com.ar\/"},{"@type":"ListItem","position":2,"name":"La Coope, con un concurso, al cumplir 100 a\u00f1os se adhiere a la iniciativa de la presidencia que declara el 2020 como el \u00abA\u00f1o del General Manuel Belgrano\u00bb"}]},{"@type":"WebSite","@id":"https:\/\/infoecos.com.ar\/#website","url":"https:\/\/infoecos.com.ar\/","name":"Infoecos","description":"Noticias de trenque lauquen y la zona","publisher":{"@id":"https:\/\/infoecos.com.ar\/#organization"},"alternateName":"Noticias","potentialAction":[{"@type":"SearchAction","target":{"@type":"EntryPoint","urlTemplate":"https:\/\/infoecos.com.ar\/?s={search_term_string}"},"query-input":{"@type":"PropertyValueSpecification","valueRequired":true,"valueName":"search_term_string"}}],"inLanguage":"es"},{"@type":"Organization","@id":"https:\/\/infoecos.com.ar\/#organization","name":"Infoecos","alternateName":"Noticias","url":"https:\/\/infoecos.com.ar\/","logo":{"@type":"ImageObject","inLanguage":"es","@id":"https:\/\/infoecos.com.ar\/#\/schema\/logo\/image\/","url":"https:\/\/infoecos.com.ar\/wp-content\/uploads\/2024\/03\/cropped-logo.png","contentUrl":"https:\/\/infoecos.com.ar\/wp-content\/uploads\/2024\/03\/cropped-logo.png","width":374,"height":90,"caption":"Infoecos"},"image":{"@id":"https:\/\/infoecos.com.ar\/#\/schema\/logo\/image\/"},"sameAs":["https:\/\/www.facebook.com\/profile.php?id=100063200290284","https:\/\/x.com\/infoecos"]},{"@type":"Person","@id":"https:\/\/infoecos.com.ar\/#\/schema\/person\/8f5ace5ce73b4b4aac4b7245aee6f191","name":"Jorge Matheus","url":"https:\/\/infoecos.com.ar\/index.php\/author\/jomatheus\/"}]}},"featured_image_urls":{"full":"","thumbnail":"","medium":"","medium_large":"","large":"","1536x1536":"","2048x2048":"","covernews-slider-full":"","covernews-slider-center":"","covernews-featured":"","covernews-medium":"","covernews-medium-square":""},"author_info":{"info":["Jorge Matheus"]},"category_info":"<a href=\"https:\/\/infoecos.com.ar\/index.php\/category\/c2nota4\/\" rel=\"category tag\">C2 N4<\/a>","tag_info":"C2 N4","comment_count":"0","_links":{"self":[{"href":"https:\/\/infoecos.com.ar\/index.php\/wp-json\/wp\/v2\/posts\/66072"}],"collection":[{"href":"https:\/\/infoecos.com.ar\/index.php\/wp-json\/wp\/v2\/posts"}],"about":[{"href":"https:\/\/infoecos.com.ar\/index.php\/wp-json\/wp\/v2\/types\/post"}],"author":[{"embeddable":true,"href":"https:\/\/infoecos.com.ar\/index.php\/wp-json\/wp\/v2\/users\/2"}],"replies":[{"embeddable":true,"href":"https:\/\/infoecos.com.ar\/index.php\/wp-json\/wp\/v2\/comments?post=66072"}],"version-history":[{"count":1,"href":"https:\/\/infoecos.com.ar\/index.php\/wp-json\/wp\/v2\/posts\/66072\/revisions"}],"predecessor-version":[{"id":66073,"href":"https:\/\/infoecos.com.ar\/index.php\/wp-json\/wp\/v2\/posts\/66072\/revisions\/66073"}],"wp:featuredmedia":[{"embeddable":true,"href":"https:\/\/infoecos.com.ar\/index.php\/wp-json\/"}],"wp:attachment":[{"href":"https:\/\/infoecos.com.ar\/index.php\/wp-json\/wp\/v2\/media?parent=66072"}],"wp:term":[{"taxonomy":"category","embeddable":true,"href":"https:\/\/infoecos.com.ar\/index.php\/wp-json\/wp\/v2\/categories?post=66072"},{"taxonomy":"post_tag","embeddable":true,"href":"https:\/\/infoecos.com.ar\/index.php\/wp-json\/wp\/v2\/tags?post=66072"}],"curies":[{"name":"wp","href":"https:\/\/api.w.org\/{rel}","templated":true}]}}