{"id":66205,"date":"2020-08-19T02:10:04","date_gmt":"2020-08-19T05:10:04","guid":{"rendered":"http:\/\/infoecos.com.ar\/?p=66205"},"modified":"2020-08-19T02:10:09","modified_gmt":"2020-08-19T05:10:09","slug":"la-temporada-de-verano-en-el-pais-se-podra-llevar-adelante","status":"publish","type":"post","link":"https:\/\/infoecos.com.ar\/index.php\/la-temporada-de-verano-en-el-pais-se-podra-llevar-adelante\/","title":{"rendered":"La temporada de verano en el pa\u00eds se podr\u00e1 llevar adelante"},"content":{"rendered":"\n<p>Desde el\u00a0<strong>Ministerio de Turismo<\/strong>\u00a0ratificaron este martes que se podr\u00e1 llevar adelante la temporada de verano en el pa\u00eds y que, para ello, se deber\u00e1n aplicar diversos protocolos elaborados para la gastronom\u00eda, hoteler\u00eda y agencias de viajes.<\/p>\n\n\n\n<p>As\u00ed lo inform\u00f3&nbsp;<strong>Yanina Mart\u00ednez<\/strong>, secretaria de Promoci\u00f3n Tur\u00edstica, al participar del reporte diario que emite la autoridad sanitaria, quien en ese sentido se\u00f1al\u00f3 que la apertura de la actividad debe hacerse con reparos para que no suceda como en Jujuy, que \u00abfue una de las primeras (provincias) en abrir la actividad y tuvieron que dar marcha atr\u00e1s\u00bb.<\/p>\n\n\n\n<div class=\"wp-block-image\"><figure class=\"aligncenter size-large\"><img loading=\"lazy\" decoding=\"async\" width=\"300\" height=\"168\" src=\"http:\/\/infoecos.com.ar\/wp-content\/uploads\/2020\/08\/5f3bff714bedb_300x168.jpg\" alt=\"\" class=\"wp-image-66206\"\/><\/figure><\/div>\n\n\n\n<p>La funcionaria explic\u00f3 que desde el Ministerio que conduce&nbsp;<strong>Mat\u00edas Lammens<\/strong>&nbsp;se viene trabajando con las jurisdicciones y con el sector privado \u00abpara tener temporada en todo el pa\u00eds\u00bb.<\/p>\n\n\n\n<p>\u00abPara poder tener temporada de verano en todo el pa\u00eds -que ratificamos desde el gobierno porque estamos trabajando con todas las provincias a trav\u00e9s del Consejo Federal y con el sector privado-, lo importante es practicar la responsabilidad individual para no generar da\u00f1os en la responsabilidad colectiva\u00bb, explic\u00f3&nbsp;<strong>Mart\u00ednez<\/strong>.<\/p>\n\n\n\n<p>En ese sentido destac\u00f3 la confecci\u00f3n de \u00ab9 protocolos homog\u00e9neos\u00bb consensuados para ser aplicados \u00abdesde la Quiaca a la Ant\u00e1rtida\u00bb que brindar\u00e1n \u00abseguridad y confianza\u00bb para as\u00ed poder \u00abir avanzando hacia las aperturas graduales\u00bb.<\/p>\n\n\n\n<figure class=\"wp-block-embed-youtube wp-block-embed is-type-video is-provider-youtube wp-embed-aspect-16-9 wp-has-aspect-ratio\"><div class=\"wp-block-embed__wrapper\">\n<iframe loading=\"lazy\" title=\"Desde el Ministerio de Turismo ratifican que habr\u00e1 temporada de verano\" width=\"640\" height=\"360\" src=\"https:\/\/www.youtube.com\/embed\/sFLuzE_zeRc?start=1&#038;feature=oembed\" frameborder=\"0\" allow=\"accelerometer; autoplay; clipboard-write; encrypted-media; gyroscope; picture-in-picture; web-share\" referrerpolicy=\"strict-origin-when-cross-origin\" allowfullscreen><\/iframe>\n<\/div><\/figure>\n","protected":false},"excerpt":{"rendered":"<p>Desde el\u00a0Ministerio de Turismo\u00a0ratificaron este martes que se podr\u00e1 llevar adelante la temporada de verano&#8230;<\/p>\n","protected":false},"author":2,"featured_media":66206,"comment_status":"closed","ping_status":"open","sticky":false,"template":"","format":"standard","meta":{"footnotes":""},"categories":[1326],"tags":[455],"class_list":["post-66205","post","type-post","status-publish","format-standard","has-post-thumbnail","hentry","category-c2nota6","tag-turismo"],"yoast_head":"<!-- This site is optimized with the Yoast SEO plugin v23.4 - https:\/\/yoast.com\/wordpress\/plugins\/seo\/ -->\n<title>La temporada de verano en el pa\u00eds se podr\u00e1 llevar adelante - Infoecos<\/title>\n<meta name=\"robots\" content=\"index, follow, max-snippet:-1, max-image-preview:large, max-video-preview:-1\" \/>\n<link rel=\"canonical\" href=\"https:\/\/infoecos.com.ar\/index.php\/la-temporada-de-verano-en-el-pais-se-podra-llevar-adelante\/\" \/>\n<meta property=\"og:locale\" content=\"es_ES\" \/>\n<meta property=\"og:type\" content=\"article\" \/>\n<meta property=\"og:title\" content=\"La temporada de verano en el pa\u00eds se podr\u00e1 llevar adelante - Infoecos\" \/>\n<meta property=\"og:description\" content=\"Desde el\u00a0Ministerio de Turismo\u00a0ratificaron este martes que se podr\u00e1 llevar adelante la temporada de verano...\" \/>\n<meta property=\"og:url\" content=\"https:\/\/infoecos.com.ar\/index.php\/la-temporada-de-verano-en-el-pais-se-podra-llevar-adelante\/\" \/>\n<meta property=\"og:site_name\" content=\"Infoecos\" \/>\n<meta property=\"article:publisher\" content=\"https:\/\/www.facebook.com\/profile.php?id=100063200290284\" \/>\n<meta property=\"article:published_time\" content=\"2020-08-19T05:10:04+00:00\" \/>\n<meta property=\"article:modified_time\" content=\"2020-08-19T05:10:09+00:00\" \/>\n<meta property=\"og:image\" content=\"https:\/\/infoecos.com.ar\/wp-content\/uploads\/2020\/08\/5f3bff714bedb_300x168.jpg\" \/>\n\t<meta property=\"og:image:width\" content=\"300\" \/>\n\t<meta property=\"og:image:height\" content=\"168\" \/>\n\t<meta property=\"og:image:type\" content=\"image\/jpeg\" \/>\n<meta name=\"author\" content=\"Jorge Matheus\" \/>\n<meta name=\"twitter:card\" content=\"summary_large_image\" \/>\n<meta name=\"twitter:creator\" content=\"@infoecos\" \/>\n<meta name=\"twitter:site\" content=\"@infoecos\" \/>\n<meta name=\"twitter:label1\" content=\"Escrito por\" \/>\n\t<meta name=\"twitter:data1\" content=\"Jorge Matheus\" \/>\n\t<meta name=\"twitter:label2\" content=\"Tiempo de lectura\" \/>\n\t<meta name=\"twitter:data2\" content=\"1 minuto\" \/>\n<script type=\"application\/ld+json\" class=\"yoast-schema-graph\">{\"@context\":\"https:\/\/schema.org\",\"@graph\":[{\"@type\":\"Article\",\"@id\":\"https:\/\/infoecos.com.ar\/index.php\/la-temporada-de-verano-en-el-pais-se-podra-llevar-adelante\/#article\",\"isPartOf\":{\"@id\":\"https:\/\/infoecos.com.ar\/index.php\/la-temporada-de-verano-en-el-pais-se-podra-llevar-adelante\/\"},\"author\":{\"name\":\"Jorge Matheus\",\"@id\":\"https:\/\/infoecos.com.ar\/#\/schema\/person\/8f5ace5ce73b4b4aac4b7245aee6f191\"},\"headline\":\"La temporada de verano en el pa\u00eds se podr\u00e1 llevar adelante\",\"datePublished\":\"2020-08-19T05:10:04+00:00\",\"dateModified\":\"2020-08-19T05:10:09+00:00\",\"mainEntityOfPage\":{\"@id\":\"https:\/\/infoecos.com.ar\/index.php\/la-temporada-de-verano-en-el-pais-se-podra-llevar-adelante\/\"},\"wordCount\":257,\"publisher\":{\"@id\":\"https:\/\/infoecos.com.ar\/#organization\"},\"image\":{\"@id\":\"https:\/\/infoecos.com.ar\/index.php\/la-temporada-de-verano-en-el-pais-se-podra-llevar-adelante\/#primaryimage\"},\"thumbnailUrl\":\"https:\/\/infoecos.com.ar\/wp-content\/uploads\/2020\/08\/5f3bff714bedb_300x168.jpg\",\"keywords\":[\"TURISMO\"],\"articleSection\":[\"C2 N6\"],\"inLanguage\":\"es\"},{\"@type\":\"WebPage\",\"@id\":\"https:\/\/infoecos.com.ar\/index.php\/la-temporada-de-verano-en-el-pais-se-podra-llevar-adelante\/\",\"url\":\"https:\/\/infoecos.com.ar\/index.php\/la-temporada-de-verano-en-el-pais-se-podra-llevar-adelante\/\",\"name\":\"La temporada de verano en el pa\u00eds se podr\u00e1 llevar adelante - Infoecos\",\"isPartOf\":{\"@id\":\"https:\/\/infoecos.com.ar\/#website\"},\"primaryImageOfPage\":{\"@id\":\"https:\/\/infoecos.com.ar\/index.php\/la-temporada-de-verano-en-el-pais-se-podra-llevar-adelante\/#primaryimage\"},\"image\":{\"@id\":\"https:\/\/infoecos.com.ar\/index.php\/la-temporada-de-verano-en-el-pais-se-podra-llevar-adelante\/#primaryimage\"},\"thumbnailUrl\":\"https:\/\/infoecos.com.ar\/wp-content\/uploads\/2020\/08\/5f3bff714bedb_300x168.jpg\",\"datePublished\":\"2020-08-19T05:10:04+00:00\",\"dateModified\":\"2020-08-19T05:10:09+00:00\",\"breadcrumb\":{\"@id\":\"https:\/\/infoecos.com.ar\/index.php\/la-temporada-de-verano-en-el-pais-se-podra-llevar-adelante\/#breadcrumb\"},\"inLanguage\":\"es\",\"potentialAction\":[{\"@type\":\"ReadAction\",\"target\":[\"https:\/\/infoecos.com.ar\/index.php\/la-temporada-de-verano-en-el-pais-se-podra-llevar-adelante\/\"]}]},{\"@type\":\"ImageObject\",\"inLanguage\":\"es\",\"@id\":\"https:\/\/infoecos.com.ar\/index.php\/la-temporada-de-verano-en-el-pais-se-podra-llevar-adelante\/#primaryimage\",\"url\":\"https:\/\/infoecos.com.ar\/wp-content\/uploads\/2020\/08\/5f3bff714bedb_300x168.jpg\",\"contentUrl\":\"https:\/\/infoecos.com.ar\/wp-content\/uploads\/2020\/08\/5f3bff714bedb_300x168.jpg\",\"width\":300,\"height\":168},{\"@type\":\"BreadcrumbList\",\"@id\":\"https:\/\/infoecos.com.ar\/index.php\/la-temporada-de-verano-en-el-pais-se-podra-llevar-adelante\/#breadcrumb\",\"itemListElement\":[{\"@type\":\"ListItem\",\"position\":1,\"name\":\"Portada\",\"item\":\"https:\/\/infoecos.com.ar\/\"},{\"@type\":\"ListItem\",\"position\":2,\"name\":\"La temporada de verano en el pa\u00eds se podr\u00e1 llevar adelante\"}]},{\"@type\":\"WebSite\",\"@id\":\"https:\/\/infoecos.com.ar\/#website\",\"url\":\"https:\/\/infoecos.com.ar\/\",\"name\":\"Infoecos\",\"description\":\"Noticias de trenque lauquen y la zona\",\"publisher\":{\"@id\":\"https:\/\/infoecos.com.ar\/#organization\"},\"alternateName\":\"Noticias\",\"potentialAction\":[{\"@type\":\"SearchAction\",\"target\":{\"@type\":\"EntryPoint\",\"urlTemplate\":\"https:\/\/infoecos.com.ar\/?s={search_term_string}\"},\"query-input\":{\"@type\":\"PropertyValueSpecification\",\"valueRequired\":true,\"valueName\":\"search_term_string\"}}],\"inLanguage\":\"es\"},{\"@type\":\"Organization\",\"@id\":\"https:\/\/infoecos.com.ar\/#organization\",\"name\":\"Infoecos\",\"alternateName\":\"Noticias\",\"url\":\"https:\/\/infoecos.com.ar\/\",\"logo\":{\"@type\":\"ImageObject\",\"inLanguage\":\"es\",\"@id\":\"https:\/\/infoecos.com.ar\/#\/schema\/logo\/image\/\",\"url\":\"https:\/\/infoecos.com.ar\/wp-content\/uploads\/2024\/03\/cropped-logo.png\",\"contentUrl\":\"https:\/\/infoecos.com.ar\/wp-content\/uploads\/2024\/03\/cropped-logo.png\",\"width\":374,\"height\":90,\"caption\":\"Infoecos\"},\"image\":{\"@id\":\"https:\/\/infoecos.com.ar\/#\/schema\/logo\/image\/\"},\"sameAs\":[\"https:\/\/www.facebook.com\/profile.php?id=100063200290284\",\"https:\/\/x.com\/infoecos\"]},{\"@type\":\"Person\",\"@id\":\"https:\/\/infoecos.com.ar\/#\/schema\/person\/8f5ace5ce73b4b4aac4b7245aee6f191\",\"name\":\"Jorge Matheus\",\"url\":\"https:\/\/infoecos.com.ar\/index.php\/author\/jomatheus\/\"}]}<\/script>\n<!-- \/ Yoast SEO plugin. -->","yoast_head_json":{"title":"La temporada de verano en el pa\u00eds se podr\u00e1 llevar adelante - Infoecos","robots":{"index":"index","follow":"follow","max-snippet":"max-snippet:-1","max-image-preview":"max-image-preview:large","max-video-preview":"max-video-preview:-1"},"canonical":"https:\/\/infoecos.com.ar\/index.php\/la-temporada-de-verano-en-el-pais-se-podra-llevar-adelante\/","og_locale":"es_ES","og_type":"article","og_title":"La temporada de verano en el pa\u00eds se podr\u00e1 llevar adelante - Infoecos","og_description":"Desde el\u00a0Ministerio de Turismo\u00a0ratificaron este martes que se podr\u00e1 llevar adelante la temporada de verano...","og_url":"https:\/\/infoecos.com.ar\/index.php\/la-temporada-de-verano-en-el-pais-se-podra-llevar-adelante\/","og_site_name":"Infoecos","article_publisher":"https:\/\/www.facebook.com\/profile.php?id=100063200290284","article_published_time":"2020-08-19T05:10:04+00:00","article_modified_time":"2020-08-19T05:10:09+00:00","og_image":[{"width":300,"height":168,"url":"https:\/\/infoecos.com.ar\/wp-content\/uploads\/2020\/08\/5f3bff714bedb_300x168.jpg","type":"image\/jpeg"}],"author":"Jorge Matheus","twitter_card":"summary_large_image","twitter_creator":"@infoecos","twitter_site":"@infoecos","twitter_misc":{"Escrito por":"Jorge Matheus","Tiempo de lectura":"1 minuto"},"schema":{"@context":"https:\/\/schema.org","@graph":[{"@type":"Article","@id":"https:\/\/infoecos.com.ar\/index.php\/la-temporada-de-verano-en-el-pais-se-podra-llevar-adelante\/#article","isPartOf":{"@id":"https:\/\/infoecos.com.ar\/index.php\/la-temporada-de-verano-en-el-pais-se-podra-llevar-adelante\/"},"author":{"name":"Jorge Matheus","@id":"https:\/\/infoecos.com.ar\/#\/schema\/person\/8f5ace5ce73b4b4aac4b7245aee6f191"},"headline":"La temporada de verano en el pa\u00eds se podr\u00e1 llevar adelante","datePublished":"2020-08-19T05:10:04+00:00","dateModified":"2020-08-19T05:10:09+00:00","mainEntityOfPage":{"@id":"https:\/\/infoecos.com.ar\/index.php\/la-temporada-de-verano-en-el-pais-se-podra-llevar-adelante\/"},"wordCount":257,"publisher":{"@id":"https:\/\/infoecos.com.ar\/#organization"},"image":{"@id":"https:\/\/infoecos.com.ar\/index.php\/la-temporada-de-verano-en-el-pais-se-podra-llevar-adelante\/#primaryimage"},"thumbnailUrl":"https:\/\/infoecos.com.ar\/wp-content\/uploads\/2020\/08\/5f3bff714bedb_300x168.jpg","keywords":["TURISMO"],"articleSection":["C2 N6"],"inLanguage":"es"},{"@type":"WebPage","@id":"https:\/\/infoecos.com.ar\/index.php\/la-temporada-de-verano-en-el-pais-se-podra-llevar-adelante\/","url":"https:\/\/infoecos.com.ar\/index.php\/la-temporada-de-verano-en-el-pais-se-podra-llevar-adelante\/","name":"La temporada de verano en el pa\u00eds se podr\u00e1 llevar adelante - Infoecos","isPartOf":{"@id":"https:\/\/infoecos.com.ar\/#website"},"primaryImageOfPage":{"@id":"https:\/\/infoecos.com.ar\/index.php\/la-temporada-de-verano-en-el-pais-se-podra-llevar-adelante\/#primaryimage"},"image":{"@id":"https:\/\/infoecos.com.ar\/index.php\/la-temporada-de-verano-en-el-pais-se-podra-llevar-adelante\/#primaryimage"},"thumbnailUrl":"https:\/\/infoecos.com.ar\/wp-content\/uploads\/2020\/08\/5f3bff714bedb_300x168.jpg","datePublished":"2020-08-19T05:10:04+00:00","dateModified":"2020-08-19T05:10:09+00:00","breadcrumb":{"@id":"https:\/\/infoecos.com.ar\/index.php\/la-temporada-de-verano-en-el-pais-se-podra-llevar-adelante\/#breadcrumb"},"inLanguage":"es","potentialAction":[{"@type":"ReadAction","target":["https:\/\/infoecos.com.ar\/index.php\/la-temporada-de-verano-en-el-pais-se-podra-llevar-adelante\/"]}]},{"@type":"ImageObject","inLanguage":"es","@id":"https:\/\/infoecos.com.ar\/index.php\/la-temporada-de-verano-en-el-pais-se-podra-llevar-adelante\/#primaryimage","url":"https:\/\/infoecos.com.ar\/wp-content\/uploads\/2020\/08\/5f3bff714bedb_300x168.jpg","contentUrl":"https:\/\/infoecos.com.ar\/wp-content\/uploads\/2020\/08\/5f3bff714bedb_300x168.jpg","width":300,"height":168},{"@type":"BreadcrumbList","@id":"https:\/\/infoecos.com.ar\/index.php\/la-temporada-de-verano-en-el-pais-se-podra-llevar-adelante\/#breadcrumb","itemListElement":[{"@type":"ListItem","position":1,"name":"Portada","item":"https:\/\/infoecos.com.ar\/"},{"@type":"ListItem","position":2,"name":"La temporada de verano en el pa\u00eds se podr\u00e1 llevar adelante"}]},{"@type":"WebSite","@id":"https:\/\/infoecos.com.ar\/#website","url":"https:\/\/infoecos.com.ar\/","name":"Infoecos","description":"Noticias de trenque lauquen y la zona","publisher":{"@id":"https:\/\/infoecos.com.ar\/#organization"},"alternateName":"Noticias","potentialAction":[{"@type":"SearchAction","target":{"@type":"EntryPoint","urlTemplate":"https:\/\/infoecos.com.ar\/?s={search_term_string}"},"query-input":{"@type":"PropertyValueSpecification","valueRequired":true,"valueName":"search_term_string"}}],"inLanguage":"es"},{"@type":"Organization","@id":"https:\/\/infoecos.com.ar\/#organization","name":"Infoecos","alternateName":"Noticias","url":"https:\/\/infoecos.com.ar\/","logo":{"@type":"ImageObject","inLanguage":"es","@id":"https:\/\/infoecos.com.ar\/#\/schema\/logo\/image\/","url":"https:\/\/infoecos.com.ar\/wp-content\/uploads\/2024\/03\/cropped-logo.png","contentUrl":"https:\/\/infoecos.com.ar\/wp-content\/uploads\/2024\/03\/cropped-logo.png","width":374,"height":90,"caption":"Infoecos"},"image":{"@id":"https:\/\/infoecos.com.ar\/#\/schema\/logo\/image\/"},"sameAs":["https:\/\/www.facebook.com\/profile.php?id=100063200290284","https:\/\/x.com\/infoecos"]},{"@type":"Person","@id":"https:\/\/infoecos.com.ar\/#\/schema\/person\/8f5ace5ce73b4b4aac4b7245aee6f191","name":"Jorge Matheus","url":"https:\/\/infoecos.com.ar\/index.php\/author\/jomatheus\/"}]}},"featured_image_urls":{"full":["https:\/\/infoecos.com.ar\/wp-content\/uploads\/2020\/08\/5f3bff714bedb_300x168.jpg",300,168,false],"thumbnail":["https:\/\/infoecos.com.ar\/wp-content\/uploads\/2020\/08\/5f3bff714bedb_300x168-150x150.jpg",150,150,true],"medium":["https:\/\/infoecos.com.ar\/wp-content\/uploads\/2020\/08\/5f3bff714bedb_300x168.jpg",300,168,false],"medium_large":["https:\/\/infoecos.com.ar\/wp-content\/uploads\/2020\/08\/5f3bff714bedb_300x168.jpg",300,168,false],"large":["https:\/\/infoecos.com.ar\/wp-content\/uploads\/2020\/08\/5f3bff714bedb_300x168.jpg",300,168,false],"1536x1536":["https:\/\/infoecos.com.ar\/wp-content\/uploads\/2020\/08\/5f3bff714bedb_300x168.jpg",300,168,false],"2048x2048":["https:\/\/infoecos.com.ar\/wp-content\/uploads\/2020\/08\/5f3bff714bedb_300x168.jpg",300,168,false],"covernews-slider-full":["https:\/\/infoecos.com.ar\/wp-content\/uploads\/2020\/08\/5f3bff714bedb_300x168.jpg",300,168,false],"covernews-slider-center":["https:\/\/infoecos.com.ar\/wp-content\/uploads\/2020\/08\/5f3bff714bedb_300x168.jpg",300,168,false],"covernews-featured":["https:\/\/infoecos.com.ar\/wp-content\/uploads\/2020\/08\/5f3bff714bedb_300x168.jpg",300,168,false],"covernews-medium":["https:\/\/infoecos.com.ar\/wp-content\/uploads\/2020\/08\/5f3bff714bedb_300x168.jpg",300,168,false],"covernews-medium-square":["https:\/\/infoecos.com.ar\/wp-content\/uploads\/2020\/08\/5f3bff714bedb_300x168.jpg",300,168,false]},"author_info":{"info":["Jorge Matheus"]},"category_info":"<a href=\"https:\/\/infoecos.com.ar\/index.php\/category\/c2nota6\/\" rel=\"category tag\">C2 N6<\/a>","tag_info":"C2 N6","comment_count":"0","_links":{"self":[{"href":"https:\/\/infoecos.com.ar\/index.php\/wp-json\/wp\/v2\/posts\/66205"}],"collection":[{"href":"https:\/\/infoecos.com.ar\/index.php\/wp-json\/wp\/v2\/posts"}],"about":[{"href":"https:\/\/infoecos.com.ar\/index.php\/wp-json\/wp\/v2\/types\/post"}],"author":[{"embeddable":true,"href":"https:\/\/infoecos.com.ar\/index.php\/wp-json\/wp\/v2\/users\/2"}],"replies":[{"embeddable":true,"href":"https:\/\/infoecos.com.ar\/index.php\/wp-json\/wp\/v2\/comments?post=66205"}],"version-history":[{"count":1,"href":"https:\/\/infoecos.com.ar\/index.php\/wp-json\/wp\/v2\/posts\/66205\/revisions"}],"predecessor-version":[{"id":66207,"href":"https:\/\/infoecos.com.ar\/index.php\/wp-json\/wp\/v2\/posts\/66205\/revisions\/66207"}],"wp:featuredmedia":[{"embeddable":true,"href":"https:\/\/infoecos.com.ar\/index.php\/wp-json\/wp\/v2\/media\/66206"}],"wp:attachment":[{"href":"https:\/\/infoecos.com.ar\/index.php\/wp-json\/wp\/v2\/media?parent=66205"}],"wp:term":[{"taxonomy":"category","embeddable":true,"href":"https:\/\/infoecos.com.ar\/index.php\/wp-json\/wp\/v2\/categories?post=66205"},{"taxonomy":"post_tag","embeddable":true,"href":"https:\/\/infoecos.com.ar\/index.php\/wp-json\/wp\/v2\/tags?post=66205"}],"curies":[{"name":"wp","href":"https:\/\/api.w.org\/{rel}","templated":true}]}}