{"id":66424,"date":"2020-08-25T01:58:41","date_gmt":"2020-08-25T04:58:41","guid":{"rendered":"http:\/\/infoecos.com.ar\/?p=66424"},"modified":"2020-08-25T01:58:46","modified_gmt":"2020-08-25T04:58:46","slug":"beruti-cumple-hoy-130-anos-y-el-acto-para-celebrarlo-se-realizara-desde-las-10-30","status":"publish","type":"post","link":"https:\/\/infoecos.com.ar\/index.php\/beruti-cumple-hoy-130-anos-y-el-acto-para-celebrarlo-se-realizara-desde-las-10-30\/","title":{"rendered":"Beruti cumple hoy 130 a\u00f1os y el acto para celebrarlo se realizar\u00e1 desde las 10.30"},"content":{"rendered":"\n<p class=\"wp-block-paragraph\">Este martes, a partir de las 10.30, tendr\u00e1 lugar el acto oficial por el 130\u00b0 aniversario de la localidad de Berutti, organizado en forma conjunta con alumnos de 6to a\u00f1o del Instituto Agrot\u00e9cnico Padre Castellaro.<\/p>\n\n\n\n<p class=\"wp-block-paragraph\">Este a\u00f1o no se llevar\u00e1n a cabo las actividades recreativas, deportivas, culturales, educativas y art\u00edsticas que son tradicionales en el mes del aniversario, debido a la emergencia sanitaria provocada por el Covid-19 que impide la realizaci\u00f3n de eventos masivos.<\/p>\n\n\n\n<div class=\"wp-block-image\"><figure class=\"aligncenter size-medium\"><img loading=\"lazy\" decoding=\"async\" width=\"460\" height=\"307\" src=\"http:\/\/infoecos.com.ar\/wp-content\/uploads\/2020\/08\/beruti-460x307.jpg\" alt=\"\" class=\"wp-image-66425\" srcset=\"https:\/\/infoecos.com.ar\/wp-content\/uploads\/2020\/08\/beruti-460x307.jpg 460w, https:\/\/infoecos.com.ar\/wp-content\/uploads\/2020\/08\/beruti-768x512.jpg 768w, https:\/\/infoecos.com.ar\/wp-content\/uploads\/2020\/08\/beruti-675x450.jpg 675w, https:\/\/infoecos.com.ar\/wp-content\/uploads\/2020\/08\/beruti.jpg 864w\" sizes=\"auto, (max-width: 460px) 100vw, 460px\" \/><\/figure><\/div>\n\n\n\n<p class=\"wp-block-paragraph\">Tampoco se realizar\u00e1 la cena-show que se organiza todos los a\u00f1os.<\/p>\n\n\n\n<p class=\"wp-block-paragraph\">La comunidad educativa del Padre Castellaro estar\u00e1 presente en la celebraci\u00f3n a trav\u00e9s de un trabajo realizado de manera virtual, que se podr\u00e1 compartir de las redes sociales de la municipalidad.<\/p>\n\n\n\n<p class=\"wp-block-paragraph\">El intendente municipal, Miguel Fern\u00e1ndez, no podr\u00e1 asistir debido a que se encuentra haciendo la cuarentena, tras haber viajado d\u00edas atr\u00e1s por gestiones municipales a Buenos Aires.<\/p>\n\n\n\n<p class=\"wp-block-paragraph\">El delegado de la vecina localidad, Daniel Fern\u00e1ndez, ser\u00e1 el orador del acto.<\/p>\n\n\n\n<figure class=\"wp-block-audio\"><audio controls src=\"http:\/\/infoecos.com.ar\/wp-content\/uploads\/2020\/08\/DANIEL-FERNANDEZ-130-ANIVERSARIO-DE-BERUTTI.mp3\"><\/audio><\/figure>\n","protected":false},"excerpt":{"rendered":"<p>Este martes, a partir de las 10.30, tendr\u00e1 lugar el acto oficial por el 130\u00b0&#8230;<\/p>\n","protected":false},"author":2,"featured_media":66425,"comment_status":"closed","ping_status":"open","sticky":false,"template":"","format":"standard","meta":{"footnotes":""},"categories":[1327,24],"tags":[704],"class_list":["post-66424","post","type-post","status-publish","format-standard","has-post-thumbnail","hentry","category-audio","category-c1nota3","tag-beruti"],"featured_image_urls":{"full":["https:\/\/infoecos.com.ar\/wp-content\/uploads\/2020\/08\/beruti.jpg",864,576,false],"thumbnail":["https:\/\/infoecos.com.ar\/wp-content\/uploads\/2020\/08\/beruti-150x150.jpg",150,150,true],"medium":["https:\/\/infoecos.com.ar\/wp-content\/uploads\/2020\/08\/beruti-460x307.jpg",460,307,true],"medium_large":["https:\/\/infoecos.com.ar\/wp-content\/uploads\/2020\/08\/beruti-768x512.jpg",640,427,true],"large":["https:\/\/infoecos.com.ar\/wp-content\/uploads\/2020\/08\/beruti.jpg",640,427,false],"1536x1536":["https:\/\/infoecos.com.ar\/wp-content\/uploads\/2020\/08\/beruti.jpg",864,576,false],"2048x2048":["https:\/\/infoecos.com.ar\/wp-content\/uploads\/2020\/08\/beruti.jpg",864,576,false],"covernews-slider-full":["https:\/\/infoecos.com.ar\/wp-content\/uploads\/2020\/08\/beruti.jpg",864,576,false],"covernews-slider-center":["https:\/\/infoecos.com.ar\/wp-content\/uploads\/2020\/08\/beruti.jpg",750,500,false],"covernews-featured":["https:\/\/infoecos.com.ar\/wp-content\/uploads\/2020\/08\/beruti.jpg",864,576,false],"covernews-medium":["https:\/\/infoecos.com.ar\/wp-content\/uploads\/2020\/08\/beruti-720x380.jpg",540,285,true],"covernews-medium-square":["https:\/\/infoecos.com.ar\/wp-content\/uploads\/2020\/08\/beruti-675x450.jpg",375,250,true]},"author_info":{"info":["Jorge Matheus"]},"category_info":"<a href=\"https:\/\/infoecos.com.ar\/index.php\/category\/audio\/\" rel=\"category tag\">Audio<\/a> <a href=\"https:\/\/infoecos.com.ar\/index.php\/category\/c1nota3\/\" rel=\"category tag\">C1 N3<\/a>","tag_info":"C1 N3","comment_count":"0","_links":{"self":[{"href":"https:\/\/infoecos.com.ar\/index.php\/wp-json\/wp\/v2\/posts\/66424","targetHints":{"allow":["GET"]}}],"collection":[{"href":"https:\/\/infoecos.com.ar\/index.php\/wp-json\/wp\/v2\/posts"}],"about":[{"href":"https:\/\/infoecos.com.ar\/index.php\/wp-json\/wp\/v2\/types\/post"}],"author":[{"embeddable":true,"href":"https:\/\/infoecos.com.ar\/index.php\/wp-json\/wp\/v2\/users\/2"}],"replies":[{"embeddable":true,"href":"https:\/\/infoecos.com.ar\/index.php\/wp-json\/wp\/v2\/comments?post=66424"}],"version-history":[{"count":1,"href":"https:\/\/infoecos.com.ar\/index.php\/wp-json\/wp\/v2\/posts\/66424\/revisions"}],"predecessor-version":[{"id":66427,"href":"https:\/\/infoecos.com.ar\/index.php\/wp-json\/wp\/v2\/posts\/66424\/revisions\/66427"}],"wp:featuredmedia":[{"embeddable":true,"href":"https:\/\/infoecos.com.ar\/index.php\/wp-json\/wp\/v2\/media\/66425"}],"wp:attachment":[{"href":"https:\/\/infoecos.com.ar\/index.php\/wp-json\/wp\/v2\/media?parent=66424"}],"wp:term":[{"taxonomy":"category","embeddable":true,"href":"https:\/\/infoecos.com.ar\/index.php\/wp-json\/wp\/v2\/categories?post=66424"},{"taxonomy":"post_tag","embeddable":true,"href":"https:\/\/infoecos.com.ar\/index.php\/wp-json\/wp\/v2\/tags?post=66424"}],"curies":[{"name":"wp","href":"https:\/\/api.w.org\/{rel}","templated":true}]}}