{"id":66748,"date":"2020-08-30T22:01:11","date_gmt":"2020-08-31T01:01:11","guid":{"rendered":"http:\/\/infoecos.com.ar\/?p=66748"},"modified":"2020-08-31T14:52:21","modified_gmt":"2020-08-31T17:52:21","slug":"buena-noticia-para-chivilcoy-este-domingo-no-se-reporto-ningun-caso-positivo-de-covid-19","status":"publish","type":"post","link":"https:\/\/infoecos.com.ar\/index.php\/buena-noticia-para-chivilcoy-este-domingo-no-se-reporto-ningun-caso-positivo-de-covid-19\/","title":{"rendered":"Buena noticia para Chivilcoy: este domingo no se report\u00f3 ning\u00fan caso positivo de COVID 19"},"content":{"rendered":"\n<p class=\"wp-block-paragraph\">En las \u00faltimas 24 horas Chivilcoy no registr\u00f3 casos positivos de Covid-19, y se sum\u00f3 un nuevo paciente recuperado.<\/p>\n\n\n\n<div class=\"wp-block-image\"><figure class=\"aligncenter size-medium\"><img loading=\"lazy\" decoding=\"async\" width=\"460\" height=\"307\" src=\"http:\/\/infoecos.com.ar\/wp-content\/uploads\/brichi-460x307.jpg\" alt=\"\" class=\"wp-image-64529\" srcset=\"https:\/\/infoecos.com.ar\/wp-content\/uploads\/brichi-460x307.jpg 460w, https:\/\/infoecos.com.ar\/wp-content\/uploads\/brichi-920x613.jpg 920w, https:\/\/infoecos.com.ar\/wp-content\/uploads\/brichi-768x512.jpg 768w, https:\/\/infoecos.com.ar\/wp-content\/uploads\/brichi-1536x1024.jpg 1536w, https:\/\/infoecos.com.ar\/wp-content\/uploads\/brichi-1024x683.jpg 1024w, https:\/\/infoecos.com.ar\/wp-content\/uploads\/brichi-675x450.jpg 675w, https:\/\/infoecos.com.ar\/wp-content\/uploads\/brichi.jpg 2048w\" sizes=\"auto, (max-width: 460px) 100vw, 460px\" \/><\/figure><\/div>\n\n\n\n<p class=\"wp-block-paragraph\">As\u00ed lo inform\u00f3 el intendente municipal, Guillermo Britos, quien, adem\u00e1s, enfatiz\u00f3 que \u00abes un d\u00eda m\u00e1s que le ganamos a la pandemia\u00bb, a la vez que exhort\u00f3 a la comunidad a \u00abseguir con los cuidados preventivos\u00bb.<\/p>\n\n\n\n<p class=\"wp-block-paragraph\">\u00abEstamos pasando un momento muy dif\u00edcil a nivel pa\u00eds, y particularmente en el interior de la Provincia, en distritos muy cercanos, por lo que es fundamental continuar cuid\u00e1ndonos para atravesar la pandemia de la mejor manera posible\u00bb, remarc\u00f3.<\/p>\n\n\n\n<p class=\"wp-block-paragraph\">Por \u00faltimo, puntualiz\u00f3: \u201cse deben evitar las reuniones sociales, y recordar en todo momento cumplir con las medidas de prevenci\u00f3n, fundamentalmente, no compartir el mate, que es un gran transmisor del virus\u201d.<\/p>\n\n\n\n<div class=\"wp-block-image\"><figure class=\"aligncenter size-medium\"><img loading=\"lazy\" decoding=\"async\" width=\"460\" height=\"460\" src=\"http:\/\/infoecos.com.ar\/wp-content\/uploads\/2020\/08\/reportechivil-460x460.jpg\" alt=\"\" class=\"wp-image-66749\" srcset=\"https:\/\/infoecos.com.ar\/wp-content\/uploads\/2020\/08\/reportechivil-460x460.jpg 460w, https:\/\/infoecos.com.ar\/wp-content\/uploads\/2020\/08\/reportechivil-150x150.jpg 150w, https:\/\/infoecos.com.ar\/wp-content\/uploads\/2020\/08\/reportechivil.jpg 640w\" sizes=\"auto, (max-width: 460px) 100vw, 460px\" \/><\/figure><\/div>\n","protected":false},"excerpt":{"rendered":"<p>En las \u00faltimas 24 horas Chivilcoy no registr\u00f3 casos positivos de Covid-19, y se sum\u00f3&#8230;<\/p>\n","protected":false},"author":2,"featured_media":66749,"comment_status":"closed","ping_status":"open","sticky":false,"template":"","format":"standard","meta":{"footnotes":""},"categories":[1634],"tags":[7],"class_list":["post-66748","post","type-post","status-publish","format-standard","has-post-thumbnail","hentry","category-empre-12","tag-chivilcoy"],"featured_image_urls":{"full":["https:\/\/infoecos.com.ar\/wp-content\/uploads\/2020\/08\/reportechivil.jpg",640,640,false],"thumbnail":["https:\/\/infoecos.com.ar\/wp-content\/uploads\/2020\/08\/reportechivil-150x150.jpg",150,150,true],"medium":["https:\/\/infoecos.com.ar\/wp-content\/uploads\/2020\/08\/reportechivil-460x460.jpg",460,460,true],"medium_large":["https:\/\/infoecos.com.ar\/wp-content\/uploads\/2020\/08\/reportechivil.jpg",640,640,false],"large":["https:\/\/infoecos.com.ar\/wp-content\/uploads\/2020\/08\/reportechivil.jpg",640,640,false],"1536x1536":["https:\/\/infoecos.com.ar\/wp-content\/uploads\/2020\/08\/reportechivil.jpg",640,640,false],"2048x2048":["https:\/\/infoecos.com.ar\/wp-content\/uploads\/2020\/08\/reportechivil.jpg",640,640,false],"covernews-slider-full":["https:\/\/infoecos.com.ar\/wp-content\/uploads\/2020\/08\/reportechivil.jpg",640,640,false],"covernews-slider-center":["https:\/\/infoecos.com.ar\/wp-content\/uploads\/2020\/08\/reportechivil.jpg",500,500,false],"covernews-featured":["https:\/\/infoecos.com.ar\/wp-content\/uploads\/2020\/08\/reportechivil.jpg",640,640,false],"covernews-medium":["https:\/\/infoecos.com.ar\/wp-content\/uploads\/2020\/08\/reportechivil-640x380.jpg",540,321,true],"covernews-medium-square":["https:\/\/infoecos.com.ar\/wp-content\/uploads\/2020\/08\/reportechivil-640x450.jpg",356,250,true]},"author_info":{"info":["Jorge Matheus"]},"category_info":"<a href=\"https:\/\/infoecos.com.ar\/index.php\/category\/empre-12\/\" rel=\"category tag\">Empre 12<\/a>","tag_info":"Empre 12","comment_count":"0","_links":{"self":[{"href":"https:\/\/infoecos.com.ar\/index.php\/wp-json\/wp\/v2\/posts\/66748","targetHints":{"allow":["GET"]}}],"collection":[{"href":"https:\/\/infoecos.com.ar\/index.php\/wp-json\/wp\/v2\/posts"}],"about":[{"href":"https:\/\/infoecos.com.ar\/index.php\/wp-json\/wp\/v2\/types\/post"}],"author":[{"embeddable":true,"href":"https:\/\/infoecos.com.ar\/index.php\/wp-json\/wp\/v2\/users\/2"}],"replies":[{"embeddable":true,"href":"https:\/\/infoecos.com.ar\/index.php\/wp-json\/wp\/v2\/comments?post=66748"}],"version-history":[{"count":1,"href":"https:\/\/infoecos.com.ar\/index.php\/wp-json\/wp\/v2\/posts\/66748\/revisions"}],"predecessor-version":[{"id":66750,"href":"https:\/\/infoecos.com.ar\/index.php\/wp-json\/wp\/v2\/posts\/66748\/revisions\/66750"}],"wp:featuredmedia":[{"embeddable":true,"href":"https:\/\/infoecos.com.ar\/index.php\/wp-json\/wp\/v2\/media\/66749"}],"wp:attachment":[{"href":"https:\/\/infoecos.com.ar\/index.php\/wp-json\/wp\/v2\/media?parent=66748"}],"wp:term":[{"taxonomy":"category","embeddable":true,"href":"https:\/\/infoecos.com.ar\/index.php\/wp-json\/wp\/v2\/categories?post=66748"},{"taxonomy":"post_tag","embeddable":true,"href":"https:\/\/infoecos.com.ar\/index.php\/wp-json\/wp\/v2\/tags?post=66748"}],"curies":[{"name":"wp","href":"https:\/\/api.w.org\/{rel}","templated":true}]}}