{"id":66755,"date":"2020-08-31T00:11:26","date_gmt":"2020-08-31T03:11:26","guid":{"rendered":"http:\/\/infoecos.com.ar\/?p=66755"},"modified":"2020-08-31T00:11:34","modified_gmt":"2020-08-31T03:11:34","slug":"30-de-agosto-de-manera-virtual-y-con-valiosos-testimonios-celebro-sus-110-anos-de-vida","status":"publish","type":"post","link":"https:\/\/infoecos.com.ar\/index.php\/30-de-agosto-de-manera-virtual-y-con-valiosos-testimonios-celebro-sus-110-anos-de-vida\/","title":{"rendered":"30 de Agosto, de manera virtual y con valiosos testimonios, celebr\u00f3 sus 110 a\u00f1os de vida"},"content":{"rendered":"\n<p>En el marco del 110\u00b0 Aniversario de Treinta de Agosto, el Intendente municipal, Miguel Fern\u00e1ndez, y el director del Ente Descentralizado, Miguel \u201cPaco\u201d Mul\u00e1n, hicieron llegar este domingo sus saludos la comunidad a trav\u00e9s de mensajes grabados que fueron compartidos en las redes sociales del Municipio y del Ente Descentralizado, ante la imposibilidad de estar presentes en un acto formal, que tuvo que ser postergado, debido a la emergencia sanitaria provocada por la pandemia de Covid-19.-<\/p>\n\n\n\n<div class=\"wp-block-image\"><figure class=\"aligncenter size-medium\"><img loading=\"lazy\" decoding=\"async\" width=\"460\" height=\"460\" src=\"http:\/\/infoecos.com.ar\/wp-content\/uploads\/2020\/08\/Treinta-de-Agosto-4-460x460.jpg\" alt=\"\" class=\"wp-image-66756\" srcset=\"https:\/\/infoecos.com.ar\/wp-content\/uploads\/2020\/08\/Treinta-de-Agosto-4-460x460.jpg 460w, https:\/\/infoecos.com.ar\/wp-content\/uploads\/2020\/08\/Treinta-de-Agosto-4-920x920.jpg 920w, https:\/\/infoecos.com.ar\/wp-content\/uploads\/2020\/08\/Treinta-de-Agosto-4-150x150.jpg 150w, https:\/\/infoecos.com.ar\/wp-content\/uploads\/2020\/08\/Treinta-de-Agosto-4-768x768.jpg 768w, https:\/\/infoecos.com.ar\/wp-content\/uploads\/2020\/08\/Treinta-de-Agosto-4.jpg 960w\" sizes=\"(max-width: 460px) 100vw, 460px\" \/><\/figure><\/div>\n\n\n\n<p>\u201cQuiero mandarles a todos los vecinos de Treinta de Agosto un c\u00e1lido saludo en este nuevo aniversario, lamentablemente la pandemia no nos permite celebrar juntos como hacemos a\u00f1o tras a\u00f1o en nuestra querida plaza\u201d, comenz\u00f3 diciendo el Intendente, quien agreg\u00f3: \u201cSin embargo uno no puede estar ausente, jam\u00e1s\u201d.<\/p>\n\n\n\n<p>Y continu\u00f3 diciendo: \u201cEstos 110 a\u00f1os de historia que tiene Treinta de Agosto, s\u00f3lida, fuerte, es lo que nos permite hoy disfrutar de un presente de una comunidad que avanza, que tiene instituciones s\u00f3lidas, que tiene vecinos con mucha voluntad de emprender cosas para que su ciudad siga creciendo\u201d.<\/p>\n\n\n\n<figure class=\"wp-block-embed-facebook wp-block-embed is-type-video is-provider-facebook\"><div class=\"wp-block-embed__wrapper\">\nhttps:\/\/www.facebook.com\/municipio.trenquelauquen\/videos\/1299030090443325\/\n<\/div><\/figure>\n\n\n\n<p>En este marco el Jefe comunal consider\u00f3 que \u201cese pasado y este presente, claramente nos permiten pensar en ese futuro que todos so\u00f1amos para Treinta de Agosto, una ciudad que sigue creciendo en servicios, en calidad y diversidad de servicios y cada nuevo logro es el desaf\u00edo para un nuevo emprendimiento\u201d.<\/p>\n\n\n\n<p>En su mensaje Fern\u00e1ndez destac\u00f3 \u201clas cosas que se han hecho, las que se est\u00e1n haciendo y terminando en estos pr\u00f3ximos d\u00edas y muchas que est\u00e1n por venir en el corto, mediano y largo plazo\u201d e inst\u00f3 a los vecinos a \u201cno dejar nunca de so\u00f1ar con ese futuro que todos queremos\u201d.<\/p>\n\n\n\n<p>\u201cNunca pensemos en chico, pensemos en grande y con esa ambici\u00f3n y pujanza que tiene Treinta de Agosto no me cabe la menor duda que lo vamos a lograr\u201d, precis\u00f3.<\/p>\n\n\n\n<p>Sobre el final el Intendente de su mensaje dej\u00f3 \u201cun fuerte abrazo a toda la comunidad de Treinta de Agosto, que siga so\u00f1ando con eso que lo vamos a conseguir, pronto nos vamos a estar abrazando como siempre para pensarlo (el futuro) juntos\u201d.<\/p>\n\n\n\n<p>El director del Ente Descentralizado, Miguel Mul\u00e1n, se\u00f1al\u00f3: \u201cEste 110\u00b0 Aniversario nos encuentra realizando este tipo de saludos virtuales porque la pandemia nos impide llevar a cabo aquellos festejos que est\u00e1bamos acostumbrados a realizar, ya sea en la Plaza o en el Parque La India Roca, donde est\u00e1bamos todos juntos\u201d.<\/p>\n\n\n\n<p>El funcionario dej\u00f3 un \u201cfuerte saludo a toda la comunidad\u201d y pidi\u00f3 a los vecinos que \u201cnos sigan apoyando y que nos sigamos cuidando porque vamos a salir adelante, no tengo dudas que con el esfuerzo comunitario que han hecho hasta ahora y el que van a seguir haciendo vamos a poder sobrellevar este mal momento y nos vamos a encontrar pr\u00f3ximamente compartiendo aquellos festejos a los que est\u00e1 acostumbrada la comunidad de Treinta de Agosto\u201d.<\/p>\n\n\n\n<p>Bajo el slogan \u201cAniversario en casa\u201d desde el Ente invitaron a toda la poblaci\u00f3n a decorar el frente de sus viviendas y a seguir por las redes sociales los mensajes de las autoridades y de vecinos de la comunidad -que se van a ir subiendo durante toda la jornada- ante la imposibilidad de organizar festejos con la presencia de p\u00fablico.<\/p>\n\n\n\n<p>Durante todo el d\u00eda de hoy los vecinos pueden seguir los festejos a trav\u00e9s de las cuentas oficiales del Ente:<\/p>\n\n\n\n<p>Facebook: @entedescentralizado (Ente Descentralizado de 30 de Agosto). La p\u00e1gina est\u00e1 colmada de hermosos testimonios.<\/p>\n\n\n\n<p>Instagram: @entedescentralizado<\/p>\n\n\n\n<p>YouTube: @prensatreintadeagosto.<\/p>\n\n\n\n<figure class=\"wp-block-gallery columns-3 is-cropped wp-block-gallery-1 is-layout-flex wp-block-gallery-is-layout-flex\"><ul class=\"blocks-gallery-grid\"><li class=\"blocks-gallery-item\"><figure><img loading=\"lazy\" decoding=\"async\" width=\"920\" height=\"920\" src=\"http:\/\/infoecos.com.ar\/wp-content\/uploads\/2020\/08\/Treinta-de-Agosto-1-920x920.jpg\" alt=\"\" data-id=\"66757\" data-full-url=\"http:\/\/infoecos.com.ar\/wp-content\/uploads\/2020\/08\/Treinta-de-Agosto-1.jpg\" data-link=\"http:\/\/infoecos.com.ar\/?attachment_id=66757\" class=\"wp-image-66757\" srcset=\"https:\/\/infoecos.com.ar\/wp-content\/uploads\/2020\/08\/Treinta-de-Agosto-1-920x920.jpg 920w, https:\/\/infoecos.com.ar\/wp-content\/uploads\/2020\/08\/Treinta-de-Agosto-1-460x460.jpg 460w, https:\/\/infoecos.com.ar\/wp-content\/uploads\/2020\/08\/Treinta-de-Agosto-1-150x150.jpg 150w, https:\/\/infoecos.com.ar\/wp-content\/uploads\/2020\/08\/Treinta-de-Agosto-1-768x768.jpg 768w, https:\/\/infoecos.com.ar\/wp-content\/uploads\/2020\/08\/Treinta-de-Agosto-1.jpg 960w\" sizes=\"(max-width: 920px) 100vw, 920px\" \/><\/figure><\/li><li class=\"blocks-gallery-item\"><figure><img loading=\"lazy\" decoding=\"async\" width=\"920\" height=\"920\" src=\"http:\/\/infoecos.com.ar\/wp-content\/uploads\/2020\/08\/Treinta-de-Agosto-2-920x920.jpg\" alt=\"\" data-id=\"66758\" data-full-url=\"http:\/\/infoecos.com.ar\/wp-content\/uploads\/2020\/08\/Treinta-de-Agosto-2.jpg\" data-link=\"http:\/\/infoecos.com.ar\/?attachment_id=66758\" class=\"wp-image-66758\" srcset=\"https:\/\/infoecos.com.ar\/wp-content\/uploads\/2020\/08\/Treinta-de-Agosto-2-920x920.jpg 920w, https:\/\/infoecos.com.ar\/wp-content\/uploads\/2020\/08\/Treinta-de-Agosto-2-460x460.jpg 460w, https:\/\/infoecos.com.ar\/wp-content\/uploads\/2020\/08\/Treinta-de-Agosto-2-150x150.jpg 150w, https:\/\/infoecos.com.ar\/wp-content\/uploads\/2020\/08\/Treinta-de-Agosto-2-768x768.jpg 768w, https:\/\/infoecos.com.ar\/wp-content\/uploads\/2020\/08\/Treinta-de-Agosto-2.jpg 960w\" sizes=\"(max-width: 920px) 100vw, 920px\" \/><\/figure><\/li><li class=\"blocks-gallery-item\"><figure><img loading=\"lazy\" decoding=\"async\" width=\"920\" height=\"920\" src=\"http:\/\/infoecos.com.ar\/wp-content\/uploads\/2020\/08\/Treinta-de-Agosto-3-920x920.jpg\" alt=\"\" data-id=\"66759\" data-full-url=\"http:\/\/infoecos.com.ar\/wp-content\/uploads\/2020\/08\/Treinta-de-Agosto-3.jpg\" data-link=\"http:\/\/infoecos.com.ar\/?attachment_id=66759\" class=\"wp-image-66759\" srcset=\"https:\/\/infoecos.com.ar\/wp-content\/uploads\/2020\/08\/Treinta-de-Agosto-3-920x920.jpg 920w, https:\/\/infoecos.com.ar\/wp-content\/uploads\/2020\/08\/Treinta-de-Agosto-3-460x460.jpg 460w, https:\/\/infoecos.com.ar\/wp-content\/uploads\/2020\/08\/Treinta-de-Agosto-3-150x150.jpg 150w, https:\/\/infoecos.com.ar\/wp-content\/uploads\/2020\/08\/Treinta-de-Agosto-3-768x768.jpg 768w, https:\/\/infoecos.com.ar\/wp-content\/uploads\/2020\/08\/Treinta-de-Agosto-3.jpg 960w\" sizes=\"(max-width: 920px) 100vw, 920px\" \/><\/figure><\/li><li class=\"blocks-gallery-item\"><figure><img loading=\"lazy\" decoding=\"async\" width=\"920\" height=\"920\" src=\"http:\/\/infoecos.com.ar\/wp-content\/uploads\/2020\/08\/Treinta-de-Agosto-4-1-920x920.jpg\" alt=\"\" data-id=\"66760\" data-full-url=\"http:\/\/infoecos.com.ar\/wp-content\/uploads\/2020\/08\/Treinta-de-Agosto-4-1.jpg\" data-link=\"http:\/\/infoecos.com.ar\/?attachment_id=66760\" class=\"wp-image-66760\" srcset=\"https:\/\/infoecos.com.ar\/wp-content\/uploads\/2020\/08\/Treinta-de-Agosto-4-1-920x920.jpg 920w, https:\/\/infoecos.com.ar\/wp-content\/uploads\/2020\/08\/Treinta-de-Agosto-4-1-460x460.jpg 460w, https:\/\/infoecos.com.ar\/wp-content\/uploads\/2020\/08\/Treinta-de-Agosto-4-1-150x150.jpg 150w, https:\/\/infoecos.com.ar\/wp-content\/uploads\/2020\/08\/Treinta-de-Agosto-4-1-768x768.jpg 768w, https:\/\/infoecos.com.ar\/wp-content\/uploads\/2020\/08\/Treinta-de-Agosto-4-1.jpg 960w\" sizes=\"(max-width: 920px) 100vw, 920px\" \/><\/figure><\/li><li class=\"blocks-gallery-item\"><figure><img loading=\"lazy\" decoding=\"async\" width=\"920\" height=\"920\" src=\"http:\/\/infoecos.com.ar\/wp-content\/uploads\/2020\/08\/Treinta-de-Agosto-5-920x920.jpg\" alt=\"\" data-id=\"66761\" data-full-url=\"http:\/\/infoecos.com.ar\/wp-content\/uploads\/2020\/08\/Treinta-de-Agosto-5.jpg\" data-link=\"http:\/\/infoecos.com.ar\/?attachment_id=66761\" class=\"wp-image-66761\" srcset=\"https:\/\/infoecos.com.ar\/wp-content\/uploads\/2020\/08\/Treinta-de-Agosto-5-920x920.jpg 920w, https:\/\/infoecos.com.ar\/wp-content\/uploads\/2020\/08\/Treinta-de-Agosto-5-460x460.jpg 460w, https:\/\/infoecos.com.ar\/wp-content\/uploads\/2020\/08\/Treinta-de-Agosto-5-150x150.jpg 150w, https:\/\/infoecos.com.ar\/wp-content\/uploads\/2020\/08\/Treinta-de-Agosto-5-768x768.jpg 768w, https:\/\/infoecos.com.ar\/wp-content\/uploads\/2020\/08\/Treinta-de-Agosto-5.jpg 960w\" sizes=\"(max-width: 920px) 100vw, 920px\" \/><\/figure><\/li><li class=\"blocks-gallery-item\"><figure><img loading=\"lazy\" decoding=\"async\" width=\"920\" height=\"920\" src=\"http:\/\/infoecos.com.ar\/wp-content\/uploads\/2020\/08\/Treinta-de-Agosto-6-920x920.jpg\" alt=\"\" data-id=\"66762\" data-full-url=\"http:\/\/infoecos.com.ar\/wp-content\/uploads\/2020\/08\/Treinta-de-Agosto-6.jpg\" data-link=\"http:\/\/infoecos.com.ar\/?attachment_id=66762\" class=\"wp-image-66762\" srcset=\"https:\/\/infoecos.com.ar\/wp-content\/uploads\/2020\/08\/Treinta-de-Agosto-6-920x920.jpg 920w, https:\/\/infoecos.com.ar\/wp-content\/uploads\/2020\/08\/Treinta-de-Agosto-6-460x460.jpg 460w, https:\/\/infoecos.com.ar\/wp-content\/uploads\/2020\/08\/Treinta-de-Agosto-6-150x150.jpg 150w, https:\/\/infoecos.com.ar\/wp-content\/uploads\/2020\/08\/Treinta-de-Agosto-6-768x768.jpg 768w, https:\/\/infoecos.com.ar\/wp-content\/uploads\/2020\/08\/Treinta-de-Agosto-6.jpg 960w\" sizes=\"(max-width: 920px) 100vw, 920px\" \/><\/figure><\/li><\/ul><\/figure>\n\n\n\n<p><\/p>\n","protected":false},"excerpt":{"rendered":"<p>En el marco del 110\u00b0 Aniversario de Treinta de Agosto, el Intendente municipal, Miguel Fern\u00e1ndez,&#8230;<\/p>\n","protected":false},"author":2,"featured_media":66760,"comment_status":"closed","ping_status":"open","sticky":false,"template":"","format":"standard","meta":{"footnotes":""},"categories":[46],"tags":[1868],"class_list":["post-66755","post","type-post","status-publish","format-standard","has-post-thumbnail","hentry","category-c2nota2","tag-treinta-de-agosto"],"yoast_head":"<!-- This site is optimized with the Yoast SEO plugin v23.4 - https:\/\/yoast.com\/wordpress\/plugins\/seo\/ -->\n<title>30 de Agosto, de manera virtual y con valiosos testimonios, celebr\u00f3 sus 110 a\u00f1os de vida - Infoecos<\/title>\n<meta name=\"robots\" content=\"index, follow, max-snippet:-1, max-image-preview:large, max-video-preview:-1\" \/>\n<link rel=\"canonical\" href=\"https:\/\/infoecos.com.ar\/index.php\/30-de-agosto-de-manera-virtual-y-con-valiosos-testimonios-celebro-sus-110-anos-de-vida\/\" \/>\n<meta property=\"og:locale\" content=\"es_ES\" \/>\n<meta property=\"og:type\" content=\"article\" \/>\n<meta property=\"og:title\" content=\"30 de Agosto, de manera virtual y con valiosos testimonios, celebr\u00f3 sus 110 a\u00f1os de vida - Infoecos\" \/>\n<meta property=\"og:description\" content=\"En el marco del 110\u00b0 Aniversario de Treinta de Agosto, el Intendente municipal, Miguel Fern\u00e1ndez,...\" \/>\n<meta property=\"og:url\" content=\"https:\/\/infoecos.com.ar\/index.php\/30-de-agosto-de-manera-virtual-y-con-valiosos-testimonios-celebro-sus-110-anos-de-vida\/\" \/>\n<meta property=\"og:site_name\" content=\"Infoecos\" \/>\n<meta property=\"article:publisher\" content=\"https:\/\/www.facebook.com\/profile.php?id=100063200290284\" \/>\n<meta property=\"article:published_time\" content=\"2020-08-31T03:11:26+00:00\" \/>\n<meta property=\"article:modified_time\" content=\"2020-08-31T03:11:34+00:00\" \/>\n<meta property=\"og:image\" content=\"https:\/\/infoecos.com.ar\/wp-content\/uploads\/2020\/08\/Treinta-de-Agosto-4-1.jpg\" \/>\n\t<meta property=\"og:image:width\" content=\"960\" \/>\n\t<meta property=\"og:image:height\" content=\"960\" \/>\n\t<meta property=\"og:image:type\" content=\"image\/jpeg\" \/>\n<meta name=\"author\" content=\"Jorge Matheus\" \/>\n<meta name=\"twitter:card\" content=\"summary_large_image\" \/>\n<meta name=\"twitter:creator\" content=\"@infoecos\" \/>\n<meta name=\"twitter:site\" content=\"@infoecos\" \/>\n<meta name=\"twitter:label1\" content=\"Escrito por\" \/>\n\t<meta name=\"twitter:data1\" content=\"Jorge Matheus\" \/>\n\t<meta name=\"twitter:label2\" content=\"Tiempo de lectura\" \/>\n\t<meta name=\"twitter:data2\" content=\"3 minutos\" \/>\n<script type=\"application\/ld+json\" class=\"yoast-schema-graph\">{\"@context\":\"https:\/\/schema.org\",\"@graph\":[{\"@type\":\"Article\",\"@id\":\"https:\/\/infoecos.com.ar\/index.php\/30-de-agosto-de-manera-virtual-y-con-valiosos-testimonios-celebro-sus-110-anos-de-vida\/#article\",\"isPartOf\":{\"@id\":\"https:\/\/infoecos.com.ar\/index.php\/30-de-agosto-de-manera-virtual-y-con-valiosos-testimonios-celebro-sus-110-anos-de-vida\/\"},\"author\":{\"name\":\"Jorge Matheus\",\"@id\":\"https:\/\/infoecos.com.ar\/#\/schema\/person\/8f5ace5ce73b4b4aac4b7245aee6f191\"},\"headline\":\"30 de Agosto, de manera virtual y con valiosos testimonios, celebr\u00f3 sus 110 a\u00f1os de vida\",\"datePublished\":\"2020-08-31T03:11:26+00:00\",\"dateModified\":\"2020-08-31T03:11:34+00:00\",\"mainEntityOfPage\":{\"@id\":\"https:\/\/infoecos.com.ar\/index.php\/30-de-agosto-de-manera-virtual-y-con-valiosos-testimonios-celebro-sus-110-anos-de-vida\/\"},\"wordCount\":623,\"publisher\":{\"@id\":\"https:\/\/infoecos.com.ar\/#organization\"},\"image\":{\"@id\":\"https:\/\/infoecos.com.ar\/index.php\/30-de-agosto-de-manera-virtual-y-con-valiosos-testimonios-celebro-sus-110-anos-de-vida\/#primaryimage\"},\"thumbnailUrl\":\"https:\/\/infoecos.com.ar\/wp-content\/uploads\/2020\/08\/Treinta-de-Agosto-4-1.jpg\",\"keywords\":[\"TREINTA DE AGOSTO\"],\"articleSection\":[\"C2 N2\"],\"inLanguage\":\"es\"},{\"@type\":\"WebPage\",\"@id\":\"https:\/\/infoecos.com.ar\/index.php\/30-de-agosto-de-manera-virtual-y-con-valiosos-testimonios-celebro-sus-110-anos-de-vida\/\",\"url\":\"https:\/\/infoecos.com.ar\/index.php\/30-de-agosto-de-manera-virtual-y-con-valiosos-testimonios-celebro-sus-110-anos-de-vida\/\",\"name\":\"30 de Agosto, de manera virtual y con valiosos testimonios, celebr\u00f3 sus 110 a\u00f1os de vida - Infoecos\",\"isPartOf\":{\"@id\":\"https:\/\/infoecos.com.ar\/#website\"},\"primaryImageOfPage\":{\"@id\":\"https:\/\/infoecos.com.ar\/index.php\/30-de-agosto-de-manera-virtual-y-con-valiosos-testimonios-celebro-sus-110-anos-de-vida\/#primaryimage\"},\"image\":{\"@id\":\"https:\/\/infoecos.com.ar\/index.php\/30-de-agosto-de-manera-virtual-y-con-valiosos-testimonios-celebro-sus-110-anos-de-vida\/#primaryimage\"},\"thumbnailUrl\":\"https:\/\/infoecos.com.ar\/wp-content\/uploads\/2020\/08\/Treinta-de-Agosto-4-1.jpg\",\"datePublished\":\"2020-08-31T03:11:26+00:00\",\"dateModified\":\"2020-08-31T03:11:34+00:00\",\"breadcrumb\":{\"@id\":\"https:\/\/infoecos.com.ar\/index.php\/30-de-agosto-de-manera-virtual-y-con-valiosos-testimonios-celebro-sus-110-anos-de-vida\/#breadcrumb\"},\"inLanguage\":\"es\",\"potentialAction\":[{\"@type\":\"ReadAction\",\"target\":[\"https:\/\/infoecos.com.ar\/index.php\/30-de-agosto-de-manera-virtual-y-con-valiosos-testimonios-celebro-sus-110-anos-de-vida\/\"]}]},{\"@type\":\"ImageObject\",\"inLanguage\":\"es\",\"@id\":\"https:\/\/infoecos.com.ar\/index.php\/30-de-agosto-de-manera-virtual-y-con-valiosos-testimonios-celebro-sus-110-anos-de-vida\/#primaryimage\",\"url\":\"https:\/\/infoecos.com.ar\/wp-content\/uploads\/2020\/08\/Treinta-de-Agosto-4-1.jpg\",\"contentUrl\":\"https:\/\/infoecos.com.ar\/wp-content\/uploads\/2020\/08\/Treinta-de-Agosto-4-1.jpg\",\"width\":960,\"height\":960},{\"@type\":\"BreadcrumbList\",\"@id\":\"https:\/\/infoecos.com.ar\/index.php\/30-de-agosto-de-manera-virtual-y-con-valiosos-testimonios-celebro-sus-110-anos-de-vida\/#breadcrumb\",\"itemListElement\":[{\"@type\":\"ListItem\",\"position\":1,\"name\":\"Portada\",\"item\":\"https:\/\/infoecos.com.ar\/\"},{\"@type\":\"ListItem\",\"position\":2,\"name\":\"30 de Agosto, de manera virtual y con valiosos testimonios, celebr\u00f3 sus 110 a\u00f1os de vida\"}]},{\"@type\":\"WebSite\",\"@id\":\"https:\/\/infoecos.com.ar\/#website\",\"url\":\"https:\/\/infoecos.com.ar\/\",\"name\":\"Infoecos\",\"description\":\"Noticias de trenque lauquen y la zona\",\"publisher\":{\"@id\":\"https:\/\/infoecos.com.ar\/#organization\"},\"alternateName\":\"Noticias\",\"potentialAction\":[{\"@type\":\"SearchAction\",\"target\":{\"@type\":\"EntryPoint\",\"urlTemplate\":\"https:\/\/infoecos.com.ar\/?s={search_term_string}\"},\"query-input\":{\"@type\":\"PropertyValueSpecification\",\"valueRequired\":true,\"valueName\":\"search_term_string\"}}],\"inLanguage\":\"es\"},{\"@type\":\"Organization\",\"@id\":\"https:\/\/infoecos.com.ar\/#organization\",\"name\":\"Infoecos\",\"alternateName\":\"Noticias\",\"url\":\"https:\/\/infoecos.com.ar\/\",\"logo\":{\"@type\":\"ImageObject\",\"inLanguage\":\"es\",\"@id\":\"https:\/\/infoecos.com.ar\/#\/schema\/logo\/image\/\",\"url\":\"https:\/\/infoecos.com.ar\/wp-content\/uploads\/2024\/03\/cropped-logo.png\",\"contentUrl\":\"https:\/\/infoecos.com.ar\/wp-content\/uploads\/2024\/03\/cropped-logo.png\",\"width\":374,\"height\":90,\"caption\":\"Infoecos\"},\"image\":{\"@id\":\"https:\/\/infoecos.com.ar\/#\/schema\/logo\/image\/\"},\"sameAs\":[\"https:\/\/www.facebook.com\/profile.php?id=100063200290284\",\"https:\/\/x.com\/infoecos\"]},{\"@type\":\"Person\",\"@id\":\"https:\/\/infoecos.com.ar\/#\/schema\/person\/8f5ace5ce73b4b4aac4b7245aee6f191\",\"name\":\"Jorge Matheus\",\"url\":\"https:\/\/infoecos.com.ar\/index.php\/author\/jomatheus\/\"}]}<\/script>\n<!-- \/ Yoast SEO plugin. -->","yoast_head_json":{"title":"30 de Agosto, de manera virtual y con valiosos testimonios, celebr\u00f3 sus 110 a\u00f1os de vida - Infoecos","robots":{"index":"index","follow":"follow","max-snippet":"max-snippet:-1","max-image-preview":"max-image-preview:large","max-video-preview":"max-video-preview:-1"},"canonical":"https:\/\/infoecos.com.ar\/index.php\/30-de-agosto-de-manera-virtual-y-con-valiosos-testimonios-celebro-sus-110-anos-de-vida\/","og_locale":"es_ES","og_type":"article","og_title":"30 de Agosto, de manera virtual y con valiosos testimonios, celebr\u00f3 sus 110 a\u00f1os de vida - Infoecos","og_description":"En el marco del 110\u00b0 Aniversario de Treinta de Agosto, el Intendente municipal, Miguel Fern\u00e1ndez,...","og_url":"https:\/\/infoecos.com.ar\/index.php\/30-de-agosto-de-manera-virtual-y-con-valiosos-testimonios-celebro-sus-110-anos-de-vida\/","og_site_name":"Infoecos","article_publisher":"https:\/\/www.facebook.com\/profile.php?id=100063200290284","article_published_time":"2020-08-31T03:11:26+00:00","article_modified_time":"2020-08-31T03:11:34+00:00","og_image":[{"width":960,"height":960,"url":"https:\/\/infoecos.com.ar\/wp-content\/uploads\/2020\/08\/Treinta-de-Agosto-4-1.jpg","type":"image\/jpeg"}],"author":"Jorge Matheus","twitter_card":"summary_large_image","twitter_creator":"@infoecos","twitter_site":"@infoecos","twitter_misc":{"Escrito por":"Jorge Matheus","Tiempo de lectura":"3 minutos"},"schema":{"@context":"https:\/\/schema.org","@graph":[{"@type":"Article","@id":"https:\/\/infoecos.com.ar\/index.php\/30-de-agosto-de-manera-virtual-y-con-valiosos-testimonios-celebro-sus-110-anos-de-vida\/#article","isPartOf":{"@id":"https:\/\/infoecos.com.ar\/index.php\/30-de-agosto-de-manera-virtual-y-con-valiosos-testimonios-celebro-sus-110-anos-de-vida\/"},"author":{"name":"Jorge Matheus","@id":"https:\/\/infoecos.com.ar\/#\/schema\/person\/8f5ace5ce73b4b4aac4b7245aee6f191"},"headline":"30 de Agosto, de manera virtual y con valiosos testimonios, celebr\u00f3 sus 110 a\u00f1os de vida","datePublished":"2020-08-31T03:11:26+00:00","dateModified":"2020-08-31T03:11:34+00:00","mainEntityOfPage":{"@id":"https:\/\/infoecos.com.ar\/index.php\/30-de-agosto-de-manera-virtual-y-con-valiosos-testimonios-celebro-sus-110-anos-de-vida\/"},"wordCount":623,"publisher":{"@id":"https:\/\/infoecos.com.ar\/#organization"},"image":{"@id":"https:\/\/infoecos.com.ar\/index.php\/30-de-agosto-de-manera-virtual-y-con-valiosos-testimonios-celebro-sus-110-anos-de-vida\/#primaryimage"},"thumbnailUrl":"https:\/\/infoecos.com.ar\/wp-content\/uploads\/2020\/08\/Treinta-de-Agosto-4-1.jpg","keywords":["TREINTA DE AGOSTO"],"articleSection":["C2 N2"],"inLanguage":"es"},{"@type":"WebPage","@id":"https:\/\/infoecos.com.ar\/index.php\/30-de-agosto-de-manera-virtual-y-con-valiosos-testimonios-celebro-sus-110-anos-de-vida\/","url":"https:\/\/infoecos.com.ar\/index.php\/30-de-agosto-de-manera-virtual-y-con-valiosos-testimonios-celebro-sus-110-anos-de-vida\/","name":"30 de Agosto, de manera virtual y con valiosos testimonios, celebr\u00f3 sus 110 a\u00f1os de vida - Infoecos","isPartOf":{"@id":"https:\/\/infoecos.com.ar\/#website"},"primaryImageOfPage":{"@id":"https:\/\/infoecos.com.ar\/index.php\/30-de-agosto-de-manera-virtual-y-con-valiosos-testimonios-celebro-sus-110-anos-de-vida\/#primaryimage"},"image":{"@id":"https:\/\/infoecos.com.ar\/index.php\/30-de-agosto-de-manera-virtual-y-con-valiosos-testimonios-celebro-sus-110-anos-de-vida\/#primaryimage"},"thumbnailUrl":"https:\/\/infoecos.com.ar\/wp-content\/uploads\/2020\/08\/Treinta-de-Agosto-4-1.jpg","datePublished":"2020-08-31T03:11:26+00:00","dateModified":"2020-08-31T03:11:34+00:00","breadcrumb":{"@id":"https:\/\/infoecos.com.ar\/index.php\/30-de-agosto-de-manera-virtual-y-con-valiosos-testimonios-celebro-sus-110-anos-de-vida\/#breadcrumb"},"inLanguage":"es","potentialAction":[{"@type":"ReadAction","target":["https:\/\/infoecos.com.ar\/index.php\/30-de-agosto-de-manera-virtual-y-con-valiosos-testimonios-celebro-sus-110-anos-de-vida\/"]}]},{"@type":"ImageObject","inLanguage":"es","@id":"https:\/\/infoecos.com.ar\/index.php\/30-de-agosto-de-manera-virtual-y-con-valiosos-testimonios-celebro-sus-110-anos-de-vida\/#primaryimage","url":"https:\/\/infoecos.com.ar\/wp-content\/uploads\/2020\/08\/Treinta-de-Agosto-4-1.jpg","contentUrl":"https:\/\/infoecos.com.ar\/wp-content\/uploads\/2020\/08\/Treinta-de-Agosto-4-1.jpg","width":960,"height":960},{"@type":"BreadcrumbList","@id":"https:\/\/infoecos.com.ar\/index.php\/30-de-agosto-de-manera-virtual-y-con-valiosos-testimonios-celebro-sus-110-anos-de-vida\/#breadcrumb","itemListElement":[{"@type":"ListItem","position":1,"name":"Portada","item":"https:\/\/infoecos.com.ar\/"},{"@type":"ListItem","position":2,"name":"30 de Agosto, de manera virtual y con valiosos testimonios, celebr\u00f3 sus 110 a\u00f1os de vida"}]},{"@type":"WebSite","@id":"https:\/\/infoecos.com.ar\/#website","url":"https:\/\/infoecos.com.ar\/","name":"Infoecos","description":"Noticias de trenque lauquen y la zona","publisher":{"@id":"https:\/\/infoecos.com.ar\/#organization"},"alternateName":"Noticias","potentialAction":[{"@type":"SearchAction","target":{"@type":"EntryPoint","urlTemplate":"https:\/\/infoecos.com.ar\/?s={search_term_string}"},"query-input":{"@type":"PropertyValueSpecification","valueRequired":true,"valueName":"search_term_string"}}],"inLanguage":"es"},{"@type":"Organization","@id":"https:\/\/infoecos.com.ar\/#organization","name":"Infoecos","alternateName":"Noticias","url":"https:\/\/infoecos.com.ar\/","logo":{"@type":"ImageObject","inLanguage":"es","@id":"https:\/\/infoecos.com.ar\/#\/schema\/logo\/image\/","url":"https:\/\/infoecos.com.ar\/wp-content\/uploads\/2024\/03\/cropped-logo.png","contentUrl":"https:\/\/infoecos.com.ar\/wp-content\/uploads\/2024\/03\/cropped-logo.png","width":374,"height":90,"caption":"Infoecos"},"image":{"@id":"https:\/\/infoecos.com.ar\/#\/schema\/logo\/image\/"},"sameAs":["https:\/\/www.facebook.com\/profile.php?id=100063200290284","https:\/\/x.com\/infoecos"]},{"@type":"Person","@id":"https:\/\/infoecos.com.ar\/#\/schema\/person\/8f5ace5ce73b4b4aac4b7245aee6f191","name":"Jorge Matheus","url":"https:\/\/infoecos.com.ar\/index.php\/author\/jomatheus\/"}]}},"featured_image_urls":{"full":["https:\/\/infoecos.com.ar\/wp-content\/uploads\/2020\/08\/Treinta-de-Agosto-4-1.jpg",960,960,false],"thumbnail":["https:\/\/infoecos.com.ar\/wp-content\/uploads\/2020\/08\/Treinta-de-Agosto-4-1-150x150.jpg",150,150,true],"medium":["https:\/\/infoecos.com.ar\/wp-content\/uploads\/2020\/08\/Treinta-de-Agosto-4-1-460x460.jpg",460,460,true],"medium_large":["https:\/\/infoecos.com.ar\/wp-content\/uploads\/2020\/08\/Treinta-de-Agosto-4-1-768x768.jpg",640,640,true],"large":["https:\/\/infoecos.com.ar\/wp-content\/uploads\/2020\/08\/Treinta-de-Agosto-4-1-920x920.jpg",640,640,true],"1536x1536":["https:\/\/infoecos.com.ar\/wp-content\/uploads\/2020\/08\/Treinta-de-Agosto-4-1.jpg",960,960,false],"2048x2048":["https:\/\/infoecos.com.ar\/wp-content\/uploads\/2020\/08\/Treinta-de-Agosto-4-1.jpg",960,960,false],"covernews-slider-full":["https:\/\/infoecos.com.ar\/wp-content\/uploads\/2020\/08\/Treinta-de-Agosto-4-1.jpg",715,715,false],"covernews-slider-center":["https:\/\/infoecos.com.ar\/wp-content\/uploads\/2020\/08\/Treinta-de-Agosto-4-1-936x897.jpg",522,500,true],"covernews-featured":["https:\/\/infoecos.com.ar\/wp-content\/uploads\/2020\/08\/Treinta-de-Agosto-4-1.jpg",960,960,false],"covernews-medium":["https:\/\/infoecos.com.ar\/wp-content\/uploads\/2020\/08\/Treinta-de-Agosto-4-1-720x380.jpg",540,285,true],"covernews-medium-square":["https:\/\/infoecos.com.ar\/wp-content\/uploads\/2020\/08\/Treinta-de-Agosto-4-1-675x450.jpg",375,250,true]},"author_info":{"info":["Jorge Matheus"]},"category_info":"<a href=\"https:\/\/infoecos.com.ar\/index.php\/category\/c2nota2\/\" rel=\"category tag\">C2 N2<\/a>","tag_info":"C2 N2","comment_count":"0","_links":{"self":[{"href":"https:\/\/infoecos.com.ar\/index.php\/wp-json\/wp\/v2\/posts\/66755"}],"collection":[{"href":"https:\/\/infoecos.com.ar\/index.php\/wp-json\/wp\/v2\/posts"}],"about":[{"href":"https:\/\/infoecos.com.ar\/index.php\/wp-json\/wp\/v2\/types\/post"}],"author":[{"embeddable":true,"href":"https:\/\/infoecos.com.ar\/index.php\/wp-json\/wp\/v2\/users\/2"}],"replies":[{"embeddable":true,"href":"https:\/\/infoecos.com.ar\/index.php\/wp-json\/wp\/v2\/comments?post=66755"}],"version-history":[{"count":1,"href":"https:\/\/infoecos.com.ar\/index.php\/wp-json\/wp\/v2\/posts\/66755\/revisions"}],"predecessor-version":[{"id":66763,"href":"https:\/\/infoecos.com.ar\/index.php\/wp-json\/wp\/v2\/posts\/66755\/revisions\/66763"}],"wp:featuredmedia":[{"embeddable":true,"href":"https:\/\/infoecos.com.ar\/index.php\/wp-json\/wp\/v2\/media\/66760"}],"wp:attachment":[{"href":"https:\/\/infoecos.com.ar\/index.php\/wp-json\/wp\/v2\/media?parent=66755"}],"wp:term":[{"taxonomy":"category","embeddable":true,"href":"https:\/\/infoecos.com.ar\/index.php\/wp-json\/wp\/v2\/categories?post=66755"},{"taxonomy":"post_tag","embeddable":true,"href":"https:\/\/infoecos.com.ar\/index.php\/wp-json\/wp\/v2\/tags?post=66755"}],"curies":[{"name":"wp","href":"https:\/\/api.w.org\/{rel}","templated":true}]}}