{"id":66963,"date":"2020-09-03T01:53:48","date_gmt":"2020-09-03T04:53:48","guid":{"rendered":"http:\/\/infoecos.com.ar\/?p=66963"},"modified":"2020-09-03T01:54:54","modified_gmt":"2020-09-03T04:54:54","slug":"anses-hoy-cobran-el-ife-3-los-titulares-con-dni-terminados-en-3","status":"publish","type":"post","link":"https:\/\/infoecos.com.ar\/index.php\/anses-hoy-cobran-el-ife-3-los-titulares-con-dni-terminados-en-3\/","title":{"rendered":"ANSES: hoy cobran el IFE 3 los titulares con DNI terminados en 3"},"content":{"rendered":"\n<p>Hoy cobran el IFE 3 mediante Clave Bancaria Uniforme (CBU)\u00a0los titulares\u00a0cuyos documentos terminen en\u00a0<strong>3<\/strong>. De esta manera, cerca de 300.000 personas por d\u00eda percibir\u00e1n el ingreso.<\/p>\n\n\n\n<p>Se recuerda a los beneficiarios que&nbsp;<strong>no<\/strong>&nbsp;poseen tarjeta de d\u00e9bito que, de corresponder, deber\u00e1n sacar previamente un turno en la entidad bancaria, a fin de evitar demoras en el cobro.<\/p>\n\n\n\n<p>Asimismo, la fecha de cobro debe consultarse, con la Clave de la Seguridad Social, en el aplicativo que figura en la web del organismo. El ingreso se pagar\u00e1 al mismo d\u00edgito final de DNI durante dos d\u00edas h\u00e1biles.<\/p>\n\n\n\n<p><strong>Titulares de Pensiones No Contributivas<\/strong><\/p>\n\n\n\n<p>Las sucursales bancarias habilitadas atender\u00e1n por ventanilla solo a los&nbsp;<strong>titulares de Pensiones No Contributivas (PNC) que deban cobrar su haber de septiembre con documentos terminados en 4 y 5<\/strong>.<\/p>\n\n\n\n<p>En este sentido, si bien estas personas no tienen que solicitar turno previo para cobrar este beneficio,&nbsp;<strong>deben acercarse a la sucursal bancaria \u00fanicamente en la fecha asignada<\/strong>. Cabe recordar que los haberes permanecer\u00e1n depositados en sus cuentas.<\/p>\n\n\n\n<p><strong>Beneficiarios del ATP<\/strong><\/p>\n\n\n\n<p>Hoy se realiza el pago de sueldos complementarios del programa de Asistencia de Emergencia al Trabajo y la Producci\u00f3n (ATP) de la AFIP.<\/p>\n","protected":false},"excerpt":{"rendered":"<p>Hoy cobran el IFE 3 mediante Clave Bancaria Uniforme (CBU)\u00a0los titulares\u00a0cuyos documentos terminen en\u00a03. De&#8230;<\/p>\n","protected":false},"author":2,"featured_media":64649,"comment_status":"closed","ping_status":"open","sticky":false,"template":"","format":"standard","meta":{"footnotes":""},"categories":[1614],"tags":[],"class_list":["post-66963","post","type-post","status-publish","format-standard","has-post-thumbnail","hentry","category-c2nota7"],"yoast_head":"<!-- This site is optimized with the Yoast SEO plugin v23.4 - https:\/\/yoast.com\/wordpress\/plugins\/seo\/ -->\n<title>ANSES: hoy cobran el IFE 3 los titulares con DNI terminados en 3 - Infoecos<\/title>\n<meta name=\"robots\" content=\"index, follow, max-snippet:-1, max-image-preview:large, max-video-preview:-1\" \/>\n<link rel=\"canonical\" href=\"https:\/\/infoecos.com.ar\/index.php\/anses-hoy-cobran-el-ife-3-los-titulares-con-dni-terminados-en-3\/\" \/>\n<meta property=\"og:locale\" content=\"es_ES\" \/>\n<meta property=\"og:type\" content=\"article\" \/>\n<meta property=\"og:title\" content=\"ANSES: hoy cobran el IFE 3 los titulares con DNI terminados en 3 - Infoecos\" \/>\n<meta property=\"og:description\" content=\"Hoy cobran el IFE 3 mediante Clave Bancaria Uniforme (CBU)\u00a0los titulares\u00a0cuyos documentos terminen en\u00a03. De...\" \/>\n<meta property=\"og:url\" content=\"https:\/\/infoecos.com.ar\/index.php\/anses-hoy-cobran-el-ife-3-los-titulares-con-dni-terminados-en-3\/\" \/>\n<meta property=\"og:site_name\" content=\"Infoecos\" \/>\n<meta property=\"article:publisher\" content=\"https:\/\/www.facebook.com\/profile.php?id=100063200290284\" \/>\n<meta property=\"article:published_time\" content=\"2020-09-03T04:53:48+00:00\" \/>\n<meta property=\"article:modified_time\" content=\"2020-09-03T04:54:54+00:00\" \/>\n<meta property=\"og:image\" content=\"https:\/\/infoecos.com.ar\/wp-content\/uploads\/lvp.anses_.jpg\" \/>\n\t<meta property=\"og:image:width\" content=\"1024\" \/>\n\t<meta property=\"og:image:height\" content=\"679\" \/>\n\t<meta property=\"og:image:type\" content=\"image\/jpeg\" \/>\n<meta name=\"author\" content=\"Jorge Matheus\" \/>\n<meta name=\"twitter:card\" content=\"summary_large_image\" \/>\n<meta name=\"twitter:creator\" content=\"@infoecos\" \/>\n<meta name=\"twitter:site\" content=\"@infoecos\" \/>\n<meta name=\"twitter:label1\" content=\"Escrito por\" \/>\n\t<meta name=\"twitter:data1\" content=\"Jorge Matheus\" \/>\n\t<meta name=\"twitter:label2\" content=\"Tiempo de lectura\" \/>\n\t<meta name=\"twitter:data2\" content=\"1 minuto\" \/>\n<script type=\"application\/ld+json\" class=\"yoast-schema-graph\">{\"@context\":\"https:\/\/schema.org\",\"@graph\":[{\"@type\":\"Article\",\"@id\":\"https:\/\/infoecos.com.ar\/index.php\/anses-hoy-cobran-el-ife-3-los-titulares-con-dni-terminados-en-3\/#article\",\"isPartOf\":{\"@id\":\"https:\/\/infoecos.com.ar\/index.php\/anses-hoy-cobran-el-ife-3-los-titulares-con-dni-terminados-en-3\/\"},\"author\":{\"name\":\"Jorge Matheus\",\"@id\":\"https:\/\/infoecos.com.ar\/#\/schema\/person\/8f5ace5ce73b4b4aac4b7245aee6f191\"},\"headline\":\"ANSES: hoy cobran el IFE 3 los titulares con DNI terminados en 3\",\"datePublished\":\"2020-09-03T04:53:48+00:00\",\"dateModified\":\"2020-09-03T04:54:54+00:00\",\"mainEntityOfPage\":{\"@id\":\"https:\/\/infoecos.com.ar\/index.php\/anses-hoy-cobran-el-ife-3-los-titulares-con-dni-terminados-en-3\/\"},\"wordCount\":217,\"publisher\":{\"@id\":\"https:\/\/infoecos.com.ar\/#organization\"},\"image\":{\"@id\":\"https:\/\/infoecos.com.ar\/index.php\/anses-hoy-cobran-el-ife-3-los-titulares-con-dni-terminados-en-3\/#primaryimage\"},\"thumbnailUrl\":\"https:\/\/infoecos.com.ar\/wp-content\/uploads\/lvp.anses_.jpg\",\"articleSection\":[\"C2 N7\"],\"inLanguage\":\"es\"},{\"@type\":\"WebPage\",\"@id\":\"https:\/\/infoecos.com.ar\/index.php\/anses-hoy-cobran-el-ife-3-los-titulares-con-dni-terminados-en-3\/\",\"url\":\"https:\/\/infoecos.com.ar\/index.php\/anses-hoy-cobran-el-ife-3-los-titulares-con-dni-terminados-en-3\/\",\"name\":\"ANSES: hoy cobran el IFE 3 los titulares con DNI terminados en 3 - Infoecos\",\"isPartOf\":{\"@id\":\"https:\/\/infoecos.com.ar\/#website\"},\"primaryImageOfPage\":{\"@id\":\"https:\/\/infoecos.com.ar\/index.php\/anses-hoy-cobran-el-ife-3-los-titulares-con-dni-terminados-en-3\/#primaryimage\"},\"image\":{\"@id\":\"https:\/\/infoecos.com.ar\/index.php\/anses-hoy-cobran-el-ife-3-los-titulares-con-dni-terminados-en-3\/#primaryimage\"},\"thumbnailUrl\":\"https:\/\/infoecos.com.ar\/wp-content\/uploads\/lvp.anses_.jpg\",\"datePublished\":\"2020-09-03T04:53:48+00:00\",\"dateModified\":\"2020-09-03T04:54:54+00:00\",\"breadcrumb\":{\"@id\":\"https:\/\/infoecos.com.ar\/index.php\/anses-hoy-cobran-el-ife-3-los-titulares-con-dni-terminados-en-3\/#breadcrumb\"},\"inLanguage\":\"es\",\"potentialAction\":[{\"@type\":\"ReadAction\",\"target\":[\"https:\/\/infoecos.com.ar\/index.php\/anses-hoy-cobran-el-ife-3-los-titulares-con-dni-terminados-en-3\/\"]}]},{\"@type\":\"ImageObject\",\"inLanguage\":\"es\",\"@id\":\"https:\/\/infoecos.com.ar\/index.php\/anses-hoy-cobran-el-ife-3-los-titulares-con-dni-terminados-en-3\/#primaryimage\",\"url\":\"https:\/\/infoecos.com.ar\/wp-content\/uploads\/lvp.anses_.jpg\",\"contentUrl\":\"https:\/\/infoecos.com.ar\/wp-content\/uploads\/lvp.anses_.jpg\",\"width\":1024,\"height\":679},{\"@type\":\"BreadcrumbList\",\"@id\":\"https:\/\/infoecos.com.ar\/index.php\/anses-hoy-cobran-el-ife-3-los-titulares-con-dni-terminados-en-3\/#breadcrumb\",\"itemListElement\":[{\"@type\":\"ListItem\",\"position\":1,\"name\":\"Portada\",\"item\":\"https:\/\/infoecos.com.ar\/\"},{\"@type\":\"ListItem\",\"position\":2,\"name\":\"ANSES: hoy cobran el IFE 3 los titulares con DNI terminados en 3\"}]},{\"@type\":\"WebSite\",\"@id\":\"https:\/\/infoecos.com.ar\/#website\",\"url\":\"https:\/\/infoecos.com.ar\/\",\"name\":\"Infoecos\",\"description\":\"Noticias de trenque lauquen y la zona\",\"publisher\":{\"@id\":\"https:\/\/infoecos.com.ar\/#organization\"},\"alternateName\":\"Noticias\",\"potentialAction\":[{\"@type\":\"SearchAction\",\"target\":{\"@type\":\"EntryPoint\",\"urlTemplate\":\"https:\/\/infoecos.com.ar\/?s={search_term_string}\"},\"query-input\":{\"@type\":\"PropertyValueSpecification\",\"valueRequired\":true,\"valueName\":\"search_term_string\"}}],\"inLanguage\":\"es\"},{\"@type\":\"Organization\",\"@id\":\"https:\/\/infoecos.com.ar\/#organization\",\"name\":\"Infoecos\",\"alternateName\":\"Noticias\",\"url\":\"https:\/\/infoecos.com.ar\/\",\"logo\":{\"@type\":\"ImageObject\",\"inLanguage\":\"es\",\"@id\":\"https:\/\/infoecos.com.ar\/#\/schema\/logo\/image\/\",\"url\":\"https:\/\/infoecos.com.ar\/wp-content\/uploads\/2024\/03\/cropped-logo.png\",\"contentUrl\":\"https:\/\/infoecos.com.ar\/wp-content\/uploads\/2024\/03\/cropped-logo.png\",\"width\":374,\"height\":90,\"caption\":\"Infoecos\"},\"image\":{\"@id\":\"https:\/\/infoecos.com.ar\/#\/schema\/logo\/image\/\"},\"sameAs\":[\"https:\/\/www.facebook.com\/profile.php?id=100063200290284\",\"https:\/\/x.com\/infoecos\"]},{\"@type\":\"Person\",\"@id\":\"https:\/\/infoecos.com.ar\/#\/schema\/person\/8f5ace5ce73b4b4aac4b7245aee6f191\",\"name\":\"Jorge Matheus\",\"url\":\"https:\/\/infoecos.com.ar\/index.php\/author\/jomatheus\/\"}]}<\/script>\n<!-- \/ Yoast SEO plugin. -->","yoast_head_json":{"title":"ANSES: hoy cobran el IFE 3 los titulares con DNI terminados en 3 - Infoecos","robots":{"index":"index","follow":"follow","max-snippet":"max-snippet:-1","max-image-preview":"max-image-preview:large","max-video-preview":"max-video-preview:-1"},"canonical":"https:\/\/infoecos.com.ar\/index.php\/anses-hoy-cobran-el-ife-3-los-titulares-con-dni-terminados-en-3\/","og_locale":"es_ES","og_type":"article","og_title":"ANSES: hoy cobran el IFE 3 los titulares con DNI terminados en 3 - Infoecos","og_description":"Hoy cobran el IFE 3 mediante Clave Bancaria Uniforme (CBU)\u00a0los titulares\u00a0cuyos documentos terminen en\u00a03. De...","og_url":"https:\/\/infoecos.com.ar\/index.php\/anses-hoy-cobran-el-ife-3-los-titulares-con-dni-terminados-en-3\/","og_site_name":"Infoecos","article_publisher":"https:\/\/www.facebook.com\/profile.php?id=100063200290284","article_published_time":"2020-09-03T04:53:48+00:00","article_modified_time":"2020-09-03T04:54:54+00:00","og_image":[{"width":1024,"height":679,"url":"https:\/\/infoecos.com.ar\/wp-content\/uploads\/lvp.anses_.jpg","type":"image\/jpeg"}],"author":"Jorge Matheus","twitter_card":"summary_large_image","twitter_creator":"@infoecos","twitter_site":"@infoecos","twitter_misc":{"Escrito por":"Jorge Matheus","Tiempo de lectura":"1 minuto"},"schema":{"@context":"https:\/\/schema.org","@graph":[{"@type":"Article","@id":"https:\/\/infoecos.com.ar\/index.php\/anses-hoy-cobran-el-ife-3-los-titulares-con-dni-terminados-en-3\/#article","isPartOf":{"@id":"https:\/\/infoecos.com.ar\/index.php\/anses-hoy-cobran-el-ife-3-los-titulares-con-dni-terminados-en-3\/"},"author":{"name":"Jorge Matheus","@id":"https:\/\/infoecos.com.ar\/#\/schema\/person\/8f5ace5ce73b4b4aac4b7245aee6f191"},"headline":"ANSES: hoy cobran el IFE 3 los titulares con DNI terminados en 3","datePublished":"2020-09-03T04:53:48+00:00","dateModified":"2020-09-03T04:54:54+00:00","mainEntityOfPage":{"@id":"https:\/\/infoecos.com.ar\/index.php\/anses-hoy-cobran-el-ife-3-los-titulares-con-dni-terminados-en-3\/"},"wordCount":217,"publisher":{"@id":"https:\/\/infoecos.com.ar\/#organization"},"image":{"@id":"https:\/\/infoecos.com.ar\/index.php\/anses-hoy-cobran-el-ife-3-los-titulares-con-dni-terminados-en-3\/#primaryimage"},"thumbnailUrl":"https:\/\/infoecos.com.ar\/wp-content\/uploads\/lvp.anses_.jpg","articleSection":["C2 N7"],"inLanguage":"es"},{"@type":"WebPage","@id":"https:\/\/infoecos.com.ar\/index.php\/anses-hoy-cobran-el-ife-3-los-titulares-con-dni-terminados-en-3\/","url":"https:\/\/infoecos.com.ar\/index.php\/anses-hoy-cobran-el-ife-3-los-titulares-con-dni-terminados-en-3\/","name":"ANSES: hoy cobran el IFE 3 los titulares con DNI terminados en 3 - Infoecos","isPartOf":{"@id":"https:\/\/infoecos.com.ar\/#website"},"primaryImageOfPage":{"@id":"https:\/\/infoecos.com.ar\/index.php\/anses-hoy-cobran-el-ife-3-los-titulares-con-dni-terminados-en-3\/#primaryimage"},"image":{"@id":"https:\/\/infoecos.com.ar\/index.php\/anses-hoy-cobran-el-ife-3-los-titulares-con-dni-terminados-en-3\/#primaryimage"},"thumbnailUrl":"https:\/\/infoecos.com.ar\/wp-content\/uploads\/lvp.anses_.jpg","datePublished":"2020-09-03T04:53:48+00:00","dateModified":"2020-09-03T04:54:54+00:00","breadcrumb":{"@id":"https:\/\/infoecos.com.ar\/index.php\/anses-hoy-cobran-el-ife-3-los-titulares-con-dni-terminados-en-3\/#breadcrumb"},"inLanguage":"es","potentialAction":[{"@type":"ReadAction","target":["https:\/\/infoecos.com.ar\/index.php\/anses-hoy-cobran-el-ife-3-los-titulares-con-dni-terminados-en-3\/"]}]},{"@type":"ImageObject","inLanguage":"es","@id":"https:\/\/infoecos.com.ar\/index.php\/anses-hoy-cobran-el-ife-3-los-titulares-con-dni-terminados-en-3\/#primaryimage","url":"https:\/\/infoecos.com.ar\/wp-content\/uploads\/lvp.anses_.jpg","contentUrl":"https:\/\/infoecos.com.ar\/wp-content\/uploads\/lvp.anses_.jpg","width":1024,"height":679},{"@type":"BreadcrumbList","@id":"https:\/\/infoecos.com.ar\/index.php\/anses-hoy-cobran-el-ife-3-los-titulares-con-dni-terminados-en-3\/#breadcrumb","itemListElement":[{"@type":"ListItem","position":1,"name":"Portada","item":"https:\/\/infoecos.com.ar\/"},{"@type":"ListItem","position":2,"name":"ANSES: hoy cobran el IFE 3 los titulares con DNI terminados en 3"}]},{"@type":"WebSite","@id":"https:\/\/infoecos.com.ar\/#website","url":"https:\/\/infoecos.com.ar\/","name":"Infoecos","description":"Noticias de trenque lauquen y la zona","publisher":{"@id":"https:\/\/infoecos.com.ar\/#organization"},"alternateName":"Noticias","potentialAction":[{"@type":"SearchAction","target":{"@type":"EntryPoint","urlTemplate":"https:\/\/infoecos.com.ar\/?s={search_term_string}"},"query-input":{"@type":"PropertyValueSpecification","valueRequired":true,"valueName":"search_term_string"}}],"inLanguage":"es"},{"@type":"Organization","@id":"https:\/\/infoecos.com.ar\/#organization","name":"Infoecos","alternateName":"Noticias","url":"https:\/\/infoecos.com.ar\/","logo":{"@type":"ImageObject","inLanguage":"es","@id":"https:\/\/infoecos.com.ar\/#\/schema\/logo\/image\/","url":"https:\/\/infoecos.com.ar\/wp-content\/uploads\/2024\/03\/cropped-logo.png","contentUrl":"https:\/\/infoecos.com.ar\/wp-content\/uploads\/2024\/03\/cropped-logo.png","width":374,"height":90,"caption":"Infoecos"},"image":{"@id":"https:\/\/infoecos.com.ar\/#\/schema\/logo\/image\/"},"sameAs":["https:\/\/www.facebook.com\/profile.php?id=100063200290284","https:\/\/x.com\/infoecos"]},{"@type":"Person","@id":"https:\/\/infoecos.com.ar\/#\/schema\/person\/8f5ace5ce73b4b4aac4b7245aee6f191","name":"Jorge Matheus","url":"https:\/\/infoecos.com.ar\/index.php\/author\/jomatheus\/"}]}},"featured_image_urls":{"full":["https:\/\/infoecos.com.ar\/wp-content\/uploads\/lvp.anses_.jpg",1024,679,false],"thumbnail":["https:\/\/infoecos.com.ar\/wp-content\/uploads\/lvp.anses_-150x150.jpg",150,150,true],"medium":["https:\/\/infoecos.com.ar\/wp-content\/uploads\/lvp.anses_-460x305.jpg",460,305,true],"medium_large":["https:\/\/infoecos.com.ar\/wp-content\/uploads\/lvp.anses_-768x509.jpg",640,424,true],"large":["https:\/\/infoecos.com.ar\/wp-content\/uploads\/lvp.anses_-920x610.jpg",640,424,true],"1536x1536":["https:\/\/infoecos.com.ar\/wp-content\/uploads\/lvp.anses_.jpg",1024,679,false],"2048x2048":["https:\/\/infoecos.com.ar\/wp-content\/uploads\/lvp.anses_.jpg",1024,679,false],"covernews-slider-full":["https:\/\/infoecos.com.ar\/wp-content\/uploads\/lvp.anses_.jpg",1024,679,false],"covernews-slider-center":["https:\/\/infoecos.com.ar\/wp-content\/uploads\/lvp.anses_-936x679.jpg",689,500,true],"covernews-featured":["https:\/\/infoecos.com.ar\/wp-content\/uploads\/lvp.anses_.jpg",1024,679,false],"covernews-medium":["https:\/\/infoecos.com.ar\/wp-content\/uploads\/lvp.anses_-720x380.jpg",540,285,true],"covernews-medium-square":["https:\/\/infoecos.com.ar\/wp-content\/uploads\/lvp.anses_-675x450.jpg",375,250,true]},"author_info":{"info":["Jorge Matheus"]},"category_info":"<a href=\"https:\/\/infoecos.com.ar\/index.php\/category\/c2nota7\/\" rel=\"category tag\">C2 N7<\/a>","tag_info":"C2 N7","comment_count":"0","_links":{"self":[{"href":"https:\/\/infoecos.com.ar\/index.php\/wp-json\/wp\/v2\/posts\/66963"}],"collection":[{"href":"https:\/\/infoecos.com.ar\/index.php\/wp-json\/wp\/v2\/posts"}],"about":[{"href":"https:\/\/infoecos.com.ar\/index.php\/wp-json\/wp\/v2\/types\/post"}],"author":[{"embeddable":true,"href":"https:\/\/infoecos.com.ar\/index.php\/wp-json\/wp\/v2\/users\/2"}],"replies":[{"embeddable":true,"href":"https:\/\/infoecos.com.ar\/index.php\/wp-json\/wp\/v2\/comments?post=66963"}],"version-history":[{"count":2,"href":"https:\/\/infoecos.com.ar\/index.php\/wp-json\/wp\/v2\/posts\/66963\/revisions"}],"predecessor-version":[{"id":66965,"href":"https:\/\/infoecos.com.ar\/index.php\/wp-json\/wp\/v2\/posts\/66963\/revisions\/66965"}],"wp:featuredmedia":[{"embeddable":true,"href":"https:\/\/infoecos.com.ar\/index.php\/wp-json\/wp\/v2\/media\/64649"}],"wp:attachment":[{"href":"https:\/\/infoecos.com.ar\/index.php\/wp-json\/wp\/v2\/media?parent=66963"}],"wp:term":[{"taxonomy":"category","embeddable":true,"href":"https:\/\/infoecos.com.ar\/index.php\/wp-json\/wp\/v2\/categories?post=66963"},{"taxonomy":"post_tag","embeddable":true,"href":"https:\/\/infoecos.com.ar\/index.php\/wp-json\/wp\/v2\/tags?post=66963"}],"curies":[{"name":"wp","href":"https:\/\/api.w.org\/{rel}","templated":true}]}}