{"id":67372,"date":"2020-09-10T00:52:32","date_gmt":"2020-09-10T03:52:32","guid":{"rendered":"http:\/\/infoecos.com.ar\/?p=67372"},"modified":"2020-09-12T02:35:03","modified_gmt":"2020-09-12T05:35:03","slug":"5-anos-del-fallecimiento-de-elsa-victoria-bossie-mensaje-de-su-familia","status":"publish","type":"post","link":"https:\/\/infoecos.com.ar\/index.php\/5-anos-del-fallecimiento-de-elsa-victoria-bossie-mensaje-de-su-familia\/","title":{"rendered":"5 a\u00f1os del fallecimiento de Elsa Victoria Bossi\u00e9: mensaje de su familia"},"content":{"rendered":"\n<p><strong>10 de Septiembre<\/strong><\/p>\n\n\n\n<p><strong>Elsa Victoria Bossi\u00e9 1931-2015<\/strong><\/p>\n\n\n\n<div class=\"wp-block-image\"><figure class=\"aligncenter size-medium\"><img loading=\"lazy\" decoding=\"async\" width=\"397\" height=\"460\" src=\"http:\/\/infoecos.com.ar\/wp-content\/uploads\/2020\/09\/065ed548-1a26-47e8-880c-cd6a13c22d81-397x460.jpg\" alt=\"\" class=\"wp-image-67373\" srcset=\"https:\/\/infoecos.com.ar\/wp-content\/uploads\/2020\/09\/065ed548-1a26-47e8-880c-cd6a13c22d81-397x460.jpg 397w, https:\/\/infoecos.com.ar\/wp-content\/uploads\/2020\/09\/065ed548-1a26-47e8-880c-cd6a13c22d81.jpg 539w\" sizes=\"(max-width: 397px) 100vw, 397px\" \/><figcaption>Elsa Victoria Bossi\u00e9<\/figcaption><\/figure><\/div>\n\n\n\n<p>Al cumplirse hoy 5 a\u00f1os de su partida, sus hijos Marta, Luis, Caly y Marcela junto a su esposo Ram\u00f3n Cohen Souza, queremos hacer llegar un inmenso agradecimiento al Colectivo de Participaci\u00f3n Ciudadana por la iniciativa de poner a calles y pasajes de la ciudad nombre de mujeres que dejaron huella y contribuyeron con su aporte a la comunidad; convocando a la ciudadan\u00eda para llevar adelante la selecci\u00f3n, propuesta que fue aprobada por el Honorable Concejo Deliberante el pasado viernes 28 de Agosto.<\/p>\n\n\n\n<p>Donde quiera que est\u00e9, estar\u00e1 agradecida y feliz del regalo p\u00f3stumo y de honrar su memoria con su nombre.<\/p>\n","protected":false},"excerpt":{"rendered":"<p>10 de Septiembre Elsa Victoria Bossi\u00e9 1931-2015 Al cumplirse hoy 5 a\u00f1os de su partida,&#8230;<\/p>\n","protected":false},"author":2,"featured_media":67373,"comment_status":"closed","ping_status":"open","sticky":false,"template":"","format":"standard","meta":{"footnotes":""},"categories":[43],"tags":[1874],"class_list":["post-67372","post","type-post","status-publish","format-standard","has-post-thumbnail","hentry","category-inferior4","tag-reconocimiento-publico"],"yoast_head":"<!-- This site is optimized with the Yoast SEO plugin v23.4 - https:\/\/yoast.com\/wordpress\/plugins\/seo\/ -->\n<title>5 a\u00f1os del fallecimiento de Elsa Victoria Bossi\u00e9: mensaje de su familia - Infoecos<\/title>\n<meta name=\"robots\" content=\"index, follow, max-snippet:-1, max-image-preview:large, max-video-preview:-1\" \/>\n<link rel=\"canonical\" href=\"https:\/\/infoecos.com.ar\/index.php\/5-anos-del-fallecimiento-de-elsa-victoria-bossie-mensaje-de-su-familia\/\" \/>\n<meta property=\"og:locale\" content=\"es_ES\" \/>\n<meta property=\"og:type\" content=\"article\" \/>\n<meta property=\"og:title\" content=\"5 a\u00f1os del fallecimiento de Elsa Victoria Bossi\u00e9: mensaje de su familia - Infoecos\" \/>\n<meta property=\"og:description\" content=\"10 de Septiembre Elsa Victoria Bossi\u00e9 1931-2015 Al cumplirse hoy 5 a\u00f1os de su partida,...\" \/>\n<meta property=\"og:url\" content=\"https:\/\/infoecos.com.ar\/index.php\/5-anos-del-fallecimiento-de-elsa-victoria-bossie-mensaje-de-su-familia\/\" \/>\n<meta property=\"og:site_name\" content=\"Infoecos\" \/>\n<meta property=\"article:publisher\" content=\"https:\/\/www.facebook.com\/profile.php?id=100063200290284\" \/>\n<meta property=\"article:published_time\" content=\"2020-09-10T03:52:32+00:00\" \/>\n<meta property=\"article:modified_time\" content=\"2020-09-12T05:35:03+00:00\" \/>\n<meta property=\"og:image\" content=\"https:\/\/infoecos.com.ar\/wp-content\/uploads\/2020\/09\/065ed548-1a26-47e8-880c-cd6a13c22d81.jpg\" \/>\n\t<meta property=\"og:image:width\" content=\"539\" \/>\n\t<meta property=\"og:image:height\" content=\"625\" \/>\n\t<meta property=\"og:image:type\" content=\"image\/jpeg\" \/>\n<meta name=\"author\" content=\"Jorge Matheus\" \/>\n<meta name=\"twitter:card\" content=\"summary_large_image\" \/>\n<meta name=\"twitter:creator\" content=\"@infoecos\" \/>\n<meta name=\"twitter:site\" content=\"@infoecos\" \/>\n<meta name=\"twitter:label1\" content=\"Escrito por\" \/>\n\t<meta name=\"twitter:data1\" content=\"Jorge Matheus\" \/>\n\t<meta name=\"twitter:label2\" content=\"Tiempo de lectura\" \/>\n\t<meta name=\"twitter:data2\" content=\"1 minuto\" \/>\n<script type=\"application\/ld+json\" class=\"yoast-schema-graph\">{\"@context\":\"https:\/\/schema.org\",\"@graph\":[{\"@type\":\"Article\",\"@id\":\"https:\/\/infoecos.com.ar\/index.php\/5-anos-del-fallecimiento-de-elsa-victoria-bossie-mensaje-de-su-familia\/#article\",\"isPartOf\":{\"@id\":\"https:\/\/infoecos.com.ar\/index.php\/5-anos-del-fallecimiento-de-elsa-victoria-bossie-mensaje-de-su-familia\/\"},\"author\":{\"name\":\"Jorge Matheus\",\"@id\":\"https:\/\/infoecos.com.ar\/#\/schema\/person\/8f5ace5ce73b4b4aac4b7245aee6f191\"},\"headline\":\"5 a\u00f1os del fallecimiento de Elsa Victoria Bossi\u00e9: mensaje de su familia\",\"datePublished\":\"2020-09-10T03:52:32+00:00\",\"dateModified\":\"2020-09-12T05:35:03+00:00\",\"mainEntityOfPage\":{\"@id\":\"https:\/\/infoecos.com.ar\/index.php\/5-anos-del-fallecimiento-de-elsa-victoria-bossie-mensaje-de-su-familia\/\"},\"wordCount\":127,\"publisher\":{\"@id\":\"https:\/\/infoecos.com.ar\/#organization\"},\"image\":{\"@id\":\"https:\/\/infoecos.com.ar\/index.php\/5-anos-del-fallecimiento-de-elsa-victoria-bossie-mensaje-de-su-familia\/#primaryimage\"},\"thumbnailUrl\":\"https:\/\/infoecos.com.ar\/wp-content\/uploads\/2020\/09\/065ed548-1a26-47e8-880c-cd6a13c22d81.jpg\",\"keywords\":[\"RECONOCIMIENTO P\u00daBLICO\"],\"articleSection\":[\"Bloque inferior - 4\"],\"inLanguage\":\"es\"},{\"@type\":\"WebPage\",\"@id\":\"https:\/\/infoecos.com.ar\/index.php\/5-anos-del-fallecimiento-de-elsa-victoria-bossie-mensaje-de-su-familia\/\",\"url\":\"https:\/\/infoecos.com.ar\/index.php\/5-anos-del-fallecimiento-de-elsa-victoria-bossie-mensaje-de-su-familia\/\",\"name\":\"5 a\u00f1os del fallecimiento de Elsa Victoria Bossi\u00e9: mensaje de su familia - Infoecos\",\"isPartOf\":{\"@id\":\"https:\/\/infoecos.com.ar\/#website\"},\"primaryImageOfPage\":{\"@id\":\"https:\/\/infoecos.com.ar\/index.php\/5-anos-del-fallecimiento-de-elsa-victoria-bossie-mensaje-de-su-familia\/#primaryimage\"},\"image\":{\"@id\":\"https:\/\/infoecos.com.ar\/index.php\/5-anos-del-fallecimiento-de-elsa-victoria-bossie-mensaje-de-su-familia\/#primaryimage\"},\"thumbnailUrl\":\"https:\/\/infoecos.com.ar\/wp-content\/uploads\/2020\/09\/065ed548-1a26-47e8-880c-cd6a13c22d81.jpg\",\"datePublished\":\"2020-09-10T03:52:32+00:00\",\"dateModified\":\"2020-09-12T05:35:03+00:00\",\"breadcrumb\":{\"@id\":\"https:\/\/infoecos.com.ar\/index.php\/5-anos-del-fallecimiento-de-elsa-victoria-bossie-mensaje-de-su-familia\/#breadcrumb\"},\"inLanguage\":\"es\",\"potentialAction\":[{\"@type\":\"ReadAction\",\"target\":[\"https:\/\/infoecos.com.ar\/index.php\/5-anos-del-fallecimiento-de-elsa-victoria-bossie-mensaje-de-su-familia\/\"]}]},{\"@type\":\"ImageObject\",\"inLanguage\":\"es\",\"@id\":\"https:\/\/infoecos.com.ar\/index.php\/5-anos-del-fallecimiento-de-elsa-victoria-bossie-mensaje-de-su-familia\/#primaryimage\",\"url\":\"https:\/\/infoecos.com.ar\/wp-content\/uploads\/2020\/09\/065ed548-1a26-47e8-880c-cd6a13c22d81.jpg\",\"contentUrl\":\"https:\/\/infoecos.com.ar\/wp-content\/uploads\/2020\/09\/065ed548-1a26-47e8-880c-cd6a13c22d81.jpg\",\"width\":539,\"height\":625},{\"@type\":\"BreadcrumbList\",\"@id\":\"https:\/\/infoecos.com.ar\/index.php\/5-anos-del-fallecimiento-de-elsa-victoria-bossie-mensaje-de-su-familia\/#breadcrumb\",\"itemListElement\":[{\"@type\":\"ListItem\",\"position\":1,\"name\":\"Portada\",\"item\":\"https:\/\/infoecos.com.ar\/\"},{\"@type\":\"ListItem\",\"position\":2,\"name\":\"5 a\u00f1os del fallecimiento de Elsa Victoria Bossi\u00e9: mensaje de su familia\"}]},{\"@type\":\"WebSite\",\"@id\":\"https:\/\/infoecos.com.ar\/#website\",\"url\":\"https:\/\/infoecos.com.ar\/\",\"name\":\"Infoecos\",\"description\":\"Noticias de trenque lauquen y la zona\",\"publisher\":{\"@id\":\"https:\/\/infoecos.com.ar\/#organization\"},\"alternateName\":\"Noticias\",\"potentialAction\":[{\"@type\":\"SearchAction\",\"target\":{\"@type\":\"EntryPoint\",\"urlTemplate\":\"https:\/\/infoecos.com.ar\/?s={search_term_string}\"},\"query-input\":{\"@type\":\"PropertyValueSpecification\",\"valueRequired\":true,\"valueName\":\"search_term_string\"}}],\"inLanguage\":\"es\"},{\"@type\":\"Organization\",\"@id\":\"https:\/\/infoecos.com.ar\/#organization\",\"name\":\"Infoecos\",\"alternateName\":\"Noticias\",\"url\":\"https:\/\/infoecos.com.ar\/\",\"logo\":{\"@type\":\"ImageObject\",\"inLanguage\":\"es\",\"@id\":\"https:\/\/infoecos.com.ar\/#\/schema\/logo\/image\/\",\"url\":\"https:\/\/infoecos.com.ar\/wp-content\/uploads\/2024\/03\/cropped-logo.png\",\"contentUrl\":\"https:\/\/infoecos.com.ar\/wp-content\/uploads\/2024\/03\/cropped-logo.png\",\"width\":374,\"height\":90,\"caption\":\"Infoecos\"},\"image\":{\"@id\":\"https:\/\/infoecos.com.ar\/#\/schema\/logo\/image\/\"},\"sameAs\":[\"https:\/\/www.facebook.com\/profile.php?id=100063200290284\",\"https:\/\/x.com\/infoecos\"]},{\"@type\":\"Person\",\"@id\":\"https:\/\/infoecos.com.ar\/#\/schema\/person\/8f5ace5ce73b4b4aac4b7245aee6f191\",\"name\":\"Jorge Matheus\",\"url\":\"https:\/\/infoecos.com.ar\/index.php\/author\/jomatheus\/\"}]}<\/script>\n<!-- \/ Yoast SEO plugin. -->","yoast_head_json":{"title":"5 a\u00f1os del fallecimiento de Elsa Victoria Bossi\u00e9: mensaje de su familia - Infoecos","robots":{"index":"index","follow":"follow","max-snippet":"max-snippet:-1","max-image-preview":"max-image-preview:large","max-video-preview":"max-video-preview:-1"},"canonical":"https:\/\/infoecos.com.ar\/index.php\/5-anos-del-fallecimiento-de-elsa-victoria-bossie-mensaje-de-su-familia\/","og_locale":"es_ES","og_type":"article","og_title":"5 a\u00f1os del fallecimiento de Elsa Victoria Bossi\u00e9: mensaje de su familia - Infoecos","og_description":"10 de Septiembre Elsa Victoria Bossi\u00e9 1931-2015 Al cumplirse hoy 5 a\u00f1os de su partida,...","og_url":"https:\/\/infoecos.com.ar\/index.php\/5-anos-del-fallecimiento-de-elsa-victoria-bossie-mensaje-de-su-familia\/","og_site_name":"Infoecos","article_publisher":"https:\/\/www.facebook.com\/profile.php?id=100063200290284","article_published_time":"2020-09-10T03:52:32+00:00","article_modified_time":"2020-09-12T05:35:03+00:00","og_image":[{"width":539,"height":625,"url":"https:\/\/infoecos.com.ar\/wp-content\/uploads\/2020\/09\/065ed548-1a26-47e8-880c-cd6a13c22d81.jpg","type":"image\/jpeg"}],"author":"Jorge Matheus","twitter_card":"summary_large_image","twitter_creator":"@infoecos","twitter_site":"@infoecos","twitter_misc":{"Escrito por":"Jorge Matheus","Tiempo de lectura":"1 minuto"},"schema":{"@context":"https:\/\/schema.org","@graph":[{"@type":"Article","@id":"https:\/\/infoecos.com.ar\/index.php\/5-anos-del-fallecimiento-de-elsa-victoria-bossie-mensaje-de-su-familia\/#article","isPartOf":{"@id":"https:\/\/infoecos.com.ar\/index.php\/5-anos-del-fallecimiento-de-elsa-victoria-bossie-mensaje-de-su-familia\/"},"author":{"name":"Jorge Matheus","@id":"https:\/\/infoecos.com.ar\/#\/schema\/person\/8f5ace5ce73b4b4aac4b7245aee6f191"},"headline":"5 a\u00f1os del fallecimiento de Elsa Victoria Bossi\u00e9: mensaje de su familia","datePublished":"2020-09-10T03:52:32+00:00","dateModified":"2020-09-12T05:35:03+00:00","mainEntityOfPage":{"@id":"https:\/\/infoecos.com.ar\/index.php\/5-anos-del-fallecimiento-de-elsa-victoria-bossie-mensaje-de-su-familia\/"},"wordCount":127,"publisher":{"@id":"https:\/\/infoecos.com.ar\/#organization"},"image":{"@id":"https:\/\/infoecos.com.ar\/index.php\/5-anos-del-fallecimiento-de-elsa-victoria-bossie-mensaje-de-su-familia\/#primaryimage"},"thumbnailUrl":"https:\/\/infoecos.com.ar\/wp-content\/uploads\/2020\/09\/065ed548-1a26-47e8-880c-cd6a13c22d81.jpg","keywords":["RECONOCIMIENTO P\u00daBLICO"],"articleSection":["Bloque inferior - 4"],"inLanguage":"es"},{"@type":"WebPage","@id":"https:\/\/infoecos.com.ar\/index.php\/5-anos-del-fallecimiento-de-elsa-victoria-bossie-mensaje-de-su-familia\/","url":"https:\/\/infoecos.com.ar\/index.php\/5-anos-del-fallecimiento-de-elsa-victoria-bossie-mensaje-de-su-familia\/","name":"5 a\u00f1os del fallecimiento de Elsa Victoria Bossi\u00e9: mensaje de su familia - Infoecos","isPartOf":{"@id":"https:\/\/infoecos.com.ar\/#website"},"primaryImageOfPage":{"@id":"https:\/\/infoecos.com.ar\/index.php\/5-anos-del-fallecimiento-de-elsa-victoria-bossie-mensaje-de-su-familia\/#primaryimage"},"image":{"@id":"https:\/\/infoecos.com.ar\/index.php\/5-anos-del-fallecimiento-de-elsa-victoria-bossie-mensaje-de-su-familia\/#primaryimage"},"thumbnailUrl":"https:\/\/infoecos.com.ar\/wp-content\/uploads\/2020\/09\/065ed548-1a26-47e8-880c-cd6a13c22d81.jpg","datePublished":"2020-09-10T03:52:32+00:00","dateModified":"2020-09-12T05:35:03+00:00","breadcrumb":{"@id":"https:\/\/infoecos.com.ar\/index.php\/5-anos-del-fallecimiento-de-elsa-victoria-bossie-mensaje-de-su-familia\/#breadcrumb"},"inLanguage":"es","potentialAction":[{"@type":"ReadAction","target":["https:\/\/infoecos.com.ar\/index.php\/5-anos-del-fallecimiento-de-elsa-victoria-bossie-mensaje-de-su-familia\/"]}]},{"@type":"ImageObject","inLanguage":"es","@id":"https:\/\/infoecos.com.ar\/index.php\/5-anos-del-fallecimiento-de-elsa-victoria-bossie-mensaje-de-su-familia\/#primaryimage","url":"https:\/\/infoecos.com.ar\/wp-content\/uploads\/2020\/09\/065ed548-1a26-47e8-880c-cd6a13c22d81.jpg","contentUrl":"https:\/\/infoecos.com.ar\/wp-content\/uploads\/2020\/09\/065ed548-1a26-47e8-880c-cd6a13c22d81.jpg","width":539,"height":625},{"@type":"BreadcrumbList","@id":"https:\/\/infoecos.com.ar\/index.php\/5-anos-del-fallecimiento-de-elsa-victoria-bossie-mensaje-de-su-familia\/#breadcrumb","itemListElement":[{"@type":"ListItem","position":1,"name":"Portada","item":"https:\/\/infoecos.com.ar\/"},{"@type":"ListItem","position":2,"name":"5 a\u00f1os del fallecimiento de Elsa Victoria Bossi\u00e9: mensaje de su familia"}]},{"@type":"WebSite","@id":"https:\/\/infoecos.com.ar\/#website","url":"https:\/\/infoecos.com.ar\/","name":"Infoecos","description":"Noticias de trenque lauquen y la zona","publisher":{"@id":"https:\/\/infoecos.com.ar\/#organization"},"alternateName":"Noticias","potentialAction":[{"@type":"SearchAction","target":{"@type":"EntryPoint","urlTemplate":"https:\/\/infoecos.com.ar\/?s={search_term_string}"},"query-input":{"@type":"PropertyValueSpecification","valueRequired":true,"valueName":"search_term_string"}}],"inLanguage":"es"},{"@type":"Organization","@id":"https:\/\/infoecos.com.ar\/#organization","name":"Infoecos","alternateName":"Noticias","url":"https:\/\/infoecos.com.ar\/","logo":{"@type":"ImageObject","inLanguage":"es","@id":"https:\/\/infoecos.com.ar\/#\/schema\/logo\/image\/","url":"https:\/\/infoecos.com.ar\/wp-content\/uploads\/2024\/03\/cropped-logo.png","contentUrl":"https:\/\/infoecos.com.ar\/wp-content\/uploads\/2024\/03\/cropped-logo.png","width":374,"height":90,"caption":"Infoecos"},"image":{"@id":"https:\/\/infoecos.com.ar\/#\/schema\/logo\/image\/"},"sameAs":["https:\/\/www.facebook.com\/profile.php?id=100063200290284","https:\/\/x.com\/infoecos"]},{"@type":"Person","@id":"https:\/\/infoecos.com.ar\/#\/schema\/person\/8f5ace5ce73b4b4aac4b7245aee6f191","name":"Jorge Matheus","url":"https:\/\/infoecos.com.ar\/index.php\/author\/jomatheus\/"}]}},"featured_image_urls":{"full":["https:\/\/infoecos.com.ar\/wp-content\/uploads\/2020\/09\/065ed548-1a26-47e8-880c-cd6a13c22d81.jpg",539,625,false],"thumbnail":["https:\/\/infoecos.com.ar\/wp-content\/uploads\/2020\/09\/065ed548-1a26-47e8-880c-cd6a13c22d81-150x150.jpg",150,150,true],"medium":["https:\/\/infoecos.com.ar\/wp-content\/uploads\/2020\/09\/065ed548-1a26-47e8-880c-cd6a13c22d81-397x460.jpg",397,460,true],"medium_large":["https:\/\/infoecos.com.ar\/wp-content\/uploads\/2020\/09\/065ed548-1a26-47e8-880c-cd6a13c22d81.jpg",539,625,false],"large":["https:\/\/infoecos.com.ar\/wp-content\/uploads\/2020\/09\/065ed548-1a26-47e8-880c-cd6a13c22d81.jpg",539,625,false],"1536x1536":["https:\/\/infoecos.com.ar\/wp-content\/uploads\/2020\/09\/065ed548-1a26-47e8-880c-cd6a13c22d81.jpg",539,625,false],"2048x2048":["https:\/\/infoecos.com.ar\/wp-content\/uploads\/2020\/09\/065ed548-1a26-47e8-880c-cd6a13c22d81.jpg",539,625,false],"covernews-slider-full":["https:\/\/infoecos.com.ar\/wp-content\/uploads\/2020\/09\/065ed548-1a26-47e8-880c-cd6a13c22d81.jpg",539,625,false],"covernews-slider-center":["https:\/\/infoecos.com.ar\/wp-content\/uploads\/2020\/09\/065ed548-1a26-47e8-880c-cd6a13c22d81.jpg",431,500,false],"covernews-featured":["https:\/\/infoecos.com.ar\/wp-content\/uploads\/2020\/09\/065ed548-1a26-47e8-880c-cd6a13c22d81.jpg",539,625,false],"covernews-medium":["https:\/\/infoecos.com.ar\/wp-content\/uploads\/2020\/09\/065ed548-1a26-47e8-880c-cd6a13c22d81-539x380.jpg",482,340,true],"covernews-medium-square":["https:\/\/infoecos.com.ar\/wp-content\/uploads\/2020\/09\/065ed548-1a26-47e8-880c-cd6a13c22d81-539x450.jpg",299,250,true]},"author_info":{"info":["Jorge Matheus"]},"category_info":"<a href=\"https:\/\/infoecos.com.ar\/index.php\/category\/inferior4\/\" rel=\"category tag\">Bloque inferior - 4<\/a>","tag_info":"Bloque inferior - 4","comment_count":"0","_links":{"self":[{"href":"https:\/\/infoecos.com.ar\/index.php\/wp-json\/wp\/v2\/posts\/67372"}],"collection":[{"href":"https:\/\/infoecos.com.ar\/index.php\/wp-json\/wp\/v2\/posts"}],"about":[{"href":"https:\/\/infoecos.com.ar\/index.php\/wp-json\/wp\/v2\/types\/post"}],"author":[{"embeddable":true,"href":"https:\/\/infoecos.com.ar\/index.php\/wp-json\/wp\/v2\/users\/2"}],"replies":[{"embeddable":true,"href":"https:\/\/infoecos.com.ar\/index.php\/wp-json\/wp\/v2\/comments?post=67372"}],"version-history":[{"count":1,"href":"https:\/\/infoecos.com.ar\/index.php\/wp-json\/wp\/v2\/posts\/67372\/revisions"}],"predecessor-version":[{"id":67374,"href":"https:\/\/infoecos.com.ar\/index.php\/wp-json\/wp\/v2\/posts\/67372\/revisions\/67374"}],"wp:featuredmedia":[{"embeddable":true,"href":"https:\/\/infoecos.com.ar\/index.php\/wp-json\/wp\/v2\/media\/67373"}],"wp:attachment":[{"href":"https:\/\/infoecos.com.ar\/index.php\/wp-json\/wp\/v2\/media?parent=67372"}],"wp:term":[{"taxonomy":"category","embeddable":true,"href":"https:\/\/infoecos.com.ar\/index.php\/wp-json\/wp\/v2\/categories?post=67372"},{"taxonomy":"post_tag","embeddable":true,"href":"https:\/\/infoecos.com.ar\/index.php\/wp-json\/wp\/v2\/tags?post=67372"}],"curies":[{"name":"wp","href":"https:\/\/api.w.org\/{rel}","templated":true}]}}