{"id":67375,"date":"2020-09-10T00:58:51","date_gmt":"2020-09-10T03:58:51","guid":{"rendered":"http:\/\/infoecos.com.ar\/?p=67375"},"modified":"2020-09-12T02:36:58","modified_gmt":"2020-09-12T05:36:58","slug":"a-este-pais-lo-salvamos-entre-todos-o-no-lo-salva-nadie","status":"publish","type":"post","link":"https:\/\/infoecos.com.ar\/index.php\/a-este-pais-lo-salvamos-entre-todos-o-no-lo-salva-nadie\/","title":{"rendered":"\u00abA este pa\u00eds lo salvamos entre todos o no lo salva nadie\u00bb"},"content":{"rendered":"\n<div class=\"wp-block-image\"><figure class=\"aligncenter size-large\"><img loading=\"lazy\" decoding=\"async\" width=\"522\" height=\"395\" src=\"http:\/\/infoecos.com.ar\/wp-content\/uploads\/2020\/09\/unidad.jpg\" alt=\"\" class=\"wp-image-67376\" srcset=\"https:\/\/infoecos.com.ar\/wp-content\/uploads\/2020\/09\/unidad.jpg 522w, https:\/\/infoecos.com.ar\/wp-content\/uploads\/2020\/09\/unidad-460x348.jpg 460w\" sizes=\"(max-width: 522px) 100vw, 522px\" \/><\/figure><\/div>\n\n\n\n<p>Si algo no har\u00e9 es echar m\u00e1s &#8216;le\u00f1a al fuego&#8217;, pero estar\u00eda faltando el respeto si autotitul\u00e1ndome periodista dejo de se\u00f1alar que tengo la impresi\u00f3n que una buena parte de los que toman decisiones en Argentina, dentro del esquema institucional, sean de la fuerza pol\u00edtica \u00f3 instituci\u00f3n que sean, sufren de una enfermedad que suele ser incurable. Quiz\u00e1 tambi\u00e9n la padezco.<\/p>\n\n\n\n<p>Ezquizofrenia.<\/p>\n\n\n\n<p>La misma nos conduce por estos caminos zigzagueantes, mordiendo peri\u00f3dicamente la banquina.<\/p>\n\n\n\n<p>He escuchado y debatido largas horas. Mejor expresado, d\u00edas y a\u00f1os. La soluci\u00f3n a los problemas argentinos saldr\u00e1 de un gran Acuerdo Nacional. <\/p>\n\n\n\n<p>Muchos ejemplifican con el espa\u00f1ol Pacto de la Moncloa. No ha sido posible, porque es evidente que se padece de problemas neurol\u00f3gicos. Es grave que prevalezca el criterio de &#8216;rascarse para adentro&#8217;, porque falla la memoria.<\/p>\n\n\n\n<p>Creo haberlo escrito alguna vez en este muro.<\/p>\n\n\n\n<p>El tres veces presidente de la Naci\u00f3n, Juan Domingo Per\u00f3n dijo y qued\u00f3 para todos los tiempos, siendo tenida en cuenta la frase como uno de los diez apotegmas justicialistas:<\/p>\n\n\n\n<p>\u00abA este pa\u00eds, lo salvamos entre todos o no lo salva nadie\u00bb.<\/p>\n\n\n\n<p>Desde donde nos est\u00e9 mirando, debe sentir enorme frustraci\u00f3n. Su historia est\u00e1 plagada de vej\u00e1menes, que van desde la proscripci\u00f3n a querer transformarlo en un demonio.<\/p>\n\n\n\n<p>El ex presidente de la Naci\u00f3n, Ra\u00fal Alfons\u00edn, finalizaba sus discursos de campa\u00f1a con el pre\u00e1mbulo de la Constituci\u00f3n Nacional, se\u00f1alando adem\u00e1s:<\/p>\n\n\n\n<p>\u00abCon la Democracia se come, se educa y se trabaja\u00bb.<\/p>\n\n\n\n<p>Se lo llena de homenajes, pero le hicieron la vida de a cuadritos mientras gobern\u00f3.<\/p>\n\n\n\n<p>Estoy convencido que a este pa\u00eds no le sobran m\u00e1s posibilidades. Es ahora o nunca. Por lo tanto todos aquellos que nos sintamos en condiciones de someternos a un tratamiento, h\u00e1gamoslo.<\/p>\n\n\n\n<p>Para terminar otra frase remanida, pero que no pierde vigencia, del ilustre Jos\u00e9 Hern\u00e1ndez:<\/p>\n\n\n\n<p>\u00abNo es para mal de ninguno, sino para bien de todos\u00bb.<\/p>\n\n\n\n<p><strong>Nota: tomado del muro en Facebook de Jorge Matheus<\/strong><\/p>\n","protected":false},"excerpt":{"rendered":"<p>Si algo no har\u00e9 es echar m\u00e1s &#8216;le\u00f1a al fuego&#8217;, pero estar\u00eda faltando el respeto&#8230;<\/p>\n","protected":false},"author":2,"featured_media":67376,"comment_status":"closed","ping_status":"open","sticky":false,"template":"","format":"standard","meta":{"footnotes":""},"categories":[1332],"tags":[1875],"class_list":["post-67375","post","type-post","status-publish","format-standard","has-post-thumbnail","hentry","category-inferior12","tag-escribe-jorge-matheus"],"yoast_head":"<!-- This site is optimized with the Yoast SEO plugin v23.4 - https:\/\/yoast.com\/wordpress\/plugins\/seo\/ -->\n<title>&quot;A este pa\u00eds lo salvamos entre todos o no lo salva nadie&quot; - Infoecos<\/title>\n<meta name=\"robots\" content=\"index, follow, max-snippet:-1, max-image-preview:large, max-video-preview:-1\" \/>\n<link rel=\"canonical\" href=\"https:\/\/infoecos.com.ar\/index.php\/a-este-pais-lo-salvamos-entre-todos-o-no-lo-salva-nadie\/\" \/>\n<meta property=\"og:locale\" content=\"es_ES\" \/>\n<meta property=\"og:type\" content=\"article\" \/>\n<meta property=\"og:title\" content=\"&quot;A este pa\u00eds lo salvamos entre todos o no lo salva nadie&quot; - Infoecos\" \/>\n<meta property=\"og:description\" content=\"Si algo no har\u00e9 es echar m\u00e1s &#8216;le\u00f1a al fuego&#8217;, pero estar\u00eda faltando el respeto...\" \/>\n<meta property=\"og:url\" content=\"https:\/\/infoecos.com.ar\/index.php\/a-este-pais-lo-salvamos-entre-todos-o-no-lo-salva-nadie\/\" \/>\n<meta property=\"og:site_name\" content=\"Infoecos\" \/>\n<meta property=\"article:publisher\" content=\"https:\/\/www.facebook.com\/profile.php?id=100063200290284\" \/>\n<meta property=\"article:published_time\" content=\"2020-09-10T03:58:51+00:00\" \/>\n<meta property=\"article:modified_time\" content=\"2020-09-12T05:36:58+00:00\" \/>\n<meta property=\"og:image\" content=\"https:\/\/infoecos.com.ar\/wp-content\/uploads\/2020\/09\/unidad.jpg\" \/>\n\t<meta property=\"og:image:width\" content=\"522\" \/>\n\t<meta property=\"og:image:height\" content=\"395\" \/>\n\t<meta property=\"og:image:type\" content=\"image\/jpeg\" \/>\n<meta name=\"author\" content=\"Jorge Matheus\" \/>\n<meta name=\"twitter:card\" content=\"summary_large_image\" \/>\n<meta name=\"twitter:creator\" content=\"@infoecos\" \/>\n<meta name=\"twitter:site\" content=\"@infoecos\" \/>\n<meta name=\"twitter:label1\" content=\"Escrito por\" \/>\n\t<meta name=\"twitter:data1\" content=\"Jorge Matheus\" \/>\n\t<meta name=\"twitter:label2\" content=\"Tiempo de lectura\" \/>\n\t<meta name=\"twitter:data2\" content=\"2 minutos\" \/>\n<script type=\"application\/ld+json\" class=\"yoast-schema-graph\">{\"@context\":\"https:\/\/schema.org\",\"@graph\":[{\"@type\":\"Article\",\"@id\":\"https:\/\/infoecos.com.ar\/index.php\/a-este-pais-lo-salvamos-entre-todos-o-no-lo-salva-nadie\/#article\",\"isPartOf\":{\"@id\":\"https:\/\/infoecos.com.ar\/index.php\/a-este-pais-lo-salvamos-entre-todos-o-no-lo-salva-nadie\/\"},\"author\":{\"name\":\"Jorge Matheus\",\"@id\":\"https:\/\/infoecos.com.ar\/#\/schema\/person\/8f5ace5ce73b4b4aac4b7245aee6f191\"},\"headline\":\"\u00abA este pa\u00eds lo salvamos entre todos o no lo salva nadie\u00bb\",\"datePublished\":\"2020-09-10T03:58:51+00:00\",\"dateModified\":\"2020-09-12T05:36:58+00:00\",\"mainEntityOfPage\":{\"@id\":\"https:\/\/infoecos.com.ar\/index.php\/a-este-pais-lo-salvamos-entre-todos-o-no-lo-salva-nadie\/\"},\"wordCount\":366,\"publisher\":{\"@id\":\"https:\/\/infoecos.com.ar\/#organization\"},\"image\":{\"@id\":\"https:\/\/infoecos.com.ar\/index.php\/a-este-pais-lo-salvamos-entre-todos-o-no-lo-salva-nadie\/#primaryimage\"},\"thumbnailUrl\":\"https:\/\/infoecos.com.ar\/wp-content\/uploads\/2020\/09\/unidad.jpg\",\"keywords\":[\"ESCRIBE: JORGE MATHEUS\"],\"articleSection\":[\"Bloque inferior - 12\"],\"inLanguage\":\"es\"},{\"@type\":\"WebPage\",\"@id\":\"https:\/\/infoecos.com.ar\/index.php\/a-este-pais-lo-salvamos-entre-todos-o-no-lo-salva-nadie\/\",\"url\":\"https:\/\/infoecos.com.ar\/index.php\/a-este-pais-lo-salvamos-entre-todos-o-no-lo-salva-nadie\/\",\"name\":\"\\\"A este pa\u00eds lo salvamos entre todos o no lo salva nadie\\\" - Infoecos\",\"isPartOf\":{\"@id\":\"https:\/\/infoecos.com.ar\/#website\"},\"primaryImageOfPage\":{\"@id\":\"https:\/\/infoecos.com.ar\/index.php\/a-este-pais-lo-salvamos-entre-todos-o-no-lo-salva-nadie\/#primaryimage\"},\"image\":{\"@id\":\"https:\/\/infoecos.com.ar\/index.php\/a-este-pais-lo-salvamos-entre-todos-o-no-lo-salva-nadie\/#primaryimage\"},\"thumbnailUrl\":\"https:\/\/infoecos.com.ar\/wp-content\/uploads\/2020\/09\/unidad.jpg\",\"datePublished\":\"2020-09-10T03:58:51+00:00\",\"dateModified\":\"2020-09-12T05:36:58+00:00\",\"breadcrumb\":{\"@id\":\"https:\/\/infoecos.com.ar\/index.php\/a-este-pais-lo-salvamos-entre-todos-o-no-lo-salva-nadie\/#breadcrumb\"},\"inLanguage\":\"es\",\"potentialAction\":[{\"@type\":\"ReadAction\",\"target\":[\"https:\/\/infoecos.com.ar\/index.php\/a-este-pais-lo-salvamos-entre-todos-o-no-lo-salva-nadie\/\"]}]},{\"@type\":\"ImageObject\",\"inLanguage\":\"es\",\"@id\":\"https:\/\/infoecos.com.ar\/index.php\/a-este-pais-lo-salvamos-entre-todos-o-no-lo-salva-nadie\/#primaryimage\",\"url\":\"https:\/\/infoecos.com.ar\/wp-content\/uploads\/2020\/09\/unidad.jpg\",\"contentUrl\":\"https:\/\/infoecos.com.ar\/wp-content\/uploads\/2020\/09\/unidad.jpg\",\"width\":522,\"height\":395},{\"@type\":\"BreadcrumbList\",\"@id\":\"https:\/\/infoecos.com.ar\/index.php\/a-este-pais-lo-salvamos-entre-todos-o-no-lo-salva-nadie\/#breadcrumb\",\"itemListElement\":[{\"@type\":\"ListItem\",\"position\":1,\"name\":\"Portada\",\"item\":\"https:\/\/infoecos.com.ar\/\"},{\"@type\":\"ListItem\",\"position\":2,\"name\":\"\u00abA este pa\u00eds lo salvamos entre todos o no lo salva nadie\u00bb\"}]},{\"@type\":\"WebSite\",\"@id\":\"https:\/\/infoecos.com.ar\/#website\",\"url\":\"https:\/\/infoecos.com.ar\/\",\"name\":\"Infoecos\",\"description\":\"Noticias de trenque lauquen y la zona\",\"publisher\":{\"@id\":\"https:\/\/infoecos.com.ar\/#organization\"},\"alternateName\":\"Noticias\",\"potentialAction\":[{\"@type\":\"SearchAction\",\"target\":{\"@type\":\"EntryPoint\",\"urlTemplate\":\"https:\/\/infoecos.com.ar\/?s={search_term_string}\"},\"query-input\":{\"@type\":\"PropertyValueSpecification\",\"valueRequired\":true,\"valueName\":\"search_term_string\"}}],\"inLanguage\":\"es\"},{\"@type\":\"Organization\",\"@id\":\"https:\/\/infoecos.com.ar\/#organization\",\"name\":\"Infoecos\",\"alternateName\":\"Noticias\",\"url\":\"https:\/\/infoecos.com.ar\/\",\"logo\":{\"@type\":\"ImageObject\",\"inLanguage\":\"es\",\"@id\":\"https:\/\/infoecos.com.ar\/#\/schema\/logo\/image\/\",\"url\":\"https:\/\/infoecos.com.ar\/wp-content\/uploads\/2024\/03\/cropped-logo.png\",\"contentUrl\":\"https:\/\/infoecos.com.ar\/wp-content\/uploads\/2024\/03\/cropped-logo.png\",\"width\":374,\"height\":90,\"caption\":\"Infoecos\"},\"image\":{\"@id\":\"https:\/\/infoecos.com.ar\/#\/schema\/logo\/image\/\"},\"sameAs\":[\"https:\/\/www.facebook.com\/profile.php?id=100063200290284\",\"https:\/\/x.com\/infoecos\"]},{\"@type\":\"Person\",\"@id\":\"https:\/\/infoecos.com.ar\/#\/schema\/person\/8f5ace5ce73b4b4aac4b7245aee6f191\",\"name\":\"Jorge Matheus\",\"url\":\"https:\/\/infoecos.com.ar\/index.php\/author\/jomatheus\/\"}]}<\/script>\n<!-- \/ Yoast SEO plugin. -->","yoast_head_json":{"title":"\"A este pa\u00eds lo salvamos entre todos o no lo salva nadie\" - Infoecos","robots":{"index":"index","follow":"follow","max-snippet":"max-snippet:-1","max-image-preview":"max-image-preview:large","max-video-preview":"max-video-preview:-1"},"canonical":"https:\/\/infoecos.com.ar\/index.php\/a-este-pais-lo-salvamos-entre-todos-o-no-lo-salva-nadie\/","og_locale":"es_ES","og_type":"article","og_title":"\"A este pa\u00eds lo salvamos entre todos o no lo salva nadie\" - Infoecos","og_description":"Si algo no har\u00e9 es echar m\u00e1s &#8216;le\u00f1a al fuego&#8217;, pero estar\u00eda faltando el respeto...","og_url":"https:\/\/infoecos.com.ar\/index.php\/a-este-pais-lo-salvamos-entre-todos-o-no-lo-salva-nadie\/","og_site_name":"Infoecos","article_publisher":"https:\/\/www.facebook.com\/profile.php?id=100063200290284","article_published_time":"2020-09-10T03:58:51+00:00","article_modified_time":"2020-09-12T05:36:58+00:00","og_image":[{"width":522,"height":395,"url":"https:\/\/infoecos.com.ar\/wp-content\/uploads\/2020\/09\/unidad.jpg","type":"image\/jpeg"}],"author":"Jorge Matheus","twitter_card":"summary_large_image","twitter_creator":"@infoecos","twitter_site":"@infoecos","twitter_misc":{"Escrito por":"Jorge Matheus","Tiempo de lectura":"2 minutos"},"schema":{"@context":"https:\/\/schema.org","@graph":[{"@type":"Article","@id":"https:\/\/infoecos.com.ar\/index.php\/a-este-pais-lo-salvamos-entre-todos-o-no-lo-salva-nadie\/#article","isPartOf":{"@id":"https:\/\/infoecos.com.ar\/index.php\/a-este-pais-lo-salvamos-entre-todos-o-no-lo-salva-nadie\/"},"author":{"name":"Jorge Matheus","@id":"https:\/\/infoecos.com.ar\/#\/schema\/person\/8f5ace5ce73b4b4aac4b7245aee6f191"},"headline":"\u00abA este pa\u00eds lo salvamos entre todos o no lo salva nadie\u00bb","datePublished":"2020-09-10T03:58:51+00:00","dateModified":"2020-09-12T05:36:58+00:00","mainEntityOfPage":{"@id":"https:\/\/infoecos.com.ar\/index.php\/a-este-pais-lo-salvamos-entre-todos-o-no-lo-salva-nadie\/"},"wordCount":366,"publisher":{"@id":"https:\/\/infoecos.com.ar\/#organization"},"image":{"@id":"https:\/\/infoecos.com.ar\/index.php\/a-este-pais-lo-salvamos-entre-todos-o-no-lo-salva-nadie\/#primaryimage"},"thumbnailUrl":"https:\/\/infoecos.com.ar\/wp-content\/uploads\/2020\/09\/unidad.jpg","keywords":["ESCRIBE: JORGE MATHEUS"],"articleSection":["Bloque inferior - 12"],"inLanguage":"es"},{"@type":"WebPage","@id":"https:\/\/infoecos.com.ar\/index.php\/a-este-pais-lo-salvamos-entre-todos-o-no-lo-salva-nadie\/","url":"https:\/\/infoecos.com.ar\/index.php\/a-este-pais-lo-salvamos-entre-todos-o-no-lo-salva-nadie\/","name":"\"A este pa\u00eds lo salvamos entre todos o no lo salva nadie\" - Infoecos","isPartOf":{"@id":"https:\/\/infoecos.com.ar\/#website"},"primaryImageOfPage":{"@id":"https:\/\/infoecos.com.ar\/index.php\/a-este-pais-lo-salvamos-entre-todos-o-no-lo-salva-nadie\/#primaryimage"},"image":{"@id":"https:\/\/infoecos.com.ar\/index.php\/a-este-pais-lo-salvamos-entre-todos-o-no-lo-salva-nadie\/#primaryimage"},"thumbnailUrl":"https:\/\/infoecos.com.ar\/wp-content\/uploads\/2020\/09\/unidad.jpg","datePublished":"2020-09-10T03:58:51+00:00","dateModified":"2020-09-12T05:36:58+00:00","breadcrumb":{"@id":"https:\/\/infoecos.com.ar\/index.php\/a-este-pais-lo-salvamos-entre-todos-o-no-lo-salva-nadie\/#breadcrumb"},"inLanguage":"es","potentialAction":[{"@type":"ReadAction","target":["https:\/\/infoecos.com.ar\/index.php\/a-este-pais-lo-salvamos-entre-todos-o-no-lo-salva-nadie\/"]}]},{"@type":"ImageObject","inLanguage":"es","@id":"https:\/\/infoecos.com.ar\/index.php\/a-este-pais-lo-salvamos-entre-todos-o-no-lo-salva-nadie\/#primaryimage","url":"https:\/\/infoecos.com.ar\/wp-content\/uploads\/2020\/09\/unidad.jpg","contentUrl":"https:\/\/infoecos.com.ar\/wp-content\/uploads\/2020\/09\/unidad.jpg","width":522,"height":395},{"@type":"BreadcrumbList","@id":"https:\/\/infoecos.com.ar\/index.php\/a-este-pais-lo-salvamos-entre-todos-o-no-lo-salva-nadie\/#breadcrumb","itemListElement":[{"@type":"ListItem","position":1,"name":"Portada","item":"https:\/\/infoecos.com.ar\/"},{"@type":"ListItem","position":2,"name":"\u00abA este pa\u00eds lo salvamos entre todos o no lo salva nadie\u00bb"}]},{"@type":"WebSite","@id":"https:\/\/infoecos.com.ar\/#website","url":"https:\/\/infoecos.com.ar\/","name":"Infoecos","description":"Noticias de trenque lauquen y la zona","publisher":{"@id":"https:\/\/infoecos.com.ar\/#organization"},"alternateName":"Noticias","potentialAction":[{"@type":"SearchAction","target":{"@type":"EntryPoint","urlTemplate":"https:\/\/infoecos.com.ar\/?s={search_term_string}"},"query-input":{"@type":"PropertyValueSpecification","valueRequired":true,"valueName":"search_term_string"}}],"inLanguage":"es"},{"@type":"Organization","@id":"https:\/\/infoecos.com.ar\/#organization","name":"Infoecos","alternateName":"Noticias","url":"https:\/\/infoecos.com.ar\/","logo":{"@type":"ImageObject","inLanguage":"es","@id":"https:\/\/infoecos.com.ar\/#\/schema\/logo\/image\/","url":"https:\/\/infoecos.com.ar\/wp-content\/uploads\/2024\/03\/cropped-logo.png","contentUrl":"https:\/\/infoecos.com.ar\/wp-content\/uploads\/2024\/03\/cropped-logo.png","width":374,"height":90,"caption":"Infoecos"},"image":{"@id":"https:\/\/infoecos.com.ar\/#\/schema\/logo\/image\/"},"sameAs":["https:\/\/www.facebook.com\/profile.php?id=100063200290284","https:\/\/x.com\/infoecos"]},{"@type":"Person","@id":"https:\/\/infoecos.com.ar\/#\/schema\/person\/8f5ace5ce73b4b4aac4b7245aee6f191","name":"Jorge Matheus","url":"https:\/\/infoecos.com.ar\/index.php\/author\/jomatheus\/"}]}},"featured_image_urls":{"full":["https:\/\/infoecos.com.ar\/wp-content\/uploads\/2020\/09\/unidad.jpg",522,395,false],"thumbnail":["https:\/\/infoecos.com.ar\/wp-content\/uploads\/2020\/09\/unidad-150x150.jpg",150,150,true],"medium":["https:\/\/infoecos.com.ar\/wp-content\/uploads\/2020\/09\/unidad-460x348.jpg",460,348,true],"medium_large":["https:\/\/infoecos.com.ar\/wp-content\/uploads\/2020\/09\/unidad.jpg",522,395,false],"large":["https:\/\/infoecos.com.ar\/wp-content\/uploads\/2020\/09\/unidad.jpg",522,395,false],"1536x1536":["https:\/\/infoecos.com.ar\/wp-content\/uploads\/2020\/09\/unidad.jpg",522,395,false],"2048x2048":["https:\/\/infoecos.com.ar\/wp-content\/uploads\/2020\/09\/unidad.jpg",522,395,false],"covernews-slider-full":["https:\/\/infoecos.com.ar\/wp-content\/uploads\/2020\/09\/unidad.jpg",522,395,false],"covernews-slider-center":["https:\/\/infoecos.com.ar\/wp-content\/uploads\/2020\/09\/unidad.jpg",522,395,false],"covernews-featured":["https:\/\/infoecos.com.ar\/wp-content\/uploads\/2020\/09\/unidad.jpg",522,395,false],"covernews-medium":["https:\/\/infoecos.com.ar\/wp-content\/uploads\/2020\/09\/unidad-522x380.jpg",467,340,true],"covernews-medium-square":["https:\/\/infoecos.com.ar\/wp-content\/uploads\/2020\/09\/unidad.jpg",330,250,false]},"author_info":{"info":["Jorge Matheus"]},"category_info":"<a href=\"https:\/\/infoecos.com.ar\/index.php\/category\/inferior12\/\" rel=\"category tag\">Bloque inferior - 12<\/a>","tag_info":"Bloque inferior - 12","comment_count":"0","_links":{"self":[{"href":"https:\/\/infoecos.com.ar\/index.php\/wp-json\/wp\/v2\/posts\/67375"}],"collection":[{"href":"https:\/\/infoecos.com.ar\/index.php\/wp-json\/wp\/v2\/posts"}],"about":[{"href":"https:\/\/infoecos.com.ar\/index.php\/wp-json\/wp\/v2\/types\/post"}],"author":[{"embeddable":true,"href":"https:\/\/infoecos.com.ar\/index.php\/wp-json\/wp\/v2\/users\/2"}],"replies":[{"embeddable":true,"href":"https:\/\/infoecos.com.ar\/index.php\/wp-json\/wp\/v2\/comments?post=67375"}],"version-history":[{"count":1,"href":"https:\/\/infoecos.com.ar\/index.php\/wp-json\/wp\/v2\/posts\/67375\/revisions"}],"predecessor-version":[{"id":67377,"href":"https:\/\/infoecos.com.ar\/index.php\/wp-json\/wp\/v2\/posts\/67375\/revisions\/67377"}],"wp:featuredmedia":[{"embeddable":true,"href":"https:\/\/infoecos.com.ar\/index.php\/wp-json\/wp\/v2\/media\/67376"}],"wp:attachment":[{"href":"https:\/\/infoecos.com.ar\/index.php\/wp-json\/wp\/v2\/media?parent=67375"}],"wp:term":[{"taxonomy":"category","embeddable":true,"href":"https:\/\/infoecos.com.ar\/index.php\/wp-json\/wp\/v2\/categories?post=67375"},{"taxonomy":"post_tag","embeddable":true,"href":"https:\/\/infoecos.com.ar\/index.php\/wp-json\/wp\/v2\/tags?post=67375"}],"curies":[{"name":"wp","href":"https:\/\/api.w.org\/{rel}","templated":true}]}}