{"id":68008,"date":"2020-09-21T17:17:20","date_gmt":"2020-09-21T20:17:20","guid":{"rendered":"http:\/\/infoecos.com.ar\/?p=68008"},"modified":"2020-09-22T02:12:38","modified_gmt":"2020-09-22T05:12:38","slug":"primer-muerto-por-coronavirus-en-casbas-distrito-de-guamini","status":"publish","type":"post","link":"https:\/\/infoecos.com.ar\/index.php\/primer-muerto-por-coronavirus-en-casbas-distrito-de-guamini\/","title":{"rendered":"Primer muerto por coronavirus en Casbas, distrito de Guamin\u00ed"},"content":{"rendered":"\n<p class=\"wp-block-paragraph\">Se registr\u00f3 la primera muerte de un paciente que padec\u00eda coronavirus en el distrito de Guamin\u00ed.<\/p>\n\n\n\n<div class=\"wp-block-image\"><figure class=\"aligncenter size-medium\"><img loading=\"lazy\" decoding=\"async\" width=\"460\" height=\"239\" src=\"http:\/\/infoecos.com.ar\/wp-content\/uploads\/2020\/09\/casbas-1-460x239.jpg\" alt=\"\" class=\"wp-image-68009\" srcset=\"https:\/\/infoecos.com.ar\/wp-content\/uploads\/2020\/09\/casbas-1-460x239.jpg 460w, https:\/\/infoecos.com.ar\/wp-content\/uploads\/2020\/09\/casbas-1.jpg 512w\" sizes=\"auto, (max-width: 460px) 100vw, 460px\" \/><\/figure><\/div>\n\n\n\n<p class=\"wp-block-paragraph\"><a href=\"https:\/\/www.facebook.com\/municipalidad.guamini\/videos\/335596601082488\/\"><span class=\"has-inline-color has-vivid-red-color\">Las autoridades municipales<\/span><\/a> no dieron a conocer la identidad, pero indicaron que se trata de una persona, considerada adulta mayor, que padec\u00eda como enfermedad de base, una de car\u00e1cter oncol\u00f3gico. Se encontraba cursando el s\u00e9ptimo d\u00eda de internaci\u00f3n en el hospital de Casbas, tambi\u00e9n afectado por el COVID 19. <\/p>\n\n\n\n<p class=\"wp-block-paragraph\">El Departamento Ejecutivo guaminense resolvi\u00f3 postergar todas las realizaciones de car\u00e1cter virtual que ten\u00eda previsto efectuar con motivo del D\u00eda del Estudiante.<\/p>\n\n\n\n<figure class=\"wp-block-embed-facebook wp-block-embed is-type-video is-provider-facebook\"><div class=\"wp-block-embed__wrapper\">\nhttps:\/\/www.facebook.com\/municipalidad.guamini\/videos\/335596601082488\/\n<\/div><\/figure>\n","protected":false},"excerpt":{"rendered":"<p>El Departamento Ejecutivo guaminense resolvi\u00f3 postergar todas las realizaciones de car\u00e1cter virtual que ten\u00eda previsto efectuar con motivo del D\u00eda del Estudiante<\/p>\n","protected":false},"author":2,"featured_media":68009,"comment_status":"closed","ping_status":"open","sticky":false,"template":"","format":"standard","meta":{"footnotes":""},"categories":[1327,45,1328],"tags":[909],"class_list":["post-68008","post","type-post","status-publish","format-standard","has-post-thumbnail","hentry","category-audio","category-c1nota2","category-video","tag-municipal"],"featured_image_urls":{"full":["https:\/\/infoecos.com.ar\/wp-content\/uploads\/2020\/09\/casbas-1.jpg",512,266,false],"thumbnail":["https:\/\/infoecos.com.ar\/wp-content\/uploads\/2020\/09\/casbas-1-150x150.jpg",150,150,true],"medium":["https:\/\/infoecos.com.ar\/wp-content\/uploads\/2020\/09\/casbas-1-460x239.jpg",460,239,true],"medium_large":["https:\/\/infoecos.com.ar\/wp-content\/uploads\/2020\/09\/casbas-1.jpg",512,266,false],"large":["https:\/\/infoecos.com.ar\/wp-content\/uploads\/2020\/09\/casbas-1.jpg",512,266,false],"1536x1536":["https:\/\/infoecos.com.ar\/wp-content\/uploads\/2020\/09\/casbas-1.jpg",512,266,false],"2048x2048":["https:\/\/infoecos.com.ar\/wp-content\/uploads\/2020\/09\/casbas-1.jpg",512,266,false],"covernews-slider-full":["https:\/\/infoecos.com.ar\/wp-content\/uploads\/2020\/09\/casbas-1.jpg",512,266,false],"covernews-slider-center":["https:\/\/infoecos.com.ar\/wp-content\/uploads\/2020\/09\/casbas-1.jpg",512,266,false],"covernews-featured":["https:\/\/infoecos.com.ar\/wp-content\/uploads\/2020\/09\/casbas-1.jpg",512,266,false],"covernews-medium":["https:\/\/infoecos.com.ar\/wp-content\/uploads\/2020\/09\/casbas-1.jpg",512,266,false],"covernews-medium-square":["https:\/\/infoecos.com.ar\/wp-content\/uploads\/2020\/09\/casbas-1.jpg",400,208,false]},"author_info":{"info":["Jorge Matheus"]},"category_info":"<a href=\"https:\/\/infoecos.com.ar\/index.php\/category\/audio\/\" rel=\"category tag\">Audio<\/a> <a href=\"https:\/\/infoecos.com.ar\/index.php\/category\/c1nota2\/\" rel=\"category tag\">C1 N2<\/a> <a href=\"https:\/\/infoecos.com.ar\/index.php\/category\/video\/\" rel=\"category tag\">Video<\/a>","tag_info":"Video","comment_count":"0","_links":{"self":[{"href":"https:\/\/infoecos.com.ar\/index.php\/wp-json\/wp\/v2\/posts\/68008","targetHints":{"allow":["GET"]}}],"collection":[{"href":"https:\/\/infoecos.com.ar\/index.php\/wp-json\/wp\/v2\/posts"}],"about":[{"href":"https:\/\/infoecos.com.ar\/index.php\/wp-json\/wp\/v2\/types\/post"}],"author":[{"embeddable":true,"href":"https:\/\/infoecos.com.ar\/index.php\/wp-json\/wp\/v2\/users\/2"}],"replies":[{"embeddable":true,"href":"https:\/\/infoecos.com.ar\/index.php\/wp-json\/wp\/v2\/comments?post=68008"}],"version-history":[{"count":4,"href":"https:\/\/infoecos.com.ar\/index.php\/wp-json\/wp\/v2\/posts\/68008\/revisions"}],"predecessor-version":[{"id":68029,"href":"https:\/\/infoecos.com.ar\/index.php\/wp-json\/wp\/v2\/posts\/68008\/revisions\/68029"}],"wp:featuredmedia":[{"embeddable":true,"href":"https:\/\/infoecos.com.ar\/index.php\/wp-json\/wp\/v2\/media\/68009"}],"wp:attachment":[{"href":"https:\/\/infoecos.com.ar\/index.php\/wp-json\/wp\/v2\/media?parent=68008"}],"wp:term":[{"taxonomy":"category","embeddable":true,"href":"https:\/\/infoecos.com.ar\/index.php\/wp-json\/wp\/v2\/categories?post=68008"},{"taxonomy":"post_tag","embeddable":true,"href":"https:\/\/infoecos.com.ar\/index.php\/wp-json\/wp\/v2\/tags?post=68008"}],"curies":[{"name":"wp","href":"https:\/\/api.w.org\/{rel}","templated":true}]}}