{"id":68011,"date":"2020-09-21T17:35:37","date_gmt":"2020-09-21T20:35:37","guid":{"rendered":"http:\/\/infoecos.com.ar\/?p=68011"},"modified":"2020-09-22T02:10:51","modified_gmt":"2020-09-22T05:10:51","slug":"el-intendente-de-general-villegas-informo-que-hay-siete-casos-de-coronavirus-en-el-distrito","status":"publish","type":"post","link":"https:\/\/infoecos.com.ar\/index.php\/el-intendente-de-general-villegas-informo-que-hay-siete-casos-de-coronavirus-en-el-distrito\/","title":{"rendered":"El intendente de General Villegas inform\u00f3 que hay siete casos de coronavirus"},"content":{"rendered":"\n<p class=\"wp-block-paragraph\"><strong>El intendente municipal de General Villegas<\/strong>, Eduardo Campana, <strong>inform\u00f3 que hay siete casos activos confirmados de coronavirus<\/strong> en su distrito. Cuatro se reportan desde la ciudad cabecera y el resto en localidades del distrito.<\/p>\n\n\n\n<div class=\"wp-block-image\"><figure class=\"aligncenter size-medium\"><img loading=\"lazy\" decoding=\"async\" width=\"460\" height=\"249\" src=\"http:\/\/infoecos.com.ar\/wp-content\/uploads\/hospitalgv-460x249.jpg\" alt=\"\" class=\"wp-image-63890\" srcset=\"https:\/\/infoecos.com.ar\/wp-content\/uploads\/hospitalgv-460x249.jpg 460w, https:\/\/infoecos.com.ar\/wp-content\/uploads\/hospitalgv.jpg 600w\" sizes=\"auto, (max-width: 460px) 100vw, 460px\" \/><\/figure><\/div>\n\n\n\n<p class=\"wp-block-paragraph\"><\/p>\n\n\n\n<p class=\"wp-block-paragraph\"><a href=\"https:\/\/www.facebook.com\/generalvillegas\/videos\/368219597898180\/?__xts__[0]=68.ARACmw30IU2Ilc9qQwA88fW9GObojmfV-SJvpijZLmvdj8hHNSq7Mod9pXQ-UNoEeJeXZFXaP_wuzNmH7OWboXu3Lq0NasDiYoSOXmplaWnJJq4YN9enefUoPcwovzjs0wdEZeHciLiuNwWBamo0syfqZdY7f2hAkvim7LtoeVLWTEwehzNis1m3V5cZXnquurePQeMebuGLTyrzYlmm16qqyXDJh_wBiQJ8Raep-fyxMTSgzulmROviju9Zb0ZJREx-8b5h31r8DGIK5YtZ-NGmjipNm7nbVoA7AKNTM07KFPAB1sJEeKoVXoPKNgo0sOWVs9tuSWWPsdPV1nudZ6DPKi9Duw&amp;__tn__=-R\"><span class=\"has-inline-color has-vivid-red-color\">El mandatario comunal<\/span><\/a> inform\u00f3 que<strong> \u00abtodos tienen&nbsp; buena evoluci\u00f3n y algunos con pocos s\u00edntomas\u00bb.<\/strong><\/p>\n\n\n\n<p class=\"wp-block-paragraph\">Campana tambi\u00e9n manifest\u00f3 que<strong> \u00aben los pueblos lim\u00edtrofes hubo muchos contactos estrechos<\/strong> y en este punto es donde quiero remarcar el nivel de contagio de esta enfermedad.\u00bb Agreg\u00f3 que <strong>\u00abCuando venimos de una zona caliente o una zona de circulaci\u00f3n, tenemos que ser muy cuidadosos <\/strong>en cuanto a distanciamiento, al aislamiento y a preservar a los familiares o a los amigos porque esta enfermedad al principio no da s\u00edntomas\u00bb.<\/p>\n\n\n\n<p class=\"wp-block-paragraph\">Enfatiz\u00f3: <strong>\u00abHoy en la reuni\u00f3n del Comit\u00e9 Crisis estamos muy preocupados por la cantidad de contactos estrechos que hay y de gente que est\u00e1 aislada en las localidades vecinas\u00bb<\/strong>, por lo que recomend\u00f3 el uso de barbijo o tapaboca y conservar las condiciones de higiene.  <\/p>\n\n\n\n<p class=\"wp-block-paragraph\">Coment\u00f3 que \u00abrecorr\u00ed las localidades lim\u00edtrofes de Villa Sauze y Banderal\u00f3 y en esta semana seguramente voy a andar por Villa Saboya o Santa Regina y recomiendo especialmente a esas localidades que &nbsp;observen el cuidado porque se trasladan a provincias vecinas, donde hay una circulaci\u00f3n muy importante del virus en cantidad de casos. Y fundamentalmente a esas personas que tienen &nbsp;que ir por un motivo u otro a esas localidades, sea Larroud\u00e9, Rufino, Sur de C\u00f3rdoba o cualquiera de ellas porque deben ser muy cuidadosos cuando regresan a sus hogares o cuando est\u00e1n en contacto con sus amigos o con sus vecinos\u00bb.<\/p>\n","protected":false},"excerpt":{"rendered":"<p>El mandatario comunal dijo que \u00abtodos tienen  buena evoluci\u00f3n y algunos con pocos s\u00edntomas\u00bb<\/p>\n","protected":false},"author":2,"featured_media":63890,"comment_status":"closed","ping_status":"open","sticky":false,"template":"","format":"standard","meta":{"footnotes":""},"categories":[46],"tags":[909],"class_list":["post-68011","post","type-post","status-publish","format-standard","has-post-thumbnail","hentry","category-c2nota2","tag-municipal"],"featured_image_urls":{"full":["https:\/\/infoecos.com.ar\/wp-content\/uploads\/hospitalgv.jpg",600,325,false],"thumbnail":["https:\/\/infoecos.com.ar\/wp-content\/uploads\/hospitalgv-150x150.jpg",150,150,true],"medium":["https:\/\/infoecos.com.ar\/wp-content\/uploads\/hospitalgv-460x249.jpg",460,249,true],"medium_large":["https:\/\/infoecos.com.ar\/wp-content\/uploads\/hospitalgv.jpg",600,325,false],"large":["https:\/\/infoecos.com.ar\/wp-content\/uploads\/hospitalgv.jpg",600,325,false],"1536x1536":["https:\/\/infoecos.com.ar\/wp-content\/uploads\/hospitalgv.jpg",600,325,false],"2048x2048":["https:\/\/infoecos.com.ar\/wp-content\/uploads\/hospitalgv.jpg",600,325,false],"covernews-slider-full":["https:\/\/infoecos.com.ar\/wp-content\/uploads\/hospitalgv.jpg",600,325,false],"covernews-slider-center":["https:\/\/infoecos.com.ar\/wp-content\/uploads\/hospitalgv.jpg",600,325,false],"covernews-featured":["https:\/\/infoecos.com.ar\/wp-content\/uploads\/hospitalgv.jpg",600,325,false],"covernews-medium":["https:\/\/infoecos.com.ar\/wp-content\/uploads\/hospitalgv.jpg",540,293,false],"covernews-medium-square":["https:\/\/infoecos.com.ar\/wp-content\/uploads\/hospitalgv.jpg",400,217,false]},"author_info":{"info":["Jorge Matheus"]},"category_info":"<a href=\"https:\/\/infoecos.com.ar\/index.php\/category\/c2nota2\/\" rel=\"category tag\">C2 N2<\/a>","tag_info":"C2 N2","comment_count":"0","_links":{"self":[{"href":"https:\/\/infoecos.com.ar\/index.php\/wp-json\/wp\/v2\/posts\/68011","targetHints":{"allow":["GET"]}}],"collection":[{"href":"https:\/\/infoecos.com.ar\/index.php\/wp-json\/wp\/v2\/posts"}],"about":[{"href":"https:\/\/infoecos.com.ar\/index.php\/wp-json\/wp\/v2\/types\/post"}],"author":[{"embeddable":true,"href":"https:\/\/infoecos.com.ar\/index.php\/wp-json\/wp\/v2\/users\/2"}],"replies":[{"embeddable":true,"href":"https:\/\/infoecos.com.ar\/index.php\/wp-json\/wp\/v2\/comments?post=68011"}],"version-history":[{"count":10,"href":"https:\/\/infoecos.com.ar\/index.php\/wp-json\/wp\/v2\/posts\/68011\/revisions"}],"predecessor-version":[{"id":68085,"href":"https:\/\/infoecos.com.ar\/index.php\/wp-json\/wp\/v2\/posts\/68011\/revisions\/68085"}],"wp:featuredmedia":[{"embeddable":true,"href":"https:\/\/infoecos.com.ar\/index.php\/wp-json\/wp\/v2\/media\/63890"}],"wp:attachment":[{"href":"https:\/\/infoecos.com.ar\/index.php\/wp-json\/wp\/v2\/media?parent=68011"}],"wp:term":[{"taxonomy":"category","embeddable":true,"href":"https:\/\/infoecos.com.ar\/index.php\/wp-json\/wp\/v2\/categories?post=68011"},{"taxonomy":"post_tag","embeddable":true,"href":"https:\/\/infoecos.com.ar\/index.php\/wp-json\/wp\/v2\/tags?post=68011"}],"curies":[{"name":"wp","href":"https:\/\/api.w.org\/{rel}","templated":true}]}}