{"id":68036,"date":"2020-09-21T23:53:58","date_gmt":"2020-09-22T02:53:58","guid":{"rendered":"http:\/\/infoecos.com.ar\/?p=68036"},"modified":"2020-09-22T02:14:02","modified_gmt":"2020-09-22T05:14:02","slug":"alberti-por-decision-municipal-quedara-en-fase-3-moderada","status":"publish","type":"post","link":"https:\/\/infoecos.com.ar\/index.php\/alberti-por-decision-municipal-quedara-en-fase-3-moderada\/","title":{"rendered":"Alberti, por decisi\u00f3n municipal, quedar\u00e1 en Fase 3 \u00abmoderada\u00bb"},"content":{"rendered":"\n<p class=\"wp-block-paragraph\"><strong>Las autoridades municipales de Alberti resolvieron que el distrito permanezca en Fase 3<\/strong>.<\/p>\n\n\n\n<div class=\"wp-block-image\"><figure class=\"aligncenter size-medium\"><img loading=\"lazy\" decoding=\"async\" width=\"460\" height=\"345\" src=\"http:\/\/infoecos.com.ar\/wp-content\/uploads\/albertimunicipio-460x345.jpg\" alt=\"\" class=\"wp-image-60689\" srcset=\"https:\/\/infoecos.com.ar\/wp-content\/uploads\/albertimunicipio-460x345.jpg 460w, https:\/\/infoecos.com.ar\/wp-content\/uploads\/albertimunicipio.jpg 720w\" sizes=\"auto, (max-width: 460px) 100vw, 460px\" \/><figcaption>Alberti &#8211; Municipio<\/figcaption><\/figure><\/div>\n\n\n\n<p class=\"wp-block-paragraph\">En declaraciones que formul\u00f3 a los medios,<strong> el intendente municipal Germ\u00e1n Lago se\u00f1al\u00f3 que \u201clas decisiones que tomamos en pandemia, son para resguardar la salud de albertino y albertinas\u00bb<\/strong>. Agreg\u00f3 que \u00ablos casos en el Interior comienzan a ser cada vez m\u00e1s\u00bb, para finalizar apuntado \u00abcreemos que debemos seguir sosteniendo esta Fase 3 \u2018Moderada\u2019, porque el objetivo final, que es el de bajar la curva, no fue cumplido\u201d.<\/p>\n\n\n\n<p class=\"wp-block-paragraph\"><strong>Sigue prohibida, entonces en ese distrito que electoralmente est\u00e1 dentro de la cuarta secci\u00f3n, la atenci\u00f3n en las mesas para el sector gastron\u00f3mico y se habilit\u00f3 servicio dom\u00e9stico, la construcci\u00f3n privada y actividades religiosas<\/strong>. <\/p>\n\n\n\n<p class=\"wp-block-paragraph\"><strong>Alberti, registr\u00f3 este domingo su primer muerte por COVID-19<\/strong>. Los gastron\u00f3micos seguir\u00e1n con \u201cTake away\u201d o \u201cdelivery\u201d y se flexibilizan algunos rubros.<\/p>\n\n\n\n<p class=\"wp-block-paragraph\"><a href=\"https:\/\/www.facebook.com\/MunicipalidaddeAlberti1\/photos\/a.1767168036899217\/2791524134463597\/?type=3&amp;theater\" target=\"_blank\" rel=\"noreferrer noopener\"><span class=\"has-inline-color has-vivid-red-color\">En el informe nocturno<\/span><\/a><span class=\"has-inline-color has-vivid-red-color\"> <\/span>de este martes se indic\u00f3 que&nbsp;son 15 los casos activos, un fallecido y 31 recuperados en el distrito que tiene 10 mil habitantes.<\/p>\n","protected":false},"excerpt":{"rendered":"<p>Las autoridades municipales de Alberti resolvieron que el distrito permanezca en Fase 3. En declaraciones&#8230;<\/p>\n","protected":false},"author":2,"featured_media":60689,"comment_status":"closed","ping_status":"open","sticky":false,"template":"","format":"standard","meta":{"footnotes":""},"categories":[29],"tags":[909],"class_list":["post-68036","post","type-post","status-publish","format-standard","has-post-thumbnail","hentry","category-c2nota1","tag-municipal"],"featured_image_urls":{"full":["https:\/\/infoecos.com.ar\/wp-content\/uploads\/albertimunicipio.jpg",720,540,false],"thumbnail":["https:\/\/infoecos.com.ar\/wp-content\/uploads\/albertimunicipio-150x150.jpg",150,150,true],"medium":["https:\/\/infoecos.com.ar\/wp-content\/uploads\/albertimunicipio-460x345.jpg",460,345,true],"medium_large":["https:\/\/infoecos.com.ar\/wp-content\/uploads\/albertimunicipio.jpg",640,480,false],"large":["https:\/\/infoecos.com.ar\/wp-content\/uploads\/albertimunicipio.jpg",640,480,false],"1536x1536":["https:\/\/infoecos.com.ar\/wp-content\/uploads\/albertimunicipio.jpg",720,540,false],"2048x2048":["https:\/\/infoecos.com.ar\/wp-content\/uploads\/albertimunicipio.jpg",720,540,false],"covernews-slider-full":["https:\/\/infoecos.com.ar\/wp-content\/uploads\/albertimunicipio.jpg",720,540,false],"covernews-slider-center":["https:\/\/infoecos.com.ar\/wp-content\/uploads\/albertimunicipio.jpg",667,500,false],"covernews-featured":["https:\/\/infoecos.com.ar\/wp-content\/uploads\/albertimunicipio.jpg",720,540,false],"covernews-medium":["https:\/\/infoecos.com.ar\/wp-content\/uploads\/albertimunicipio-720x380.jpg",540,285,true],"covernews-medium-square":["https:\/\/infoecos.com.ar\/wp-content\/uploads\/albertimunicipio-675x450.jpg",375,250,true]},"author_info":{"info":["Jorge Matheus"]},"category_info":"<a href=\"https:\/\/infoecos.com.ar\/index.php\/category\/c2nota1\/\" rel=\"category tag\">C2 nota 1<\/a>","tag_info":"C2 nota 1","comment_count":"0","_links":{"self":[{"href":"https:\/\/infoecos.com.ar\/index.php\/wp-json\/wp\/v2\/posts\/68036","targetHints":{"allow":["GET"]}}],"collection":[{"href":"https:\/\/infoecos.com.ar\/index.php\/wp-json\/wp\/v2\/posts"}],"about":[{"href":"https:\/\/infoecos.com.ar\/index.php\/wp-json\/wp\/v2\/types\/post"}],"author":[{"embeddable":true,"href":"https:\/\/infoecos.com.ar\/index.php\/wp-json\/wp\/v2\/users\/2"}],"replies":[{"embeddable":true,"href":"https:\/\/infoecos.com.ar\/index.php\/wp-json\/wp\/v2\/comments?post=68036"}],"version-history":[{"count":2,"href":"https:\/\/infoecos.com.ar\/index.php\/wp-json\/wp\/v2\/posts\/68036\/revisions"}],"predecessor-version":[{"id":68086,"href":"https:\/\/infoecos.com.ar\/index.php\/wp-json\/wp\/v2\/posts\/68036\/revisions\/68086"}],"wp:featuredmedia":[{"embeddable":true,"href":"https:\/\/infoecos.com.ar\/index.php\/wp-json\/wp\/v2\/media\/60689"}],"wp:attachment":[{"href":"https:\/\/infoecos.com.ar\/index.php\/wp-json\/wp\/v2\/media?parent=68036"}],"wp:term":[{"taxonomy":"category","embeddable":true,"href":"https:\/\/infoecos.com.ar\/index.php\/wp-json\/wp\/v2\/categories?post=68036"},{"taxonomy":"post_tag","embeddable":true,"href":"https:\/\/infoecos.com.ar\/index.php\/wp-json\/wp\/v2\/tags?post=68036"}],"curies":[{"name":"wp","href":"https:\/\/api.w.org\/{rel}","templated":true}]}}