{"id":68048,"date":"2020-09-22T00:34:38","date_gmt":"2020-09-22T03:34:38","guid":{"rendered":"http:\/\/infoecos.com.ar\/?p=68048"},"modified":"2020-09-22T02:16:54","modified_gmt":"2020-09-22T05:16:54","slug":"pehuajo-reporto-el-primer-muerto-por-coronavirus-y-hay-58-positivos","status":"publish","type":"post","link":"https:\/\/infoecos.com.ar\/index.php\/pehuajo-reporto-el-primer-muerto-por-coronavirus-y-hay-58-positivos\/","title":{"rendered":"Pehuaj\u00f3 report\u00f3 el primer muerto por coronavirus y hay 58 positivos"},"content":{"rendered":"\n<p class=\"wp-block-paragraph\"><strong>El intendente municipal de Pehuaj\u00f3 inform\u00f3 que hay 58 casos activos<\/strong> de coronavirus en el distrito.<\/p>\n\n\n\n<p class=\"wp-block-paragraph\">Zurro dio un amplio informe, se\u00f1alando que los hisopados realizados este lunes, 11 hab\u00edan dado positivo, pero que se reduc\u00eda al haberse registrado un buen n\u00famero de recuperados. <\/p>\n\n\n\n<p class=\"wp-block-paragraph\">\u00abPor m\u00e1s esfuerzos que hicimos ten\u00eda que llegar. <strong>Una persona ingres\u00f3 internada al Hospital de Pehuaj\u00f3 y falleci\u00f3<\/strong>\u00ab, se\u00f1al\u00f3 conmovido el mandatario comunal. <\/p>\n\n\n\n<figure class=\"wp-block-image size-large\"><img loading=\"lazy\" decoding=\"async\" width=\"920\" height=\"841\" src=\"http:\/\/infoecos.com.ar\/wp-content\/uploads\/2020\/09\/120100125_2780839722188802_537912531467394183_o-920x841.jpg\" alt=\"\" class=\"wp-image-68049\" srcset=\"https:\/\/infoecos.com.ar\/wp-content\/uploads\/2020\/09\/120100125_2780839722188802_537912531467394183_o-920x841.jpg 920w, https:\/\/infoecos.com.ar\/wp-content\/uploads\/2020\/09\/120100125_2780839722188802_537912531467394183_o-460x420.jpg 460w, https:\/\/infoecos.com.ar\/wp-content\/uploads\/2020\/09\/120100125_2780839722188802_537912531467394183_o-768x702.jpg 768w, https:\/\/infoecos.com.ar\/wp-content\/uploads\/2020\/09\/120100125_2780839722188802_537912531467394183_o-1024x936.jpg 1024w, https:\/\/infoecos.com.ar\/wp-content\/uploads\/2020\/09\/120100125_2780839722188802_537912531467394183_o.jpg 1280w\" sizes=\"auto, (max-width: 920px) 100vw, 920px\" \/><\/figure>\n\n\n\n<figure class=\"wp-block-embed-facebook wp-block-embed is-type-video is-provider-facebook\"><div class=\"wp-block-embed__wrapper\">\nhttps:\/\/www.facebook.com\/prensapehuajo\/videos\/958384984643216\/\n<\/div><\/figure>\n","protected":false},"excerpt":{"rendered":"<p>\u00abPor m\u00e1s esfuerzos que hicimos ten\u00eda que llegar. Una persona ingres\u00f3 internada al Hospital de Pehuaj\u00f3 y falleci\u00f3\u00bb, se\u00f1al\u00f3 conmovido el mandatario comunal<\/p>\n","protected":false},"author":2,"featured_media":60119,"comment_status":"closed","ping_status":"open","sticky":false,"template":"","format":"standard","meta":{"footnotes":""},"categories":[24],"tags":[909],"class_list":["post-68048","post","type-post","status-publish","format-standard","has-post-thumbnail","hentry","category-c1nota3","tag-municipal"],"featured_image_urls":{"full":["https:\/\/infoecos.com.ar\/wp-content\/uploads\/hosppeh.jpg",609,390,false],"thumbnail":["https:\/\/infoecos.com.ar\/wp-content\/uploads\/hosppeh-150x150.jpg",150,150,true],"medium":["https:\/\/infoecos.com.ar\/wp-content\/uploads\/hosppeh-460x295.jpg",460,295,true],"medium_large":["https:\/\/infoecos.com.ar\/wp-content\/uploads\/hosppeh.jpg",609,390,false],"large":["https:\/\/infoecos.com.ar\/wp-content\/uploads\/hosppeh.jpg",609,390,false],"1536x1536":["https:\/\/infoecos.com.ar\/wp-content\/uploads\/hosppeh.jpg",609,390,false],"2048x2048":["https:\/\/infoecos.com.ar\/wp-content\/uploads\/hosppeh.jpg",609,390,false],"covernews-slider-full":["https:\/\/infoecos.com.ar\/wp-content\/uploads\/hosppeh.jpg",609,390,false],"covernews-slider-center":["https:\/\/infoecos.com.ar\/wp-content\/uploads\/hosppeh.jpg",609,390,false],"covernews-featured":["https:\/\/infoecos.com.ar\/wp-content\/uploads\/hosppeh.jpg",609,390,false],"covernews-medium":["https:\/\/infoecos.com.ar\/wp-content\/uploads\/hosppeh-609x380.jpg",540,337,true],"covernews-medium-square":["https:\/\/infoecos.com.ar\/wp-content\/uploads\/hosppeh.jpg",390,250,false]},"author_info":{"info":["Jorge Matheus"]},"category_info":"<a href=\"https:\/\/infoecos.com.ar\/index.php\/category\/c1nota3\/\" rel=\"category tag\">C1 N3<\/a>","tag_info":"C1 N3","comment_count":"0","_links":{"self":[{"href":"https:\/\/infoecos.com.ar\/index.php\/wp-json\/wp\/v2\/posts\/68048","targetHints":{"allow":["GET"]}}],"collection":[{"href":"https:\/\/infoecos.com.ar\/index.php\/wp-json\/wp\/v2\/posts"}],"about":[{"href":"https:\/\/infoecos.com.ar\/index.php\/wp-json\/wp\/v2\/types\/post"}],"author":[{"embeddable":true,"href":"https:\/\/infoecos.com.ar\/index.php\/wp-json\/wp\/v2\/users\/2"}],"replies":[{"embeddable":true,"href":"https:\/\/infoecos.com.ar\/index.php\/wp-json\/wp\/v2\/comments?post=68048"}],"version-history":[{"count":3,"href":"https:\/\/infoecos.com.ar\/index.php\/wp-json\/wp\/v2\/posts\/68048\/revisions"}],"predecessor-version":[{"id":68088,"href":"https:\/\/infoecos.com.ar\/index.php\/wp-json\/wp\/v2\/posts\/68048\/revisions\/68088"}],"wp:featuredmedia":[{"embeddable":true,"href":"https:\/\/infoecos.com.ar\/index.php\/wp-json\/wp\/v2\/media\/60119"}],"wp:attachment":[{"href":"https:\/\/infoecos.com.ar\/index.php\/wp-json\/wp\/v2\/media?parent=68048"}],"wp:term":[{"taxonomy":"category","embeddable":true,"href":"https:\/\/infoecos.com.ar\/index.php\/wp-json\/wp\/v2\/categories?post=68048"},{"taxonomy":"post_tag","embeddable":true,"href":"https:\/\/infoecos.com.ar\/index.php\/wp-json\/wp\/v2\/tags?post=68048"}],"curies":[{"name":"wp","href":"https:\/\/api.w.org\/{rel}","templated":true}]}}