{"id":68075,"date":"2020-09-22T01:45:30","date_gmt":"2020-09-22T04:45:30","guid":{"rendered":"http:\/\/infoecos.com.ar\/?p=68075"},"modified":"2020-09-22T02:31:41","modified_gmt":"2020-09-22T05:31:41","slug":"coronavirus-en-rivadavia-17-casos-activos-en-todo-el-distrito","status":"publish","type":"post","link":"https:\/\/infoecos.com.ar\/index.php\/coronavirus-en-rivadavia-17-casos-activos-en-todo-el-distrito\/","title":{"rendered":"Coronavirus en Rivadavia: 17 casos activos en todo el distrito"},"content":{"rendered":"\n<p class=\"wp-block-paragraph\">La&nbsp;Municipalidad de Rivadavia&nbsp;inform\u00f3 este lunes que hay dos nuevos casos&nbsp;confirmados&nbsp;por COVID-19 en&nbsp;Rivadavia. El total&nbsp;acumulado&nbsp;en el distrito&nbsp;asciende&nbsp;a 28. Al haber 11&nbsp;recuperados&nbsp;son 17 los&nbsp;activos. Los nuevos&nbsp;confirmados&nbsp;surgen de resultados por&nbsp;hisopado&nbsp;que se estaban aguardando. Todos corresponden a la ciudad de&nbsp;Am\u00e9rica.<\/p>\n\n\n\n<div class=\"wp-block-image\"><figure class=\"aligncenter size-large\"><img loading=\"lazy\" decoding=\"async\" width=\"900\" height=\"900\" src=\"http:\/\/infoecos.com.ar\/wp-content\/uploads\/2020\/09\/reporteriva.jpg\" alt=\"\" class=\"wp-image-68076\" srcset=\"https:\/\/infoecos.com.ar\/wp-content\/uploads\/2020\/09\/reporteriva.jpg 900w, https:\/\/infoecos.com.ar\/wp-content\/uploads\/2020\/09\/reporteriva-460x460.jpg 460w, https:\/\/infoecos.com.ar\/wp-content\/uploads\/2020\/09\/reporteriva-150x150.jpg 150w, https:\/\/infoecos.com.ar\/wp-content\/uploads\/2020\/09\/reporteriva-768x768.jpg 768w\" sizes=\"auto, (max-width: 900px) 100vw, 900px\" \/><\/figure><\/div>\n\n\n\n<p class=\"wp-block-paragraph\">Los&nbsp;casos&nbsp;activos son 8 en la localidad de&nbsp;Gonz\u00e1lez Moreno&nbsp;y 9 en la ciudad&nbsp;cabecera. Desde la Municipalidad tambi\u00e9n se dio a&nbsp;conocer&nbsp;que hay 28 casos en&nbsp;estudio. Es decir, se trata de personas&nbsp;aisladas&nbsp;en sus&nbsp;domicilios&nbsp;que fueron hisopadas y que aguardan el resultado del&nbsp;testeo.<\/p>\n\n\n\n<p class=\"wp-block-paragraph\">El n\u00famero&nbsp;total&nbsp;de personas en&nbsp;aislamiento preventivo&nbsp;baj\u00f3 a 308. La mayor\u00eda es de&nbsp;Am\u00e9rica, donde la&nbsp;cifra&nbsp;es de 237. A ellos se les&nbsp;suman&nbsp;47 en&nbsp;Gonz\u00e1lez Moreno, 17 en&nbsp;Fort\u00edn Olavarr\u00eda&nbsp;y 7 en&nbsp;Sansinena.<\/p>\n","protected":false},"excerpt":{"rendered":"<p>Los casos activos son 8 en la localidad de Gonz\u00e1lez Moreno y 9 en la ciudad cabecera<\/p>\n","protected":false},"author":2,"featured_media":26505,"comment_status":"closed","ping_status":"open","sticky":false,"template":"","format":"standard","meta":{"footnotes":""},"categories":[1325],"tags":[909],"class_list":["post-68075","post","type-post","status-publish","format-standard","has-post-thumbnail","hentry","category-c1nota6","tag-municipal"],"featured_image_urls":{"full":"","thumbnail":"","medium":"","medium_large":"","large":"","1536x1536":"","2048x2048":"","covernews-slider-full":"","covernews-slider-center":"","covernews-featured":"","covernews-medium":"","covernews-medium-square":""},"author_info":{"info":["Jorge Matheus"]},"category_info":"<a href=\"https:\/\/infoecos.com.ar\/index.php\/category\/c1nota6\/\" rel=\"category tag\">C1 nota 6<\/a>","tag_info":"C1 nota 6","comment_count":"0","_links":{"self":[{"href":"https:\/\/infoecos.com.ar\/index.php\/wp-json\/wp\/v2\/posts\/68075","targetHints":{"allow":["GET"]}}],"collection":[{"href":"https:\/\/infoecos.com.ar\/index.php\/wp-json\/wp\/v2\/posts"}],"about":[{"href":"https:\/\/infoecos.com.ar\/index.php\/wp-json\/wp\/v2\/types\/post"}],"author":[{"embeddable":true,"href":"https:\/\/infoecos.com.ar\/index.php\/wp-json\/wp\/v2\/users\/2"}],"replies":[{"embeddable":true,"href":"https:\/\/infoecos.com.ar\/index.php\/wp-json\/wp\/v2\/comments?post=68075"}],"version-history":[{"count":4,"href":"https:\/\/infoecos.com.ar\/index.php\/wp-json\/wp\/v2\/posts\/68075\/revisions"}],"predecessor-version":[{"id":68096,"href":"https:\/\/infoecos.com.ar\/index.php\/wp-json\/wp\/v2\/posts\/68075\/revisions\/68096"}],"wp:attachment":[{"href":"https:\/\/infoecos.com.ar\/index.php\/wp-json\/wp\/v2\/media?parent=68075"}],"wp:term":[{"taxonomy":"category","embeddable":true,"href":"https:\/\/infoecos.com.ar\/index.php\/wp-json\/wp\/v2\/categories?post=68075"},{"taxonomy":"post_tag","embeddable":true,"href":"https:\/\/infoecos.com.ar\/index.php\/wp-json\/wp\/v2\/tags?post=68075"}],"curies":[{"name":"wp","href":"https:\/\/api.w.org\/{rel}","templated":true}]}}