{"id":68078,"date":"2020-09-22T01:49:38","date_gmt":"2020-09-22T04:49:38","guid":{"rendered":"http:\/\/infoecos.com.ar\/?p=68078"},"modified":"2020-09-22T02:25:59","modified_gmt":"2020-09-22T05:25:59","slug":"bajo-el-numero-de-casos-activos-en-pellegrini-a-este-lunes-se-reportaron-19","status":"publish","type":"post","link":"https:\/\/infoecos.com.ar\/index.php\/bajo-el-numero-de-casos-activos-en-pellegrini-a-este-lunes-se-reportaron-19\/","title":{"rendered":"Baj\u00f3 el n\u00famero de casos activos en Pellegrini: a este lunes se reportaron 19"},"content":{"rendered":"\n<p class=\"wp-block-paragraph\">Baj\u00f3 el n\u00famero de casos activos en Pellegrini. En el informe de este lunes se indic\u00f3 que hay 19 activos.<\/p>\n\n\n\n<p class=\"wp-block-paragraph\">Por otra parte se comunic\u00f3 que se encuentran 111 personas en aislamiento preventivo y no hay ninguna persona en estudio. <\/p>\n\n\n\n<div class=\"wp-block-image\"><figure class=\"aligncenter size-large\"><img loading=\"lazy\" decoding=\"async\" width=\"920\" height=\"920\" src=\"http:\/\/infoecos.com.ar\/wp-content\/uploads\/2020\/09\/reportepellegrini-11-920x920.jpg\" alt=\"\" class=\"wp-image-68079\" srcset=\"https:\/\/infoecos.com.ar\/wp-content\/uploads\/2020\/09\/reportepellegrini-11-920x920.jpg 920w, https:\/\/infoecos.com.ar\/wp-content\/uploads\/2020\/09\/reportepellegrini-11-460x460.jpg 460w, https:\/\/infoecos.com.ar\/wp-content\/uploads\/2020\/09\/reportepellegrini-11-150x150.jpg 150w, https:\/\/infoecos.com.ar\/wp-content\/uploads\/2020\/09\/reportepellegrini-11-768x768.jpg 768w, https:\/\/infoecos.com.ar\/wp-content\/uploads\/2020\/09\/reportepellegrini-11-1536x1536.jpg 1536w, https:\/\/infoecos.com.ar\/wp-content\/uploads\/2020\/09\/reportepellegrini-11-1024x1024.jpg 1024w, https:\/\/infoecos.com.ar\/wp-content\/uploads\/2020\/09\/reportepellegrini-11.jpg 1945w\" sizes=\"auto, (max-width: 920px) 100vw, 920px\" \/><\/figure><\/div>\n","protected":false},"excerpt":{"rendered":"<p>Baj\u00f3 el n\u00famero de casos activos en Pellegrini. En el informe de este lunes se&#8230;<\/p>\n","protected":false},"author":2,"featured_media":65626,"comment_status":"closed","ping_status":"open","sticky":false,"template":"","format":"standard","meta":{"footnotes":""},"categories":[1326],"tags":[909],"class_list":["post-68078","post","type-post","status-publish","format-standard","has-post-thumbnail","hentry","category-c2nota6","tag-municipal"],"featured_image_urls":{"full":["https:\/\/infoecos.com.ar\/wp-content\/uploads\/pellegrini-hospital.jpg",604,404,false],"thumbnail":["https:\/\/infoecos.com.ar\/wp-content\/uploads\/pellegrini-hospital-150x150.jpg",150,150,true],"medium":["https:\/\/infoecos.com.ar\/wp-content\/uploads\/pellegrini-hospital-460x308.jpg",460,308,true],"medium_large":["https:\/\/infoecos.com.ar\/wp-content\/uploads\/pellegrini-hospital.jpg",604,404,false],"large":["https:\/\/infoecos.com.ar\/wp-content\/uploads\/pellegrini-hospital.jpg",604,404,false],"1536x1536":["https:\/\/infoecos.com.ar\/wp-content\/uploads\/pellegrini-hospital.jpg",604,404,false],"2048x2048":["https:\/\/infoecos.com.ar\/wp-content\/uploads\/pellegrini-hospital.jpg",604,404,false],"covernews-slider-full":["https:\/\/infoecos.com.ar\/wp-content\/uploads\/pellegrini-hospital.jpg",604,404,false],"covernews-slider-center":["https:\/\/infoecos.com.ar\/wp-content\/uploads\/pellegrini-hospital.jpg",604,404,false],"covernews-featured":["https:\/\/infoecos.com.ar\/wp-content\/uploads\/pellegrini-hospital.jpg",604,404,false],"covernews-medium":["https:\/\/infoecos.com.ar\/wp-content\/uploads\/pellegrini-hospital-604x380.jpg",540,340,true],"covernews-medium-square":["https:\/\/infoecos.com.ar\/wp-content\/uploads\/pellegrini-hospital.jpg",374,250,false]},"author_info":{"info":["Jorge Matheus"]},"category_info":"<a href=\"https:\/\/infoecos.com.ar\/index.php\/category\/c2nota6\/\" rel=\"category tag\">C2 N6<\/a>","tag_info":"C2 N6","comment_count":"0","_links":{"self":[{"href":"https:\/\/infoecos.com.ar\/index.php\/wp-json\/wp\/v2\/posts\/68078","targetHints":{"allow":["GET"]}}],"collection":[{"href":"https:\/\/infoecos.com.ar\/index.php\/wp-json\/wp\/v2\/posts"}],"about":[{"href":"https:\/\/infoecos.com.ar\/index.php\/wp-json\/wp\/v2\/types\/post"}],"author":[{"embeddable":true,"href":"https:\/\/infoecos.com.ar\/index.php\/wp-json\/wp\/v2\/users\/2"}],"replies":[{"embeddable":true,"href":"https:\/\/infoecos.com.ar\/index.php\/wp-json\/wp\/v2\/comments?post=68078"}],"version-history":[{"count":2,"href":"https:\/\/infoecos.com.ar\/index.php\/wp-json\/wp\/v2\/posts\/68078\/revisions"}],"predecessor-version":[{"id":68093,"href":"https:\/\/infoecos.com.ar\/index.php\/wp-json\/wp\/v2\/posts\/68078\/revisions\/68093"}],"wp:featuredmedia":[{"embeddable":true,"href":"https:\/\/infoecos.com.ar\/index.php\/wp-json\/wp\/v2\/media\/65626"}],"wp:attachment":[{"href":"https:\/\/infoecos.com.ar\/index.php\/wp-json\/wp\/v2\/media?parent=68078"}],"wp:term":[{"taxonomy":"category","embeddable":true,"href":"https:\/\/infoecos.com.ar\/index.php\/wp-json\/wp\/v2\/categories?post=68078"},{"taxonomy":"post_tag","embeddable":true,"href":"https:\/\/infoecos.com.ar\/index.php\/wp-json\/wp\/v2\/tags?post=68078"}],"curies":[{"name":"wp","href":"https:\/\/api.w.org\/{rel}","templated":true}]}}