{"id":68081,"date":"2020-09-22T01:57:26","date_gmt":"2020-09-22T04:57:26","guid":{"rendered":"http:\/\/infoecos.com.ar\/?p=68081"},"modified":"2020-09-22T02:30:43","modified_gmt":"2020-09-22T05:30:43","slug":"por-entrega-atrasada-de-datos-bragado-sumo-52-positivos-y-chivilcoy-25","status":"publish","type":"post","link":"https:\/\/infoecos.com.ar\/index.php\/por-entrega-atrasada-de-datos-bragado-sumo-52-positivos-y-chivilcoy-25\/","title":{"rendered":"Por entrega atrasada de datos, Bragado sum\u00f3 52 positivos y Chivilcoy 25"},"content":{"rendered":"\n<p class=\"wp-block-paragraph\">El n\u00famero de casos confirmados volvi\u00f3 a ser elevado seg\u00fan el informe epidemiol\u00f3gico suministrado el mediod\u00eda de este lunes en el distrito de Bragado. Esto tiene que ver con que se recibi\u00f3 una alta cantidad de muestras que ven\u00edan atrasadas desde hac\u00eda varios d\u00edas.<\/p>\n\n\n\n<div class=\"wp-block-image\"><figure class=\"aligncenter size-large\"><img loading=\"lazy\" decoding=\"async\" width=\"920\" height=\"920\" src=\"http:\/\/infoecos.com.ar\/wp-content\/uploads\/2020\/09\/reportebragado-10-920x920.jpg\" alt=\"\" class=\"wp-image-68082\" srcset=\"https:\/\/infoecos.com.ar\/wp-content\/uploads\/2020\/09\/reportebragado-10-920x920.jpg 920w, https:\/\/infoecos.com.ar\/wp-content\/uploads\/2020\/09\/reportebragado-10-460x460.jpg 460w, https:\/\/infoecos.com.ar\/wp-content\/uploads\/2020\/09\/reportebragado-10-150x150.jpg 150w, https:\/\/infoecos.com.ar\/wp-content\/uploads\/2020\/09\/reportebragado-10-768x768.jpg 768w, https:\/\/infoecos.com.ar\/wp-content\/uploads\/2020\/09\/reportebragado-10-1024x1024.jpg 1024w, https:\/\/infoecos.com.ar\/wp-content\/uploads\/2020\/09\/reportebragado-10.jpg 1280w\" sizes=\"auto, (max-width: 920px) 100vw, 920px\" \/><\/figure><\/div>\n\n\n\n<p class=\"wp-block-paragraph\">En total llegaron 84 resultados de los cuales 52 fueron positivas y 32 negativas que, sumando 8 casos nuevos por nexo epidemiol\u00f3gico, hacen a un total de 60 contagiados de COVID.<\/p>\n\n\n\n<p class=\"wp-block-paragraph\">En tanto en Chivilcoy se registraron 25 casos confirmados, hisopados desde el d\u00eda 16 hasta el 18 de septiembre. 16 resultados descartados; 17 pacientes recuperados; y 6 casos positivos por criterio m\u00e9dico epidemiol\u00f3gico, por ser convivientes de casos confirmados.<\/p>\n\n\n\n<p class=\"wp-block-paragraph\">As\u00ed lo inform\u00f3 el intendente Guillermo Britos, en conferencia de prensa, junto a funcionarios municipales.<\/p>\n\n\n\n<div class=\"wp-block-image\"><figure class=\"aligncenter size-large\"><img loading=\"lazy\" decoding=\"async\" width=\"640\" height=\"640\" src=\"http:\/\/infoecos.com.ar\/wp-content\/uploads\/2020\/09\/reportechivilcoy-4.jpg\" alt=\"\" class=\"wp-image-68083\" srcset=\"https:\/\/infoecos.com.ar\/wp-content\/uploads\/2020\/09\/reportechivilcoy-4.jpg 640w, https:\/\/infoecos.com.ar\/wp-content\/uploads\/2020\/09\/reportechivilcoy-4-460x460.jpg 460w, https:\/\/infoecos.com.ar\/wp-content\/uploads\/2020\/09\/reportechivilcoy-4-150x150.jpg 150w\" sizes=\"auto, (max-width: 640px) 100vw, 640px\" \/><\/figure><\/div>\n\n\n\n<p class=\"wp-block-paragraph\"><\/p>\n","protected":false},"excerpt":{"rendered":"<p>El n\u00famero de casos confirmados volvi\u00f3 a ser elevado seg\u00fan el informe epidemiol\u00f3gico suministrado el&#8230;<\/p>\n","protected":false},"author":2,"featured_media":65685,"comment_status":"closed","ping_status":"open","sticky":false,"template":"","format":"standard","meta":{"footnotes":""},"categories":[1341],"tags":[909],"class_list":["post-68081","post","type-post","status-publish","format-standard","has-post-thumbnail","hentry","category-c1nota7","tag-municipal"],"featured_image_urls":{"full":["https:\/\/infoecos.com.ar\/wp-content\/uploads\/5f2c87e8c0168.jpg",900,507,false],"thumbnail":["https:\/\/infoecos.com.ar\/wp-content\/uploads\/5f2c87e8c0168-150x150.jpg",150,150,true],"medium":["https:\/\/infoecos.com.ar\/wp-content\/uploads\/5f2c87e8c0168-460x259.jpg",460,259,true],"medium_large":["https:\/\/infoecos.com.ar\/wp-content\/uploads\/5f2c87e8c0168-768x433.jpg",640,361,true],"large":["https:\/\/infoecos.com.ar\/wp-content\/uploads\/5f2c87e8c0168.jpg",640,361,false],"1536x1536":["https:\/\/infoecos.com.ar\/wp-content\/uploads\/5f2c87e8c0168.jpg",900,507,false],"2048x2048":["https:\/\/infoecos.com.ar\/wp-content\/uploads\/5f2c87e8c0168.jpg",900,507,false],"covernews-slider-full":["https:\/\/infoecos.com.ar\/wp-content\/uploads\/5f2c87e8c0168.jpg",900,507,false],"covernews-slider-center":["https:\/\/infoecos.com.ar\/wp-content\/uploads\/5f2c87e8c0168.jpg",800,451,false],"covernews-featured":["https:\/\/infoecos.com.ar\/wp-content\/uploads\/5f2c87e8c0168.jpg",900,507,false],"covernews-medium":["https:\/\/infoecos.com.ar\/wp-content\/uploads\/5f2c87e8c0168-720x380.jpg",540,285,true],"covernews-medium-square":["https:\/\/infoecos.com.ar\/wp-content\/uploads\/5f2c87e8c0168-675x450.jpg",375,250,true]},"author_info":{"info":["Jorge Matheus"]},"category_info":"<a href=\"https:\/\/infoecos.com.ar\/index.php\/category\/c1nota7\/\" rel=\"category tag\">C1 nota 7<\/a>","tag_info":"C1 nota 7","comment_count":"0","_links":{"self":[{"href":"https:\/\/infoecos.com.ar\/index.php\/wp-json\/wp\/v2\/posts\/68081","targetHints":{"allow":["GET"]}}],"collection":[{"href":"https:\/\/infoecos.com.ar\/index.php\/wp-json\/wp\/v2\/posts"}],"about":[{"href":"https:\/\/infoecos.com.ar\/index.php\/wp-json\/wp\/v2\/types\/post"}],"author":[{"embeddable":true,"href":"https:\/\/infoecos.com.ar\/index.php\/wp-json\/wp\/v2\/users\/2"}],"replies":[{"embeddable":true,"href":"https:\/\/infoecos.com.ar\/index.php\/wp-json\/wp\/v2\/comments?post=68081"}],"version-history":[{"count":3,"href":"https:\/\/infoecos.com.ar\/index.php\/wp-json\/wp\/v2\/posts\/68081\/revisions"}],"predecessor-version":[{"id":68095,"href":"https:\/\/infoecos.com.ar\/index.php\/wp-json\/wp\/v2\/posts\/68081\/revisions\/68095"}],"wp:featuredmedia":[{"embeddable":true,"href":"https:\/\/infoecos.com.ar\/index.php\/wp-json\/wp\/v2\/media\/65685"}],"wp:attachment":[{"href":"https:\/\/infoecos.com.ar\/index.php\/wp-json\/wp\/v2\/media?parent=68081"}],"wp:term":[{"taxonomy":"category","embeddable":true,"href":"https:\/\/infoecos.com.ar\/index.php\/wp-json\/wp\/v2\/categories?post=68081"},{"taxonomy":"post_tag","embeddable":true,"href":"https:\/\/infoecos.com.ar\/index.php\/wp-json\/wp\/v2\/tags?post=68081"}],"curies":[{"name":"wp","href":"https:\/\/api.w.org\/{rel}","templated":true}]}}