{"id":68106,"date":"2020-09-22T15:41:50","date_gmt":"2020-09-22T18:41:50","guid":{"rendered":"http:\/\/infoecos.com.ar\/?p=68106"},"modified":"2020-09-24T01:47:12","modified_gmt":"2020-09-24T04:47:12","slug":"se-sortearon-las-ubicaciones-y-se-entregaron-las-llaves-de-9-viviendas-en-30-de-agosto","status":"publish","type":"post","link":"https:\/\/infoecos.com.ar\/index.php\/se-sortearon-las-ubicaciones-y-se-entregaron-las-llaves-de-9-viviendas-en-30-de-agosto\/","title":{"rendered":"Se sortearon las ubicaciones y entregaron las llaves de 9 viviendas en 30 de Agosto"},"content":{"rendered":"\n<p class=\"wp-block-paragraph\"><strong>Se sortearon las ubicaciones y se entregaron a las familias propietarias las llaves de nueve viviendas<\/strong> que se construyeron mediante el sistema de C\u00edrculo Cerrado en 30 de Agosto.<\/p>\n\n\n\n<div class=\"wp-block-image\"><figure class=\"aligncenter size-large\"><img loading=\"lazy\" decoding=\"async\" width=\"864\" height=\"576\" src=\"http:\/\/infoecos.com.ar\/wp-content\/uploads\/2020\/09\/ACTO-TREINTA-5.jpg\" alt=\"\" class=\"wp-image-68107\" srcset=\"https:\/\/infoecos.com.ar\/wp-content\/uploads\/2020\/09\/ACTO-TREINTA-5.jpg 864w, https:\/\/infoecos.com.ar\/wp-content\/uploads\/2020\/09\/ACTO-TREINTA-5-460x307.jpg 460w, https:\/\/infoecos.com.ar\/wp-content\/uploads\/2020\/09\/ACTO-TREINTA-5-768x512.jpg 768w, https:\/\/infoecos.com.ar\/wp-content\/uploads\/2020\/09\/ACTO-TREINTA-5-675x450.jpg 675w\" sizes=\"auto, (max-width: 864px) 100vw, 864px\" \/><\/figure><\/div>\n\n\n\n<p class=\"wp-block-paragraph\"><strong>El acto<\/strong> se cumpli\u00f3 en la ma\u00f1ana de este martes, en el Centro Social y Cultural Jorge Barracchia, y <strong>fue encabezado por el intendente municipal, doctor Miguel Fern\u00e1ndez<\/strong>, acompa\u00f1ado por el Director del Ente Descentralizado, Miguel \u00abPaco\u00bb Mul\u00e1n.<\/p>\n\n\n\n<p class=\"wp-block-paragraph\">Estuvieron presentes \u00fanicamente los vecinos encargados de firmar las actas de sorteo de ubicaci\u00f3n y recepci\u00f3n de llaves de la casa adjudicada, debido a la situaci\u00f3n sanitaria como consecuencia de la pandemia de Covid-19. <\/p>\n\n\n\n<p class=\"wp-block-paragraph\"><strong><a href=\"https:\/\/www.facebook.com\/municipio.trenquelauquen\/posts\/4434189289985386?__xts__[0]=68.ARAMoD-3JHciSNF9BrTNu9GBzzLzic4WtvWpWYKNFr3QQ1gxz8EDGOXwpPN7fS866QtCC6bLnFbZLwZKW7jIkwJbaC9C8tXdzPMbxHk-KdGjiTU-jCMiTr0k2-HtcENHPxsUw4guAl3SgwCRGilxHjv4YV05waJKLaJPqbsb_bxM3pms0hYcTT-zyBQ-blvndUyB8d9Df1JWmE-_RsD6cVbpJiQQaDOUCKRDnCYoE471VLUkS5Ws0qRyO-rTt5qgp8g1q_QQyKCG8lF5rryJgL8ZwlWP3yylODUDflmNI8d_7mm7DTCf2pSWILBLDrIM6KbQ4Ru4AR9mlUw0FBOXYFWkvg&amp;__tn__=-R\" target=\"_blank\" rel=\"noreferrer noopener\">\u201cQuiero agradecerles por haber confiado en la Municipalidad<\/a><\/strong> para este proyecto, y sobre todo por haber tenido la paciencia cuando fue necesario tenerla para entender los momentos\u201d, se\u00f1al\u00f3 Fern\u00e1ndez en una parte de su discurso. <\/p>\n\n\n\n<p class=\"wp-block-paragraph\">\u201cCuando est\u00e1bamos bastante en ritmo nos encontr\u00f3 la pandemia y <strong>lo que encontr\u00e9 en ustedes es esa mutua comprensi\u00f3n de los problemas que naturalmente aparecen<\/strong>\u00ab, apunt\u00f3. En el mismo sentido se\u00f1al\u00f3 que \u00aben el entendimiento, la compresi\u00f3n y el di\u00e1logo es donde se van encontrando las soluciones\u201d.<\/p>\n\n\n\n<p class=\"wp-block-paragraph\">Fern\u00e1ndez consider\u00f3 que \u201cesta pandemia nos ha desafiado desde el primer d\u00eda, nos entorpeci\u00f3 el final de obra, pero con Nadia (Correa), que pudo conducir muy bien a todas las cuadrillas, llegamos a este punto tan esperado por todos: por ustedes para tener su casa y para nosotros para cumplir con la palabra\u201d.<\/p>\n\n\n\n<figure class=\"wp-block-embed-facebook wp-block-embed is-type-video is-provider-facebook\"><div class=\"wp-block-embed__wrapper\">\nhttps:\/\/www.facebook.com\/municipio.trenquelauquen\/videos\/2828949960725632\/\n<\/div><\/figure>\n\n\n\n<p class=\"wp-block-paragraph\"><\/p>\n\n\n\n<p class=\"wp-block-paragraph\"><\/p>\n","protected":false},"excerpt":{"rendered":"<p>Se sortearon las ubicaciones y se entregaron a las familias propietarias las llaves de nueve&#8230;<\/p>\n","protected":false},"author":2,"featured_media":68107,"comment_status":"closed","ping_status":"open","sticky":false,"template":"","format":"standard","meta":{"footnotes":""},"categories":[201,1634],"tags":[909],"class_list":["post-68106","post","type-post","status-publish","format-standard","has-post-thumbnail","hentry","category-inferior9","category-empre-12","tag-municipal"],"featured_image_urls":{"full":["https:\/\/infoecos.com.ar\/wp-content\/uploads\/2020\/09\/ACTO-TREINTA-5.jpg",864,576,false],"thumbnail":["https:\/\/infoecos.com.ar\/wp-content\/uploads\/2020\/09\/ACTO-TREINTA-5-150x150.jpg",150,150,true],"medium":["https:\/\/infoecos.com.ar\/wp-content\/uploads\/2020\/09\/ACTO-TREINTA-5-460x307.jpg",460,307,true],"medium_large":["https:\/\/infoecos.com.ar\/wp-content\/uploads\/2020\/09\/ACTO-TREINTA-5-768x512.jpg",640,427,true],"large":["https:\/\/infoecos.com.ar\/wp-content\/uploads\/2020\/09\/ACTO-TREINTA-5.jpg",640,427,false],"1536x1536":["https:\/\/infoecos.com.ar\/wp-content\/uploads\/2020\/09\/ACTO-TREINTA-5.jpg",864,576,false],"2048x2048":["https:\/\/infoecos.com.ar\/wp-content\/uploads\/2020\/09\/ACTO-TREINTA-5.jpg",864,576,false],"covernews-slider-full":["https:\/\/infoecos.com.ar\/wp-content\/uploads\/2020\/09\/ACTO-TREINTA-5.jpg",864,576,false],"covernews-slider-center":["https:\/\/infoecos.com.ar\/wp-content\/uploads\/2020\/09\/ACTO-TREINTA-5.jpg",750,500,false],"covernews-featured":["https:\/\/infoecos.com.ar\/wp-content\/uploads\/2020\/09\/ACTO-TREINTA-5.jpg",864,576,false],"covernews-medium":["https:\/\/infoecos.com.ar\/wp-content\/uploads\/2020\/09\/ACTO-TREINTA-5-720x380.jpg",540,285,true],"covernews-medium-square":["https:\/\/infoecos.com.ar\/wp-content\/uploads\/2020\/09\/ACTO-TREINTA-5-675x450.jpg",375,250,true]},"author_info":{"info":["Jorge Matheus"]},"category_info":"<a href=\"https:\/\/infoecos.com.ar\/index.php\/category\/inferior9\/\" rel=\"category tag\">Bloque inferior - 9<\/a> <a href=\"https:\/\/infoecos.com.ar\/index.php\/category\/empre-12\/\" rel=\"category tag\">Empre 12<\/a>","tag_info":"Empre 12","comment_count":"0","_links":{"self":[{"href":"https:\/\/infoecos.com.ar\/index.php\/wp-json\/wp\/v2\/posts\/68106","targetHints":{"allow":["GET"]}}],"collection":[{"href":"https:\/\/infoecos.com.ar\/index.php\/wp-json\/wp\/v2\/posts"}],"about":[{"href":"https:\/\/infoecos.com.ar\/index.php\/wp-json\/wp\/v2\/types\/post"}],"author":[{"embeddable":true,"href":"https:\/\/infoecos.com.ar\/index.php\/wp-json\/wp\/v2\/users\/2"}],"replies":[{"embeddable":true,"href":"https:\/\/infoecos.com.ar\/index.php\/wp-json\/wp\/v2\/comments?post=68106"}],"version-history":[{"count":2,"href":"https:\/\/infoecos.com.ar\/index.php\/wp-json\/wp\/v2\/posts\/68106\/revisions"}],"predecessor-version":[{"id":68111,"href":"https:\/\/infoecos.com.ar\/index.php\/wp-json\/wp\/v2\/posts\/68106\/revisions\/68111"}],"wp:featuredmedia":[{"embeddable":true,"href":"https:\/\/infoecos.com.ar\/index.php\/wp-json\/wp\/v2\/media\/68107"}],"wp:attachment":[{"href":"https:\/\/infoecos.com.ar\/index.php\/wp-json\/wp\/v2\/media?parent=68106"}],"wp:term":[{"taxonomy":"category","embeddable":true,"href":"https:\/\/infoecos.com.ar\/index.php\/wp-json\/wp\/v2\/categories?post=68106"},{"taxonomy":"post_tag","embeddable":true,"href":"https:\/\/infoecos.com.ar\/index.php\/wp-json\/wp\/v2\/tags?post=68106"}],"curies":[{"name":"wp","href":"https:\/\/api.w.org\/{rel}","templated":true}]}}