{"id":68132,"date":"2020-09-22T16:41:32","date_gmt":"2020-09-22T19:41:32","guid":{"rendered":"http:\/\/infoecos.com.ar\/?p=68132"},"modified":"2020-09-24T01:47:55","modified_gmt":"2020-09-24T04:47:55","slug":"en-lincoln-prorrogan-la-suspension-de-las-actividades-no-esenciales","status":"publish","type":"post","link":"https:\/\/infoecos.com.ar\/index.php\/en-lincoln-prorrogan-la-suspension-de-las-actividades-no-esenciales\/","title":{"rendered":"En Lincoln prorrogan la suspensi\u00f3n de las actividades no esenciales"},"content":{"rendered":"\n<p class=\"wp-block-paragraph\">El Departamento Ejecutivo de Lincoln prorrog\u00f3&nbsp;hasta el domingo 27 de septiembre, inclusive, la suspensi\u00f3n de todas las actividades consideradas no esenciales y que involucren&nbsp;la participaci\u00f3n de m\u00e1s de&nbsp;una persona. La medida alcanza a todos los eventos recreativos, sociales, culturales, art\u00edsticos, deportivos, pol\u00edticos y religiosos que no sean individuales.&nbsp;<\/p>\n\n\n\n<div class=\"wp-block-image\"><figure class=\"aligncenter size-large\"><img loading=\"lazy\" decoding=\"async\" width=\"600\" height=\"400\" src=\"http:\/\/infoecos.com.ar\/wp-content\/uploads\/Lincoln-Buenos-Aires.jpg\" alt=\"\" class=\"wp-image-62917\" srcset=\"https:\/\/infoecos.com.ar\/wp-content\/uploads\/Lincoln-Buenos-Aires.jpg 600w, https:\/\/infoecos.com.ar\/wp-content\/uploads\/Lincoln-Buenos-Aires-460x307.jpg 460w\" sizes=\"auto, (max-width: 600px) 100vw, 600px\" \/><\/figure><\/div>\n\n\n\n<p class=\"wp-block-paragraph\">Seg\u00fan explicaron esta determinaci\u00f3n es necesaria para reducir la circulaci\u00f3n y los encuentros entre personas,&nbsp;y&nbsp;evitar nuevos contagios.&nbsp;&nbsp;<\/p>\n\n\n\n<p class=\"wp-block-paragraph\">Autoridades sanitarias insistieron en la importancia de&nbsp;\u201ccortar la cadena de reproducci\u00f3n del virus, mientras se aguardan los resultados de&nbsp;algunos&nbsp;hisopados y&nbsp;se&nbsp;monitorea la&nbsp;evoluci\u00f3n de los casos sospechosos que se encuentran en aislamiento\u201d.&nbsp;<\/p>\n\n\n\n<p class=\"wp-block-paragraph\">En esa l\u00ednea, indicaron que la medida tomada \u201cha logrado disminuir la circulaci\u00f3n de personas durante el pasado fin de semana y en el d\u00eda de la primavera,&nbsp;colaborando con el cumplimiento de los protocolos\u201d.&nbsp;<\/p>\n\n\n\n<p class=\"wp-block-paragraph\">Se solicit\u00f3 a la poblaci\u00f3n evitar la concurrencia a espacios verdes p\u00fablicos como tambi\u00e9n reducir las salidas a la v\u00eda p\u00fablica que no sean estrictamente necesarias como cuestiones de salud, trabajo, aprovisionamiento de v\u00edveres y esparcimiento o actividad deportiva individual.&nbsp;<\/p>\n\n\n\n<p class=\"wp-block-paragraph\">Se mantienen habilitadas las actividades comerciales y econ\u00f3micas de acuerdo a las medidas de distanciamiento social y protocolos de higiene establecidos por el Ministerio de Salud&nbsp;para la Fase 5.&nbsp;<\/p>\n","protected":false},"excerpt":{"rendered":"<p> La medida alcanza a todos los eventos recreativos, sociales, culturales, art\u00edsticos, deportivos, pol\u00edticos y religiosos que no sean individuales<\/p>\n","protected":false},"author":2,"featured_media":62917,"comment_status":"closed","ping_status":"open","sticky":false,"template":"","format":"standard","meta":{"footnotes":""},"categories":[1330],"tags":[909],"class_list":["post-68132","post","type-post","status-publish","format-standard","has-post-thumbnail","hentry","category-inferior10","tag-municipal"],"featured_image_urls":{"full":["https:\/\/infoecos.com.ar\/wp-content\/uploads\/Lincoln-Buenos-Aires.jpg",600,400,false],"thumbnail":["https:\/\/infoecos.com.ar\/wp-content\/uploads\/Lincoln-Buenos-Aires-150x150.jpg",150,150,true],"medium":["https:\/\/infoecos.com.ar\/wp-content\/uploads\/Lincoln-Buenos-Aires-460x307.jpg",460,307,true],"medium_large":["https:\/\/infoecos.com.ar\/wp-content\/uploads\/Lincoln-Buenos-Aires.jpg",600,400,false],"large":["https:\/\/infoecos.com.ar\/wp-content\/uploads\/Lincoln-Buenos-Aires.jpg",600,400,false],"1536x1536":["https:\/\/infoecos.com.ar\/wp-content\/uploads\/Lincoln-Buenos-Aires.jpg",600,400,false],"2048x2048":["https:\/\/infoecos.com.ar\/wp-content\/uploads\/Lincoln-Buenos-Aires.jpg",600,400,false],"covernews-slider-full":["https:\/\/infoecos.com.ar\/wp-content\/uploads\/Lincoln-Buenos-Aires.jpg",600,400,false],"covernews-slider-center":["https:\/\/infoecos.com.ar\/wp-content\/uploads\/Lincoln-Buenos-Aires.jpg",600,400,false],"covernews-featured":["https:\/\/infoecos.com.ar\/wp-content\/uploads\/Lincoln-Buenos-Aires.jpg",600,400,false],"covernews-medium":["https:\/\/infoecos.com.ar\/wp-content\/uploads\/Lincoln-Buenos-Aires-600x380.jpg",537,340,true],"covernews-medium-square":["https:\/\/infoecos.com.ar\/wp-content\/uploads\/Lincoln-Buenos-Aires.jpg",375,250,false]},"author_info":{"info":["Jorge Matheus"]},"category_info":"<a href=\"https:\/\/infoecos.com.ar\/index.php\/category\/inferior10\/\" rel=\"category tag\">Bloque inferior - 10<\/a>","tag_info":"Bloque inferior - 10","comment_count":"0","_links":{"self":[{"href":"https:\/\/infoecos.com.ar\/index.php\/wp-json\/wp\/v2\/posts\/68132","targetHints":{"allow":["GET"]}}],"collection":[{"href":"https:\/\/infoecos.com.ar\/index.php\/wp-json\/wp\/v2\/posts"}],"about":[{"href":"https:\/\/infoecos.com.ar\/index.php\/wp-json\/wp\/v2\/types\/post"}],"author":[{"embeddable":true,"href":"https:\/\/infoecos.com.ar\/index.php\/wp-json\/wp\/v2\/users\/2"}],"replies":[{"embeddable":true,"href":"https:\/\/infoecos.com.ar\/index.php\/wp-json\/wp\/v2\/comments?post=68132"}],"version-history":[{"count":2,"href":"https:\/\/infoecos.com.ar\/index.php\/wp-json\/wp\/v2\/posts\/68132\/revisions"}],"predecessor-version":[{"id":68208,"href":"https:\/\/infoecos.com.ar\/index.php\/wp-json\/wp\/v2\/posts\/68132\/revisions\/68208"}],"wp:featuredmedia":[{"embeddable":true,"href":"https:\/\/infoecos.com.ar\/index.php\/wp-json\/wp\/v2\/media\/62917"}],"wp:attachment":[{"href":"https:\/\/infoecos.com.ar\/index.php\/wp-json\/wp\/v2\/media?parent=68132"}],"wp:term":[{"taxonomy":"category","embeddable":true,"href":"https:\/\/infoecos.com.ar\/index.php\/wp-json\/wp\/v2\/categories?post=68132"},{"taxonomy":"post_tag","embeddable":true,"href":"https:\/\/infoecos.com.ar\/index.php\/wp-json\/wp\/v2\/tags?post=68132"}],"curies":[{"name":"wp","href":"https:\/\/api.w.org\/{rel}","templated":true}]}}