{"id":68316,"date":"2020-09-24T16:37:46","date_gmt":"2020-09-24T19:37:46","guid":{"rendered":"http:\/\/infoecos.com.ar\/?p=68316"},"modified":"2020-09-24T17:10:24","modified_gmt":"2020-09-24T20:10:24","slug":"punto-limpio-de-residuos-reciclables-en-el-barrio-parque-evita-centenario-de-trenque-lauquen","status":"publish","type":"post","link":"https:\/\/infoecos.com.ar\/index.php\/punto-limpio-de-residuos-reciclables-en-el-barrio-parque-evita-centenario-de-trenque-lauquen\/","title":{"rendered":"Punto Limpio de residuos reciclables en el Barrio Parque-Evita Centenario de Trenque Lauquen"},"content":{"rendered":"\n<p>En la semana del 26\u00ba aniversario del Prolim, la municipalidad de Trenque Lauquen y los vecinos del Barrio Parque-Evita Centenario instalaron un nuevo Punto Limpio de Recepci\u00f3n de residuos reciclables: envases vac\u00edos y limpios de botellas de pl\u00e1stico de bebidas o de limpieza, tarros vac\u00edos de shampoo, cajitas de todo tipo, tetrabricks, vidrio, latas, papel y cart\u00f3n.<\/p>\n\n\n\n<div class=\"wp-block-image\"><figure class=\"aligncenter size-medium\"><img loading=\"lazy\" decoding=\"async\" width=\"345\" height=\"460\" src=\"http:\/\/infoecos.com.ar\/wp-content\/uploads\/2020\/09\/PUNTOS-LIMPIOS-3-345x460.jpeg\" alt=\"\" class=\"wp-image-68317\" srcset=\"https:\/\/infoecos.com.ar\/wp-content\/uploads\/2020\/09\/PUNTOS-LIMPIOS-3-345x460.jpeg 345w, https:\/\/infoecos.com.ar\/wp-content\/uploads\/2020\/09\/PUNTOS-LIMPIOS-3-690x920.jpeg 690w, https:\/\/infoecos.com.ar\/wp-content\/uploads\/2020\/09\/PUNTOS-LIMPIOS-3-768x1024.jpeg 768w, https:\/\/infoecos.com.ar\/wp-content\/uploads\/2020\/09\/PUNTOS-LIMPIOS-3.jpeg 780w\" sizes=\"(max-width: 345px) 100vw, 345px\" \/><\/figure><\/div>\n\n\n\n<p>Desde la direcci\u00f3n de Ambiente y Desarrollo Sustentable aclaran que no se trabaja con botellitas rellenas de papel que son conocidas como \u201cbotellitas de amor\u201d y que ante cualquier duda, previamente consulten por tel\u00e9fono o WhatsApp al n\u00famero (2392) 61-0627.<\/p>\n\n\n\n<p>El Punto Limpio fue instalado en calle Schweitzer, esquina Salk y Lagos, por el alto compromiso de los vecinos y por la gran participaci\u00f3n que tienen en el Ecocanje domiciliario que se viene realizando desde marzo 2020 en el marco de la pandemia.<\/p>\n\n\n\n<div class=\"wp-block-image\"><figure class=\"aligncenter size-medium\"><img loading=\"lazy\" decoding=\"async\" width=\"345\" height=\"460\" src=\"http:\/\/infoecos.com.ar\/wp-content\/uploads\/2020\/09\/PUNTOS-LIMPIOS-345x460.jpeg\" alt=\"\" class=\"wp-image-68318\" srcset=\"https:\/\/infoecos.com.ar\/wp-content\/uploads\/2020\/09\/PUNTOS-LIMPIOS-345x460.jpeg 345w, https:\/\/infoecos.com.ar\/wp-content\/uploads\/2020\/09\/PUNTOS-LIMPIOS-690x920.jpeg 690w, https:\/\/infoecos.com.ar\/wp-content\/uploads\/2020\/09\/PUNTOS-LIMPIOS-768x1024.jpeg 768w, https:\/\/infoecos.com.ar\/wp-content\/uploads\/2020\/09\/PUNTOS-LIMPIOS.jpeg 780w\" sizes=\"(max-width: 345px) 100vw, 345px\" \/><\/figure><\/div>\n\n\n\n<p>Desde el Polo Ambiental destacan la actitud solidaria y responsable de este sector de la comunidad que ha decidido apostar a convertirse en un barrio sustentable, limpio, comprometido y solidario, y alientan a estos vecinos y a los de los diferentes barrios de la ciudad a que sigan separando y reciclando.<\/p>\n\n\n\n<p>Otros Puntos Limpios activos en Trenque Lauquen est\u00e1n ubicados en Supermercado La An\u00f3nima (Garc\u00eda Salinas y Pinc\u00e9n), Supermercado Cooperativa Obrera (3 de Caballer\u00eda y Pasteur), Supermercado Carnes del Colegio (Roca, al 200), Escuela Los M\u00e9danos, Colegio n\u00ba8, Plaza del Bicentenario, Ampliaci\u00f3n Urbana y ahora este de Barrio Parque.<\/p>\n","protected":false},"excerpt":{"rendered":"<p>El Punto Limpio fue instalado en calle Schweitzer, esquina Salk y Lagos<\/p>\n","protected":false},"author":2,"featured_media":68319,"comment_status":"closed","ping_status":"open","sticky":false,"template":"","format":"standard","meta":{"footnotes":""},"categories":[1325],"tags":[1909],"class_list":["post-68316","post","type-post","status-publish","format-standard","has-post-thumbnail","hentry","category-c1nota6","tag-en-la-semana-del-26o-aniversario-del-prolim"],"yoast_head":"<!-- This site is optimized with the Yoast SEO plugin v23.4 - https:\/\/yoast.com\/wordpress\/plugins\/seo\/ -->\n<title>Punto Limpio de residuos reciclables en el Barrio Parque-Evita Centenario de Trenque Lauquen - Infoecos<\/title>\n<meta name=\"robots\" content=\"index, follow, max-snippet:-1, max-image-preview:large, max-video-preview:-1\" \/>\n<link rel=\"canonical\" href=\"https:\/\/infoecos.com.ar\/index.php\/punto-limpio-de-residuos-reciclables-en-el-barrio-parque-evita-centenario-de-trenque-lauquen\/\" \/>\n<meta property=\"og:locale\" content=\"es_ES\" \/>\n<meta property=\"og:type\" content=\"article\" \/>\n<meta property=\"og:title\" content=\"Punto Limpio de residuos reciclables en el Barrio Parque-Evita Centenario de Trenque Lauquen - Infoecos\" \/>\n<meta property=\"og:description\" content=\"El Punto Limpio fue instalado en calle Schweitzer, esquina Salk y Lagos\" \/>\n<meta property=\"og:url\" content=\"https:\/\/infoecos.com.ar\/index.php\/punto-limpio-de-residuos-reciclables-en-el-barrio-parque-evita-centenario-de-trenque-lauquen\/\" \/>\n<meta property=\"og:site_name\" content=\"Infoecos\" \/>\n<meta property=\"article:publisher\" content=\"https:\/\/www.facebook.com\/profile.php?id=100063200290284\" \/>\n<meta property=\"article:published_time\" content=\"2020-09-24T19:37:46+00:00\" \/>\n<meta property=\"article:modified_time\" content=\"2020-09-24T20:10:24+00:00\" \/>\n<meta property=\"og:image\" content=\"https:\/\/infoecos.com.ar\/wp-content\/uploads\/2020\/09\/PUNTOS-LIMPIOS-1.jpeg\" \/>\n\t<meta property=\"og:image:width\" content=\"780\" \/>\n\t<meta property=\"og:image:height\" content=\"1040\" \/>\n\t<meta property=\"og:image:type\" content=\"image\/jpeg\" \/>\n<meta name=\"author\" content=\"Jorge Matheus\" \/>\n<meta name=\"twitter:card\" content=\"summary_large_image\" \/>\n<meta name=\"twitter:creator\" content=\"@infoecos\" \/>\n<meta name=\"twitter:site\" content=\"@infoecos\" \/>\n<meta name=\"twitter:label1\" content=\"Escrito por\" \/>\n\t<meta name=\"twitter:data1\" content=\"Jorge Matheus\" \/>\n\t<meta name=\"twitter:label2\" content=\"Tiempo de lectura\" \/>\n\t<meta name=\"twitter:data2\" content=\"1 minuto\" \/>\n<script type=\"application\/ld+json\" class=\"yoast-schema-graph\">{\"@context\":\"https:\/\/schema.org\",\"@graph\":[{\"@type\":\"Article\",\"@id\":\"https:\/\/infoecos.com.ar\/index.php\/punto-limpio-de-residuos-reciclables-en-el-barrio-parque-evita-centenario-de-trenque-lauquen\/#article\",\"isPartOf\":{\"@id\":\"https:\/\/infoecos.com.ar\/index.php\/punto-limpio-de-residuos-reciclables-en-el-barrio-parque-evita-centenario-de-trenque-lauquen\/\"},\"author\":{\"name\":\"Jorge Matheus\",\"@id\":\"https:\/\/infoecos.com.ar\/#\/schema\/person\/8f5ace5ce73b4b4aac4b7245aee6f191\"},\"headline\":\"Punto Limpio de residuos reciclables en el Barrio Parque-Evita Centenario de Trenque Lauquen\",\"datePublished\":\"2020-09-24T19:37:46+00:00\",\"dateModified\":\"2020-09-24T20:10:24+00:00\",\"mainEntityOfPage\":{\"@id\":\"https:\/\/infoecos.com.ar\/index.php\/punto-limpio-de-residuos-reciclables-en-el-barrio-parque-evita-centenario-de-trenque-lauquen\/\"},\"wordCount\":263,\"publisher\":{\"@id\":\"https:\/\/infoecos.com.ar\/#organization\"},\"image\":{\"@id\":\"https:\/\/infoecos.com.ar\/index.php\/punto-limpio-de-residuos-reciclables-en-el-barrio-parque-evita-centenario-de-trenque-lauquen\/#primaryimage\"},\"thumbnailUrl\":\"https:\/\/infoecos.com.ar\/wp-content\/uploads\/2020\/09\/PUNTOS-LIMPIOS-1.jpeg\",\"keywords\":[\"En la semana del 26\u00ba aniversario del Prolim\"],\"articleSection\":[\"C1 nota 6\"],\"inLanguage\":\"es\"},{\"@type\":\"WebPage\",\"@id\":\"https:\/\/infoecos.com.ar\/index.php\/punto-limpio-de-residuos-reciclables-en-el-barrio-parque-evita-centenario-de-trenque-lauquen\/\",\"url\":\"https:\/\/infoecos.com.ar\/index.php\/punto-limpio-de-residuos-reciclables-en-el-barrio-parque-evita-centenario-de-trenque-lauquen\/\",\"name\":\"Punto Limpio de residuos reciclables en el Barrio Parque-Evita Centenario de Trenque Lauquen - Infoecos\",\"isPartOf\":{\"@id\":\"https:\/\/infoecos.com.ar\/#website\"},\"primaryImageOfPage\":{\"@id\":\"https:\/\/infoecos.com.ar\/index.php\/punto-limpio-de-residuos-reciclables-en-el-barrio-parque-evita-centenario-de-trenque-lauquen\/#primaryimage\"},\"image\":{\"@id\":\"https:\/\/infoecos.com.ar\/index.php\/punto-limpio-de-residuos-reciclables-en-el-barrio-parque-evita-centenario-de-trenque-lauquen\/#primaryimage\"},\"thumbnailUrl\":\"https:\/\/infoecos.com.ar\/wp-content\/uploads\/2020\/09\/PUNTOS-LIMPIOS-1.jpeg\",\"datePublished\":\"2020-09-24T19:37:46+00:00\",\"dateModified\":\"2020-09-24T20:10:24+00:00\",\"breadcrumb\":{\"@id\":\"https:\/\/infoecos.com.ar\/index.php\/punto-limpio-de-residuos-reciclables-en-el-barrio-parque-evita-centenario-de-trenque-lauquen\/#breadcrumb\"},\"inLanguage\":\"es\",\"potentialAction\":[{\"@type\":\"ReadAction\",\"target\":[\"https:\/\/infoecos.com.ar\/index.php\/punto-limpio-de-residuos-reciclables-en-el-barrio-parque-evita-centenario-de-trenque-lauquen\/\"]}]},{\"@type\":\"ImageObject\",\"inLanguage\":\"es\",\"@id\":\"https:\/\/infoecos.com.ar\/index.php\/punto-limpio-de-residuos-reciclables-en-el-barrio-parque-evita-centenario-de-trenque-lauquen\/#primaryimage\",\"url\":\"https:\/\/infoecos.com.ar\/wp-content\/uploads\/2020\/09\/PUNTOS-LIMPIOS-1.jpeg\",\"contentUrl\":\"https:\/\/infoecos.com.ar\/wp-content\/uploads\/2020\/09\/PUNTOS-LIMPIOS-1.jpeg\",\"width\":780,\"height\":1040},{\"@type\":\"BreadcrumbList\",\"@id\":\"https:\/\/infoecos.com.ar\/index.php\/punto-limpio-de-residuos-reciclables-en-el-barrio-parque-evita-centenario-de-trenque-lauquen\/#breadcrumb\",\"itemListElement\":[{\"@type\":\"ListItem\",\"position\":1,\"name\":\"Portada\",\"item\":\"https:\/\/infoecos.com.ar\/\"},{\"@type\":\"ListItem\",\"position\":2,\"name\":\"Punto Limpio de residuos reciclables en el Barrio Parque-Evita Centenario de Trenque Lauquen\"}]},{\"@type\":\"WebSite\",\"@id\":\"https:\/\/infoecos.com.ar\/#website\",\"url\":\"https:\/\/infoecos.com.ar\/\",\"name\":\"Infoecos\",\"description\":\"Noticias de trenque lauquen y la zona\",\"publisher\":{\"@id\":\"https:\/\/infoecos.com.ar\/#organization\"},\"alternateName\":\"Noticias\",\"potentialAction\":[{\"@type\":\"SearchAction\",\"target\":{\"@type\":\"EntryPoint\",\"urlTemplate\":\"https:\/\/infoecos.com.ar\/?s={search_term_string}\"},\"query-input\":{\"@type\":\"PropertyValueSpecification\",\"valueRequired\":true,\"valueName\":\"search_term_string\"}}],\"inLanguage\":\"es\"},{\"@type\":\"Organization\",\"@id\":\"https:\/\/infoecos.com.ar\/#organization\",\"name\":\"Infoecos\",\"alternateName\":\"Noticias\",\"url\":\"https:\/\/infoecos.com.ar\/\",\"logo\":{\"@type\":\"ImageObject\",\"inLanguage\":\"es\",\"@id\":\"https:\/\/infoecos.com.ar\/#\/schema\/logo\/image\/\",\"url\":\"https:\/\/infoecos.com.ar\/wp-content\/uploads\/2024\/03\/cropped-logo.png\",\"contentUrl\":\"https:\/\/infoecos.com.ar\/wp-content\/uploads\/2024\/03\/cropped-logo.png\",\"width\":374,\"height\":90,\"caption\":\"Infoecos\"},\"image\":{\"@id\":\"https:\/\/infoecos.com.ar\/#\/schema\/logo\/image\/\"},\"sameAs\":[\"https:\/\/www.facebook.com\/profile.php?id=100063200290284\",\"https:\/\/x.com\/infoecos\"]},{\"@type\":\"Person\",\"@id\":\"https:\/\/infoecos.com.ar\/#\/schema\/person\/8f5ace5ce73b4b4aac4b7245aee6f191\",\"name\":\"Jorge Matheus\",\"url\":\"https:\/\/infoecos.com.ar\/index.php\/author\/jomatheus\/\"}]}<\/script>\n<!-- \/ Yoast SEO plugin. -->","yoast_head_json":{"title":"Punto Limpio de residuos reciclables en el Barrio Parque-Evita Centenario de Trenque Lauquen - Infoecos","robots":{"index":"index","follow":"follow","max-snippet":"max-snippet:-1","max-image-preview":"max-image-preview:large","max-video-preview":"max-video-preview:-1"},"canonical":"https:\/\/infoecos.com.ar\/index.php\/punto-limpio-de-residuos-reciclables-en-el-barrio-parque-evita-centenario-de-trenque-lauquen\/","og_locale":"es_ES","og_type":"article","og_title":"Punto Limpio de residuos reciclables en el Barrio Parque-Evita Centenario de Trenque Lauquen - Infoecos","og_description":"El Punto Limpio fue instalado en calle Schweitzer, esquina Salk y Lagos","og_url":"https:\/\/infoecos.com.ar\/index.php\/punto-limpio-de-residuos-reciclables-en-el-barrio-parque-evita-centenario-de-trenque-lauquen\/","og_site_name":"Infoecos","article_publisher":"https:\/\/www.facebook.com\/profile.php?id=100063200290284","article_published_time":"2020-09-24T19:37:46+00:00","article_modified_time":"2020-09-24T20:10:24+00:00","og_image":[{"width":780,"height":1040,"url":"https:\/\/infoecos.com.ar\/wp-content\/uploads\/2020\/09\/PUNTOS-LIMPIOS-1.jpeg","type":"image\/jpeg"}],"author":"Jorge Matheus","twitter_card":"summary_large_image","twitter_creator":"@infoecos","twitter_site":"@infoecos","twitter_misc":{"Escrito por":"Jorge Matheus","Tiempo de lectura":"1 minuto"},"schema":{"@context":"https:\/\/schema.org","@graph":[{"@type":"Article","@id":"https:\/\/infoecos.com.ar\/index.php\/punto-limpio-de-residuos-reciclables-en-el-barrio-parque-evita-centenario-de-trenque-lauquen\/#article","isPartOf":{"@id":"https:\/\/infoecos.com.ar\/index.php\/punto-limpio-de-residuos-reciclables-en-el-barrio-parque-evita-centenario-de-trenque-lauquen\/"},"author":{"name":"Jorge Matheus","@id":"https:\/\/infoecos.com.ar\/#\/schema\/person\/8f5ace5ce73b4b4aac4b7245aee6f191"},"headline":"Punto Limpio de residuos reciclables en el Barrio Parque-Evita Centenario de Trenque Lauquen","datePublished":"2020-09-24T19:37:46+00:00","dateModified":"2020-09-24T20:10:24+00:00","mainEntityOfPage":{"@id":"https:\/\/infoecos.com.ar\/index.php\/punto-limpio-de-residuos-reciclables-en-el-barrio-parque-evita-centenario-de-trenque-lauquen\/"},"wordCount":263,"publisher":{"@id":"https:\/\/infoecos.com.ar\/#organization"},"image":{"@id":"https:\/\/infoecos.com.ar\/index.php\/punto-limpio-de-residuos-reciclables-en-el-barrio-parque-evita-centenario-de-trenque-lauquen\/#primaryimage"},"thumbnailUrl":"https:\/\/infoecos.com.ar\/wp-content\/uploads\/2020\/09\/PUNTOS-LIMPIOS-1.jpeg","keywords":["En la semana del 26\u00ba aniversario del Prolim"],"articleSection":["C1 nota 6"],"inLanguage":"es"},{"@type":"WebPage","@id":"https:\/\/infoecos.com.ar\/index.php\/punto-limpio-de-residuos-reciclables-en-el-barrio-parque-evita-centenario-de-trenque-lauquen\/","url":"https:\/\/infoecos.com.ar\/index.php\/punto-limpio-de-residuos-reciclables-en-el-barrio-parque-evita-centenario-de-trenque-lauquen\/","name":"Punto Limpio de residuos reciclables en el Barrio Parque-Evita Centenario de Trenque Lauquen - Infoecos","isPartOf":{"@id":"https:\/\/infoecos.com.ar\/#website"},"primaryImageOfPage":{"@id":"https:\/\/infoecos.com.ar\/index.php\/punto-limpio-de-residuos-reciclables-en-el-barrio-parque-evita-centenario-de-trenque-lauquen\/#primaryimage"},"image":{"@id":"https:\/\/infoecos.com.ar\/index.php\/punto-limpio-de-residuos-reciclables-en-el-barrio-parque-evita-centenario-de-trenque-lauquen\/#primaryimage"},"thumbnailUrl":"https:\/\/infoecos.com.ar\/wp-content\/uploads\/2020\/09\/PUNTOS-LIMPIOS-1.jpeg","datePublished":"2020-09-24T19:37:46+00:00","dateModified":"2020-09-24T20:10:24+00:00","breadcrumb":{"@id":"https:\/\/infoecos.com.ar\/index.php\/punto-limpio-de-residuos-reciclables-en-el-barrio-parque-evita-centenario-de-trenque-lauquen\/#breadcrumb"},"inLanguage":"es","potentialAction":[{"@type":"ReadAction","target":["https:\/\/infoecos.com.ar\/index.php\/punto-limpio-de-residuos-reciclables-en-el-barrio-parque-evita-centenario-de-trenque-lauquen\/"]}]},{"@type":"ImageObject","inLanguage":"es","@id":"https:\/\/infoecos.com.ar\/index.php\/punto-limpio-de-residuos-reciclables-en-el-barrio-parque-evita-centenario-de-trenque-lauquen\/#primaryimage","url":"https:\/\/infoecos.com.ar\/wp-content\/uploads\/2020\/09\/PUNTOS-LIMPIOS-1.jpeg","contentUrl":"https:\/\/infoecos.com.ar\/wp-content\/uploads\/2020\/09\/PUNTOS-LIMPIOS-1.jpeg","width":780,"height":1040},{"@type":"BreadcrumbList","@id":"https:\/\/infoecos.com.ar\/index.php\/punto-limpio-de-residuos-reciclables-en-el-barrio-parque-evita-centenario-de-trenque-lauquen\/#breadcrumb","itemListElement":[{"@type":"ListItem","position":1,"name":"Portada","item":"https:\/\/infoecos.com.ar\/"},{"@type":"ListItem","position":2,"name":"Punto Limpio de residuos reciclables en el Barrio Parque-Evita Centenario de Trenque Lauquen"}]},{"@type":"WebSite","@id":"https:\/\/infoecos.com.ar\/#website","url":"https:\/\/infoecos.com.ar\/","name":"Infoecos","description":"Noticias de trenque lauquen y la zona","publisher":{"@id":"https:\/\/infoecos.com.ar\/#organization"},"alternateName":"Noticias","potentialAction":[{"@type":"SearchAction","target":{"@type":"EntryPoint","urlTemplate":"https:\/\/infoecos.com.ar\/?s={search_term_string}"},"query-input":{"@type":"PropertyValueSpecification","valueRequired":true,"valueName":"search_term_string"}}],"inLanguage":"es"},{"@type":"Organization","@id":"https:\/\/infoecos.com.ar\/#organization","name":"Infoecos","alternateName":"Noticias","url":"https:\/\/infoecos.com.ar\/","logo":{"@type":"ImageObject","inLanguage":"es","@id":"https:\/\/infoecos.com.ar\/#\/schema\/logo\/image\/","url":"https:\/\/infoecos.com.ar\/wp-content\/uploads\/2024\/03\/cropped-logo.png","contentUrl":"https:\/\/infoecos.com.ar\/wp-content\/uploads\/2024\/03\/cropped-logo.png","width":374,"height":90,"caption":"Infoecos"},"image":{"@id":"https:\/\/infoecos.com.ar\/#\/schema\/logo\/image\/"},"sameAs":["https:\/\/www.facebook.com\/profile.php?id=100063200290284","https:\/\/x.com\/infoecos"]},{"@type":"Person","@id":"https:\/\/infoecos.com.ar\/#\/schema\/person\/8f5ace5ce73b4b4aac4b7245aee6f191","name":"Jorge Matheus","url":"https:\/\/infoecos.com.ar\/index.php\/author\/jomatheus\/"}]}},"featured_image_urls":{"full":["https:\/\/infoecos.com.ar\/wp-content\/uploads\/2020\/09\/PUNTOS-LIMPIOS-1.jpeg",780,1040,false],"thumbnail":["https:\/\/infoecos.com.ar\/wp-content\/uploads\/2020\/09\/PUNTOS-LIMPIOS-1-150x150.jpeg",150,150,true],"medium":["https:\/\/infoecos.com.ar\/wp-content\/uploads\/2020\/09\/PUNTOS-LIMPIOS-1-345x460.jpeg",345,460,true],"medium_large":["https:\/\/infoecos.com.ar\/wp-content\/uploads\/2020\/09\/PUNTOS-LIMPIOS-1-768x1024.jpeg",640,853,true],"large":["https:\/\/infoecos.com.ar\/wp-content\/uploads\/2020\/09\/PUNTOS-LIMPIOS-1-690x920.jpeg",640,853,true],"1536x1536":["https:\/\/infoecos.com.ar\/wp-content\/uploads\/2020\/09\/PUNTOS-LIMPIOS-1.jpeg",780,1040,false],"2048x2048":["https:\/\/infoecos.com.ar\/wp-content\/uploads\/2020\/09\/PUNTOS-LIMPIOS-1.jpeg",780,1040,false],"covernews-slider-full":["https:\/\/infoecos.com.ar\/wp-content\/uploads\/2020\/09\/PUNTOS-LIMPIOS-1-780x1020.jpeg",547,715,true],"covernews-slider-center":["https:\/\/infoecos.com.ar\/wp-content\/uploads\/2020\/09\/PUNTOS-LIMPIOS-1-780x897.jpeg",435,500,true],"covernews-featured":["https:\/\/infoecos.com.ar\/wp-content\/uploads\/2020\/09\/PUNTOS-LIMPIOS-1.jpeg",780,1040,false],"covernews-medium":["https:\/\/infoecos.com.ar\/wp-content\/uploads\/2020\/09\/PUNTOS-LIMPIOS-1-720x380.jpeg",540,285,true],"covernews-medium-square":["https:\/\/infoecos.com.ar\/wp-content\/uploads\/2020\/09\/PUNTOS-LIMPIOS-1-675x450.jpeg",375,250,true]},"author_info":{"info":["Jorge Matheus"]},"category_info":"<a href=\"https:\/\/infoecos.com.ar\/index.php\/category\/c1nota6\/\" rel=\"category tag\">C1 nota 6<\/a>","tag_info":"C1 nota 6","comment_count":"0","_links":{"self":[{"href":"https:\/\/infoecos.com.ar\/index.php\/wp-json\/wp\/v2\/posts\/68316"}],"collection":[{"href":"https:\/\/infoecos.com.ar\/index.php\/wp-json\/wp\/v2\/posts"}],"about":[{"href":"https:\/\/infoecos.com.ar\/index.php\/wp-json\/wp\/v2\/types\/post"}],"author":[{"embeddable":true,"href":"https:\/\/infoecos.com.ar\/index.php\/wp-json\/wp\/v2\/users\/2"}],"replies":[{"embeddable":true,"href":"https:\/\/infoecos.com.ar\/index.php\/wp-json\/wp\/v2\/comments?post=68316"}],"version-history":[{"count":1,"href":"https:\/\/infoecos.com.ar\/index.php\/wp-json\/wp\/v2\/posts\/68316\/revisions"}],"predecessor-version":[{"id":68320,"href":"https:\/\/infoecos.com.ar\/index.php\/wp-json\/wp\/v2\/posts\/68316\/revisions\/68320"}],"wp:featuredmedia":[{"embeddable":true,"href":"https:\/\/infoecos.com.ar\/index.php\/wp-json\/wp\/v2\/media\/68319"}],"wp:attachment":[{"href":"https:\/\/infoecos.com.ar\/index.php\/wp-json\/wp\/v2\/media?parent=68316"}],"wp:term":[{"taxonomy":"category","embeddable":true,"href":"https:\/\/infoecos.com.ar\/index.php\/wp-json\/wp\/v2\/categories?post=68316"},{"taxonomy":"post_tag","embeddable":true,"href":"https:\/\/infoecos.com.ar\/index.php\/wp-json\/wp\/v2\/tags?post=68316"}],"curies":[{"name":"wp","href":"https:\/\/api.w.org\/{rel}","templated":true}]}}