{"id":68366,"date":"2020-09-25T01:13:48","date_gmt":"2020-09-25T04:13:48","guid":{"rendered":"http:\/\/infoecos.com.ar\/?p=68366"},"modified":"2020-09-25T01:18:01","modified_gmt":"2020-09-25T04:18:01","slug":"el-bloque-de-concejales-de-juntos-por-el-cambio-propone-que-se-utilicen-las-veredas-en-el-sector-gastronomico","status":"publish","type":"post","link":"https:\/\/infoecos.com.ar\/index.php\/el-bloque-de-concejales-de-juntos-por-el-cambio-propone-que-se-utilicen-las-veredas-en-el-sector-gastronomico\/","title":{"rendered":"El bloque de concejales de Juntos por el Cambio propone que se utilicen las veredas en el sector gastron\u00f3mico"},"content":{"rendered":"\n<p>El bloque de concejales de Juntos por el Cambio de Trenque Lauquen present\u00f3 para su tratamiento en la d\u00e9cima segunda sesi\u00f3n ordinaria que habr\u00e1 de concretarse esta noche un proyecto para que \u00abpermitir la utilizaci\u00f3n de la v\u00eda p\u00fablica por parte de los comercios gastron\u00f3micos y afines del distrito, y regular la ocupaci\u00f3n del espacio p\u00fablico logrando extender hasta la vereda\u00bb. <\/p>\n\n\n\n<div class=\"wp-block-image\"><figure class=\"aligncenter size-medium\"><img loading=\"lazy\" decoding=\"async\" width=\"460\" height=\"237\" src=\"http:\/\/infoecos.com.ar\/wp-content\/uploads\/concejod-460x237.jpg\" alt=\"\" class=\"wp-image-61711\" srcset=\"https:\/\/infoecos.com.ar\/wp-content\/uploads\/concejod-460x237.jpg 460w, https:\/\/infoecos.com.ar\/wp-content\/uploads\/concejod-768x396.jpg 768w, https:\/\/infoecos.com.ar\/wp-content\/uploads\/concejod.jpg 825w\" sizes=\"(max-width: 460px) 100vw, 460px\" \/><figcaption>Concejo Deliberante de Trenque Lauquen<\/figcaption><\/figure><\/div>\n\n\n\n<p>El proyecto distribuido por el \u00e1rea de comunicaci\u00f3n del cuerpo legislativo se\u00f1ala en sus considerandos que \u201cesta iniciativa contempla la necesidad de brindar apoyo al sector gastron\u00f3mico en el contexto de COVID-19 al generar mayor \u00e1rea disponible para colocar mobiliario af\u00edn a esta actividad\u00bb. Se agrega que \u00abde esta manera podr\u00e1n ampliarse las capacidades de trabajo de estos comercios ya que para cumplir con el protocolo&nbsp; sanitario en la pandemia, los comercios gastron\u00f3micos debieron limitar la densidad de ocupaci\u00f3n de espacios y disponer con mayor separaci\u00f3n las mesas en el interior del local\u201d.<\/p>\n\n\n\n<p>En clara conversaci\u00f3n previa con el Departamento Ejecutivo, se apunta que \u00abse autoriza al Departamento Ejecutivo a delimitar \u00e1reas de esparcimiento&nbsp; y\/o plataformas de esparcimiento en la v\u00eda p\u00fablica que puedan ser utilizadas por los locales gastron\u00f3micos y afines linderos que lo soliciten\u00bb.<\/p>\n","protected":false},"excerpt":{"rendered":"<p>En clara conversaci\u00f3n previa con el Departamento Ejecutivo, se apunta que \u00abse autoriza al Departamento Ejecutivo a delimitar \u00e1reas de esparcimiento  y\/o plataformas de esparcimiento en la v\u00eda p\u00fablica\u00bb<\/p>\n","protected":false},"author":2,"featured_media":61711,"comment_status":"closed","ping_status":"open","sticky":false,"template":"","format":"standard","meta":{"footnotes":""},"categories":[45],"tags":[1921],"class_list":["post-68366","post","type-post","status-publish","format-standard","has-post-thumbnail","hentry","category-c1nota2","tag-en-clara-coincidencia-con-el-ejecutivo"],"yoast_head":"<!-- This site is optimized with the Yoast SEO plugin v23.4 - https:\/\/yoast.com\/wordpress\/plugins\/seo\/ -->\n<title>El bloque de concejales de Juntos por el Cambio propone que se utilicen las veredas en el sector gastron\u00f3mico - Infoecos<\/title>\n<meta name=\"robots\" content=\"index, follow, max-snippet:-1, max-image-preview:large, max-video-preview:-1\" \/>\n<link rel=\"canonical\" href=\"https:\/\/infoecos.com.ar\/index.php\/el-bloque-de-concejales-de-juntos-por-el-cambio-propone-que-se-utilicen-las-veredas-en-el-sector-gastronomico\/\" \/>\n<meta property=\"og:locale\" content=\"es_ES\" \/>\n<meta property=\"og:type\" content=\"article\" \/>\n<meta property=\"og:title\" content=\"El bloque de concejales de Juntos por el Cambio propone que se utilicen las veredas en el sector gastron\u00f3mico - Infoecos\" \/>\n<meta property=\"og:description\" content=\"En clara conversaci\u00f3n previa con el Departamento Ejecutivo, se apunta que &quot;se autoriza al Departamento Ejecutivo a delimitar \u00e1reas de esparcimiento y\/o plataformas de esparcimiento en la v\u00eda p\u00fablica&quot;\" \/>\n<meta property=\"og:url\" content=\"https:\/\/infoecos.com.ar\/index.php\/el-bloque-de-concejales-de-juntos-por-el-cambio-propone-que-se-utilicen-las-veredas-en-el-sector-gastronomico\/\" \/>\n<meta property=\"og:site_name\" content=\"Infoecos\" \/>\n<meta property=\"article:publisher\" content=\"https:\/\/www.facebook.com\/profile.php?id=100063200290284\" \/>\n<meta property=\"article:published_time\" content=\"2020-09-25T04:13:48+00:00\" \/>\n<meta property=\"article:modified_time\" content=\"2020-09-25T04:18:01+00:00\" \/>\n<meta property=\"og:image\" content=\"https:\/\/infoecos.com.ar\/wp-content\/uploads\/concejod.jpg\" \/>\n\t<meta property=\"og:image:width\" content=\"825\" \/>\n\t<meta property=\"og:image:height\" content=\"425\" \/>\n\t<meta property=\"og:image:type\" content=\"image\/jpeg\" \/>\n<meta name=\"author\" content=\"Jorge Matheus\" \/>\n<meta name=\"twitter:card\" content=\"summary_large_image\" \/>\n<meta name=\"twitter:creator\" content=\"@infoecos\" \/>\n<meta name=\"twitter:site\" content=\"@infoecos\" \/>\n<meta name=\"twitter:label1\" content=\"Escrito por\" \/>\n\t<meta name=\"twitter:data1\" content=\"Jorge Matheus\" \/>\n\t<meta name=\"twitter:label2\" content=\"Tiempo de lectura\" \/>\n\t<meta name=\"twitter:data2\" content=\"1 minuto\" \/>\n<script type=\"application\/ld+json\" class=\"yoast-schema-graph\">{\"@context\":\"https:\/\/schema.org\",\"@graph\":[{\"@type\":\"Article\",\"@id\":\"https:\/\/infoecos.com.ar\/index.php\/el-bloque-de-concejales-de-juntos-por-el-cambio-propone-que-se-utilicen-las-veredas-en-el-sector-gastronomico\/#article\",\"isPartOf\":{\"@id\":\"https:\/\/infoecos.com.ar\/index.php\/el-bloque-de-concejales-de-juntos-por-el-cambio-propone-que-se-utilicen-las-veredas-en-el-sector-gastronomico\/\"},\"author\":{\"name\":\"Jorge Matheus\",\"@id\":\"https:\/\/infoecos.com.ar\/#\/schema\/person\/8f5ace5ce73b4b4aac4b7245aee6f191\"},\"headline\":\"El bloque de concejales de Juntos por el Cambio propone que se utilicen las veredas en el sector gastron\u00f3mico\",\"datePublished\":\"2020-09-25T04:13:48+00:00\",\"dateModified\":\"2020-09-25T04:18:01+00:00\",\"mainEntityOfPage\":{\"@id\":\"https:\/\/infoecos.com.ar\/index.php\/el-bloque-de-concejales-de-juntos-por-el-cambio-propone-que-se-utilicen-las-veredas-en-el-sector-gastronomico\/\"},\"wordCount\":245,\"publisher\":{\"@id\":\"https:\/\/infoecos.com.ar\/#organization\"},\"image\":{\"@id\":\"https:\/\/infoecos.com.ar\/index.php\/el-bloque-de-concejales-de-juntos-por-el-cambio-propone-que-se-utilicen-las-veredas-en-el-sector-gastronomico\/#primaryimage\"},\"thumbnailUrl\":\"https:\/\/infoecos.com.ar\/wp-content\/uploads\/concejod.jpg\",\"keywords\":[\"EN CLARA COINCIDENCIA CON EL EJECUTIVO\"],\"articleSection\":[\"C1 N2\"],\"inLanguage\":\"es\"},{\"@type\":\"WebPage\",\"@id\":\"https:\/\/infoecos.com.ar\/index.php\/el-bloque-de-concejales-de-juntos-por-el-cambio-propone-que-se-utilicen-las-veredas-en-el-sector-gastronomico\/\",\"url\":\"https:\/\/infoecos.com.ar\/index.php\/el-bloque-de-concejales-de-juntos-por-el-cambio-propone-que-se-utilicen-las-veredas-en-el-sector-gastronomico\/\",\"name\":\"El bloque de concejales de Juntos por el Cambio propone que se utilicen las veredas en el sector gastron\u00f3mico - Infoecos\",\"isPartOf\":{\"@id\":\"https:\/\/infoecos.com.ar\/#website\"},\"primaryImageOfPage\":{\"@id\":\"https:\/\/infoecos.com.ar\/index.php\/el-bloque-de-concejales-de-juntos-por-el-cambio-propone-que-se-utilicen-las-veredas-en-el-sector-gastronomico\/#primaryimage\"},\"image\":{\"@id\":\"https:\/\/infoecos.com.ar\/index.php\/el-bloque-de-concejales-de-juntos-por-el-cambio-propone-que-se-utilicen-las-veredas-en-el-sector-gastronomico\/#primaryimage\"},\"thumbnailUrl\":\"https:\/\/infoecos.com.ar\/wp-content\/uploads\/concejod.jpg\",\"datePublished\":\"2020-09-25T04:13:48+00:00\",\"dateModified\":\"2020-09-25T04:18:01+00:00\",\"breadcrumb\":{\"@id\":\"https:\/\/infoecos.com.ar\/index.php\/el-bloque-de-concejales-de-juntos-por-el-cambio-propone-que-se-utilicen-las-veredas-en-el-sector-gastronomico\/#breadcrumb\"},\"inLanguage\":\"es\",\"potentialAction\":[{\"@type\":\"ReadAction\",\"target\":[\"https:\/\/infoecos.com.ar\/index.php\/el-bloque-de-concejales-de-juntos-por-el-cambio-propone-que-se-utilicen-las-veredas-en-el-sector-gastronomico\/\"]}]},{\"@type\":\"ImageObject\",\"inLanguage\":\"es\",\"@id\":\"https:\/\/infoecos.com.ar\/index.php\/el-bloque-de-concejales-de-juntos-por-el-cambio-propone-que-se-utilicen-las-veredas-en-el-sector-gastronomico\/#primaryimage\",\"url\":\"https:\/\/infoecos.com.ar\/wp-content\/uploads\/concejod.jpg\",\"contentUrl\":\"https:\/\/infoecos.com.ar\/wp-content\/uploads\/concejod.jpg\",\"width\":825,\"height\":425,\"caption\":\"Concejo Deliberante de Trenque Lauquen\"},{\"@type\":\"BreadcrumbList\",\"@id\":\"https:\/\/infoecos.com.ar\/index.php\/el-bloque-de-concejales-de-juntos-por-el-cambio-propone-que-se-utilicen-las-veredas-en-el-sector-gastronomico\/#breadcrumb\",\"itemListElement\":[{\"@type\":\"ListItem\",\"position\":1,\"name\":\"Portada\",\"item\":\"https:\/\/infoecos.com.ar\/\"},{\"@type\":\"ListItem\",\"position\":2,\"name\":\"El bloque de concejales de Juntos por el Cambio propone que se utilicen las veredas en el sector gastron\u00f3mico\"}]},{\"@type\":\"WebSite\",\"@id\":\"https:\/\/infoecos.com.ar\/#website\",\"url\":\"https:\/\/infoecos.com.ar\/\",\"name\":\"Infoecos\",\"description\":\"Noticias de trenque lauquen y la zona\",\"publisher\":{\"@id\":\"https:\/\/infoecos.com.ar\/#organization\"},\"alternateName\":\"Noticias\",\"potentialAction\":[{\"@type\":\"SearchAction\",\"target\":{\"@type\":\"EntryPoint\",\"urlTemplate\":\"https:\/\/infoecos.com.ar\/?s={search_term_string}\"},\"query-input\":{\"@type\":\"PropertyValueSpecification\",\"valueRequired\":true,\"valueName\":\"search_term_string\"}}],\"inLanguage\":\"es\"},{\"@type\":\"Organization\",\"@id\":\"https:\/\/infoecos.com.ar\/#organization\",\"name\":\"Infoecos\",\"alternateName\":\"Noticias\",\"url\":\"https:\/\/infoecos.com.ar\/\",\"logo\":{\"@type\":\"ImageObject\",\"inLanguage\":\"es\",\"@id\":\"https:\/\/infoecos.com.ar\/#\/schema\/logo\/image\/\",\"url\":\"https:\/\/infoecos.com.ar\/wp-content\/uploads\/2024\/03\/cropped-logo.png\",\"contentUrl\":\"https:\/\/infoecos.com.ar\/wp-content\/uploads\/2024\/03\/cropped-logo.png\",\"width\":374,\"height\":90,\"caption\":\"Infoecos\"},\"image\":{\"@id\":\"https:\/\/infoecos.com.ar\/#\/schema\/logo\/image\/\"},\"sameAs\":[\"https:\/\/www.facebook.com\/profile.php?id=100063200290284\",\"https:\/\/x.com\/infoecos\"]},{\"@type\":\"Person\",\"@id\":\"https:\/\/infoecos.com.ar\/#\/schema\/person\/8f5ace5ce73b4b4aac4b7245aee6f191\",\"name\":\"Jorge Matheus\",\"url\":\"https:\/\/infoecos.com.ar\/index.php\/author\/jomatheus\/\"}]}<\/script>\n<!-- \/ Yoast SEO plugin. -->","yoast_head_json":{"title":"El bloque de concejales de Juntos por el Cambio propone que se utilicen las veredas en el sector gastron\u00f3mico - Infoecos","robots":{"index":"index","follow":"follow","max-snippet":"max-snippet:-1","max-image-preview":"max-image-preview:large","max-video-preview":"max-video-preview:-1"},"canonical":"https:\/\/infoecos.com.ar\/index.php\/el-bloque-de-concejales-de-juntos-por-el-cambio-propone-que-se-utilicen-las-veredas-en-el-sector-gastronomico\/","og_locale":"es_ES","og_type":"article","og_title":"El bloque de concejales de Juntos por el Cambio propone que se utilicen las veredas en el sector gastron\u00f3mico - Infoecos","og_description":"En clara conversaci\u00f3n previa con el Departamento Ejecutivo, se apunta que \"se autoriza al Departamento Ejecutivo a delimitar \u00e1reas de esparcimiento y\/o plataformas de esparcimiento en la v\u00eda p\u00fablica\"","og_url":"https:\/\/infoecos.com.ar\/index.php\/el-bloque-de-concejales-de-juntos-por-el-cambio-propone-que-se-utilicen-las-veredas-en-el-sector-gastronomico\/","og_site_name":"Infoecos","article_publisher":"https:\/\/www.facebook.com\/profile.php?id=100063200290284","article_published_time":"2020-09-25T04:13:48+00:00","article_modified_time":"2020-09-25T04:18:01+00:00","og_image":[{"width":825,"height":425,"url":"https:\/\/infoecos.com.ar\/wp-content\/uploads\/concejod.jpg","type":"image\/jpeg"}],"author":"Jorge Matheus","twitter_card":"summary_large_image","twitter_creator":"@infoecos","twitter_site":"@infoecos","twitter_misc":{"Escrito por":"Jorge Matheus","Tiempo de lectura":"1 minuto"},"schema":{"@context":"https:\/\/schema.org","@graph":[{"@type":"Article","@id":"https:\/\/infoecos.com.ar\/index.php\/el-bloque-de-concejales-de-juntos-por-el-cambio-propone-que-se-utilicen-las-veredas-en-el-sector-gastronomico\/#article","isPartOf":{"@id":"https:\/\/infoecos.com.ar\/index.php\/el-bloque-de-concejales-de-juntos-por-el-cambio-propone-que-se-utilicen-las-veredas-en-el-sector-gastronomico\/"},"author":{"name":"Jorge Matheus","@id":"https:\/\/infoecos.com.ar\/#\/schema\/person\/8f5ace5ce73b4b4aac4b7245aee6f191"},"headline":"El bloque de concejales de Juntos por el Cambio propone que se utilicen las veredas en el sector gastron\u00f3mico","datePublished":"2020-09-25T04:13:48+00:00","dateModified":"2020-09-25T04:18:01+00:00","mainEntityOfPage":{"@id":"https:\/\/infoecos.com.ar\/index.php\/el-bloque-de-concejales-de-juntos-por-el-cambio-propone-que-se-utilicen-las-veredas-en-el-sector-gastronomico\/"},"wordCount":245,"publisher":{"@id":"https:\/\/infoecos.com.ar\/#organization"},"image":{"@id":"https:\/\/infoecos.com.ar\/index.php\/el-bloque-de-concejales-de-juntos-por-el-cambio-propone-que-se-utilicen-las-veredas-en-el-sector-gastronomico\/#primaryimage"},"thumbnailUrl":"https:\/\/infoecos.com.ar\/wp-content\/uploads\/concejod.jpg","keywords":["EN CLARA COINCIDENCIA CON EL EJECUTIVO"],"articleSection":["C1 N2"],"inLanguage":"es"},{"@type":"WebPage","@id":"https:\/\/infoecos.com.ar\/index.php\/el-bloque-de-concejales-de-juntos-por-el-cambio-propone-que-se-utilicen-las-veredas-en-el-sector-gastronomico\/","url":"https:\/\/infoecos.com.ar\/index.php\/el-bloque-de-concejales-de-juntos-por-el-cambio-propone-que-se-utilicen-las-veredas-en-el-sector-gastronomico\/","name":"El bloque de concejales de Juntos por el Cambio propone que se utilicen las veredas en el sector gastron\u00f3mico - Infoecos","isPartOf":{"@id":"https:\/\/infoecos.com.ar\/#website"},"primaryImageOfPage":{"@id":"https:\/\/infoecos.com.ar\/index.php\/el-bloque-de-concejales-de-juntos-por-el-cambio-propone-que-se-utilicen-las-veredas-en-el-sector-gastronomico\/#primaryimage"},"image":{"@id":"https:\/\/infoecos.com.ar\/index.php\/el-bloque-de-concejales-de-juntos-por-el-cambio-propone-que-se-utilicen-las-veredas-en-el-sector-gastronomico\/#primaryimage"},"thumbnailUrl":"https:\/\/infoecos.com.ar\/wp-content\/uploads\/concejod.jpg","datePublished":"2020-09-25T04:13:48+00:00","dateModified":"2020-09-25T04:18:01+00:00","breadcrumb":{"@id":"https:\/\/infoecos.com.ar\/index.php\/el-bloque-de-concejales-de-juntos-por-el-cambio-propone-que-se-utilicen-las-veredas-en-el-sector-gastronomico\/#breadcrumb"},"inLanguage":"es","potentialAction":[{"@type":"ReadAction","target":["https:\/\/infoecos.com.ar\/index.php\/el-bloque-de-concejales-de-juntos-por-el-cambio-propone-que-se-utilicen-las-veredas-en-el-sector-gastronomico\/"]}]},{"@type":"ImageObject","inLanguage":"es","@id":"https:\/\/infoecos.com.ar\/index.php\/el-bloque-de-concejales-de-juntos-por-el-cambio-propone-que-se-utilicen-las-veredas-en-el-sector-gastronomico\/#primaryimage","url":"https:\/\/infoecos.com.ar\/wp-content\/uploads\/concejod.jpg","contentUrl":"https:\/\/infoecos.com.ar\/wp-content\/uploads\/concejod.jpg","width":825,"height":425,"caption":"Concejo Deliberante de Trenque Lauquen"},{"@type":"BreadcrumbList","@id":"https:\/\/infoecos.com.ar\/index.php\/el-bloque-de-concejales-de-juntos-por-el-cambio-propone-que-se-utilicen-las-veredas-en-el-sector-gastronomico\/#breadcrumb","itemListElement":[{"@type":"ListItem","position":1,"name":"Portada","item":"https:\/\/infoecos.com.ar\/"},{"@type":"ListItem","position":2,"name":"El bloque de concejales de Juntos por el Cambio propone que se utilicen las veredas en el sector gastron\u00f3mico"}]},{"@type":"WebSite","@id":"https:\/\/infoecos.com.ar\/#website","url":"https:\/\/infoecos.com.ar\/","name":"Infoecos","description":"Noticias de trenque lauquen y la zona","publisher":{"@id":"https:\/\/infoecos.com.ar\/#organization"},"alternateName":"Noticias","potentialAction":[{"@type":"SearchAction","target":{"@type":"EntryPoint","urlTemplate":"https:\/\/infoecos.com.ar\/?s={search_term_string}"},"query-input":{"@type":"PropertyValueSpecification","valueRequired":true,"valueName":"search_term_string"}}],"inLanguage":"es"},{"@type":"Organization","@id":"https:\/\/infoecos.com.ar\/#organization","name":"Infoecos","alternateName":"Noticias","url":"https:\/\/infoecos.com.ar\/","logo":{"@type":"ImageObject","inLanguage":"es","@id":"https:\/\/infoecos.com.ar\/#\/schema\/logo\/image\/","url":"https:\/\/infoecos.com.ar\/wp-content\/uploads\/2024\/03\/cropped-logo.png","contentUrl":"https:\/\/infoecos.com.ar\/wp-content\/uploads\/2024\/03\/cropped-logo.png","width":374,"height":90,"caption":"Infoecos"},"image":{"@id":"https:\/\/infoecos.com.ar\/#\/schema\/logo\/image\/"},"sameAs":["https:\/\/www.facebook.com\/profile.php?id=100063200290284","https:\/\/x.com\/infoecos"]},{"@type":"Person","@id":"https:\/\/infoecos.com.ar\/#\/schema\/person\/8f5ace5ce73b4b4aac4b7245aee6f191","name":"Jorge Matheus","url":"https:\/\/infoecos.com.ar\/index.php\/author\/jomatheus\/"}]}},"featured_image_urls":{"full":["https:\/\/infoecos.com.ar\/wp-content\/uploads\/concejod.jpg",825,425,false],"thumbnail":["https:\/\/infoecos.com.ar\/wp-content\/uploads\/concejod-150x150.jpg",150,150,true],"medium":["https:\/\/infoecos.com.ar\/wp-content\/uploads\/concejod-460x237.jpg",460,237,true],"medium_large":["https:\/\/infoecos.com.ar\/wp-content\/uploads\/concejod-768x396.jpg",640,330,true],"large":["https:\/\/infoecos.com.ar\/wp-content\/uploads\/concejod.jpg",640,330,false],"1536x1536":["https:\/\/infoecos.com.ar\/wp-content\/uploads\/concejod.jpg",825,425,false],"2048x2048":["https:\/\/infoecos.com.ar\/wp-content\/uploads\/concejod.jpg",825,425,false],"covernews-slider-full":["https:\/\/infoecos.com.ar\/wp-content\/uploads\/concejod.jpg",825,425,false],"covernews-slider-center":["https:\/\/infoecos.com.ar\/wp-content\/uploads\/concejod.jpg",800,412,false],"covernews-featured":["https:\/\/infoecos.com.ar\/wp-content\/uploads\/concejod.jpg",825,425,false],"covernews-medium":["https:\/\/infoecos.com.ar\/wp-content\/uploads\/concejod-720x380.jpg",540,285,true],"covernews-medium-square":["https:\/\/infoecos.com.ar\/wp-content\/uploads\/concejod-675x425.jpg",397,250,true]},"author_info":{"info":["Jorge Matheus"]},"category_info":"<a href=\"https:\/\/infoecos.com.ar\/index.php\/category\/c1nota2\/\" rel=\"category tag\">C1 N2<\/a>","tag_info":"C1 N2","comment_count":"0","_links":{"self":[{"href":"https:\/\/infoecos.com.ar\/index.php\/wp-json\/wp\/v2\/posts\/68366"}],"collection":[{"href":"https:\/\/infoecos.com.ar\/index.php\/wp-json\/wp\/v2\/posts"}],"about":[{"href":"https:\/\/infoecos.com.ar\/index.php\/wp-json\/wp\/v2\/types\/post"}],"author":[{"embeddable":true,"href":"https:\/\/infoecos.com.ar\/index.php\/wp-json\/wp\/v2\/users\/2"}],"replies":[{"embeddable":true,"href":"https:\/\/infoecos.com.ar\/index.php\/wp-json\/wp\/v2\/comments?post=68366"}],"version-history":[{"count":2,"href":"https:\/\/infoecos.com.ar\/index.php\/wp-json\/wp\/v2\/posts\/68366\/revisions"}],"predecessor-version":[{"id":68369,"href":"https:\/\/infoecos.com.ar\/index.php\/wp-json\/wp\/v2\/posts\/68366\/revisions\/68369"}],"wp:featuredmedia":[{"embeddable":true,"href":"https:\/\/infoecos.com.ar\/index.php\/wp-json\/wp\/v2\/media\/61711"}],"wp:attachment":[{"href":"https:\/\/infoecos.com.ar\/index.php\/wp-json\/wp\/v2\/media?parent=68366"}],"wp:term":[{"taxonomy":"category","embeddable":true,"href":"https:\/\/infoecos.com.ar\/index.php\/wp-json\/wp\/v2\/categories?post=68366"},{"taxonomy":"post_tag","embeddable":true,"href":"https:\/\/infoecos.com.ar\/index.php\/wp-json\/wp\/v2\/tags?post=68366"}],"curies":[{"name":"wp","href":"https:\/\/api.w.org\/{rel}","templated":true}]}}