{"id":68370,"date":"2020-09-25T01:34:22","date_gmt":"2020-09-25T04:34:22","guid":{"rendered":"http:\/\/infoecos.com.ar\/?p=68370"},"modified":"2020-09-25T01:34:25","modified_gmt":"2020-09-25T04:34:25","slug":"el-bloque-de-concejales-del-frente-de-todos-en-trenque-lauquen-pide-refacciones-en-el-cementerio-de-la-ciudad-cabecera","status":"publish","type":"post","link":"https:\/\/infoecos.com.ar\/index.php\/el-bloque-de-concejales-del-frente-de-todos-en-trenque-lauquen-pide-refacciones-en-el-cementerio-de-la-ciudad-cabecera\/","title":{"rendered":"El bloque de concejales del Frente de Todos en Trenque Lauquen pide refacciones en el cementerio de la ciudad cabecera"},"content":{"rendered":"\n<p>La informaci\u00f3n que proporciona el Concejo Deliberante de Trenque Lauquen ha tenido modificaciones en los \u00faltimos tiempos. Al Orden del D\u00eda que se env\u00eda a los medios, se le anexan algunos proyectos que se consideran importantes para el tratamiento en las sesiones. Tambi\u00e9n se observa que el intento es ser ecu\u00e1nimes. Uno de cada bloque.<\/p>\n\n\n\n<div class=\"wp-block-image\"><figure class=\"aligncenter size-medium\"><img decoding=\"async\" src=\"http:\/\/infoecos.com.ar\/wp-content\/uploads\/56350774_2523135697699455_39950149404852224_o-460x345.jpg\" alt=\"\" class=\"wp-image-55362\"\/><figcaption>Concejo Deliberante &#8211; Sotullo, Larrosa y Est\u00e9vez (archivo=<\/figcaption><\/figure><\/div>\n\n\n\n<p>A los ya publicados en nuestro sitio tambi\u00e9n se le suma otro del Frente para Todos. En en el mismo se piden, entre otras cosas, refacciones en el Cementerio de Trenque Lauquen. Concretamente solicitan se reparen las grietas y filtraciones de agua de la Capilla del lugar y la oficina de trabajo de los agentes municipales.<\/p>\n\n\n\n<p>Tambi\u00e9n se apunta que \u00abexisten problemas en la distribuci\u00f3n del agua, el funcionamiento de las bombas y las conexiones para brindar este insumo para el aseo de tumbas o desarrollar las tareas de riego\u201d.<\/p>\n\n\n\n<p><\/p>\n","protected":false},"excerpt":{"rendered":"<p>Al Orden del D\u00eda que se env\u00eda a los medios, se le anexan algunos proyectos que se consideran importantes para el tratamiento en las sesiones<\/p>\n","protected":false},"author":2,"featured_media":55362,"comment_status":"closed","ping_status":"open","sticky":false,"template":"","format":"standard","meta":{"footnotes":""},"categories":[46],"tags":[1922],"class_list":["post-68370","post","type-post","status-publish","format-standard","has-post-thumbnail","hentry","category-c2nota2","tag-ecuanimidad-en-la-prensa-legislativa"],"yoast_head":"<!-- This site is optimized with the Yoast SEO plugin v23.4 - https:\/\/yoast.com\/wordpress\/plugins\/seo\/ -->\n<title>El bloque de concejales del Frente de Todos en Trenque Lauquen pide refacciones en el cementerio de la ciudad cabecera - Infoecos<\/title>\n<meta name=\"robots\" content=\"index, follow, max-snippet:-1, max-image-preview:large, max-video-preview:-1\" \/>\n<link rel=\"canonical\" href=\"https:\/\/infoecos.com.ar\/index.php\/el-bloque-de-concejales-del-frente-de-todos-en-trenque-lauquen-pide-refacciones-en-el-cementerio-de-la-ciudad-cabecera\/\" \/>\n<meta property=\"og:locale\" content=\"es_ES\" \/>\n<meta property=\"og:type\" content=\"article\" \/>\n<meta property=\"og:title\" content=\"El bloque de concejales del Frente de Todos en Trenque Lauquen pide refacciones en el cementerio de la ciudad cabecera - Infoecos\" \/>\n<meta property=\"og:description\" content=\"Al Orden del D\u00eda que se env\u00eda a los medios, se le anexan algunos proyectos que se consideran importantes para el tratamiento en las sesiones\" \/>\n<meta property=\"og:url\" content=\"https:\/\/infoecos.com.ar\/index.php\/el-bloque-de-concejales-del-frente-de-todos-en-trenque-lauquen-pide-refacciones-en-el-cementerio-de-la-ciudad-cabecera\/\" \/>\n<meta property=\"og:site_name\" content=\"Infoecos\" \/>\n<meta property=\"article:publisher\" content=\"https:\/\/www.facebook.com\/profile.php?id=100063200290284\" \/>\n<meta property=\"article:published_time\" content=\"2020-09-25T04:34:22+00:00\" \/>\n<meta property=\"article:modified_time\" content=\"2020-09-25T04:34:25+00:00\" \/>\n<meta property=\"og:image\" content=\"https:\/\/infoecos.com.ar\/wp-content\/uploads\/56350774_2523135697699455_39950149404852224_o.jpg\" \/>\n\t<meta property=\"og:image:width\" content=\"1423\" \/>\n\t<meta property=\"og:image:height\" content=\"1067\" \/>\n\t<meta property=\"og:image:type\" content=\"image\/jpeg\" \/>\n<meta name=\"author\" content=\"Jorge Matheus\" \/>\n<meta name=\"twitter:card\" content=\"summary_large_image\" \/>\n<meta name=\"twitter:creator\" content=\"@infoecos\" \/>\n<meta name=\"twitter:site\" content=\"@infoecos\" \/>\n<meta name=\"twitter:label1\" content=\"Escrito por\" \/>\n\t<meta name=\"twitter:data1\" content=\"Jorge Matheus\" \/>\n\t<meta name=\"twitter:label2\" content=\"Tiempo de lectura\" \/>\n\t<meta name=\"twitter:data2\" content=\"1 minuto\" \/>\n<script type=\"application\/ld+json\" class=\"yoast-schema-graph\">{\"@context\":\"https:\/\/schema.org\",\"@graph\":[{\"@type\":\"Article\",\"@id\":\"https:\/\/infoecos.com.ar\/index.php\/el-bloque-de-concejales-del-frente-de-todos-en-trenque-lauquen-pide-refacciones-en-el-cementerio-de-la-ciudad-cabecera\/#article\",\"isPartOf\":{\"@id\":\"https:\/\/infoecos.com.ar\/index.php\/el-bloque-de-concejales-del-frente-de-todos-en-trenque-lauquen-pide-refacciones-en-el-cementerio-de-la-ciudad-cabecera\/\"},\"author\":{\"name\":\"Jorge Matheus\",\"@id\":\"https:\/\/infoecos.com.ar\/#\/schema\/person\/8f5ace5ce73b4b4aac4b7245aee6f191\"},\"headline\":\"El bloque de concejales del Frente de Todos en Trenque Lauquen pide refacciones en el cementerio de la ciudad cabecera\",\"datePublished\":\"2020-09-25T04:34:22+00:00\",\"dateModified\":\"2020-09-25T04:34:25+00:00\",\"mainEntityOfPage\":{\"@id\":\"https:\/\/infoecos.com.ar\/index.php\/el-bloque-de-concejales-del-frente-de-todos-en-trenque-lauquen-pide-refacciones-en-el-cementerio-de-la-ciudad-cabecera\/\"},\"wordCount\":182,\"publisher\":{\"@id\":\"https:\/\/infoecos.com.ar\/#organization\"},\"image\":{\"@id\":\"https:\/\/infoecos.com.ar\/index.php\/el-bloque-de-concejales-del-frente-de-todos-en-trenque-lauquen-pide-refacciones-en-el-cementerio-de-la-ciudad-cabecera\/#primaryimage\"},\"thumbnailUrl\":\"\",\"keywords\":[\"ECUANIMIDAD EN LA PRENSA LEGISLATIVA\"],\"articleSection\":[\"C2 N2\"],\"inLanguage\":\"es\"},{\"@type\":\"WebPage\",\"@id\":\"https:\/\/infoecos.com.ar\/index.php\/el-bloque-de-concejales-del-frente-de-todos-en-trenque-lauquen-pide-refacciones-en-el-cementerio-de-la-ciudad-cabecera\/\",\"url\":\"https:\/\/infoecos.com.ar\/index.php\/el-bloque-de-concejales-del-frente-de-todos-en-trenque-lauquen-pide-refacciones-en-el-cementerio-de-la-ciudad-cabecera\/\",\"name\":\"El bloque de concejales del Frente de Todos en Trenque Lauquen pide refacciones en el cementerio de la ciudad cabecera - Infoecos\",\"isPartOf\":{\"@id\":\"https:\/\/infoecos.com.ar\/#website\"},\"primaryImageOfPage\":{\"@id\":\"https:\/\/infoecos.com.ar\/index.php\/el-bloque-de-concejales-del-frente-de-todos-en-trenque-lauquen-pide-refacciones-en-el-cementerio-de-la-ciudad-cabecera\/#primaryimage\"},\"image\":{\"@id\":\"https:\/\/infoecos.com.ar\/index.php\/el-bloque-de-concejales-del-frente-de-todos-en-trenque-lauquen-pide-refacciones-en-el-cementerio-de-la-ciudad-cabecera\/#primaryimage\"},\"thumbnailUrl\":\"\",\"datePublished\":\"2020-09-25T04:34:22+00:00\",\"dateModified\":\"2020-09-25T04:34:25+00:00\",\"breadcrumb\":{\"@id\":\"https:\/\/infoecos.com.ar\/index.php\/el-bloque-de-concejales-del-frente-de-todos-en-trenque-lauquen-pide-refacciones-en-el-cementerio-de-la-ciudad-cabecera\/#breadcrumb\"},\"inLanguage\":\"es\",\"potentialAction\":[{\"@type\":\"ReadAction\",\"target\":[\"https:\/\/infoecos.com.ar\/index.php\/el-bloque-de-concejales-del-frente-de-todos-en-trenque-lauquen-pide-refacciones-en-el-cementerio-de-la-ciudad-cabecera\/\"]}]},{\"@type\":\"ImageObject\",\"inLanguage\":\"es\",\"@id\":\"https:\/\/infoecos.com.ar\/index.php\/el-bloque-de-concejales-del-frente-de-todos-en-trenque-lauquen-pide-refacciones-en-el-cementerio-de-la-ciudad-cabecera\/#primaryimage\",\"url\":\"\",\"contentUrl\":\"\"},{\"@type\":\"BreadcrumbList\",\"@id\":\"https:\/\/infoecos.com.ar\/index.php\/el-bloque-de-concejales-del-frente-de-todos-en-trenque-lauquen-pide-refacciones-en-el-cementerio-de-la-ciudad-cabecera\/#breadcrumb\",\"itemListElement\":[{\"@type\":\"ListItem\",\"position\":1,\"name\":\"Portada\",\"item\":\"https:\/\/infoecos.com.ar\/\"},{\"@type\":\"ListItem\",\"position\":2,\"name\":\"El bloque de concejales del Frente de Todos en Trenque Lauquen pide refacciones en el cementerio de la ciudad cabecera\"}]},{\"@type\":\"WebSite\",\"@id\":\"https:\/\/infoecos.com.ar\/#website\",\"url\":\"https:\/\/infoecos.com.ar\/\",\"name\":\"Infoecos\",\"description\":\"Noticias de trenque lauquen y la zona\",\"publisher\":{\"@id\":\"https:\/\/infoecos.com.ar\/#organization\"},\"alternateName\":\"Noticias\",\"potentialAction\":[{\"@type\":\"SearchAction\",\"target\":{\"@type\":\"EntryPoint\",\"urlTemplate\":\"https:\/\/infoecos.com.ar\/?s={search_term_string}\"},\"query-input\":{\"@type\":\"PropertyValueSpecification\",\"valueRequired\":true,\"valueName\":\"search_term_string\"}}],\"inLanguage\":\"es\"},{\"@type\":\"Organization\",\"@id\":\"https:\/\/infoecos.com.ar\/#organization\",\"name\":\"Infoecos\",\"alternateName\":\"Noticias\",\"url\":\"https:\/\/infoecos.com.ar\/\",\"logo\":{\"@type\":\"ImageObject\",\"inLanguage\":\"es\",\"@id\":\"https:\/\/infoecos.com.ar\/#\/schema\/logo\/image\/\",\"url\":\"https:\/\/infoecos.com.ar\/wp-content\/uploads\/2024\/03\/cropped-logo.png\",\"contentUrl\":\"https:\/\/infoecos.com.ar\/wp-content\/uploads\/2024\/03\/cropped-logo.png\",\"width\":374,\"height\":90,\"caption\":\"Infoecos\"},\"image\":{\"@id\":\"https:\/\/infoecos.com.ar\/#\/schema\/logo\/image\/\"},\"sameAs\":[\"https:\/\/www.facebook.com\/profile.php?id=100063200290284\",\"https:\/\/x.com\/infoecos\"]},{\"@type\":\"Person\",\"@id\":\"https:\/\/infoecos.com.ar\/#\/schema\/person\/8f5ace5ce73b4b4aac4b7245aee6f191\",\"name\":\"Jorge Matheus\",\"url\":\"https:\/\/infoecos.com.ar\/index.php\/author\/jomatheus\/\"}]}<\/script>\n<!-- \/ Yoast SEO plugin. -->","yoast_head_json":{"title":"El bloque de concejales del Frente de Todos en Trenque Lauquen pide refacciones en el cementerio de la ciudad cabecera - Infoecos","robots":{"index":"index","follow":"follow","max-snippet":"max-snippet:-1","max-image-preview":"max-image-preview:large","max-video-preview":"max-video-preview:-1"},"canonical":"https:\/\/infoecos.com.ar\/index.php\/el-bloque-de-concejales-del-frente-de-todos-en-trenque-lauquen-pide-refacciones-en-el-cementerio-de-la-ciudad-cabecera\/","og_locale":"es_ES","og_type":"article","og_title":"El bloque de concejales del Frente de Todos en Trenque Lauquen pide refacciones en el cementerio de la ciudad cabecera - Infoecos","og_description":"Al Orden del D\u00eda que se env\u00eda a los medios, se le anexan algunos proyectos que se consideran importantes para el tratamiento en las sesiones","og_url":"https:\/\/infoecos.com.ar\/index.php\/el-bloque-de-concejales-del-frente-de-todos-en-trenque-lauquen-pide-refacciones-en-el-cementerio-de-la-ciudad-cabecera\/","og_site_name":"Infoecos","article_publisher":"https:\/\/www.facebook.com\/profile.php?id=100063200290284","article_published_time":"2020-09-25T04:34:22+00:00","article_modified_time":"2020-09-25T04:34:25+00:00","og_image":[{"width":1423,"height":1067,"url":"https:\/\/infoecos.com.ar\/wp-content\/uploads\/56350774_2523135697699455_39950149404852224_o.jpg","type":"image\/jpeg"}],"author":"Jorge Matheus","twitter_card":"summary_large_image","twitter_creator":"@infoecos","twitter_site":"@infoecos","twitter_misc":{"Escrito por":"Jorge Matheus","Tiempo de lectura":"1 minuto"},"schema":{"@context":"https:\/\/schema.org","@graph":[{"@type":"Article","@id":"https:\/\/infoecos.com.ar\/index.php\/el-bloque-de-concejales-del-frente-de-todos-en-trenque-lauquen-pide-refacciones-en-el-cementerio-de-la-ciudad-cabecera\/#article","isPartOf":{"@id":"https:\/\/infoecos.com.ar\/index.php\/el-bloque-de-concejales-del-frente-de-todos-en-trenque-lauquen-pide-refacciones-en-el-cementerio-de-la-ciudad-cabecera\/"},"author":{"name":"Jorge Matheus","@id":"https:\/\/infoecos.com.ar\/#\/schema\/person\/8f5ace5ce73b4b4aac4b7245aee6f191"},"headline":"El bloque de concejales del Frente de Todos en Trenque Lauquen pide refacciones en el cementerio de la ciudad cabecera","datePublished":"2020-09-25T04:34:22+00:00","dateModified":"2020-09-25T04:34:25+00:00","mainEntityOfPage":{"@id":"https:\/\/infoecos.com.ar\/index.php\/el-bloque-de-concejales-del-frente-de-todos-en-trenque-lauquen-pide-refacciones-en-el-cementerio-de-la-ciudad-cabecera\/"},"wordCount":182,"publisher":{"@id":"https:\/\/infoecos.com.ar\/#organization"},"image":{"@id":"https:\/\/infoecos.com.ar\/index.php\/el-bloque-de-concejales-del-frente-de-todos-en-trenque-lauquen-pide-refacciones-en-el-cementerio-de-la-ciudad-cabecera\/#primaryimage"},"thumbnailUrl":"","keywords":["ECUANIMIDAD EN LA PRENSA LEGISLATIVA"],"articleSection":["C2 N2"],"inLanguage":"es"},{"@type":"WebPage","@id":"https:\/\/infoecos.com.ar\/index.php\/el-bloque-de-concejales-del-frente-de-todos-en-trenque-lauquen-pide-refacciones-en-el-cementerio-de-la-ciudad-cabecera\/","url":"https:\/\/infoecos.com.ar\/index.php\/el-bloque-de-concejales-del-frente-de-todos-en-trenque-lauquen-pide-refacciones-en-el-cementerio-de-la-ciudad-cabecera\/","name":"El bloque de concejales del Frente de Todos en Trenque Lauquen pide refacciones en el cementerio de la ciudad cabecera - Infoecos","isPartOf":{"@id":"https:\/\/infoecos.com.ar\/#website"},"primaryImageOfPage":{"@id":"https:\/\/infoecos.com.ar\/index.php\/el-bloque-de-concejales-del-frente-de-todos-en-trenque-lauquen-pide-refacciones-en-el-cementerio-de-la-ciudad-cabecera\/#primaryimage"},"image":{"@id":"https:\/\/infoecos.com.ar\/index.php\/el-bloque-de-concejales-del-frente-de-todos-en-trenque-lauquen-pide-refacciones-en-el-cementerio-de-la-ciudad-cabecera\/#primaryimage"},"thumbnailUrl":"","datePublished":"2020-09-25T04:34:22+00:00","dateModified":"2020-09-25T04:34:25+00:00","breadcrumb":{"@id":"https:\/\/infoecos.com.ar\/index.php\/el-bloque-de-concejales-del-frente-de-todos-en-trenque-lauquen-pide-refacciones-en-el-cementerio-de-la-ciudad-cabecera\/#breadcrumb"},"inLanguage":"es","potentialAction":[{"@type":"ReadAction","target":["https:\/\/infoecos.com.ar\/index.php\/el-bloque-de-concejales-del-frente-de-todos-en-trenque-lauquen-pide-refacciones-en-el-cementerio-de-la-ciudad-cabecera\/"]}]},{"@type":"ImageObject","inLanguage":"es","@id":"https:\/\/infoecos.com.ar\/index.php\/el-bloque-de-concejales-del-frente-de-todos-en-trenque-lauquen-pide-refacciones-en-el-cementerio-de-la-ciudad-cabecera\/#primaryimage","url":"","contentUrl":""},{"@type":"BreadcrumbList","@id":"https:\/\/infoecos.com.ar\/index.php\/el-bloque-de-concejales-del-frente-de-todos-en-trenque-lauquen-pide-refacciones-en-el-cementerio-de-la-ciudad-cabecera\/#breadcrumb","itemListElement":[{"@type":"ListItem","position":1,"name":"Portada","item":"https:\/\/infoecos.com.ar\/"},{"@type":"ListItem","position":2,"name":"El bloque de concejales del Frente de Todos en Trenque Lauquen pide refacciones en el cementerio de la ciudad cabecera"}]},{"@type":"WebSite","@id":"https:\/\/infoecos.com.ar\/#website","url":"https:\/\/infoecos.com.ar\/","name":"Infoecos","description":"Noticias de trenque lauquen y la zona","publisher":{"@id":"https:\/\/infoecos.com.ar\/#organization"},"alternateName":"Noticias","potentialAction":[{"@type":"SearchAction","target":{"@type":"EntryPoint","urlTemplate":"https:\/\/infoecos.com.ar\/?s={search_term_string}"},"query-input":{"@type":"PropertyValueSpecification","valueRequired":true,"valueName":"search_term_string"}}],"inLanguage":"es"},{"@type":"Organization","@id":"https:\/\/infoecos.com.ar\/#organization","name":"Infoecos","alternateName":"Noticias","url":"https:\/\/infoecos.com.ar\/","logo":{"@type":"ImageObject","inLanguage":"es","@id":"https:\/\/infoecos.com.ar\/#\/schema\/logo\/image\/","url":"https:\/\/infoecos.com.ar\/wp-content\/uploads\/2024\/03\/cropped-logo.png","contentUrl":"https:\/\/infoecos.com.ar\/wp-content\/uploads\/2024\/03\/cropped-logo.png","width":374,"height":90,"caption":"Infoecos"},"image":{"@id":"https:\/\/infoecos.com.ar\/#\/schema\/logo\/image\/"},"sameAs":["https:\/\/www.facebook.com\/profile.php?id=100063200290284","https:\/\/x.com\/infoecos"]},{"@type":"Person","@id":"https:\/\/infoecos.com.ar\/#\/schema\/person\/8f5ace5ce73b4b4aac4b7245aee6f191","name":"Jorge Matheus","url":"https:\/\/infoecos.com.ar\/index.php\/author\/jomatheus\/"}]}},"featured_image_urls":{"full":"","thumbnail":"","medium":"","medium_large":"","large":"","1536x1536":"","2048x2048":"","covernews-slider-full":"","covernews-slider-center":"","covernews-featured":"","covernews-medium":"","covernews-medium-square":""},"author_info":{"info":["Jorge Matheus"]},"category_info":"<a href=\"https:\/\/infoecos.com.ar\/index.php\/category\/c2nota2\/\" rel=\"category tag\">C2 N2<\/a>","tag_info":"C2 N2","comment_count":"0","_links":{"self":[{"href":"https:\/\/infoecos.com.ar\/index.php\/wp-json\/wp\/v2\/posts\/68370"}],"collection":[{"href":"https:\/\/infoecos.com.ar\/index.php\/wp-json\/wp\/v2\/posts"}],"about":[{"href":"https:\/\/infoecos.com.ar\/index.php\/wp-json\/wp\/v2\/types\/post"}],"author":[{"embeddable":true,"href":"https:\/\/infoecos.com.ar\/index.php\/wp-json\/wp\/v2\/users\/2"}],"replies":[{"embeddable":true,"href":"https:\/\/infoecos.com.ar\/index.php\/wp-json\/wp\/v2\/comments?post=68370"}],"version-history":[{"count":1,"href":"https:\/\/infoecos.com.ar\/index.php\/wp-json\/wp\/v2\/posts\/68370\/revisions"}],"predecessor-version":[{"id":68371,"href":"https:\/\/infoecos.com.ar\/index.php\/wp-json\/wp\/v2\/posts\/68370\/revisions\/68371"}],"wp:featuredmedia":[{"embeddable":true,"href":"https:\/\/infoecos.com.ar\/index.php\/wp-json\/"}],"wp:attachment":[{"href":"https:\/\/infoecos.com.ar\/index.php\/wp-json\/wp\/v2\/media?parent=68370"}],"wp:term":[{"taxonomy":"category","embeddable":true,"href":"https:\/\/infoecos.com.ar\/index.php\/wp-json\/wp\/v2\/categories?post=68370"},{"taxonomy":"post_tag","embeddable":true,"href":"https:\/\/infoecos.com.ar\/index.php\/wp-json\/wp\/v2\/tags?post=68370"}],"curies":[{"name":"wp","href":"https:\/\/api.w.org\/{rel}","templated":true}]}}