{"id":68386,"date":"2020-09-25T02:19:08","date_gmt":"2020-09-25T05:19:08","guid":{"rendered":"http:\/\/infoecos.com.ar\/?p=68386"},"modified":"2020-09-25T02:25:56","modified_gmt":"2020-09-25T05:25:56","slug":"el-senado-de-buenos-aires-suspendio-hasta-el-31-de-marzo-proximo-las-ejecuciones-sobre-inmuebles-destinados-a-vivienda-unica-de-ocupacion-permanente","status":"publish","type":"post","link":"https:\/\/infoecos.com.ar\/index.php\/el-senado-de-buenos-aires-suspendio-hasta-el-31-de-marzo-proximo-las-ejecuciones-sobre-inmuebles-destinados-a-vivienda-unica-de-ocupacion-permanente\/","title":{"rendered":"El Senado bonaerense suspendi\u00f3 hasta el 31 de marzo del 2021 ejecuciones sobre inmuebles destinados a vivienda \u00fanica de ocupaci\u00f3n permanente"},"content":{"rendered":"\n<p>En sesi\u00f3n especial, el cuerpo que preside Ver\u00f3nica Magario convirti\u00f3 en ley el proyecto que suspende hasta el 31 de marzo de 2021 las ejecuciones sobre inmuebles destinados a vivienda \u00fanica de ocupaci\u00f3n permanente. La iniciativa garantiza la presencia del Estado en la protecci\u00f3n del derecho a la vivienda digna de los y las bonaerenses.<\/p>\n\n\n\n<div class=\"wp-block-image\"><figure class=\"aligncenter size-medium\"><img loading=\"lazy\" decoding=\"async\" width=\"460\" height=\"307\" src=\"http:\/\/infoecos.com.ar\/wp-content\/uploads\/2020\/09\/senadodebuenosaires-460x307.jpg\" alt=\"\" class=\"wp-image-68387\" srcset=\"https:\/\/infoecos.com.ar\/wp-content\/uploads\/2020\/09\/senadodebuenosaires-460x307.jpg 460w, https:\/\/infoecos.com.ar\/wp-content\/uploads\/2020\/09\/senadodebuenosaires-675x450.jpg 675w, https:\/\/infoecos.com.ar\/wp-content\/uploads\/2020\/09\/senadodebuenosaires.jpg 768w\" sizes=\"(max-width: 460px) 100vw, 460px\" \/><\/figure><\/div>\n\n\n\n<p>Los senadores y senadoras volvieron a sesionar de forma presencial y virtual para tratar la vigencia de la ley 15172 que suspende determinados desalojos y lanzamientos en territorio bonaerense, en el marco del estado de emergencia sanitaria.<\/p>\n\n\n\n<p>La norma aprobada por unanimidad proh\u00edbe \u201clas ejecuciones hipotecarias, judiciales o extrajudiciales, en las que el derecho real de garant\u00eda recaiga exclusivamente sobre inmuebles destinados a vivienda \u00fanica y que se encuentren ocupados con el referido destino por la parte deudora o quienes la sucedan a titulo singular o universal\u201d.<\/p>\n\n\n\n<p>Adem\u00e1s, excluye de los alcances de la normativa los desalojos en espacios f\u00edsicos nacionales, provinciales o municipales destinados a \u00e1reas naturales protegidas, patrimonios culturales, educativos y\/o de inter\u00e9s comunitario o de asociaciones civiles.<\/p>\n\n\n\n<p>Tambi\u00e9n se suspende la ejecuci\u00f3n de parte indivisa prevista el art\u00edculo 2207 del C\u00f3digo Civil y Comercial de la Naci\u00f3n, siempre que la parte deudora integre el condominio, o quienes la sucedan a t\u00edtulo universal, sean ocupantes de la vivienda.<\/p>\n\n\n\n<p>Quedan excluidos expresamente de las suspensiones dispuestas los procesos de desalojo, interdictos y\/o lanzamientos en caso de ocupaciones, usurpaciones y\/o tomas colectivas de inmuebles, cualquiera fuere su naturaleza, siempre que las mismas se hubiesen producido con posterioridad a la entrada en vigencia del Decreto N\u00b0132\/2020 dictado el 12 de marzo, que declara la emergencia sanitaria en la Provincia.<\/p>\n","protected":false},"excerpt":{"rendered":"<p>Los senadores y senadoras volvieron a sesionar de forma presencial y virtual para tratar la vigencia de la ley 15172<\/p>\n","protected":false},"author":2,"featured_media":68387,"comment_status":"closed","ping_status":"open","sticky":false,"template":"","format":"standard","meta":{"footnotes":""},"categories":[198],"tags":[1927],"class_list":["post-68386","post","type-post","status-publish","format-standard","has-post-thumbnail","hentry","category-c1nota5","tag-decision-que-era-esperada-por-inquilinos"],"yoast_head":"<!-- This site is optimized with the Yoast SEO plugin v23.4 - https:\/\/yoast.com\/wordpress\/plugins\/seo\/ -->\n<title>El Senado bonaerense suspendi\u00f3 hasta el 31 de marzo del 2021 ejecuciones sobre inmuebles destinados a vivienda \u00fanica de ocupaci\u00f3n permanente - Infoecos<\/title>\n<meta name=\"robots\" content=\"index, follow, max-snippet:-1, max-image-preview:large, max-video-preview:-1\" \/>\n<link rel=\"canonical\" href=\"https:\/\/infoecos.com.ar\/index.php\/el-senado-de-buenos-aires-suspendio-hasta-el-31-de-marzo-proximo-las-ejecuciones-sobre-inmuebles-destinados-a-vivienda-unica-de-ocupacion-permanente\/\" \/>\n<meta property=\"og:locale\" content=\"es_ES\" \/>\n<meta property=\"og:type\" content=\"article\" \/>\n<meta property=\"og:title\" content=\"El Senado bonaerense suspendi\u00f3 hasta el 31 de marzo del 2021 ejecuciones sobre inmuebles destinados a vivienda \u00fanica de ocupaci\u00f3n permanente - Infoecos\" \/>\n<meta property=\"og:description\" content=\"Los senadores y senadoras volvieron a sesionar de forma presencial y virtual para tratar la vigencia de la ley 15172\" \/>\n<meta property=\"og:url\" content=\"https:\/\/infoecos.com.ar\/index.php\/el-senado-de-buenos-aires-suspendio-hasta-el-31-de-marzo-proximo-las-ejecuciones-sobre-inmuebles-destinados-a-vivienda-unica-de-ocupacion-permanente\/\" \/>\n<meta property=\"og:site_name\" content=\"Infoecos\" \/>\n<meta property=\"article:publisher\" content=\"https:\/\/www.facebook.com\/profile.php?id=100063200290284\" \/>\n<meta property=\"article:published_time\" content=\"2020-09-25T05:19:08+00:00\" \/>\n<meta property=\"article:modified_time\" content=\"2020-09-25T05:25:56+00:00\" \/>\n<meta property=\"og:image\" content=\"https:\/\/infoecos.com.ar\/wp-content\/uploads\/2020\/09\/senadodebuenosaires.jpg\" \/>\n\t<meta property=\"og:image:width\" content=\"768\" \/>\n\t<meta property=\"og:image:height\" content=\"512\" \/>\n\t<meta property=\"og:image:type\" content=\"image\/jpeg\" \/>\n<meta name=\"author\" content=\"Jorge Matheus\" \/>\n<meta name=\"twitter:card\" content=\"summary_large_image\" \/>\n<meta name=\"twitter:creator\" content=\"@infoecos\" \/>\n<meta name=\"twitter:site\" content=\"@infoecos\" \/>\n<meta name=\"twitter:label1\" content=\"Escrito por\" \/>\n\t<meta name=\"twitter:data1\" content=\"Jorge Matheus\" \/>\n\t<meta name=\"twitter:label2\" content=\"Tiempo de lectura\" \/>\n\t<meta name=\"twitter:data2\" content=\"1 minuto\" \/>\n<script type=\"application\/ld+json\" class=\"yoast-schema-graph\">{\"@context\":\"https:\/\/schema.org\",\"@graph\":[{\"@type\":\"Article\",\"@id\":\"https:\/\/infoecos.com.ar\/index.php\/el-senado-de-buenos-aires-suspendio-hasta-el-31-de-marzo-proximo-las-ejecuciones-sobre-inmuebles-destinados-a-vivienda-unica-de-ocupacion-permanente\/#article\",\"isPartOf\":{\"@id\":\"https:\/\/infoecos.com.ar\/index.php\/el-senado-de-buenos-aires-suspendio-hasta-el-31-de-marzo-proximo-las-ejecuciones-sobre-inmuebles-destinados-a-vivienda-unica-de-ocupacion-permanente\/\"},\"author\":{\"name\":\"Jorge Matheus\",\"@id\":\"https:\/\/infoecos.com.ar\/#\/schema\/person\/8f5ace5ce73b4b4aac4b7245aee6f191\"},\"headline\":\"El Senado bonaerense suspendi\u00f3 hasta el 31 de marzo del 2021 ejecuciones sobre inmuebles destinados a vivienda \u00fanica de ocupaci\u00f3n permanente\",\"datePublished\":\"2020-09-25T05:19:08+00:00\",\"dateModified\":\"2020-09-25T05:25:56+00:00\",\"mainEntityOfPage\":{\"@id\":\"https:\/\/infoecos.com.ar\/index.php\/el-senado-de-buenos-aires-suspendio-hasta-el-31-de-marzo-proximo-las-ejecuciones-sobre-inmuebles-destinados-a-vivienda-unica-de-ocupacion-permanente\/\"},\"wordCount\":306,\"publisher\":{\"@id\":\"https:\/\/infoecos.com.ar\/#organization\"},\"image\":{\"@id\":\"https:\/\/infoecos.com.ar\/index.php\/el-senado-de-buenos-aires-suspendio-hasta-el-31-de-marzo-proximo-las-ejecuciones-sobre-inmuebles-destinados-a-vivienda-unica-de-ocupacion-permanente\/#primaryimage\"},\"thumbnailUrl\":\"https:\/\/infoecos.com.ar\/wp-content\/uploads\/2020\/09\/senadodebuenosaires.jpg\",\"keywords\":[\"DECISI\u00d3N QUE ERA ESPERADA POR INQUILINOS\"],\"articleSection\":[\"C1 nota 5\"],\"inLanguage\":\"es\"},{\"@type\":\"WebPage\",\"@id\":\"https:\/\/infoecos.com.ar\/index.php\/el-senado-de-buenos-aires-suspendio-hasta-el-31-de-marzo-proximo-las-ejecuciones-sobre-inmuebles-destinados-a-vivienda-unica-de-ocupacion-permanente\/\",\"url\":\"https:\/\/infoecos.com.ar\/index.php\/el-senado-de-buenos-aires-suspendio-hasta-el-31-de-marzo-proximo-las-ejecuciones-sobre-inmuebles-destinados-a-vivienda-unica-de-ocupacion-permanente\/\",\"name\":\"El Senado bonaerense suspendi\u00f3 hasta el 31 de marzo del 2021 ejecuciones sobre inmuebles destinados a vivienda \u00fanica de ocupaci\u00f3n permanente - Infoecos\",\"isPartOf\":{\"@id\":\"https:\/\/infoecos.com.ar\/#website\"},\"primaryImageOfPage\":{\"@id\":\"https:\/\/infoecos.com.ar\/index.php\/el-senado-de-buenos-aires-suspendio-hasta-el-31-de-marzo-proximo-las-ejecuciones-sobre-inmuebles-destinados-a-vivienda-unica-de-ocupacion-permanente\/#primaryimage\"},\"image\":{\"@id\":\"https:\/\/infoecos.com.ar\/index.php\/el-senado-de-buenos-aires-suspendio-hasta-el-31-de-marzo-proximo-las-ejecuciones-sobre-inmuebles-destinados-a-vivienda-unica-de-ocupacion-permanente\/#primaryimage\"},\"thumbnailUrl\":\"https:\/\/infoecos.com.ar\/wp-content\/uploads\/2020\/09\/senadodebuenosaires.jpg\",\"datePublished\":\"2020-09-25T05:19:08+00:00\",\"dateModified\":\"2020-09-25T05:25:56+00:00\",\"breadcrumb\":{\"@id\":\"https:\/\/infoecos.com.ar\/index.php\/el-senado-de-buenos-aires-suspendio-hasta-el-31-de-marzo-proximo-las-ejecuciones-sobre-inmuebles-destinados-a-vivienda-unica-de-ocupacion-permanente\/#breadcrumb\"},\"inLanguage\":\"es\",\"potentialAction\":[{\"@type\":\"ReadAction\",\"target\":[\"https:\/\/infoecos.com.ar\/index.php\/el-senado-de-buenos-aires-suspendio-hasta-el-31-de-marzo-proximo-las-ejecuciones-sobre-inmuebles-destinados-a-vivienda-unica-de-ocupacion-permanente\/\"]}]},{\"@type\":\"ImageObject\",\"inLanguage\":\"es\",\"@id\":\"https:\/\/infoecos.com.ar\/index.php\/el-senado-de-buenos-aires-suspendio-hasta-el-31-de-marzo-proximo-las-ejecuciones-sobre-inmuebles-destinados-a-vivienda-unica-de-ocupacion-permanente\/#primaryimage\",\"url\":\"https:\/\/infoecos.com.ar\/wp-content\/uploads\/2020\/09\/senadodebuenosaires.jpg\",\"contentUrl\":\"https:\/\/infoecos.com.ar\/wp-content\/uploads\/2020\/09\/senadodebuenosaires.jpg\",\"width\":768,\"height\":512},{\"@type\":\"BreadcrumbList\",\"@id\":\"https:\/\/infoecos.com.ar\/index.php\/el-senado-de-buenos-aires-suspendio-hasta-el-31-de-marzo-proximo-las-ejecuciones-sobre-inmuebles-destinados-a-vivienda-unica-de-ocupacion-permanente\/#breadcrumb\",\"itemListElement\":[{\"@type\":\"ListItem\",\"position\":1,\"name\":\"Portada\",\"item\":\"https:\/\/infoecos.com.ar\/\"},{\"@type\":\"ListItem\",\"position\":2,\"name\":\"El Senado bonaerense suspendi\u00f3 hasta el 31 de marzo del 2021 ejecuciones sobre inmuebles destinados a vivienda \u00fanica de ocupaci\u00f3n permanente\"}]},{\"@type\":\"WebSite\",\"@id\":\"https:\/\/infoecos.com.ar\/#website\",\"url\":\"https:\/\/infoecos.com.ar\/\",\"name\":\"Infoecos\",\"description\":\"Noticias de trenque lauquen y la zona\",\"publisher\":{\"@id\":\"https:\/\/infoecos.com.ar\/#organization\"},\"alternateName\":\"Noticias\",\"potentialAction\":[{\"@type\":\"SearchAction\",\"target\":{\"@type\":\"EntryPoint\",\"urlTemplate\":\"https:\/\/infoecos.com.ar\/?s={search_term_string}\"},\"query-input\":{\"@type\":\"PropertyValueSpecification\",\"valueRequired\":true,\"valueName\":\"search_term_string\"}}],\"inLanguage\":\"es\"},{\"@type\":\"Organization\",\"@id\":\"https:\/\/infoecos.com.ar\/#organization\",\"name\":\"Infoecos\",\"alternateName\":\"Noticias\",\"url\":\"https:\/\/infoecos.com.ar\/\",\"logo\":{\"@type\":\"ImageObject\",\"inLanguage\":\"es\",\"@id\":\"https:\/\/infoecos.com.ar\/#\/schema\/logo\/image\/\",\"url\":\"https:\/\/infoecos.com.ar\/wp-content\/uploads\/2024\/03\/cropped-logo.png\",\"contentUrl\":\"https:\/\/infoecos.com.ar\/wp-content\/uploads\/2024\/03\/cropped-logo.png\",\"width\":374,\"height\":90,\"caption\":\"Infoecos\"},\"image\":{\"@id\":\"https:\/\/infoecos.com.ar\/#\/schema\/logo\/image\/\"},\"sameAs\":[\"https:\/\/www.facebook.com\/profile.php?id=100063200290284\",\"https:\/\/x.com\/infoecos\"]},{\"@type\":\"Person\",\"@id\":\"https:\/\/infoecos.com.ar\/#\/schema\/person\/8f5ace5ce73b4b4aac4b7245aee6f191\",\"name\":\"Jorge Matheus\",\"url\":\"https:\/\/infoecos.com.ar\/index.php\/author\/jomatheus\/\"}]}<\/script>\n<!-- \/ Yoast SEO plugin. -->","yoast_head_json":{"title":"El Senado bonaerense suspendi\u00f3 hasta el 31 de marzo del 2021 ejecuciones sobre inmuebles destinados a vivienda \u00fanica de ocupaci\u00f3n permanente - Infoecos","robots":{"index":"index","follow":"follow","max-snippet":"max-snippet:-1","max-image-preview":"max-image-preview:large","max-video-preview":"max-video-preview:-1"},"canonical":"https:\/\/infoecos.com.ar\/index.php\/el-senado-de-buenos-aires-suspendio-hasta-el-31-de-marzo-proximo-las-ejecuciones-sobre-inmuebles-destinados-a-vivienda-unica-de-ocupacion-permanente\/","og_locale":"es_ES","og_type":"article","og_title":"El Senado bonaerense suspendi\u00f3 hasta el 31 de marzo del 2021 ejecuciones sobre inmuebles destinados a vivienda \u00fanica de ocupaci\u00f3n permanente - Infoecos","og_description":"Los senadores y senadoras volvieron a sesionar de forma presencial y virtual para tratar la vigencia de la ley 15172","og_url":"https:\/\/infoecos.com.ar\/index.php\/el-senado-de-buenos-aires-suspendio-hasta-el-31-de-marzo-proximo-las-ejecuciones-sobre-inmuebles-destinados-a-vivienda-unica-de-ocupacion-permanente\/","og_site_name":"Infoecos","article_publisher":"https:\/\/www.facebook.com\/profile.php?id=100063200290284","article_published_time":"2020-09-25T05:19:08+00:00","article_modified_time":"2020-09-25T05:25:56+00:00","og_image":[{"width":768,"height":512,"url":"https:\/\/infoecos.com.ar\/wp-content\/uploads\/2020\/09\/senadodebuenosaires.jpg","type":"image\/jpeg"}],"author":"Jorge Matheus","twitter_card":"summary_large_image","twitter_creator":"@infoecos","twitter_site":"@infoecos","twitter_misc":{"Escrito por":"Jorge Matheus","Tiempo de lectura":"1 minuto"},"schema":{"@context":"https:\/\/schema.org","@graph":[{"@type":"Article","@id":"https:\/\/infoecos.com.ar\/index.php\/el-senado-de-buenos-aires-suspendio-hasta-el-31-de-marzo-proximo-las-ejecuciones-sobre-inmuebles-destinados-a-vivienda-unica-de-ocupacion-permanente\/#article","isPartOf":{"@id":"https:\/\/infoecos.com.ar\/index.php\/el-senado-de-buenos-aires-suspendio-hasta-el-31-de-marzo-proximo-las-ejecuciones-sobre-inmuebles-destinados-a-vivienda-unica-de-ocupacion-permanente\/"},"author":{"name":"Jorge Matheus","@id":"https:\/\/infoecos.com.ar\/#\/schema\/person\/8f5ace5ce73b4b4aac4b7245aee6f191"},"headline":"El Senado bonaerense suspendi\u00f3 hasta el 31 de marzo del 2021 ejecuciones sobre inmuebles destinados a vivienda \u00fanica de ocupaci\u00f3n permanente","datePublished":"2020-09-25T05:19:08+00:00","dateModified":"2020-09-25T05:25:56+00:00","mainEntityOfPage":{"@id":"https:\/\/infoecos.com.ar\/index.php\/el-senado-de-buenos-aires-suspendio-hasta-el-31-de-marzo-proximo-las-ejecuciones-sobre-inmuebles-destinados-a-vivienda-unica-de-ocupacion-permanente\/"},"wordCount":306,"publisher":{"@id":"https:\/\/infoecos.com.ar\/#organization"},"image":{"@id":"https:\/\/infoecos.com.ar\/index.php\/el-senado-de-buenos-aires-suspendio-hasta-el-31-de-marzo-proximo-las-ejecuciones-sobre-inmuebles-destinados-a-vivienda-unica-de-ocupacion-permanente\/#primaryimage"},"thumbnailUrl":"https:\/\/infoecos.com.ar\/wp-content\/uploads\/2020\/09\/senadodebuenosaires.jpg","keywords":["DECISI\u00d3N QUE ERA ESPERADA POR INQUILINOS"],"articleSection":["C1 nota 5"],"inLanguage":"es"},{"@type":"WebPage","@id":"https:\/\/infoecos.com.ar\/index.php\/el-senado-de-buenos-aires-suspendio-hasta-el-31-de-marzo-proximo-las-ejecuciones-sobre-inmuebles-destinados-a-vivienda-unica-de-ocupacion-permanente\/","url":"https:\/\/infoecos.com.ar\/index.php\/el-senado-de-buenos-aires-suspendio-hasta-el-31-de-marzo-proximo-las-ejecuciones-sobre-inmuebles-destinados-a-vivienda-unica-de-ocupacion-permanente\/","name":"El Senado bonaerense suspendi\u00f3 hasta el 31 de marzo del 2021 ejecuciones sobre inmuebles destinados a vivienda \u00fanica de ocupaci\u00f3n permanente - Infoecos","isPartOf":{"@id":"https:\/\/infoecos.com.ar\/#website"},"primaryImageOfPage":{"@id":"https:\/\/infoecos.com.ar\/index.php\/el-senado-de-buenos-aires-suspendio-hasta-el-31-de-marzo-proximo-las-ejecuciones-sobre-inmuebles-destinados-a-vivienda-unica-de-ocupacion-permanente\/#primaryimage"},"image":{"@id":"https:\/\/infoecos.com.ar\/index.php\/el-senado-de-buenos-aires-suspendio-hasta-el-31-de-marzo-proximo-las-ejecuciones-sobre-inmuebles-destinados-a-vivienda-unica-de-ocupacion-permanente\/#primaryimage"},"thumbnailUrl":"https:\/\/infoecos.com.ar\/wp-content\/uploads\/2020\/09\/senadodebuenosaires.jpg","datePublished":"2020-09-25T05:19:08+00:00","dateModified":"2020-09-25T05:25:56+00:00","breadcrumb":{"@id":"https:\/\/infoecos.com.ar\/index.php\/el-senado-de-buenos-aires-suspendio-hasta-el-31-de-marzo-proximo-las-ejecuciones-sobre-inmuebles-destinados-a-vivienda-unica-de-ocupacion-permanente\/#breadcrumb"},"inLanguage":"es","potentialAction":[{"@type":"ReadAction","target":["https:\/\/infoecos.com.ar\/index.php\/el-senado-de-buenos-aires-suspendio-hasta-el-31-de-marzo-proximo-las-ejecuciones-sobre-inmuebles-destinados-a-vivienda-unica-de-ocupacion-permanente\/"]}]},{"@type":"ImageObject","inLanguage":"es","@id":"https:\/\/infoecos.com.ar\/index.php\/el-senado-de-buenos-aires-suspendio-hasta-el-31-de-marzo-proximo-las-ejecuciones-sobre-inmuebles-destinados-a-vivienda-unica-de-ocupacion-permanente\/#primaryimage","url":"https:\/\/infoecos.com.ar\/wp-content\/uploads\/2020\/09\/senadodebuenosaires.jpg","contentUrl":"https:\/\/infoecos.com.ar\/wp-content\/uploads\/2020\/09\/senadodebuenosaires.jpg","width":768,"height":512},{"@type":"BreadcrumbList","@id":"https:\/\/infoecos.com.ar\/index.php\/el-senado-de-buenos-aires-suspendio-hasta-el-31-de-marzo-proximo-las-ejecuciones-sobre-inmuebles-destinados-a-vivienda-unica-de-ocupacion-permanente\/#breadcrumb","itemListElement":[{"@type":"ListItem","position":1,"name":"Portada","item":"https:\/\/infoecos.com.ar\/"},{"@type":"ListItem","position":2,"name":"El Senado bonaerense suspendi\u00f3 hasta el 31 de marzo del 2021 ejecuciones sobre inmuebles destinados a vivienda \u00fanica de ocupaci\u00f3n permanente"}]},{"@type":"WebSite","@id":"https:\/\/infoecos.com.ar\/#website","url":"https:\/\/infoecos.com.ar\/","name":"Infoecos","description":"Noticias de trenque lauquen y la zona","publisher":{"@id":"https:\/\/infoecos.com.ar\/#organization"},"alternateName":"Noticias","potentialAction":[{"@type":"SearchAction","target":{"@type":"EntryPoint","urlTemplate":"https:\/\/infoecos.com.ar\/?s={search_term_string}"},"query-input":{"@type":"PropertyValueSpecification","valueRequired":true,"valueName":"search_term_string"}}],"inLanguage":"es"},{"@type":"Organization","@id":"https:\/\/infoecos.com.ar\/#organization","name":"Infoecos","alternateName":"Noticias","url":"https:\/\/infoecos.com.ar\/","logo":{"@type":"ImageObject","inLanguage":"es","@id":"https:\/\/infoecos.com.ar\/#\/schema\/logo\/image\/","url":"https:\/\/infoecos.com.ar\/wp-content\/uploads\/2024\/03\/cropped-logo.png","contentUrl":"https:\/\/infoecos.com.ar\/wp-content\/uploads\/2024\/03\/cropped-logo.png","width":374,"height":90,"caption":"Infoecos"},"image":{"@id":"https:\/\/infoecos.com.ar\/#\/schema\/logo\/image\/"},"sameAs":["https:\/\/www.facebook.com\/profile.php?id=100063200290284","https:\/\/x.com\/infoecos"]},{"@type":"Person","@id":"https:\/\/infoecos.com.ar\/#\/schema\/person\/8f5ace5ce73b4b4aac4b7245aee6f191","name":"Jorge Matheus","url":"https:\/\/infoecos.com.ar\/index.php\/author\/jomatheus\/"}]}},"featured_image_urls":{"full":["https:\/\/infoecos.com.ar\/wp-content\/uploads\/2020\/09\/senadodebuenosaires.jpg",768,512,false],"thumbnail":["https:\/\/infoecos.com.ar\/wp-content\/uploads\/2020\/09\/senadodebuenosaires-150x150.jpg",150,150,true],"medium":["https:\/\/infoecos.com.ar\/wp-content\/uploads\/2020\/09\/senadodebuenosaires-460x307.jpg",460,307,true],"medium_large":["https:\/\/infoecos.com.ar\/wp-content\/uploads\/2020\/09\/senadodebuenosaires.jpg",640,427,false],"large":["https:\/\/infoecos.com.ar\/wp-content\/uploads\/2020\/09\/senadodebuenosaires.jpg",640,427,false],"1536x1536":["https:\/\/infoecos.com.ar\/wp-content\/uploads\/2020\/09\/senadodebuenosaires.jpg",768,512,false],"2048x2048":["https:\/\/infoecos.com.ar\/wp-content\/uploads\/2020\/09\/senadodebuenosaires.jpg",768,512,false],"covernews-slider-full":["https:\/\/infoecos.com.ar\/wp-content\/uploads\/2020\/09\/senadodebuenosaires.jpg",768,512,false],"covernews-slider-center":["https:\/\/infoecos.com.ar\/wp-content\/uploads\/2020\/09\/senadodebuenosaires.jpg",750,500,false],"covernews-featured":["https:\/\/infoecos.com.ar\/wp-content\/uploads\/2020\/09\/senadodebuenosaires.jpg",768,512,false],"covernews-medium":["https:\/\/infoecos.com.ar\/wp-content\/uploads\/2020\/09\/senadodebuenosaires-720x380.jpg",540,285,true],"covernews-medium-square":["https:\/\/infoecos.com.ar\/wp-content\/uploads\/2020\/09\/senadodebuenosaires-675x450.jpg",375,250,true]},"author_info":{"info":["Jorge Matheus"]},"category_info":"<a href=\"https:\/\/infoecos.com.ar\/index.php\/category\/c1nota5\/\" rel=\"category tag\">C1 nota 5<\/a>","tag_info":"C1 nota 5","comment_count":"0","_links":{"self":[{"href":"https:\/\/infoecos.com.ar\/index.php\/wp-json\/wp\/v2\/posts\/68386"}],"collection":[{"href":"https:\/\/infoecos.com.ar\/index.php\/wp-json\/wp\/v2\/posts"}],"about":[{"href":"https:\/\/infoecos.com.ar\/index.php\/wp-json\/wp\/v2\/types\/post"}],"author":[{"embeddable":true,"href":"https:\/\/infoecos.com.ar\/index.php\/wp-json\/wp\/v2\/users\/2"}],"replies":[{"embeddable":true,"href":"https:\/\/infoecos.com.ar\/index.php\/wp-json\/wp\/v2\/comments?post=68386"}],"version-history":[{"count":3,"href":"https:\/\/infoecos.com.ar\/index.php\/wp-json\/wp\/v2\/posts\/68386\/revisions"}],"predecessor-version":[{"id":68390,"href":"https:\/\/infoecos.com.ar\/index.php\/wp-json\/wp\/v2\/posts\/68386\/revisions\/68390"}],"wp:featuredmedia":[{"embeddable":true,"href":"https:\/\/infoecos.com.ar\/index.php\/wp-json\/wp\/v2\/media\/68387"}],"wp:attachment":[{"href":"https:\/\/infoecos.com.ar\/index.php\/wp-json\/wp\/v2\/media?parent=68386"}],"wp:term":[{"taxonomy":"category","embeddable":true,"href":"https:\/\/infoecos.com.ar\/index.php\/wp-json\/wp\/v2\/categories?post=68386"},{"taxonomy":"post_tag","embeddable":true,"href":"https:\/\/infoecos.com.ar\/index.php\/wp-json\/wp\/v2\/tags?post=68386"}],"curies":[{"name":"wp","href":"https:\/\/api.w.org\/{rel}","templated":true}]}}