{"id":68423,"date":"2020-09-26T00:26:52","date_gmt":"2020-09-26T03:26:52","guid":{"rendered":"http:\/\/infoecos.com.ar\/?p=68423"},"modified":"2020-09-27T15:54:02","modified_gmt":"2020-09-27T18:54:02","slug":"el-gobierno-de-buenos-aires-modifico-la-base-de-datos-en-las-que-se-registran-las-personas-con-coronavirus","status":"publish","type":"post","link":"https:\/\/infoecos.com.ar\/index.php\/el-gobierno-de-buenos-aires-modifico-la-base-de-datos-en-las-que-se-registran-las-personas-con-coronavirus\/","title":{"rendered":"El gobierno de Buenos Aires modific\u00f3 la base de datos en las que se registran las personas con coronavirus"},"content":{"rendered":"\n<p>El gobierno bonaerense unific\u00f3 las bases de datos en las que se registran las personas con coronavirus fallecidas en los 135 distritos de la provincia de Buenos Aires y actualiz\u00f3 la cantidad de muertos desde el inicio de la pandemia, que lleg\u00f3 a los 12.566, unos 3.500 m\u00e1s de los que se hab\u00edan reportado hasta este viernes.<\/p>\n\n\n\n<div class=\"wp-block-image\"><figure class=\"aligncenter size-medium\"><img loading=\"lazy\" decoding=\"async\" width=\"460\" height=\"307\" src=\"http:\/\/infoecos.com.ar\/wp-content\/uploads\/2020\/09\/gollanbiancogarciakreplak-460x307.jpg\" alt=\"\" class=\"wp-image-68424\" srcset=\"https:\/\/infoecos.com.ar\/wp-content\/uploads\/2020\/09\/gollanbiancogarciakreplak-460x307.jpg 460w, https:\/\/infoecos.com.ar\/wp-content\/uploads\/2020\/09\/gollanbiancogarciakreplak.jpg 600w\" sizes=\"(max-width: 460px) 100vw, 460px\" \/><\/figure><\/div>\n\n\n\n<p>Durante una conferencia de prensa, el ministro de Salud de la provincia, Daniel Gollan, explic\u00f3 que el distrito \u201cutilizar\u00e1 una nueva herramienta para el registro de informaci\u00f3n sobre los fallecidos por Covid-19, con el objetivo de terminar con el subregistro de los mismos\u201d.<\/p>\n\n\n\n<p>\u201cCon el desaf\u00edo de medir la pandemia en tiempo real, comenzamos a utilizar informaci\u00f3n proveniente de tres bases de datos: el Sistema de Integrado de Informaci\u00f3n Sanitaria Argentino (SISA), el Sistema de Registro de Camas (SIGEC) y el Registro de las Personas que elabora los certificados de defunci\u00f3n en forma digital\u201d, dijo el ministro.<\/p>\n\n\n\n<figure class=\"wp-block-embed-youtube wp-block-embed is-type-video is-provider-youtube wp-embed-aspect-16-9 wp-has-aspect-ratio\"><div class=\"wp-block-embed__wrapper\">\n<iframe loading=\"lazy\" title=\"Presentan un nuevo sistema de registro de fallecidos por coronavirus en Buenos Aires\" width=\"640\" height=\"360\" src=\"https:\/\/www.youtube.com\/embed\/2X300x2F0Go?feature=oembed\" frameborder=\"0\" allow=\"accelerometer; autoplay; clipboard-write; encrypted-media; gyroscope; picture-in-picture; web-share\" referrerpolicy=\"strict-origin-when-cross-origin\" allowfullscreen><\/iframe>\n<\/div><\/figure>\n\n\n\n<p>Seg\u00fan se inform\u00f3 durante la conferencia, de la que tambi\u00e9n participaron el jefe de Gabinete, Carlos Bianco; la ministra de Gobierno, Teresa Garc\u00eda y el viceministro de Salud, Nicol\u00e1s Kreplak, con el nuevo sistema la provincia, Buenos Aires incorpor\u00f3 un total de 3.523 fallecidos que hasta ahora no hab\u00edan sido reportados.<\/p>\n\n\n\n<p>Gollan precis\u00f3 que la metodolog\u00eda de trabajo que se aplica desde este viernes \u201cconsiste en cruzar las tres fuentes de informaci\u00f3n y llegar a los datos m\u00e1s precisos obtenidos de todas las bases de informaci\u00f3n existentes\u201d.<\/p>\n\n\n\n<p>Explic\u00f3, que hasta el momento, el registro s\u00f3lo se basaba en los fallecidos que se cargaban en el SISA, \u201cpero en \u00e9pocas de pandemia sufre una demora en la carga de datos, lo que nos impide conocer la cantidad de fallecidos d\u00eda a d\u00eda y en tiempo real\u201d.<\/p>\n\n\n\n<p>Asegur\u00f3 que el SISA, el sistema en el que los establecimientos sanitarios deben cargar los datos de los fallecidos y sus causas.<\/p>\n\n\n\n<p>\u00abEs un sistema s\u00f3lido y muy bueno, pero que, como sucedi\u00f3 en muchos pa\u00edses de Europa y Am\u00e9rica, presenta demoras en la carga\u201d, dijo.<\/p>\n","protected":false},"excerpt":{"rendered":"<p>\u201cCon el desaf\u00edo de medir la pandemia en tiempo real, comenzamos a utilizar informaci\u00f3n proveniente de tres bases de datos\u00bb, dijo Gollan<\/p>\n","protected":false},"author":2,"featured_media":68424,"comment_status":"closed","ping_status":"open","sticky":false,"template":"","format":"standard","meta":{"footnotes":""},"categories":[1341],"tags":[1938],"class_list":["post-68423","post","type-post","status-publish","format-standard","has-post-thumbnail","hentry","category-c1nota7","tag-un-cambio-que-genero-polemica"],"yoast_head":"<!-- This site is optimized with the Yoast SEO plugin v23.4 - https:\/\/yoast.com\/wordpress\/plugins\/seo\/ -->\n<title>El gobierno de Buenos Aires modific\u00f3 la base de datos en las que se registran las personas con coronavirus - Infoecos<\/title>\n<meta name=\"robots\" content=\"index, follow, max-snippet:-1, max-image-preview:large, max-video-preview:-1\" \/>\n<link rel=\"canonical\" href=\"https:\/\/infoecos.com.ar\/index.php\/el-gobierno-de-buenos-aires-modifico-la-base-de-datos-en-las-que-se-registran-las-personas-con-coronavirus\/\" \/>\n<meta property=\"og:locale\" content=\"es_ES\" \/>\n<meta property=\"og:type\" content=\"article\" \/>\n<meta property=\"og:title\" content=\"El gobierno de Buenos Aires modific\u00f3 la base de datos en las que se registran las personas con coronavirus - Infoecos\" \/>\n<meta property=\"og:description\" content=\"\u201cCon el desaf\u00edo de medir la pandemia en tiempo real, comenzamos a utilizar informaci\u00f3n proveniente de tres bases de datos&quot;, dijo Gollan\" \/>\n<meta property=\"og:url\" content=\"https:\/\/infoecos.com.ar\/index.php\/el-gobierno-de-buenos-aires-modifico-la-base-de-datos-en-las-que-se-registran-las-personas-con-coronavirus\/\" \/>\n<meta property=\"og:site_name\" content=\"Infoecos\" \/>\n<meta property=\"article:publisher\" content=\"https:\/\/www.facebook.com\/profile.php?id=100063200290284\" \/>\n<meta property=\"article:published_time\" content=\"2020-09-26T03:26:52+00:00\" \/>\n<meta property=\"article:modified_time\" content=\"2020-09-27T18:54:02+00:00\" \/>\n<meta property=\"og:image\" content=\"https:\/\/infoecos.com.ar\/wp-content\/uploads\/2020\/09\/gollanbiancogarciakreplak.jpg\" \/>\n\t<meta property=\"og:image:width\" content=\"600\" \/>\n\t<meta property=\"og:image:height\" content=\"400\" \/>\n\t<meta property=\"og:image:type\" content=\"image\/jpeg\" \/>\n<meta name=\"author\" content=\"Jorge Matheus\" \/>\n<meta name=\"twitter:card\" content=\"summary_large_image\" \/>\n<meta name=\"twitter:creator\" content=\"@infoecos\" \/>\n<meta name=\"twitter:site\" content=\"@infoecos\" \/>\n<meta name=\"twitter:label1\" content=\"Escrito por\" \/>\n\t<meta name=\"twitter:data1\" content=\"Jorge Matheus\" \/>\n\t<meta name=\"twitter:label2\" content=\"Tiempo de lectura\" \/>\n\t<meta name=\"twitter:data2\" content=\"2 minutos\" \/>\n<script type=\"application\/ld+json\" class=\"yoast-schema-graph\">{\"@context\":\"https:\/\/schema.org\",\"@graph\":[{\"@type\":\"Article\",\"@id\":\"https:\/\/infoecos.com.ar\/index.php\/el-gobierno-de-buenos-aires-modifico-la-base-de-datos-en-las-que-se-registran-las-personas-con-coronavirus\/#article\",\"isPartOf\":{\"@id\":\"https:\/\/infoecos.com.ar\/index.php\/el-gobierno-de-buenos-aires-modifico-la-base-de-datos-en-las-que-se-registran-las-personas-con-coronavirus\/\"},\"author\":{\"name\":\"Jorge Matheus\",\"@id\":\"https:\/\/infoecos.com.ar\/#\/schema\/person\/8f5ace5ce73b4b4aac4b7245aee6f191\"},\"headline\":\"El gobierno de Buenos Aires modific\u00f3 la base de datos en las que se registran las personas con coronavirus\",\"datePublished\":\"2020-09-26T03:26:52+00:00\",\"dateModified\":\"2020-09-27T18:54:02+00:00\",\"mainEntityOfPage\":{\"@id\":\"https:\/\/infoecos.com.ar\/index.php\/el-gobierno-de-buenos-aires-modifico-la-base-de-datos-en-las-que-se-registran-las-personas-con-coronavirus\/\"},\"wordCount\":393,\"publisher\":{\"@id\":\"https:\/\/infoecos.com.ar\/#organization\"},\"image\":{\"@id\":\"https:\/\/infoecos.com.ar\/index.php\/el-gobierno-de-buenos-aires-modifico-la-base-de-datos-en-las-que-se-registran-las-personas-con-coronavirus\/#primaryimage\"},\"thumbnailUrl\":\"https:\/\/infoecos.com.ar\/wp-content\/uploads\/2020\/09\/gollanbiancogarciakreplak.jpg\",\"keywords\":[\"UN CAMBIO QUE GENER\u00d3 POL\u00c9MICA\"],\"articleSection\":[\"C1 nota 7\"],\"inLanguage\":\"es\"},{\"@type\":\"WebPage\",\"@id\":\"https:\/\/infoecos.com.ar\/index.php\/el-gobierno-de-buenos-aires-modifico-la-base-de-datos-en-las-que-se-registran-las-personas-con-coronavirus\/\",\"url\":\"https:\/\/infoecos.com.ar\/index.php\/el-gobierno-de-buenos-aires-modifico-la-base-de-datos-en-las-que-se-registran-las-personas-con-coronavirus\/\",\"name\":\"El gobierno de Buenos Aires modific\u00f3 la base de datos en las que se registran las personas con coronavirus - Infoecos\",\"isPartOf\":{\"@id\":\"https:\/\/infoecos.com.ar\/#website\"},\"primaryImageOfPage\":{\"@id\":\"https:\/\/infoecos.com.ar\/index.php\/el-gobierno-de-buenos-aires-modifico-la-base-de-datos-en-las-que-se-registran-las-personas-con-coronavirus\/#primaryimage\"},\"image\":{\"@id\":\"https:\/\/infoecos.com.ar\/index.php\/el-gobierno-de-buenos-aires-modifico-la-base-de-datos-en-las-que-se-registran-las-personas-con-coronavirus\/#primaryimage\"},\"thumbnailUrl\":\"https:\/\/infoecos.com.ar\/wp-content\/uploads\/2020\/09\/gollanbiancogarciakreplak.jpg\",\"datePublished\":\"2020-09-26T03:26:52+00:00\",\"dateModified\":\"2020-09-27T18:54:02+00:00\",\"breadcrumb\":{\"@id\":\"https:\/\/infoecos.com.ar\/index.php\/el-gobierno-de-buenos-aires-modifico-la-base-de-datos-en-las-que-se-registran-las-personas-con-coronavirus\/#breadcrumb\"},\"inLanguage\":\"es\",\"potentialAction\":[{\"@type\":\"ReadAction\",\"target\":[\"https:\/\/infoecos.com.ar\/index.php\/el-gobierno-de-buenos-aires-modifico-la-base-de-datos-en-las-que-se-registran-las-personas-con-coronavirus\/\"]}]},{\"@type\":\"ImageObject\",\"inLanguage\":\"es\",\"@id\":\"https:\/\/infoecos.com.ar\/index.php\/el-gobierno-de-buenos-aires-modifico-la-base-de-datos-en-las-que-se-registran-las-personas-con-coronavirus\/#primaryimage\",\"url\":\"https:\/\/infoecos.com.ar\/wp-content\/uploads\/2020\/09\/gollanbiancogarciakreplak.jpg\",\"contentUrl\":\"https:\/\/infoecos.com.ar\/wp-content\/uploads\/2020\/09\/gollanbiancogarciakreplak.jpg\",\"width\":600,\"height\":400},{\"@type\":\"BreadcrumbList\",\"@id\":\"https:\/\/infoecos.com.ar\/index.php\/el-gobierno-de-buenos-aires-modifico-la-base-de-datos-en-las-que-se-registran-las-personas-con-coronavirus\/#breadcrumb\",\"itemListElement\":[{\"@type\":\"ListItem\",\"position\":1,\"name\":\"Portada\",\"item\":\"https:\/\/infoecos.com.ar\/\"},{\"@type\":\"ListItem\",\"position\":2,\"name\":\"El gobierno de Buenos Aires modific\u00f3 la base de datos en las que se registran las personas con coronavirus\"}]},{\"@type\":\"WebSite\",\"@id\":\"https:\/\/infoecos.com.ar\/#website\",\"url\":\"https:\/\/infoecos.com.ar\/\",\"name\":\"Infoecos\",\"description\":\"Noticias de trenque lauquen y la zona\",\"publisher\":{\"@id\":\"https:\/\/infoecos.com.ar\/#organization\"},\"alternateName\":\"Noticias\",\"potentialAction\":[{\"@type\":\"SearchAction\",\"target\":{\"@type\":\"EntryPoint\",\"urlTemplate\":\"https:\/\/infoecos.com.ar\/?s={search_term_string}\"},\"query-input\":{\"@type\":\"PropertyValueSpecification\",\"valueRequired\":true,\"valueName\":\"search_term_string\"}}],\"inLanguage\":\"es\"},{\"@type\":\"Organization\",\"@id\":\"https:\/\/infoecos.com.ar\/#organization\",\"name\":\"Infoecos\",\"alternateName\":\"Noticias\",\"url\":\"https:\/\/infoecos.com.ar\/\",\"logo\":{\"@type\":\"ImageObject\",\"inLanguage\":\"es\",\"@id\":\"https:\/\/infoecos.com.ar\/#\/schema\/logo\/image\/\",\"url\":\"https:\/\/infoecos.com.ar\/wp-content\/uploads\/2024\/03\/cropped-logo.png\",\"contentUrl\":\"https:\/\/infoecos.com.ar\/wp-content\/uploads\/2024\/03\/cropped-logo.png\",\"width\":374,\"height\":90,\"caption\":\"Infoecos\"},\"image\":{\"@id\":\"https:\/\/infoecos.com.ar\/#\/schema\/logo\/image\/\"},\"sameAs\":[\"https:\/\/www.facebook.com\/profile.php?id=100063200290284\",\"https:\/\/x.com\/infoecos\"]},{\"@type\":\"Person\",\"@id\":\"https:\/\/infoecos.com.ar\/#\/schema\/person\/8f5ace5ce73b4b4aac4b7245aee6f191\",\"name\":\"Jorge Matheus\",\"url\":\"https:\/\/infoecos.com.ar\/index.php\/author\/jomatheus\/\"}]}<\/script>\n<!-- \/ Yoast SEO plugin. -->","yoast_head_json":{"title":"El gobierno de Buenos Aires modific\u00f3 la base de datos en las que se registran las personas con coronavirus - Infoecos","robots":{"index":"index","follow":"follow","max-snippet":"max-snippet:-1","max-image-preview":"max-image-preview:large","max-video-preview":"max-video-preview:-1"},"canonical":"https:\/\/infoecos.com.ar\/index.php\/el-gobierno-de-buenos-aires-modifico-la-base-de-datos-en-las-que-se-registran-las-personas-con-coronavirus\/","og_locale":"es_ES","og_type":"article","og_title":"El gobierno de Buenos Aires modific\u00f3 la base de datos en las que se registran las personas con coronavirus - Infoecos","og_description":"\u201cCon el desaf\u00edo de medir la pandemia en tiempo real, comenzamos a utilizar informaci\u00f3n proveniente de tres bases de datos\", dijo Gollan","og_url":"https:\/\/infoecos.com.ar\/index.php\/el-gobierno-de-buenos-aires-modifico-la-base-de-datos-en-las-que-se-registran-las-personas-con-coronavirus\/","og_site_name":"Infoecos","article_publisher":"https:\/\/www.facebook.com\/profile.php?id=100063200290284","article_published_time":"2020-09-26T03:26:52+00:00","article_modified_time":"2020-09-27T18:54:02+00:00","og_image":[{"width":600,"height":400,"url":"https:\/\/infoecos.com.ar\/wp-content\/uploads\/2020\/09\/gollanbiancogarciakreplak.jpg","type":"image\/jpeg"}],"author":"Jorge Matheus","twitter_card":"summary_large_image","twitter_creator":"@infoecos","twitter_site":"@infoecos","twitter_misc":{"Escrito por":"Jorge Matheus","Tiempo de lectura":"2 minutos"},"schema":{"@context":"https:\/\/schema.org","@graph":[{"@type":"Article","@id":"https:\/\/infoecos.com.ar\/index.php\/el-gobierno-de-buenos-aires-modifico-la-base-de-datos-en-las-que-se-registran-las-personas-con-coronavirus\/#article","isPartOf":{"@id":"https:\/\/infoecos.com.ar\/index.php\/el-gobierno-de-buenos-aires-modifico-la-base-de-datos-en-las-que-se-registran-las-personas-con-coronavirus\/"},"author":{"name":"Jorge Matheus","@id":"https:\/\/infoecos.com.ar\/#\/schema\/person\/8f5ace5ce73b4b4aac4b7245aee6f191"},"headline":"El gobierno de Buenos Aires modific\u00f3 la base de datos en las que se registran las personas con coronavirus","datePublished":"2020-09-26T03:26:52+00:00","dateModified":"2020-09-27T18:54:02+00:00","mainEntityOfPage":{"@id":"https:\/\/infoecos.com.ar\/index.php\/el-gobierno-de-buenos-aires-modifico-la-base-de-datos-en-las-que-se-registran-las-personas-con-coronavirus\/"},"wordCount":393,"publisher":{"@id":"https:\/\/infoecos.com.ar\/#organization"},"image":{"@id":"https:\/\/infoecos.com.ar\/index.php\/el-gobierno-de-buenos-aires-modifico-la-base-de-datos-en-las-que-se-registran-las-personas-con-coronavirus\/#primaryimage"},"thumbnailUrl":"https:\/\/infoecos.com.ar\/wp-content\/uploads\/2020\/09\/gollanbiancogarciakreplak.jpg","keywords":["UN CAMBIO QUE GENER\u00d3 POL\u00c9MICA"],"articleSection":["C1 nota 7"],"inLanguage":"es"},{"@type":"WebPage","@id":"https:\/\/infoecos.com.ar\/index.php\/el-gobierno-de-buenos-aires-modifico-la-base-de-datos-en-las-que-se-registran-las-personas-con-coronavirus\/","url":"https:\/\/infoecos.com.ar\/index.php\/el-gobierno-de-buenos-aires-modifico-la-base-de-datos-en-las-que-se-registran-las-personas-con-coronavirus\/","name":"El gobierno de Buenos Aires modific\u00f3 la base de datos en las que se registran las personas con coronavirus - Infoecos","isPartOf":{"@id":"https:\/\/infoecos.com.ar\/#website"},"primaryImageOfPage":{"@id":"https:\/\/infoecos.com.ar\/index.php\/el-gobierno-de-buenos-aires-modifico-la-base-de-datos-en-las-que-se-registran-las-personas-con-coronavirus\/#primaryimage"},"image":{"@id":"https:\/\/infoecos.com.ar\/index.php\/el-gobierno-de-buenos-aires-modifico-la-base-de-datos-en-las-que-se-registran-las-personas-con-coronavirus\/#primaryimage"},"thumbnailUrl":"https:\/\/infoecos.com.ar\/wp-content\/uploads\/2020\/09\/gollanbiancogarciakreplak.jpg","datePublished":"2020-09-26T03:26:52+00:00","dateModified":"2020-09-27T18:54:02+00:00","breadcrumb":{"@id":"https:\/\/infoecos.com.ar\/index.php\/el-gobierno-de-buenos-aires-modifico-la-base-de-datos-en-las-que-se-registran-las-personas-con-coronavirus\/#breadcrumb"},"inLanguage":"es","potentialAction":[{"@type":"ReadAction","target":["https:\/\/infoecos.com.ar\/index.php\/el-gobierno-de-buenos-aires-modifico-la-base-de-datos-en-las-que-se-registran-las-personas-con-coronavirus\/"]}]},{"@type":"ImageObject","inLanguage":"es","@id":"https:\/\/infoecos.com.ar\/index.php\/el-gobierno-de-buenos-aires-modifico-la-base-de-datos-en-las-que-se-registran-las-personas-con-coronavirus\/#primaryimage","url":"https:\/\/infoecos.com.ar\/wp-content\/uploads\/2020\/09\/gollanbiancogarciakreplak.jpg","contentUrl":"https:\/\/infoecos.com.ar\/wp-content\/uploads\/2020\/09\/gollanbiancogarciakreplak.jpg","width":600,"height":400},{"@type":"BreadcrumbList","@id":"https:\/\/infoecos.com.ar\/index.php\/el-gobierno-de-buenos-aires-modifico-la-base-de-datos-en-las-que-se-registran-las-personas-con-coronavirus\/#breadcrumb","itemListElement":[{"@type":"ListItem","position":1,"name":"Portada","item":"https:\/\/infoecos.com.ar\/"},{"@type":"ListItem","position":2,"name":"El gobierno de Buenos Aires modific\u00f3 la base de datos en las que se registran las personas con coronavirus"}]},{"@type":"WebSite","@id":"https:\/\/infoecos.com.ar\/#website","url":"https:\/\/infoecos.com.ar\/","name":"Infoecos","description":"Noticias de trenque lauquen y la zona","publisher":{"@id":"https:\/\/infoecos.com.ar\/#organization"},"alternateName":"Noticias","potentialAction":[{"@type":"SearchAction","target":{"@type":"EntryPoint","urlTemplate":"https:\/\/infoecos.com.ar\/?s={search_term_string}"},"query-input":{"@type":"PropertyValueSpecification","valueRequired":true,"valueName":"search_term_string"}}],"inLanguage":"es"},{"@type":"Organization","@id":"https:\/\/infoecos.com.ar\/#organization","name":"Infoecos","alternateName":"Noticias","url":"https:\/\/infoecos.com.ar\/","logo":{"@type":"ImageObject","inLanguage":"es","@id":"https:\/\/infoecos.com.ar\/#\/schema\/logo\/image\/","url":"https:\/\/infoecos.com.ar\/wp-content\/uploads\/2024\/03\/cropped-logo.png","contentUrl":"https:\/\/infoecos.com.ar\/wp-content\/uploads\/2024\/03\/cropped-logo.png","width":374,"height":90,"caption":"Infoecos"},"image":{"@id":"https:\/\/infoecos.com.ar\/#\/schema\/logo\/image\/"},"sameAs":["https:\/\/www.facebook.com\/profile.php?id=100063200290284","https:\/\/x.com\/infoecos"]},{"@type":"Person","@id":"https:\/\/infoecos.com.ar\/#\/schema\/person\/8f5ace5ce73b4b4aac4b7245aee6f191","name":"Jorge Matheus","url":"https:\/\/infoecos.com.ar\/index.php\/author\/jomatheus\/"}]}},"featured_image_urls":{"full":["https:\/\/infoecos.com.ar\/wp-content\/uploads\/2020\/09\/gollanbiancogarciakreplak.jpg",600,400,false],"thumbnail":["https:\/\/infoecos.com.ar\/wp-content\/uploads\/2020\/09\/gollanbiancogarciakreplak-150x150.jpg",150,150,true],"medium":["https:\/\/infoecos.com.ar\/wp-content\/uploads\/2020\/09\/gollanbiancogarciakreplak-460x307.jpg",460,307,true],"medium_large":["https:\/\/infoecos.com.ar\/wp-content\/uploads\/2020\/09\/gollanbiancogarciakreplak.jpg",600,400,false],"large":["https:\/\/infoecos.com.ar\/wp-content\/uploads\/2020\/09\/gollanbiancogarciakreplak.jpg",600,400,false],"1536x1536":["https:\/\/infoecos.com.ar\/wp-content\/uploads\/2020\/09\/gollanbiancogarciakreplak.jpg",600,400,false],"2048x2048":["https:\/\/infoecos.com.ar\/wp-content\/uploads\/2020\/09\/gollanbiancogarciakreplak.jpg",600,400,false],"covernews-slider-full":["https:\/\/infoecos.com.ar\/wp-content\/uploads\/2020\/09\/gollanbiancogarciakreplak.jpg",600,400,false],"covernews-slider-center":["https:\/\/infoecos.com.ar\/wp-content\/uploads\/2020\/09\/gollanbiancogarciakreplak.jpg",600,400,false],"covernews-featured":["https:\/\/infoecos.com.ar\/wp-content\/uploads\/2020\/09\/gollanbiancogarciakreplak.jpg",600,400,false],"covernews-medium":["https:\/\/infoecos.com.ar\/wp-content\/uploads\/2020\/09\/gollanbiancogarciakreplak-600x380.jpg",537,340,true],"covernews-medium-square":["https:\/\/infoecos.com.ar\/wp-content\/uploads\/2020\/09\/gollanbiancogarciakreplak.jpg",375,250,false]},"author_info":{"info":["Jorge Matheus"]},"category_info":"<a href=\"https:\/\/infoecos.com.ar\/index.php\/category\/c1nota7\/\" rel=\"category tag\">C1 nota 7<\/a>","tag_info":"C1 nota 7","comment_count":"0","_links":{"self":[{"href":"https:\/\/infoecos.com.ar\/index.php\/wp-json\/wp\/v2\/posts\/68423"}],"collection":[{"href":"https:\/\/infoecos.com.ar\/index.php\/wp-json\/wp\/v2\/posts"}],"about":[{"href":"https:\/\/infoecos.com.ar\/index.php\/wp-json\/wp\/v2\/types\/post"}],"author":[{"embeddable":true,"href":"https:\/\/infoecos.com.ar\/index.php\/wp-json\/wp\/v2\/users\/2"}],"replies":[{"embeddable":true,"href":"https:\/\/infoecos.com.ar\/index.php\/wp-json\/wp\/v2\/comments?post=68423"}],"version-history":[{"count":3,"href":"https:\/\/infoecos.com.ar\/index.php\/wp-json\/wp\/v2\/posts\/68423\/revisions"}],"predecessor-version":[{"id":68427,"href":"https:\/\/infoecos.com.ar\/index.php\/wp-json\/wp\/v2\/posts\/68423\/revisions\/68427"}],"wp:featuredmedia":[{"embeddable":true,"href":"https:\/\/infoecos.com.ar\/index.php\/wp-json\/wp\/v2\/media\/68424"}],"wp:attachment":[{"href":"https:\/\/infoecos.com.ar\/index.php\/wp-json\/wp\/v2\/media?parent=68423"}],"wp:term":[{"taxonomy":"category","embeddable":true,"href":"https:\/\/infoecos.com.ar\/index.php\/wp-json\/wp\/v2\/categories?post=68423"},{"taxonomy":"post_tag","embeddable":true,"href":"https:\/\/infoecos.com.ar\/index.php\/wp-json\/wp\/v2\/tags?post=68423"}],"curies":[{"name":"wp","href":"https:\/\/api.w.org\/{rel}","templated":true}]}}