{"id":68496,"date":"2020-09-27T15:03:17","date_gmt":"2020-09-27T18:03:17","guid":{"rendered":"http:\/\/infoecos.com.ar\/?p=68496"},"modified":"2020-09-27T15:03:21","modified_gmt":"2020-09-27T18:03:21","slug":"en-chivilcoy-murieron-cuatro-adultos-mayores-y-se-reportaron-21-casos-positivos","status":"publish","type":"post","link":"https:\/\/infoecos.com.ar\/index.php\/en-chivilcoy-murieron-cuatro-adultos-mayores-y-se-reportaron-21-casos-positivos\/","title":{"rendered":"En Chivilcoy murieron cuatro adultos mayores y se reportaron 21 casos positivos"},"content":{"rendered":"\n<p class=\"wp-block-paragraph\">El \u00faltimo reporte epidemiol\u00f3gico en Chivilcoy indica que llegaron\u00a021 casos confirmados de Covid-19 del sistema p\u00fablico, cuatro del sistema privado y cuatro determinados por criterio m\u00e9dico. 17 resultados descartados y 22 pacientes recuperados. Adem\u00e1s, lamentablemente, se produjo el deceso de cuatro adultos mayores.\u00a0<\/p>\n\n\n\n<div class=\"wp-block-image\"><figure class=\"aligncenter size-medium\"><img loading=\"lazy\" decoding=\"async\" width=\"460\" height=\"307\" src=\"http:\/\/infoecos.com.ar\/wp-content\/uploads\/2020\/09\/reportechivilcoy-7-460x307.jpg\" alt=\"\" class=\"wp-image-68497\" srcset=\"https:\/\/infoecos.com.ar\/wp-content\/uploads\/2020\/09\/reportechivilcoy-7-460x307.jpg 460w, https:\/\/infoecos.com.ar\/wp-content\/uploads\/2020\/09\/reportechivilcoy-7-920x614.jpg 920w, https:\/\/infoecos.com.ar\/wp-content\/uploads\/2020\/09\/reportechivilcoy-7-768x512.jpg 768w, https:\/\/infoecos.com.ar\/wp-content\/uploads\/2020\/09\/reportechivilcoy-7-675x450.jpg 675w, https:\/\/infoecos.com.ar\/wp-content\/uploads\/2020\/09\/reportechivilcoy-7.jpg 1024w\" sizes=\"auto, (max-width: 460px) 100vw, 460px\" \/><\/figure><\/div>\n\n\n\n<p class=\"wp-block-paragraph\">Cabe aclarar que del total de los casos por sistema p\u00fablico, s\u00f3lo cuatro est\u00e1n en investigaci\u00f3n, el resto tienen su nexo de contagio identificado.<\/p>\n\n\n\n<p class=\"wp-block-paragraph\">As\u00ed lo anunci\u00f3 el intendente Guillermo Britos, junto a la jefa de Gabinete, Marcela Sabella; el secretario de Salud, Jos\u00e9 Caprara; y el director de Defensa Civil, Esteban Genaro.<\/p>\n\n\n\n<p class=\"wp-block-paragraph\">\u201cLos decesos corresponden a un hombre de 86 a\u00f1os que muri\u00f3 por neumon\u00eda covid; un se\u00f1or de 71, que ya estaba recuperado de Covid, pero ten\u00eda una patolog\u00eda cardiol\u00f3gica previa, y su fallecimiento se produjo a ra\u00edz de una arritmia cardiaca; otra persona de 68 a\u00f1os que ten\u00eda neumon\u00eda por covid, y una patolog\u00eda oncol\u00f3gica; y un adulto mayor de 87 con una patolog\u00eda hematol\u00f3gica y una vascular previa, quien contrajo una neumon\u00eda por covid\u201d, explic\u00f3 el secretario de Salud del gobierno comunal, Jos\u00e9 Caprara. <\/p>\n\n\n\n<p class=\"wp-block-paragraph\">En cuanto a los pacientes internados explic\u00f3 que en este momento hay 34 pacientes alojados en las diferentes dependencias. Sobre esto, puntualiz\u00f3: \u201cEn el Hospital Municipal hay 10\u00a0 en sala Covid, cuatro con pron\u00f3stico reservado. Un\u00a0 joven internado en UTI, que contin\u00faa con pron\u00f3stico reservado; y en cl\u00ednica m\u00e9dica hay tres pacientes, dos con pron\u00f3stico reservado\u00bb.<\/p>\n\n\n\n<p class=\"wp-block-paragraph\">Seguidamente, el Intendente adelant\u00f3 que \u201canoche hubo una celebraci\u00f3n en una quinta, en la cual hab\u00eda alrededor de 20 j\u00f3venes, que cuando llegaron los agentes de la Polic\u00eda y la Guardia Urbana salieron corriendo. De todas formas, lograron alcanzar a tres de ellos, a quienes se les labraron las actas de infracci\u00f3n correspondientes\u201d.<\/p>\n\n\n\n<p class=\"wp-block-paragraph\">En este sentido, inform\u00f3 que en la conferencia de prensa de este lunes se dar\u00e1 el parte de Seguridad completo del fin de semana.<\/p>\n\n\n\n<p class=\"wp-block-paragraph\">Para finalizar, el mandatario llam\u00f3 a tomar conciencia y apel\u00f3 a que los chivilcoyanos entiendan el dif\u00edcil momento que estamos pasando.<\/p>\n\n\n\n<p class=\"wp-block-paragraph\">\u00abHay una minor\u00eda que todav\u00eda no entendi\u00f3 de qu\u00e9 se trata esto. Hay gente que, a pesar de que tiene a su personal aislado, abre el comercio igual, y en este sentido, vamos a hacer cumplir las reglas que indican las autoridades de Salud a rajatabla\u00bb, sentenci\u00f3.<\/p>\n\n\n\n<p class=\"wp-block-paragraph\">A la vez que manifest\u00f3: \u00abLa gran mayor\u00eda de los chivilcoyanos se cuida y de esa forma tenemos que seguir para que no se nos complique m\u00e1s la situaci\u00f3n\u201d. Y cerr\u00f3: \u201cLa colaboraci\u00f3n de los vecinos es fundamental\u00bb.<\/p>\n\n\n\n<figure class=\"wp-block-embed-facebook wp-block-embed is-type-video is-provider-facebook\"><div class=\"wp-block-embed__wrapper\">\nhttps:\/\/www.facebook.com\/Municipalidad.Chivilcoy\/videos\/934967780326021\/\n<\/div><\/figure>\n","protected":false},"excerpt":{"rendered":"<p>El \u00faltimo reporte epidemiol\u00f3gico en Chivilcoy indica que llegaron\u00a021 casos confirmados de Covid-19 del sistema&#8230;<\/p>\n","protected":false},"author":2,"featured_media":68497,"comment_status":"closed","ping_status":"open","sticky":false,"template":"","format":"standard","meta":{"footnotes":""},"categories":[1327,1612,1328],"tags":[1960],"class_list":["post-68496","post","type-post","status-publish","format-standard","has-post-thumbnail","hentry","category-audio","category-noticia-principal","category-video","tag-el-coronavirus-no-cede"],"featured_image_urls":{"full":["https:\/\/infoecos.com.ar\/wp-content\/uploads\/2020\/09\/reportechivilcoy-7.jpg",1024,683,false],"thumbnail":["https:\/\/infoecos.com.ar\/wp-content\/uploads\/2020\/09\/reportechivilcoy-7-150x150.jpg",150,150,true],"medium":["https:\/\/infoecos.com.ar\/wp-content\/uploads\/2020\/09\/reportechivilcoy-7-460x307.jpg",460,307,true],"medium_large":["https:\/\/infoecos.com.ar\/wp-content\/uploads\/2020\/09\/reportechivilcoy-7-768x512.jpg",640,427,true],"large":["https:\/\/infoecos.com.ar\/wp-content\/uploads\/2020\/09\/reportechivilcoy-7-920x614.jpg",640,427,true],"1536x1536":["https:\/\/infoecos.com.ar\/wp-content\/uploads\/2020\/09\/reportechivilcoy-7.jpg",1024,683,false],"2048x2048":["https:\/\/infoecos.com.ar\/wp-content\/uploads\/2020\/09\/reportechivilcoy-7.jpg",1024,683,false],"covernews-slider-full":["https:\/\/infoecos.com.ar\/wp-content\/uploads\/2020\/09\/reportechivilcoy-7.jpg",1024,683,false],"covernews-slider-center":["https:\/\/infoecos.com.ar\/wp-content\/uploads\/2020\/09\/reportechivilcoy-7-936x683.jpg",685,500,true],"covernews-featured":["https:\/\/infoecos.com.ar\/wp-content\/uploads\/2020\/09\/reportechivilcoy-7.jpg",1024,683,false],"covernews-medium":["https:\/\/infoecos.com.ar\/wp-content\/uploads\/2020\/09\/reportechivilcoy-7-720x380.jpg",540,285,true],"covernews-medium-square":["https:\/\/infoecos.com.ar\/wp-content\/uploads\/2020\/09\/reportechivilcoy-7-675x450.jpg",375,250,true]},"author_info":{"info":["Jorge Matheus"]},"category_info":"<a href=\"https:\/\/infoecos.com.ar\/index.php\/category\/audio\/\" rel=\"category tag\">Audio<\/a> <a href=\"https:\/\/infoecos.com.ar\/index.php\/category\/noticia-principal\/\" rel=\"category tag\">Noticia Principal<\/a> <a href=\"https:\/\/infoecos.com.ar\/index.php\/category\/video\/\" rel=\"category tag\">Video<\/a>","tag_info":"Video","comment_count":"0","_links":{"self":[{"href":"https:\/\/infoecos.com.ar\/index.php\/wp-json\/wp\/v2\/posts\/68496","targetHints":{"allow":["GET"]}}],"collection":[{"href":"https:\/\/infoecos.com.ar\/index.php\/wp-json\/wp\/v2\/posts"}],"about":[{"href":"https:\/\/infoecos.com.ar\/index.php\/wp-json\/wp\/v2\/types\/post"}],"author":[{"embeddable":true,"href":"https:\/\/infoecos.com.ar\/index.php\/wp-json\/wp\/v2\/users\/2"}],"replies":[{"embeddable":true,"href":"https:\/\/infoecos.com.ar\/index.php\/wp-json\/wp\/v2\/comments?post=68496"}],"version-history":[{"count":1,"href":"https:\/\/infoecos.com.ar\/index.php\/wp-json\/wp\/v2\/posts\/68496\/revisions"}],"predecessor-version":[{"id":68498,"href":"https:\/\/infoecos.com.ar\/index.php\/wp-json\/wp\/v2\/posts\/68496\/revisions\/68498"}],"wp:featuredmedia":[{"embeddable":true,"href":"https:\/\/infoecos.com.ar\/index.php\/wp-json\/wp\/v2\/media\/68497"}],"wp:attachment":[{"href":"https:\/\/infoecos.com.ar\/index.php\/wp-json\/wp\/v2\/media?parent=68496"}],"wp:term":[{"taxonomy":"category","embeddable":true,"href":"https:\/\/infoecos.com.ar\/index.php\/wp-json\/wp\/v2\/categories?post=68496"},{"taxonomy":"post_tag","embeddable":true,"href":"https:\/\/infoecos.com.ar\/index.php\/wp-json\/wp\/v2\/tags?post=68496"}],"curies":[{"name":"wp","href":"https:\/\/api.w.org\/{rel}","templated":true}]}}