{"id":68552,"date":"2020-09-28T01:28:36","date_gmt":"2020-09-28T04:28:36","guid":{"rendered":"http:\/\/infoecos.com.ar\/?p=68552"},"modified":"2020-09-29T02:17:27","modified_gmt":"2020-09-29T05:17:27","slug":"fernandez-confirmo-que-recibira-a-representantes-de-los-enfermeros-de-de-trenque-lauquen","status":"publish","type":"post","link":"https:\/\/infoecos.com.ar\/index.php\/fernandez-confirmo-que-recibira-a-representantes-de-los-enfermeros-de-de-trenque-lauquen\/","title":{"rendered":"Fern\u00e1ndez confirm\u00f3 que recibir\u00e1 a representantes de los enfermeros de Trenque Lauquen"},"content":{"rendered":"\n<p>El intendente municipal de Trenque Lauquen, doctor Miguel Fern\u00e1ndez, confirm\u00f3 a Infoecos que en el transcurso de esta semana se reunir\u00e1 con representantes de los enfermeros del Hospital.<\/p>\n\n\n\n<div class=\"wp-block-image\"><figure class=\"aligncenter size-medium\"><img loading=\"lazy\" decoding=\"async\" width=\"460\" height=\"259\" src=\"http:\/\/infoecos.com.ar\/wp-content\/uploads\/2020\/09\/120041716_3557761617613442_7584367019076070285_o-460x259.jpg\" alt=\"\" class=\"wp-image-68005\" srcset=\"https:\/\/infoecos.com.ar\/wp-content\/uploads\/2020\/09\/120041716_3557761617613442_7584367019076070285_o-460x259.jpg 460w, https:\/\/infoecos.com.ar\/wp-content\/uploads\/2020\/09\/120041716_3557761617613442_7584367019076070285_o-920x518.jpg 920w, https:\/\/infoecos.com.ar\/wp-content\/uploads\/2020\/09\/120041716_3557761617613442_7584367019076070285_o-768x432.jpg 768w, https:\/\/infoecos.com.ar\/wp-content\/uploads\/2020\/09\/120041716_3557761617613442_7584367019076070285_o-1024x576.jpg 1024w, https:\/\/infoecos.com.ar\/wp-content\/uploads\/2020\/09\/120041716_3557761617613442_7584367019076070285_o.jpg 1032w\" sizes=\"(max-width: 460px) 100vw, 460px\" \/><\/figure><\/div>\n\n\n\n<p>De esta manera dar\u00e1 respuesta al pedido que formularon por nota en oportunidad de la celebraci\u00f3n del D\u00eda de la Sanidad.<\/p>\n\n\n\n<p>En esa jornada quienes desarrollan esta tarea en el principal efector de salud del distrito se expresaron con una manifestaci\u00f3n pac\u00edfica, pero ruidosa en aplausos e hicieron conocer su situaci\u00f3n salarial. <\/p>\n\n\n\n<p>El mandatario comunal no precis\u00f3, a nuestro sitio, la fecha y la hora en que habr\u00e1 de recibirlos, pero si afirm\u00f3 que ser\u00e1 en el transcurrir de los pr\u00f3ximos d\u00edas.<\/p>\n\n\n\n<p><\/p>\n","protected":false},"excerpt":{"rendered":"<p>De esta manera dar\u00e1 respuesta al pedido que formularon por nota en oportunidad de la celebraci\u00f3n del D\u00eda de la Sanidad<\/p>\n","protected":false},"author":2,"featured_media":68005,"comment_status":"closed","ping_status":"open","sticky":false,"template":"","format":"standard","meta":{"footnotes":""},"categories":[1341],"tags":[1972],"class_list":["post-68552","post","type-post","status-publish","format-standard","has-post-thumbnail","hentry","category-c1nota7","tag-fueron-escuchados"],"yoast_head":"<!-- This site is optimized with the Yoast SEO plugin v23.4 - https:\/\/yoast.com\/wordpress\/plugins\/seo\/ -->\n<title>Fern\u00e1ndez confirm\u00f3 que recibir\u00e1 a representantes de los enfermeros de Trenque Lauquen - Infoecos<\/title>\n<meta name=\"robots\" content=\"index, follow, max-snippet:-1, max-image-preview:large, max-video-preview:-1\" \/>\n<link rel=\"canonical\" href=\"https:\/\/infoecos.com.ar\/index.php\/fernandez-confirmo-que-recibira-a-representantes-de-los-enfermeros-de-de-trenque-lauquen\/\" \/>\n<meta property=\"og:locale\" content=\"es_ES\" \/>\n<meta property=\"og:type\" content=\"article\" \/>\n<meta property=\"og:title\" content=\"Fern\u00e1ndez confirm\u00f3 que recibir\u00e1 a representantes de los enfermeros de Trenque Lauquen - Infoecos\" \/>\n<meta property=\"og:description\" content=\"De esta manera dar\u00e1 respuesta al pedido que formularon por nota en oportunidad de la celebraci\u00f3n del D\u00eda de la Sanidad\" \/>\n<meta property=\"og:url\" content=\"https:\/\/infoecos.com.ar\/index.php\/fernandez-confirmo-que-recibira-a-representantes-de-los-enfermeros-de-de-trenque-lauquen\/\" \/>\n<meta property=\"og:site_name\" content=\"Infoecos\" \/>\n<meta property=\"article:publisher\" content=\"https:\/\/www.facebook.com\/profile.php?id=100063200290284\" \/>\n<meta property=\"article:published_time\" content=\"2020-09-28T04:28:36+00:00\" \/>\n<meta property=\"article:modified_time\" content=\"2020-09-29T05:17:27+00:00\" \/>\n<meta property=\"og:image\" content=\"https:\/\/infoecos.com.ar\/wp-content\/uploads\/2020\/09\/120041716_3557761617613442_7584367019076070285_o.jpg\" \/>\n\t<meta property=\"og:image:width\" content=\"1032\" \/>\n\t<meta property=\"og:image:height\" content=\"581\" \/>\n\t<meta property=\"og:image:type\" content=\"image\/jpeg\" \/>\n<meta name=\"author\" content=\"Jorge Matheus\" \/>\n<meta name=\"twitter:card\" content=\"summary_large_image\" \/>\n<meta name=\"twitter:creator\" content=\"@infoecos\" \/>\n<meta name=\"twitter:site\" content=\"@infoecos\" \/>\n<meta name=\"twitter:label1\" content=\"Escrito por\" \/>\n\t<meta name=\"twitter:data1\" content=\"Jorge Matheus\" \/>\n\t<meta name=\"twitter:label2\" content=\"Tiempo de lectura\" \/>\n\t<meta name=\"twitter:data2\" content=\"1 minuto\" \/>\n<script type=\"application\/ld+json\" class=\"yoast-schema-graph\">{\"@context\":\"https:\/\/schema.org\",\"@graph\":[{\"@type\":\"Article\",\"@id\":\"https:\/\/infoecos.com.ar\/index.php\/fernandez-confirmo-que-recibira-a-representantes-de-los-enfermeros-de-de-trenque-lauquen\/#article\",\"isPartOf\":{\"@id\":\"https:\/\/infoecos.com.ar\/index.php\/fernandez-confirmo-que-recibira-a-representantes-de-los-enfermeros-de-de-trenque-lauquen\/\"},\"author\":{\"name\":\"Jorge Matheus\",\"@id\":\"https:\/\/infoecos.com.ar\/#\/schema\/person\/8f5ace5ce73b4b4aac4b7245aee6f191\"},\"headline\":\"Fern\u00e1ndez confirm\u00f3 que recibir\u00e1 a representantes de los enfermeros de Trenque Lauquen\",\"datePublished\":\"2020-09-28T04:28:36+00:00\",\"dateModified\":\"2020-09-29T05:17:27+00:00\",\"mainEntityOfPage\":{\"@id\":\"https:\/\/infoecos.com.ar\/index.php\/fernandez-confirmo-que-recibira-a-representantes-de-los-enfermeros-de-de-trenque-lauquen\/\"},\"wordCount\":131,\"publisher\":{\"@id\":\"https:\/\/infoecos.com.ar\/#organization\"},\"image\":{\"@id\":\"https:\/\/infoecos.com.ar\/index.php\/fernandez-confirmo-que-recibira-a-representantes-de-los-enfermeros-de-de-trenque-lauquen\/#primaryimage\"},\"thumbnailUrl\":\"https:\/\/infoecos.com.ar\/wp-content\/uploads\/2020\/09\/120041716_3557761617613442_7584367019076070285_o.jpg\",\"keywords\":[\"FUERON ESCUCHADOS\"],\"articleSection\":[\"C1 nota 7\"],\"inLanguage\":\"es\"},{\"@type\":\"WebPage\",\"@id\":\"https:\/\/infoecos.com.ar\/index.php\/fernandez-confirmo-que-recibira-a-representantes-de-los-enfermeros-de-de-trenque-lauquen\/\",\"url\":\"https:\/\/infoecos.com.ar\/index.php\/fernandez-confirmo-que-recibira-a-representantes-de-los-enfermeros-de-de-trenque-lauquen\/\",\"name\":\"Fern\u00e1ndez confirm\u00f3 que recibir\u00e1 a representantes de los enfermeros de Trenque Lauquen - Infoecos\",\"isPartOf\":{\"@id\":\"https:\/\/infoecos.com.ar\/#website\"},\"primaryImageOfPage\":{\"@id\":\"https:\/\/infoecos.com.ar\/index.php\/fernandez-confirmo-que-recibira-a-representantes-de-los-enfermeros-de-de-trenque-lauquen\/#primaryimage\"},\"image\":{\"@id\":\"https:\/\/infoecos.com.ar\/index.php\/fernandez-confirmo-que-recibira-a-representantes-de-los-enfermeros-de-de-trenque-lauquen\/#primaryimage\"},\"thumbnailUrl\":\"https:\/\/infoecos.com.ar\/wp-content\/uploads\/2020\/09\/120041716_3557761617613442_7584367019076070285_o.jpg\",\"datePublished\":\"2020-09-28T04:28:36+00:00\",\"dateModified\":\"2020-09-29T05:17:27+00:00\",\"breadcrumb\":{\"@id\":\"https:\/\/infoecos.com.ar\/index.php\/fernandez-confirmo-que-recibira-a-representantes-de-los-enfermeros-de-de-trenque-lauquen\/#breadcrumb\"},\"inLanguage\":\"es\",\"potentialAction\":[{\"@type\":\"ReadAction\",\"target\":[\"https:\/\/infoecos.com.ar\/index.php\/fernandez-confirmo-que-recibira-a-representantes-de-los-enfermeros-de-de-trenque-lauquen\/\"]}]},{\"@type\":\"ImageObject\",\"inLanguage\":\"es\",\"@id\":\"https:\/\/infoecos.com.ar\/index.php\/fernandez-confirmo-que-recibira-a-representantes-de-los-enfermeros-de-de-trenque-lauquen\/#primaryimage\",\"url\":\"https:\/\/infoecos.com.ar\/wp-content\/uploads\/2020\/09\/120041716_3557761617613442_7584367019076070285_o.jpg\",\"contentUrl\":\"https:\/\/infoecos.com.ar\/wp-content\/uploads\/2020\/09\/120041716_3557761617613442_7584367019076070285_o.jpg\",\"width\":1032,\"height\":581},{\"@type\":\"BreadcrumbList\",\"@id\":\"https:\/\/infoecos.com.ar\/index.php\/fernandez-confirmo-que-recibira-a-representantes-de-los-enfermeros-de-de-trenque-lauquen\/#breadcrumb\",\"itemListElement\":[{\"@type\":\"ListItem\",\"position\":1,\"name\":\"Portada\",\"item\":\"https:\/\/infoecos.com.ar\/\"},{\"@type\":\"ListItem\",\"position\":2,\"name\":\"Fern\u00e1ndez confirm\u00f3 que recibir\u00e1 a representantes de los enfermeros de Trenque Lauquen\"}]},{\"@type\":\"WebSite\",\"@id\":\"https:\/\/infoecos.com.ar\/#website\",\"url\":\"https:\/\/infoecos.com.ar\/\",\"name\":\"Infoecos\",\"description\":\"Noticias de trenque lauquen y la zona\",\"publisher\":{\"@id\":\"https:\/\/infoecos.com.ar\/#organization\"},\"alternateName\":\"Noticias\",\"potentialAction\":[{\"@type\":\"SearchAction\",\"target\":{\"@type\":\"EntryPoint\",\"urlTemplate\":\"https:\/\/infoecos.com.ar\/?s={search_term_string}\"},\"query-input\":{\"@type\":\"PropertyValueSpecification\",\"valueRequired\":true,\"valueName\":\"search_term_string\"}}],\"inLanguage\":\"es\"},{\"@type\":\"Organization\",\"@id\":\"https:\/\/infoecos.com.ar\/#organization\",\"name\":\"Infoecos\",\"alternateName\":\"Noticias\",\"url\":\"https:\/\/infoecos.com.ar\/\",\"logo\":{\"@type\":\"ImageObject\",\"inLanguage\":\"es\",\"@id\":\"https:\/\/infoecos.com.ar\/#\/schema\/logo\/image\/\",\"url\":\"https:\/\/infoecos.com.ar\/wp-content\/uploads\/2024\/03\/cropped-logo.png\",\"contentUrl\":\"https:\/\/infoecos.com.ar\/wp-content\/uploads\/2024\/03\/cropped-logo.png\",\"width\":374,\"height\":90,\"caption\":\"Infoecos\"},\"image\":{\"@id\":\"https:\/\/infoecos.com.ar\/#\/schema\/logo\/image\/\"},\"sameAs\":[\"https:\/\/www.facebook.com\/profile.php?id=100063200290284\",\"https:\/\/x.com\/infoecos\"]},{\"@type\":\"Person\",\"@id\":\"https:\/\/infoecos.com.ar\/#\/schema\/person\/8f5ace5ce73b4b4aac4b7245aee6f191\",\"name\":\"Jorge Matheus\",\"url\":\"https:\/\/infoecos.com.ar\/index.php\/author\/jomatheus\/\"}]}<\/script>\n<!-- \/ Yoast SEO plugin. -->","yoast_head_json":{"title":"Fern\u00e1ndez confirm\u00f3 que recibir\u00e1 a representantes de los enfermeros de Trenque Lauquen - Infoecos","robots":{"index":"index","follow":"follow","max-snippet":"max-snippet:-1","max-image-preview":"max-image-preview:large","max-video-preview":"max-video-preview:-1"},"canonical":"https:\/\/infoecos.com.ar\/index.php\/fernandez-confirmo-que-recibira-a-representantes-de-los-enfermeros-de-de-trenque-lauquen\/","og_locale":"es_ES","og_type":"article","og_title":"Fern\u00e1ndez confirm\u00f3 que recibir\u00e1 a representantes de los enfermeros de Trenque Lauquen - Infoecos","og_description":"De esta manera dar\u00e1 respuesta al pedido que formularon por nota en oportunidad de la celebraci\u00f3n del D\u00eda de la Sanidad","og_url":"https:\/\/infoecos.com.ar\/index.php\/fernandez-confirmo-que-recibira-a-representantes-de-los-enfermeros-de-de-trenque-lauquen\/","og_site_name":"Infoecos","article_publisher":"https:\/\/www.facebook.com\/profile.php?id=100063200290284","article_published_time":"2020-09-28T04:28:36+00:00","article_modified_time":"2020-09-29T05:17:27+00:00","og_image":[{"width":1032,"height":581,"url":"https:\/\/infoecos.com.ar\/wp-content\/uploads\/2020\/09\/120041716_3557761617613442_7584367019076070285_o.jpg","type":"image\/jpeg"}],"author":"Jorge Matheus","twitter_card":"summary_large_image","twitter_creator":"@infoecos","twitter_site":"@infoecos","twitter_misc":{"Escrito por":"Jorge Matheus","Tiempo de lectura":"1 minuto"},"schema":{"@context":"https:\/\/schema.org","@graph":[{"@type":"Article","@id":"https:\/\/infoecos.com.ar\/index.php\/fernandez-confirmo-que-recibira-a-representantes-de-los-enfermeros-de-de-trenque-lauquen\/#article","isPartOf":{"@id":"https:\/\/infoecos.com.ar\/index.php\/fernandez-confirmo-que-recibira-a-representantes-de-los-enfermeros-de-de-trenque-lauquen\/"},"author":{"name":"Jorge Matheus","@id":"https:\/\/infoecos.com.ar\/#\/schema\/person\/8f5ace5ce73b4b4aac4b7245aee6f191"},"headline":"Fern\u00e1ndez confirm\u00f3 que recibir\u00e1 a representantes de los enfermeros de Trenque Lauquen","datePublished":"2020-09-28T04:28:36+00:00","dateModified":"2020-09-29T05:17:27+00:00","mainEntityOfPage":{"@id":"https:\/\/infoecos.com.ar\/index.php\/fernandez-confirmo-que-recibira-a-representantes-de-los-enfermeros-de-de-trenque-lauquen\/"},"wordCount":131,"publisher":{"@id":"https:\/\/infoecos.com.ar\/#organization"},"image":{"@id":"https:\/\/infoecos.com.ar\/index.php\/fernandez-confirmo-que-recibira-a-representantes-de-los-enfermeros-de-de-trenque-lauquen\/#primaryimage"},"thumbnailUrl":"https:\/\/infoecos.com.ar\/wp-content\/uploads\/2020\/09\/120041716_3557761617613442_7584367019076070285_o.jpg","keywords":["FUERON ESCUCHADOS"],"articleSection":["C1 nota 7"],"inLanguage":"es"},{"@type":"WebPage","@id":"https:\/\/infoecos.com.ar\/index.php\/fernandez-confirmo-que-recibira-a-representantes-de-los-enfermeros-de-de-trenque-lauquen\/","url":"https:\/\/infoecos.com.ar\/index.php\/fernandez-confirmo-que-recibira-a-representantes-de-los-enfermeros-de-de-trenque-lauquen\/","name":"Fern\u00e1ndez confirm\u00f3 que recibir\u00e1 a representantes de los enfermeros de Trenque Lauquen - Infoecos","isPartOf":{"@id":"https:\/\/infoecos.com.ar\/#website"},"primaryImageOfPage":{"@id":"https:\/\/infoecos.com.ar\/index.php\/fernandez-confirmo-que-recibira-a-representantes-de-los-enfermeros-de-de-trenque-lauquen\/#primaryimage"},"image":{"@id":"https:\/\/infoecos.com.ar\/index.php\/fernandez-confirmo-que-recibira-a-representantes-de-los-enfermeros-de-de-trenque-lauquen\/#primaryimage"},"thumbnailUrl":"https:\/\/infoecos.com.ar\/wp-content\/uploads\/2020\/09\/120041716_3557761617613442_7584367019076070285_o.jpg","datePublished":"2020-09-28T04:28:36+00:00","dateModified":"2020-09-29T05:17:27+00:00","breadcrumb":{"@id":"https:\/\/infoecos.com.ar\/index.php\/fernandez-confirmo-que-recibira-a-representantes-de-los-enfermeros-de-de-trenque-lauquen\/#breadcrumb"},"inLanguage":"es","potentialAction":[{"@type":"ReadAction","target":["https:\/\/infoecos.com.ar\/index.php\/fernandez-confirmo-que-recibira-a-representantes-de-los-enfermeros-de-de-trenque-lauquen\/"]}]},{"@type":"ImageObject","inLanguage":"es","@id":"https:\/\/infoecos.com.ar\/index.php\/fernandez-confirmo-que-recibira-a-representantes-de-los-enfermeros-de-de-trenque-lauquen\/#primaryimage","url":"https:\/\/infoecos.com.ar\/wp-content\/uploads\/2020\/09\/120041716_3557761617613442_7584367019076070285_o.jpg","contentUrl":"https:\/\/infoecos.com.ar\/wp-content\/uploads\/2020\/09\/120041716_3557761617613442_7584367019076070285_o.jpg","width":1032,"height":581},{"@type":"BreadcrumbList","@id":"https:\/\/infoecos.com.ar\/index.php\/fernandez-confirmo-que-recibira-a-representantes-de-los-enfermeros-de-de-trenque-lauquen\/#breadcrumb","itemListElement":[{"@type":"ListItem","position":1,"name":"Portada","item":"https:\/\/infoecos.com.ar\/"},{"@type":"ListItem","position":2,"name":"Fern\u00e1ndez confirm\u00f3 que recibir\u00e1 a representantes de los enfermeros de Trenque Lauquen"}]},{"@type":"WebSite","@id":"https:\/\/infoecos.com.ar\/#website","url":"https:\/\/infoecos.com.ar\/","name":"Infoecos","description":"Noticias de trenque lauquen y la zona","publisher":{"@id":"https:\/\/infoecos.com.ar\/#organization"},"alternateName":"Noticias","potentialAction":[{"@type":"SearchAction","target":{"@type":"EntryPoint","urlTemplate":"https:\/\/infoecos.com.ar\/?s={search_term_string}"},"query-input":{"@type":"PropertyValueSpecification","valueRequired":true,"valueName":"search_term_string"}}],"inLanguage":"es"},{"@type":"Organization","@id":"https:\/\/infoecos.com.ar\/#organization","name":"Infoecos","alternateName":"Noticias","url":"https:\/\/infoecos.com.ar\/","logo":{"@type":"ImageObject","inLanguage":"es","@id":"https:\/\/infoecos.com.ar\/#\/schema\/logo\/image\/","url":"https:\/\/infoecos.com.ar\/wp-content\/uploads\/2024\/03\/cropped-logo.png","contentUrl":"https:\/\/infoecos.com.ar\/wp-content\/uploads\/2024\/03\/cropped-logo.png","width":374,"height":90,"caption":"Infoecos"},"image":{"@id":"https:\/\/infoecos.com.ar\/#\/schema\/logo\/image\/"},"sameAs":["https:\/\/www.facebook.com\/profile.php?id=100063200290284","https:\/\/x.com\/infoecos"]},{"@type":"Person","@id":"https:\/\/infoecos.com.ar\/#\/schema\/person\/8f5ace5ce73b4b4aac4b7245aee6f191","name":"Jorge Matheus","url":"https:\/\/infoecos.com.ar\/index.php\/author\/jomatheus\/"}]}},"featured_image_urls":{"full":["https:\/\/infoecos.com.ar\/wp-content\/uploads\/2020\/09\/120041716_3557761617613442_7584367019076070285_o.jpg",1032,581,false],"thumbnail":["https:\/\/infoecos.com.ar\/wp-content\/uploads\/2020\/09\/120041716_3557761617613442_7584367019076070285_o-150x150.jpg",150,150,true],"medium":["https:\/\/infoecos.com.ar\/wp-content\/uploads\/2020\/09\/120041716_3557761617613442_7584367019076070285_o-460x259.jpg",460,259,true],"medium_large":["https:\/\/infoecos.com.ar\/wp-content\/uploads\/2020\/09\/120041716_3557761617613442_7584367019076070285_o-768x432.jpg",640,360,true],"large":["https:\/\/infoecos.com.ar\/wp-content\/uploads\/2020\/09\/120041716_3557761617613442_7584367019076070285_o-920x518.jpg",640,360,true],"1536x1536":["https:\/\/infoecos.com.ar\/wp-content\/uploads\/2020\/09\/120041716_3557761617613442_7584367019076070285_o.jpg",1032,581,false],"2048x2048":["https:\/\/infoecos.com.ar\/wp-content\/uploads\/2020\/09\/120041716_3557761617613442_7584367019076070285_o.jpg",1032,581,false],"covernews-slider-full":["https:\/\/infoecos.com.ar\/wp-content\/uploads\/2020\/09\/120041716_3557761617613442_7584367019076070285_o.jpg",1032,581,false],"covernews-slider-center":["https:\/\/infoecos.com.ar\/wp-content\/uploads\/2020\/09\/120041716_3557761617613442_7584367019076070285_o-936x581.jpg",800,497,true],"covernews-featured":["https:\/\/infoecos.com.ar\/wp-content\/uploads\/2020\/09\/120041716_3557761617613442_7584367019076070285_o-1024x576.jpg",1024,576,true],"covernews-medium":["https:\/\/infoecos.com.ar\/wp-content\/uploads\/2020\/09\/120041716_3557761617613442_7584367019076070285_o-720x380.jpg",540,285,true],"covernews-medium-square":["https:\/\/infoecos.com.ar\/wp-content\/uploads\/2020\/09\/120041716_3557761617613442_7584367019076070285_o-675x450.jpg",375,250,true]},"author_info":{"info":["Jorge Matheus"]},"category_info":"<a href=\"https:\/\/infoecos.com.ar\/index.php\/category\/c1nota7\/\" rel=\"category tag\">C1 nota 7<\/a>","tag_info":"C1 nota 7","comment_count":"0","_links":{"self":[{"href":"https:\/\/infoecos.com.ar\/index.php\/wp-json\/wp\/v2\/posts\/68552"}],"collection":[{"href":"https:\/\/infoecos.com.ar\/index.php\/wp-json\/wp\/v2\/posts"}],"about":[{"href":"https:\/\/infoecos.com.ar\/index.php\/wp-json\/wp\/v2\/types\/post"}],"author":[{"embeddable":true,"href":"https:\/\/infoecos.com.ar\/index.php\/wp-json\/wp\/v2\/users\/2"}],"replies":[{"embeddable":true,"href":"https:\/\/infoecos.com.ar\/index.php\/wp-json\/wp\/v2\/comments?post=68552"}],"version-history":[{"count":2,"href":"https:\/\/infoecos.com.ar\/index.php\/wp-json\/wp\/v2\/posts\/68552\/revisions"}],"predecessor-version":[{"id":68555,"href":"https:\/\/infoecos.com.ar\/index.php\/wp-json\/wp\/v2\/posts\/68552\/revisions\/68555"}],"wp:featuredmedia":[{"embeddable":true,"href":"https:\/\/infoecos.com.ar\/index.php\/wp-json\/wp\/v2\/media\/68005"}],"wp:attachment":[{"href":"https:\/\/infoecos.com.ar\/index.php\/wp-json\/wp\/v2\/media?parent=68552"}],"wp:term":[{"taxonomy":"category","embeddable":true,"href":"https:\/\/infoecos.com.ar\/index.php\/wp-json\/wp\/v2\/categories?post=68552"},{"taxonomy":"post_tag","embeddable":true,"href":"https:\/\/infoecos.com.ar\/index.php\/wp-json\/wp\/v2\/tags?post=68552"}],"curies":[{"name":"wp","href":"https:\/\/api.w.org\/{rel}","templated":true}]}}