{"id":68610,"date":"2020-09-29T01:50:09","date_gmt":"2020-09-29T04:50:09","guid":{"rendered":"http:\/\/infoecos.com.ar\/?p=68610"},"modified":"2020-09-30T02:26:57","modified_gmt":"2020-09-30T05:26:57","slug":"interesante-proyecto-para-mejorar-las-fachadas-de-viviendas-en-la-localidad-de-bocayuva","status":"publish","type":"post","link":"https:\/\/infoecos.com.ar\/index.php\/interesante-proyecto-para-mejorar-las-fachadas-de-viviendas-en-la-localidad-de-bocayuva\/","title":{"rendered":"Interesante proyecto para mejorar las fachadas de viviendas en la localidad de Bocayuva"},"content":{"rendered":"\n<p>Un interesante proyecto se materializ\u00f3 en la localidad de Bocayuva, distrito de Pellegrini. Se trata de la mejora en la fachada de inmuebles de esa comunidad.<\/p>\n\n\n\n<div class=\"wp-block-image\"><figure class=\"aligncenter size-medium\"><img loading=\"lazy\" decoding=\"async\" width=\"460\" height=\"421\" src=\"http:\/\/infoecos.com.ar\/wp-content\/uploads\/2020\/09\/bocayuva1-460x421.jpg\" alt=\"\" class=\"wp-image-68611\" srcset=\"https:\/\/infoecos.com.ar\/wp-content\/uploads\/2020\/09\/bocayuva1-460x421.jpg 460w, https:\/\/infoecos.com.ar\/wp-content\/uploads\/2020\/09\/bocayuva1-920x842.jpg 920w, https:\/\/infoecos.com.ar\/wp-content\/uploads\/2020\/09\/bocayuva1-768x703.jpg 768w, https:\/\/infoecos.com.ar\/wp-content\/uploads\/2020\/09\/bocayuva1.jpg 952w\" sizes=\"(max-width: 460px) 100vw, 460px\" \/><\/figure><\/div>\n\n\n\n<p>El proyecto fue impulsado por la Delegaci\u00f3n Municipal y el \u00e1rea de Desarrollo Social.<\/p>\n\n\n\n<p>El municipio aport\u00f3 la pintura para que los vecinos mejoren el frente de sus unidades habitacionales. Ellos pusieron la mano de obra.<\/p>\n\n\n\n<p>La informaci\u00f3n municipal consigna que estas acciones buscan incentivar a los vecinos en mantener y mejorar los frentes. <\/p>\n\n\n\n<div class=\"wp-block-image\"><figure class=\"aligncenter size-medium\"><img loading=\"lazy\" decoding=\"async\" width=\"460\" height=\"426\" src=\"http:\/\/infoecos.com.ar\/wp-content\/uploads\/2020\/09\/bocayuva-460x426.jpg\" alt=\"\" class=\"wp-image-68612\" srcset=\"https:\/\/infoecos.com.ar\/wp-content\/uploads\/2020\/09\/bocayuva-460x426.jpg 460w, https:\/\/infoecos.com.ar\/wp-content\/uploads\/2020\/09\/bocayuva-768x711.jpg 768w, https:\/\/infoecos.com.ar\/wp-content\/uploads\/2020\/09\/bocayuva.jpg 779w\" sizes=\"(max-width: 460px) 100vw, 460px\" \/><\/figure><\/div>\n\n\n\n<p>La medida, se agreg\u00f3, ya se implement\u00f3 el a\u00f1o anterior en la localidad de De Bary, con una buena respuesta de los vecinos.<\/p>\n\n\n\n<p><\/p>\n","protected":false},"excerpt":{"rendered":"<p>El municipio aport\u00f3 la pintura para que los vecinos mejoren el frente de sus unidades habitacionales. Ellos pusieron la mano de obra<\/p>\n","protected":false},"author":2,"featured_media":68613,"comment_status":"closed","ping_status":"open","sticky":false,"template":"","format":"standard","meta":{"footnotes":""},"categories":[1341],"tags":[1987],"class_list":["post-68610","post","type-post","status-publish","format-standard","has-post-thumbnail","hentry","category-c1nota7","tag-trabajo-en-comunidad"],"yoast_head":"<!-- This site is optimized with the Yoast SEO plugin v23.4 - https:\/\/yoast.com\/wordpress\/plugins\/seo\/ -->\n<title>Interesante proyecto para mejorar las fachadas de viviendas en la localidad de Bocayuva - Infoecos<\/title>\n<meta name=\"robots\" content=\"index, follow, max-snippet:-1, max-image-preview:large, max-video-preview:-1\" \/>\n<link rel=\"canonical\" href=\"https:\/\/infoecos.com.ar\/index.php\/interesante-proyecto-para-mejorar-las-fachadas-de-viviendas-en-la-localidad-de-bocayuva\/\" \/>\n<meta property=\"og:locale\" content=\"es_ES\" \/>\n<meta property=\"og:type\" content=\"article\" \/>\n<meta property=\"og:title\" content=\"Interesante proyecto para mejorar las fachadas de viviendas en la localidad de Bocayuva - Infoecos\" \/>\n<meta property=\"og:description\" content=\"El municipio aport\u00f3 la pintura para que los vecinos mejoren el frente de sus unidades habitacionales. Ellos pusieron la mano de obra\" \/>\n<meta property=\"og:url\" content=\"https:\/\/infoecos.com.ar\/index.php\/interesante-proyecto-para-mejorar-las-fachadas-de-viviendas-en-la-localidad-de-bocayuva\/\" \/>\n<meta property=\"og:site_name\" content=\"Infoecos\" \/>\n<meta property=\"article:publisher\" content=\"https:\/\/www.facebook.com\/profile.php?id=100063200290284\" \/>\n<meta property=\"article:published_time\" content=\"2020-09-29T04:50:09+00:00\" \/>\n<meta property=\"article:modified_time\" content=\"2020-09-30T05:26:57+00:00\" \/>\n<meta property=\"og:image\" content=\"https:\/\/infoecos.com.ar\/wp-content\/uploads\/2020\/09\/bocayuva2.jpg\" \/>\n\t<meta property=\"og:image:width\" content=\"864\" \/>\n\t<meta property=\"og:image:height\" content=\"689\" \/>\n\t<meta property=\"og:image:type\" content=\"image\/jpeg\" \/>\n<meta name=\"author\" content=\"Jorge Matheus\" \/>\n<meta name=\"twitter:card\" content=\"summary_large_image\" \/>\n<meta name=\"twitter:creator\" content=\"@infoecos\" \/>\n<meta name=\"twitter:site\" content=\"@infoecos\" \/>\n<meta name=\"twitter:label1\" content=\"Escrito por\" \/>\n\t<meta name=\"twitter:data1\" content=\"Jorge Matheus\" \/>\n\t<meta name=\"twitter:label2\" content=\"Tiempo de lectura\" \/>\n\t<meta name=\"twitter:data2\" content=\"1 minuto\" \/>\n<script type=\"application\/ld+json\" class=\"yoast-schema-graph\">{\"@context\":\"https:\/\/schema.org\",\"@graph\":[{\"@type\":\"Article\",\"@id\":\"https:\/\/infoecos.com.ar\/index.php\/interesante-proyecto-para-mejorar-las-fachadas-de-viviendas-en-la-localidad-de-bocayuva\/#article\",\"isPartOf\":{\"@id\":\"https:\/\/infoecos.com.ar\/index.php\/interesante-proyecto-para-mejorar-las-fachadas-de-viviendas-en-la-localidad-de-bocayuva\/\"},\"author\":{\"name\":\"Jorge Matheus\",\"@id\":\"https:\/\/infoecos.com.ar\/#\/schema\/person\/8f5ace5ce73b4b4aac4b7245aee6f191\"},\"headline\":\"Interesante proyecto para mejorar las fachadas de viviendas en la localidad de Bocayuva\",\"datePublished\":\"2020-09-29T04:50:09+00:00\",\"dateModified\":\"2020-09-30T05:26:57+00:00\",\"mainEntityOfPage\":{\"@id\":\"https:\/\/infoecos.com.ar\/index.php\/interesante-proyecto-para-mejorar-las-fachadas-de-viviendas-en-la-localidad-de-bocayuva\/\"},\"wordCount\":119,\"publisher\":{\"@id\":\"https:\/\/infoecos.com.ar\/#organization\"},\"image\":{\"@id\":\"https:\/\/infoecos.com.ar\/index.php\/interesante-proyecto-para-mejorar-las-fachadas-de-viviendas-en-la-localidad-de-bocayuva\/#primaryimage\"},\"thumbnailUrl\":\"https:\/\/infoecos.com.ar\/wp-content\/uploads\/2020\/09\/bocayuva2.jpg\",\"keywords\":[\"trabajo en comunidad\"],\"articleSection\":[\"C1 nota 7\"],\"inLanguage\":\"es\"},{\"@type\":\"WebPage\",\"@id\":\"https:\/\/infoecos.com.ar\/index.php\/interesante-proyecto-para-mejorar-las-fachadas-de-viviendas-en-la-localidad-de-bocayuva\/\",\"url\":\"https:\/\/infoecos.com.ar\/index.php\/interesante-proyecto-para-mejorar-las-fachadas-de-viviendas-en-la-localidad-de-bocayuva\/\",\"name\":\"Interesante proyecto para mejorar las fachadas de viviendas en la localidad de Bocayuva - Infoecos\",\"isPartOf\":{\"@id\":\"https:\/\/infoecos.com.ar\/#website\"},\"primaryImageOfPage\":{\"@id\":\"https:\/\/infoecos.com.ar\/index.php\/interesante-proyecto-para-mejorar-las-fachadas-de-viviendas-en-la-localidad-de-bocayuva\/#primaryimage\"},\"image\":{\"@id\":\"https:\/\/infoecos.com.ar\/index.php\/interesante-proyecto-para-mejorar-las-fachadas-de-viviendas-en-la-localidad-de-bocayuva\/#primaryimage\"},\"thumbnailUrl\":\"https:\/\/infoecos.com.ar\/wp-content\/uploads\/2020\/09\/bocayuva2.jpg\",\"datePublished\":\"2020-09-29T04:50:09+00:00\",\"dateModified\":\"2020-09-30T05:26:57+00:00\",\"breadcrumb\":{\"@id\":\"https:\/\/infoecos.com.ar\/index.php\/interesante-proyecto-para-mejorar-las-fachadas-de-viviendas-en-la-localidad-de-bocayuva\/#breadcrumb\"},\"inLanguage\":\"es\",\"potentialAction\":[{\"@type\":\"ReadAction\",\"target\":[\"https:\/\/infoecos.com.ar\/index.php\/interesante-proyecto-para-mejorar-las-fachadas-de-viviendas-en-la-localidad-de-bocayuva\/\"]}]},{\"@type\":\"ImageObject\",\"inLanguage\":\"es\",\"@id\":\"https:\/\/infoecos.com.ar\/index.php\/interesante-proyecto-para-mejorar-las-fachadas-de-viviendas-en-la-localidad-de-bocayuva\/#primaryimage\",\"url\":\"https:\/\/infoecos.com.ar\/wp-content\/uploads\/2020\/09\/bocayuva2.jpg\",\"contentUrl\":\"https:\/\/infoecos.com.ar\/wp-content\/uploads\/2020\/09\/bocayuva2.jpg\",\"width\":864,\"height\":689},{\"@type\":\"BreadcrumbList\",\"@id\":\"https:\/\/infoecos.com.ar\/index.php\/interesante-proyecto-para-mejorar-las-fachadas-de-viviendas-en-la-localidad-de-bocayuva\/#breadcrumb\",\"itemListElement\":[{\"@type\":\"ListItem\",\"position\":1,\"name\":\"Portada\",\"item\":\"https:\/\/infoecos.com.ar\/\"},{\"@type\":\"ListItem\",\"position\":2,\"name\":\"Interesante proyecto para mejorar las fachadas de viviendas en la localidad de Bocayuva\"}]},{\"@type\":\"WebSite\",\"@id\":\"https:\/\/infoecos.com.ar\/#website\",\"url\":\"https:\/\/infoecos.com.ar\/\",\"name\":\"Infoecos\",\"description\":\"Noticias de trenque lauquen y la zona\",\"publisher\":{\"@id\":\"https:\/\/infoecos.com.ar\/#organization\"},\"alternateName\":\"Noticias\",\"potentialAction\":[{\"@type\":\"SearchAction\",\"target\":{\"@type\":\"EntryPoint\",\"urlTemplate\":\"https:\/\/infoecos.com.ar\/?s={search_term_string}\"},\"query-input\":{\"@type\":\"PropertyValueSpecification\",\"valueRequired\":true,\"valueName\":\"search_term_string\"}}],\"inLanguage\":\"es\"},{\"@type\":\"Organization\",\"@id\":\"https:\/\/infoecos.com.ar\/#organization\",\"name\":\"Infoecos\",\"alternateName\":\"Noticias\",\"url\":\"https:\/\/infoecos.com.ar\/\",\"logo\":{\"@type\":\"ImageObject\",\"inLanguage\":\"es\",\"@id\":\"https:\/\/infoecos.com.ar\/#\/schema\/logo\/image\/\",\"url\":\"https:\/\/infoecos.com.ar\/wp-content\/uploads\/2024\/03\/cropped-logo.png\",\"contentUrl\":\"https:\/\/infoecos.com.ar\/wp-content\/uploads\/2024\/03\/cropped-logo.png\",\"width\":374,\"height\":90,\"caption\":\"Infoecos\"},\"image\":{\"@id\":\"https:\/\/infoecos.com.ar\/#\/schema\/logo\/image\/\"},\"sameAs\":[\"https:\/\/www.facebook.com\/profile.php?id=100063200290284\",\"https:\/\/x.com\/infoecos\"]},{\"@type\":\"Person\",\"@id\":\"https:\/\/infoecos.com.ar\/#\/schema\/person\/8f5ace5ce73b4b4aac4b7245aee6f191\",\"name\":\"Jorge Matheus\",\"url\":\"https:\/\/infoecos.com.ar\/index.php\/author\/jomatheus\/\"}]}<\/script>\n<!-- \/ Yoast SEO plugin. -->","yoast_head_json":{"title":"Interesante proyecto para mejorar las fachadas de viviendas en la localidad de Bocayuva - Infoecos","robots":{"index":"index","follow":"follow","max-snippet":"max-snippet:-1","max-image-preview":"max-image-preview:large","max-video-preview":"max-video-preview:-1"},"canonical":"https:\/\/infoecos.com.ar\/index.php\/interesante-proyecto-para-mejorar-las-fachadas-de-viviendas-en-la-localidad-de-bocayuva\/","og_locale":"es_ES","og_type":"article","og_title":"Interesante proyecto para mejorar las fachadas de viviendas en la localidad de Bocayuva - Infoecos","og_description":"El municipio aport\u00f3 la pintura para que los vecinos mejoren el frente de sus unidades habitacionales. Ellos pusieron la mano de obra","og_url":"https:\/\/infoecos.com.ar\/index.php\/interesante-proyecto-para-mejorar-las-fachadas-de-viviendas-en-la-localidad-de-bocayuva\/","og_site_name":"Infoecos","article_publisher":"https:\/\/www.facebook.com\/profile.php?id=100063200290284","article_published_time":"2020-09-29T04:50:09+00:00","article_modified_time":"2020-09-30T05:26:57+00:00","og_image":[{"width":864,"height":689,"url":"https:\/\/infoecos.com.ar\/wp-content\/uploads\/2020\/09\/bocayuva2.jpg","type":"image\/jpeg"}],"author":"Jorge Matheus","twitter_card":"summary_large_image","twitter_creator":"@infoecos","twitter_site":"@infoecos","twitter_misc":{"Escrito por":"Jorge Matheus","Tiempo de lectura":"1 minuto"},"schema":{"@context":"https:\/\/schema.org","@graph":[{"@type":"Article","@id":"https:\/\/infoecos.com.ar\/index.php\/interesante-proyecto-para-mejorar-las-fachadas-de-viviendas-en-la-localidad-de-bocayuva\/#article","isPartOf":{"@id":"https:\/\/infoecos.com.ar\/index.php\/interesante-proyecto-para-mejorar-las-fachadas-de-viviendas-en-la-localidad-de-bocayuva\/"},"author":{"name":"Jorge Matheus","@id":"https:\/\/infoecos.com.ar\/#\/schema\/person\/8f5ace5ce73b4b4aac4b7245aee6f191"},"headline":"Interesante proyecto para mejorar las fachadas de viviendas en la localidad de Bocayuva","datePublished":"2020-09-29T04:50:09+00:00","dateModified":"2020-09-30T05:26:57+00:00","mainEntityOfPage":{"@id":"https:\/\/infoecos.com.ar\/index.php\/interesante-proyecto-para-mejorar-las-fachadas-de-viviendas-en-la-localidad-de-bocayuva\/"},"wordCount":119,"publisher":{"@id":"https:\/\/infoecos.com.ar\/#organization"},"image":{"@id":"https:\/\/infoecos.com.ar\/index.php\/interesante-proyecto-para-mejorar-las-fachadas-de-viviendas-en-la-localidad-de-bocayuva\/#primaryimage"},"thumbnailUrl":"https:\/\/infoecos.com.ar\/wp-content\/uploads\/2020\/09\/bocayuva2.jpg","keywords":["trabajo en comunidad"],"articleSection":["C1 nota 7"],"inLanguage":"es"},{"@type":"WebPage","@id":"https:\/\/infoecos.com.ar\/index.php\/interesante-proyecto-para-mejorar-las-fachadas-de-viviendas-en-la-localidad-de-bocayuva\/","url":"https:\/\/infoecos.com.ar\/index.php\/interesante-proyecto-para-mejorar-las-fachadas-de-viviendas-en-la-localidad-de-bocayuva\/","name":"Interesante proyecto para mejorar las fachadas de viviendas en la localidad de Bocayuva - Infoecos","isPartOf":{"@id":"https:\/\/infoecos.com.ar\/#website"},"primaryImageOfPage":{"@id":"https:\/\/infoecos.com.ar\/index.php\/interesante-proyecto-para-mejorar-las-fachadas-de-viviendas-en-la-localidad-de-bocayuva\/#primaryimage"},"image":{"@id":"https:\/\/infoecos.com.ar\/index.php\/interesante-proyecto-para-mejorar-las-fachadas-de-viviendas-en-la-localidad-de-bocayuva\/#primaryimage"},"thumbnailUrl":"https:\/\/infoecos.com.ar\/wp-content\/uploads\/2020\/09\/bocayuva2.jpg","datePublished":"2020-09-29T04:50:09+00:00","dateModified":"2020-09-30T05:26:57+00:00","breadcrumb":{"@id":"https:\/\/infoecos.com.ar\/index.php\/interesante-proyecto-para-mejorar-las-fachadas-de-viviendas-en-la-localidad-de-bocayuva\/#breadcrumb"},"inLanguage":"es","potentialAction":[{"@type":"ReadAction","target":["https:\/\/infoecos.com.ar\/index.php\/interesante-proyecto-para-mejorar-las-fachadas-de-viviendas-en-la-localidad-de-bocayuva\/"]}]},{"@type":"ImageObject","inLanguage":"es","@id":"https:\/\/infoecos.com.ar\/index.php\/interesante-proyecto-para-mejorar-las-fachadas-de-viviendas-en-la-localidad-de-bocayuva\/#primaryimage","url":"https:\/\/infoecos.com.ar\/wp-content\/uploads\/2020\/09\/bocayuva2.jpg","contentUrl":"https:\/\/infoecos.com.ar\/wp-content\/uploads\/2020\/09\/bocayuva2.jpg","width":864,"height":689},{"@type":"BreadcrumbList","@id":"https:\/\/infoecos.com.ar\/index.php\/interesante-proyecto-para-mejorar-las-fachadas-de-viviendas-en-la-localidad-de-bocayuva\/#breadcrumb","itemListElement":[{"@type":"ListItem","position":1,"name":"Portada","item":"https:\/\/infoecos.com.ar\/"},{"@type":"ListItem","position":2,"name":"Interesante proyecto para mejorar las fachadas de viviendas en la localidad de Bocayuva"}]},{"@type":"WebSite","@id":"https:\/\/infoecos.com.ar\/#website","url":"https:\/\/infoecos.com.ar\/","name":"Infoecos","description":"Noticias de trenque lauquen y la zona","publisher":{"@id":"https:\/\/infoecos.com.ar\/#organization"},"alternateName":"Noticias","potentialAction":[{"@type":"SearchAction","target":{"@type":"EntryPoint","urlTemplate":"https:\/\/infoecos.com.ar\/?s={search_term_string}"},"query-input":{"@type":"PropertyValueSpecification","valueRequired":true,"valueName":"search_term_string"}}],"inLanguage":"es"},{"@type":"Organization","@id":"https:\/\/infoecos.com.ar\/#organization","name":"Infoecos","alternateName":"Noticias","url":"https:\/\/infoecos.com.ar\/","logo":{"@type":"ImageObject","inLanguage":"es","@id":"https:\/\/infoecos.com.ar\/#\/schema\/logo\/image\/","url":"https:\/\/infoecos.com.ar\/wp-content\/uploads\/2024\/03\/cropped-logo.png","contentUrl":"https:\/\/infoecos.com.ar\/wp-content\/uploads\/2024\/03\/cropped-logo.png","width":374,"height":90,"caption":"Infoecos"},"image":{"@id":"https:\/\/infoecos.com.ar\/#\/schema\/logo\/image\/"},"sameAs":["https:\/\/www.facebook.com\/profile.php?id=100063200290284","https:\/\/x.com\/infoecos"]},{"@type":"Person","@id":"https:\/\/infoecos.com.ar\/#\/schema\/person\/8f5ace5ce73b4b4aac4b7245aee6f191","name":"Jorge Matheus","url":"https:\/\/infoecos.com.ar\/index.php\/author\/jomatheus\/"}]}},"featured_image_urls":{"full":["https:\/\/infoecos.com.ar\/wp-content\/uploads\/2020\/09\/bocayuva2.jpg",864,689,false],"thumbnail":["https:\/\/infoecos.com.ar\/wp-content\/uploads\/2020\/09\/bocayuva2-150x150.jpg",150,150,true],"medium":["https:\/\/infoecos.com.ar\/wp-content\/uploads\/2020\/09\/bocayuva2-460x367.jpg",460,367,true],"medium_large":["https:\/\/infoecos.com.ar\/wp-content\/uploads\/2020\/09\/bocayuva2-768x612.jpg",640,510,true],"large":["https:\/\/infoecos.com.ar\/wp-content\/uploads\/2020\/09\/bocayuva2.jpg",640,510,false],"1536x1536":["https:\/\/infoecos.com.ar\/wp-content\/uploads\/2020\/09\/bocayuva2.jpg",864,689,false],"2048x2048":["https:\/\/infoecos.com.ar\/wp-content\/uploads\/2020\/09\/bocayuva2.jpg",864,689,false],"covernews-slider-full":["https:\/\/infoecos.com.ar\/wp-content\/uploads\/2020\/09\/bocayuva2.jpg",864,689,false],"covernews-slider-center":["https:\/\/infoecos.com.ar\/wp-content\/uploads\/2020\/09\/bocayuva2.jpg",627,500,false],"covernews-featured":["https:\/\/infoecos.com.ar\/wp-content\/uploads\/2020\/09\/bocayuva2.jpg",864,689,false],"covernews-medium":["https:\/\/infoecos.com.ar\/wp-content\/uploads\/2020\/09\/bocayuva2-720x380.jpg",540,285,true],"covernews-medium-square":["https:\/\/infoecos.com.ar\/wp-content\/uploads\/2020\/09\/bocayuva2-675x450.jpg",375,250,true]},"author_info":{"info":["Jorge Matheus"]},"category_info":"<a href=\"https:\/\/infoecos.com.ar\/index.php\/category\/c1nota7\/\" rel=\"category tag\">C1 nota 7<\/a>","tag_info":"C1 nota 7","comment_count":"0","_links":{"self":[{"href":"https:\/\/infoecos.com.ar\/index.php\/wp-json\/wp\/v2\/posts\/68610"}],"collection":[{"href":"https:\/\/infoecos.com.ar\/index.php\/wp-json\/wp\/v2\/posts"}],"about":[{"href":"https:\/\/infoecos.com.ar\/index.php\/wp-json\/wp\/v2\/types\/post"}],"author":[{"embeddable":true,"href":"https:\/\/infoecos.com.ar\/index.php\/wp-json\/wp\/v2\/users\/2"}],"replies":[{"embeddable":true,"href":"https:\/\/infoecos.com.ar\/index.php\/wp-json\/wp\/v2\/comments?post=68610"}],"version-history":[{"count":1,"href":"https:\/\/infoecos.com.ar\/index.php\/wp-json\/wp\/v2\/posts\/68610\/revisions"}],"predecessor-version":[{"id":68614,"href":"https:\/\/infoecos.com.ar\/index.php\/wp-json\/wp\/v2\/posts\/68610\/revisions\/68614"}],"wp:featuredmedia":[{"embeddable":true,"href":"https:\/\/infoecos.com.ar\/index.php\/wp-json\/wp\/v2\/media\/68613"}],"wp:attachment":[{"href":"https:\/\/infoecos.com.ar\/index.php\/wp-json\/wp\/v2\/media?parent=68610"}],"wp:term":[{"taxonomy":"category","embeddable":true,"href":"https:\/\/infoecos.com.ar\/index.php\/wp-json\/wp\/v2\/categories?post=68610"},{"taxonomy":"post_tag","embeddable":true,"href":"https:\/\/infoecos.com.ar\/index.php\/wp-json\/wp\/v2\/tags?post=68610"}],"curies":[{"name":"wp","href":"https:\/\/api.w.org\/{rel}","templated":true}]}}