{"id":68648,"date":"2020-09-30T00:48:10","date_gmt":"2020-09-30T03:48:10","guid":{"rendered":"http:\/\/infoecos.com.ar\/?p=68648"},"modified":"2020-09-30T00:48:14","modified_gmt":"2020-09-30T03:48:14","slug":"katopodis-en-chivilcoy-carlos-casares-y-pehuajo-acompanado-por-avelino-zurro","status":"publish","type":"post","link":"https:\/\/infoecos.com.ar\/index.php\/katopodis-en-chivilcoy-carlos-casares-y-pehuajo-acompanado-por-avelino-zurro\/","title":{"rendered":"Katopodis en Chivilcoy, Carlos Casares y Pehuaj\u00f3, acompa\u00f1ado por Avelino Zurro"},"content":{"rendered":"\n<p>Hoy visitar\u00e1 la ciudad de Pehuaj\u00f3 el ministro de Obras P\u00fablicas de la Naci\u00f3n, Gabriel Katopodis.<\/p>\n\n\n\n<p>El funcionario estar\u00e1 acompa\u00f1ado por el pehuajense y secretario de Asuntos Municipales del ministerio del Interior de la Naci\u00f3n, Avelino Zurro.<\/p>\n\n\n\n<p>Se conoci\u00f3 esta presencia a trav\u00e9s del sitio que posee Radio M\u00e1gica (radiomagicadigital.com), donde adem\u00e1s se informa que antes de regresar a la Ciudad Aut\u00f3noma de Buenos Aires, el ministro ofrecer\u00e1 una conferencia de prensa. <\/p>\n\n\n\n<p>Previo a la visita a Pehuaj\u00f3, Katopodis y Avelino Zurro estar\u00e1n en Chivilcoy y Carlos Casares.<\/p>\n\n\n\n<div class=\"wp-block-image\"><figure class=\"aligncenter size-medium\"><img loading=\"lazy\" decoding=\"async\" width=\"460\" height=\"458\" src=\"http:\/\/infoecos.com.ar\/wp-content\/uploads\/WhatsApp-Image-2020-08-11-at-16.29.18-1-460x458.jpeg\" alt=\"\" class=\"wp-image-65896\" srcset=\"https:\/\/infoecos.com.ar\/wp-content\/uploads\/WhatsApp-Image-2020-08-11-at-16.29.18-1-460x458.jpeg 460w, https:\/\/infoecos.com.ar\/wp-content\/uploads\/WhatsApp-Image-2020-08-11-at-16.29.18-1-920x916.jpeg 920w, https:\/\/infoecos.com.ar\/wp-content\/uploads\/WhatsApp-Image-2020-08-11-at-16.29.18-1-150x150.jpeg 150w, https:\/\/infoecos.com.ar\/wp-content\/uploads\/WhatsApp-Image-2020-08-11-at-16.29.18-1-768x764.jpeg 768w, https:\/\/infoecos.com.ar\/wp-content\/uploads\/WhatsApp-Image-2020-08-11-at-16.29.18-1-1024x1019.jpeg 1024w, https:\/\/infoecos.com.ar\/wp-content\/uploads\/WhatsApp-Image-2020-08-11-at-16.29.18-1.jpeg 1280w\" sizes=\"(max-width: 460px) 100vw, 460px\" \/><\/figure><\/div>\n","protected":false},"excerpt":{"rendered":"<p>Se conoci\u00f3 esta presencia, en Pehuaj\u00f3, a trav\u00e9s del sitio que posee Radio M\u00e1gica (radiomagicadigital.com), donde adem\u00e1s se informa que antes de regresar a la Ciudad Aut\u00f3noma de Buenos Aires, el ministro ofrecer\u00e1 una conferencia de prensa<\/p>\n","protected":false},"author":2,"featured_media":68649,"comment_status":"closed","ping_status":"open","sticky":false,"template":"","format":"standard","meta":{"footnotes":""},"categories":[46],"tags":[1998],"class_list":["post-68648","post","type-post","status-publish","format-standard","has-post-thumbnail","hentry","category-c2nota2","tag-de-recorrida-por-distritos-de-la-4ta-seccion"],"yoast_head":"<!-- This site is optimized with the Yoast SEO plugin v23.4 - https:\/\/yoast.com\/wordpress\/plugins\/seo\/ -->\n<title>Katopodis en Chivilcoy, Carlos Casares y Pehuaj\u00f3, acompa\u00f1ado por Avelino Zurro - Infoecos<\/title>\n<meta name=\"robots\" content=\"index, follow, max-snippet:-1, max-image-preview:large, max-video-preview:-1\" \/>\n<link rel=\"canonical\" href=\"https:\/\/infoecos.com.ar\/index.php\/katopodis-en-chivilcoy-carlos-casares-y-pehuajo-acompanado-por-avelino-zurro\/\" \/>\n<meta property=\"og:locale\" content=\"es_ES\" \/>\n<meta property=\"og:type\" content=\"article\" \/>\n<meta property=\"og:title\" content=\"Katopodis en Chivilcoy, Carlos Casares y Pehuaj\u00f3, acompa\u00f1ado por Avelino Zurro - Infoecos\" \/>\n<meta property=\"og:description\" content=\"Se conoci\u00f3 esta presencia, en Pehuaj\u00f3, a trav\u00e9s del sitio que posee Radio M\u00e1gica (radiomagicadigital.com), donde adem\u00e1s se informa que antes de regresar a la Ciudad Aut\u00f3noma de Buenos Aires, el ministro ofrecer\u00e1 una conferencia de prensa\" \/>\n<meta property=\"og:url\" content=\"https:\/\/infoecos.com.ar\/index.php\/katopodis-en-chivilcoy-carlos-casares-y-pehuajo-acompanado-por-avelino-zurro\/\" \/>\n<meta property=\"og:site_name\" content=\"Infoecos\" \/>\n<meta property=\"article:publisher\" content=\"https:\/\/www.facebook.com\/profile.php?id=100063200290284\" \/>\n<meta property=\"article:published_time\" content=\"2020-09-30T03:48:10+00:00\" \/>\n<meta property=\"article:modified_time\" content=\"2020-09-30T03:48:14+00:00\" \/>\n<meta property=\"og:image\" content=\"https:\/\/infoecos.com.ar\/wp-content\/uploads\/2020\/09\/katodopodis.jpg\" \/>\n\t<meta property=\"og:image:width\" content=\"2000\" \/>\n\t<meta property=\"og:image:height\" content=\"1333\" \/>\n\t<meta property=\"og:image:type\" content=\"image\/jpeg\" \/>\n<meta name=\"author\" content=\"Jorge Matheus\" \/>\n<meta name=\"twitter:card\" content=\"summary_large_image\" \/>\n<meta name=\"twitter:creator\" content=\"@infoecos\" \/>\n<meta name=\"twitter:site\" content=\"@infoecos\" \/>\n<meta name=\"twitter:label1\" content=\"Escrito por\" \/>\n\t<meta name=\"twitter:data1\" content=\"Jorge Matheus\" \/>\n<script type=\"application\/ld+json\" class=\"yoast-schema-graph\">{\"@context\":\"https:\/\/schema.org\",\"@graph\":[{\"@type\":\"Article\",\"@id\":\"https:\/\/infoecos.com.ar\/index.php\/katopodis-en-chivilcoy-carlos-casares-y-pehuajo-acompanado-por-avelino-zurro\/#article\",\"isPartOf\":{\"@id\":\"https:\/\/infoecos.com.ar\/index.php\/katopodis-en-chivilcoy-carlos-casares-y-pehuajo-acompanado-por-avelino-zurro\/\"},\"author\":{\"name\":\"Jorge Matheus\",\"@id\":\"https:\/\/infoecos.com.ar\/#\/schema\/person\/8f5ace5ce73b4b4aac4b7245aee6f191\"},\"headline\":\"Katopodis en Chivilcoy, Carlos Casares y Pehuaj\u00f3, acompa\u00f1ado por Avelino Zurro\",\"datePublished\":\"2020-09-30T03:48:10+00:00\",\"dateModified\":\"2020-09-30T03:48:14+00:00\",\"mainEntityOfPage\":{\"@id\":\"https:\/\/infoecos.com.ar\/index.php\/katopodis-en-chivilcoy-carlos-casares-y-pehuajo-acompanado-por-avelino-zurro\/\"},\"wordCount\":110,\"publisher\":{\"@id\":\"https:\/\/infoecos.com.ar\/#organization\"},\"image\":{\"@id\":\"https:\/\/infoecos.com.ar\/index.php\/katopodis-en-chivilcoy-carlos-casares-y-pehuajo-acompanado-por-avelino-zurro\/#primaryimage\"},\"thumbnailUrl\":\"https:\/\/infoecos.com.ar\/wp-content\/uploads\/2020\/09\/katodopodis.jpg\",\"keywords\":[\"DE RECORRIDA POR DISTRITOS DE LA 4TA SECCI\u00d3N\"],\"articleSection\":[\"C2 N2\"],\"inLanguage\":\"es\"},{\"@type\":\"WebPage\",\"@id\":\"https:\/\/infoecos.com.ar\/index.php\/katopodis-en-chivilcoy-carlos-casares-y-pehuajo-acompanado-por-avelino-zurro\/\",\"url\":\"https:\/\/infoecos.com.ar\/index.php\/katopodis-en-chivilcoy-carlos-casares-y-pehuajo-acompanado-por-avelino-zurro\/\",\"name\":\"Katopodis en Chivilcoy, Carlos Casares y Pehuaj\u00f3, acompa\u00f1ado por Avelino Zurro - Infoecos\",\"isPartOf\":{\"@id\":\"https:\/\/infoecos.com.ar\/#website\"},\"primaryImageOfPage\":{\"@id\":\"https:\/\/infoecos.com.ar\/index.php\/katopodis-en-chivilcoy-carlos-casares-y-pehuajo-acompanado-por-avelino-zurro\/#primaryimage\"},\"image\":{\"@id\":\"https:\/\/infoecos.com.ar\/index.php\/katopodis-en-chivilcoy-carlos-casares-y-pehuajo-acompanado-por-avelino-zurro\/#primaryimage\"},\"thumbnailUrl\":\"https:\/\/infoecos.com.ar\/wp-content\/uploads\/2020\/09\/katodopodis.jpg\",\"datePublished\":\"2020-09-30T03:48:10+00:00\",\"dateModified\":\"2020-09-30T03:48:14+00:00\",\"breadcrumb\":{\"@id\":\"https:\/\/infoecos.com.ar\/index.php\/katopodis-en-chivilcoy-carlos-casares-y-pehuajo-acompanado-por-avelino-zurro\/#breadcrumb\"},\"inLanguage\":\"es\",\"potentialAction\":[{\"@type\":\"ReadAction\",\"target\":[\"https:\/\/infoecos.com.ar\/index.php\/katopodis-en-chivilcoy-carlos-casares-y-pehuajo-acompanado-por-avelino-zurro\/\"]}]},{\"@type\":\"ImageObject\",\"inLanguage\":\"es\",\"@id\":\"https:\/\/infoecos.com.ar\/index.php\/katopodis-en-chivilcoy-carlos-casares-y-pehuajo-acompanado-por-avelino-zurro\/#primaryimage\",\"url\":\"https:\/\/infoecos.com.ar\/wp-content\/uploads\/2020\/09\/katodopodis.jpg\",\"contentUrl\":\"https:\/\/infoecos.com.ar\/wp-content\/uploads\/2020\/09\/katodopodis.jpg\",\"width\":2000,\"height\":1333},{\"@type\":\"BreadcrumbList\",\"@id\":\"https:\/\/infoecos.com.ar\/index.php\/katopodis-en-chivilcoy-carlos-casares-y-pehuajo-acompanado-por-avelino-zurro\/#breadcrumb\",\"itemListElement\":[{\"@type\":\"ListItem\",\"position\":1,\"name\":\"Portada\",\"item\":\"https:\/\/infoecos.com.ar\/\"},{\"@type\":\"ListItem\",\"position\":2,\"name\":\"Katopodis en Chivilcoy, Carlos Casares y Pehuaj\u00f3, acompa\u00f1ado por Avelino Zurro\"}]},{\"@type\":\"WebSite\",\"@id\":\"https:\/\/infoecos.com.ar\/#website\",\"url\":\"https:\/\/infoecos.com.ar\/\",\"name\":\"Infoecos\",\"description\":\"Noticias de trenque lauquen y la zona\",\"publisher\":{\"@id\":\"https:\/\/infoecos.com.ar\/#organization\"},\"alternateName\":\"Noticias\",\"potentialAction\":[{\"@type\":\"SearchAction\",\"target\":{\"@type\":\"EntryPoint\",\"urlTemplate\":\"https:\/\/infoecos.com.ar\/?s={search_term_string}\"},\"query-input\":{\"@type\":\"PropertyValueSpecification\",\"valueRequired\":true,\"valueName\":\"search_term_string\"}}],\"inLanguage\":\"es\"},{\"@type\":\"Organization\",\"@id\":\"https:\/\/infoecos.com.ar\/#organization\",\"name\":\"Infoecos\",\"alternateName\":\"Noticias\",\"url\":\"https:\/\/infoecos.com.ar\/\",\"logo\":{\"@type\":\"ImageObject\",\"inLanguage\":\"es\",\"@id\":\"https:\/\/infoecos.com.ar\/#\/schema\/logo\/image\/\",\"url\":\"https:\/\/infoecos.com.ar\/wp-content\/uploads\/2024\/03\/cropped-logo.png\",\"contentUrl\":\"https:\/\/infoecos.com.ar\/wp-content\/uploads\/2024\/03\/cropped-logo.png\",\"width\":374,\"height\":90,\"caption\":\"Infoecos\"},\"image\":{\"@id\":\"https:\/\/infoecos.com.ar\/#\/schema\/logo\/image\/\"},\"sameAs\":[\"https:\/\/www.facebook.com\/profile.php?id=100063200290284\",\"https:\/\/x.com\/infoecos\"]},{\"@type\":\"Person\",\"@id\":\"https:\/\/infoecos.com.ar\/#\/schema\/person\/8f5ace5ce73b4b4aac4b7245aee6f191\",\"name\":\"Jorge Matheus\",\"url\":\"https:\/\/infoecos.com.ar\/index.php\/author\/jomatheus\/\"}]}<\/script>\n<!-- \/ Yoast SEO plugin. -->","yoast_head_json":{"title":"Katopodis en Chivilcoy, Carlos Casares y Pehuaj\u00f3, acompa\u00f1ado por Avelino Zurro - Infoecos","robots":{"index":"index","follow":"follow","max-snippet":"max-snippet:-1","max-image-preview":"max-image-preview:large","max-video-preview":"max-video-preview:-1"},"canonical":"https:\/\/infoecos.com.ar\/index.php\/katopodis-en-chivilcoy-carlos-casares-y-pehuajo-acompanado-por-avelino-zurro\/","og_locale":"es_ES","og_type":"article","og_title":"Katopodis en Chivilcoy, Carlos Casares y Pehuaj\u00f3, acompa\u00f1ado por Avelino Zurro - Infoecos","og_description":"Se conoci\u00f3 esta presencia, en Pehuaj\u00f3, a trav\u00e9s del sitio que posee Radio M\u00e1gica (radiomagicadigital.com), donde adem\u00e1s se informa que antes de regresar a la Ciudad Aut\u00f3noma de Buenos Aires, el ministro ofrecer\u00e1 una conferencia de prensa","og_url":"https:\/\/infoecos.com.ar\/index.php\/katopodis-en-chivilcoy-carlos-casares-y-pehuajo-acompanado-por-avelino-zurro\/","og_site_name":"Infoecos","article_publisher":"https:\/\/www.facebook.com\/profile.php?id=100063200290284","article_published_time":"2020-09-30T03:48:10+00:00","article_modified_time":"2020-09-30T03:48:14+00:00","og_image":[{"width":2000,"height":1333,"url":"https:\/\/infoecos.com.ar\/wp-content\/uploads\/2020\/09\/katodopodis.jpg","type":"image\/jpeg"}],"author":"Jorge Matheus","twitter_card":"summary_large_image","twitter_creator":"@infoecos","twitter_site":"@infoecos","twitter_misc":{"Escrito por":"Jorge Matheus"},"schema":{"@context":"https:\/\/schema.org","@graph":[{"@type":"Article","@id":"https:\/\/infoecos.com.ar\/index.php\/katopodis-en-chivilcoy-carlos-casares-y-pehuajo-acompanado-por-avelino-zurro\/#article","isPartOf":{"@id":"https:\/\/infoecos.com.ar\/index.php\/katopodis-en-chivilcoy-carlos-casares-y-pehuajo-acompanado-por-avelino-zurro\/"},"author":{"name":"Jorge Matheus","@id":"https:\/\/infoecos.com.ar\/#\/schema\/person\/8f5ace5ce73b4b4aac4b7245aee6f191"},"headline":"Katopodis en Chivilcoy, Carlos Casares y Pehuaj\u00f3, acompa\u00f1ado por Avelino Zurro","datePublished":"2020-09-30T03:48:10+00:00","dateModified":"2020-09-30T03:48:14+00:00","mainEntityOfPage":{"@id":"https:\/\/infoecos.com.ar\/index.php\/katopodis-en-chivilcoy-carlos-casares-y-pehuajo-acompanado-por-avelino-zurro\/"},"wordCount":110,"publisher":{"@id":"https:\/\/infoecos.com.ar\/#organization"},"image":{"@id":"https:\/\/infoecos.com.ar\/index.php\/katopodis-en-chivilcoy-carlos-casares-y-pehuajo-acompanado-por-avelino-zurro\/#primaryimage"},"thumbnailUrl":"https:\/\/infoecos.com.ar\/wp-content\/uploads\/2020\/09\/katodopodis.jpg","keywords":["DE RECORRIDA POR DISTRITOS DE LA 4TA SECCI\u00d3N"],"articleSection":["C2 N2"],"inLanguage":"es"},{"@type":"WebPage","@id":"https:\/\/infoecos.com.ar\/index.php\/katopodis-en-chivilcoy-carlos-casares-y-pehuajo-acompanado-por-avelino-zurro\/","url":"https:\/\/infoecos.com.ar\/index.php\/katopodis-en-chivilcoy-carlos-casares-y-pehuajo-acompanado-por-avelino-zurro\/","name":"Katopodis en Chivilcoy, Carlos Casares y Pehuaj\u00f3, acompa\u00f1ado por Avelino Zurro - Infoecos","isPartOf":{"@id":"https:\/\/infoecos.com.ar\/#website"},"primaryImageOfPage":{"@id":"https:\/\/infoecos.com.ar\/index.php\/katopodis-en-chivilcoy-carlos-casares-y-pehuajo-acompanado-por-avelino-zurro\/#primaryimage"},"image":{"@id":"https:\/\/infoecos.com.ar\/index.php\/katopodis-en-chivilcoy-carlos-casares-y-pehuajo-acompanado-por-avelino-zurro\/#primaryimage"},"thumbnailUrl":"https:\/\/infoecos.com.ar\/wp-content\/uploads\/2020\/09\/katodopodis.jpg","datePublished":"2020-09-30T03:48:10+00:00","dateModified":"2020-09-30T03:48:14+00:00","breadcrumb":{"@id":"https:\/\/infoecos.com.ar\/index.php\/katopodis-en-chivilcoy-carlos-casares-y-pehuajo-acompanado-por-avelino-zurro\/#breadcrumb"},"inLanguage":"es","potentialAction":[{"@type":"ReadAction","target":["https:\/\/infoecos.com.ar\/index.php\/katopodis-en-chivilcoy-carlos-casares-y-pehuajo-acompanado-por-avelino-zurro\/"]}]},{"@type":"ImageObject","inLanguage":"es","@id":"https:\/\/infoecos.com.ar\/index.php\/katopodis-en-chivilcoy-carlos-casares-y-pehuajo-acompanado-por-avelino-zurro\/#primaryimage","url":"https:\/\/infoecos.com.ar\/wp-content\/uploads\/2020\/09\/katodopodis.jpg","contentUrl":"https:\/\/infoecos.com.ar\/wp-content\/uploads\/2020\/09\/katodopodis.jpg","width":2000,"height":1333},{"@type":"BreadcrumbList","@id":"https:\/\/infoecos.com.ar\/index.php\/katopodis-en-chivilcoy-carlos-casares-y-pehuajo-acompanado-por-avelino-zurro\/#breadcrumb","itemListElement":[{"@type":"ListItem","position":1,"name":"Portada","item":"https:\/\/infoecos.com.ar\/"},{"@type":"ListItem","position":2,"name":"Katopodis en Chivilcoy, Carlos Casares y Pehuaj\u00f3, acompa\u00f1ado por Avelino Zurro"}]},{"@type":"WebSite","@id":"https:\/\/infoecos.com.ar\/#website","url":"https:\/\/infoecos.com.ar\/","name":"Infoecos","description":"Noticias de trenque lauquen y la zona","publisher":{"@id":"https:\/\/infoecos.com.ar\/#organization"},"alternateName":"Noticias","potentialAction":[{"@type":"SearchAction","target":{"@type":"EntryPoint","urlTemplate":"https:\/\/infoecos.com.ar\/?s={search_term_string}"},"query-input":{"@type":"PropertyValueSpecification","valueRequired":true,"valueName":"search_term_string"}}],"inLanguage":"es"},{"@type":"Organization","@id":"https:\/\/infoecos.com.ar\/#organization","name":"Infoecos","alternateName":"Noticias","url":"https:\/\/infoecos.com.ar\/","logo":{"@type":"ImageObject","inLanguage":"es","@id":"https:\/\/infoecos.com.ar\/#\/schema\/logo\/image\/","url":"https:\/\/infoecos.com.ar\/wp-content\/uploads\/2024\/03\/cropped-logo.png","contentUrl":"https:\/\/infoecos.com.ar\/wp-content\/uploads\/2024\/03\/cropped-logo.png","width":374,"height":90,"caption":"Infoecos"},"image":{"@id":"https:\/\/infoecos.com.ar\/#\/schema\/logo\/image\/"},"sameAs":["https:\/\/www.facebook.com\/profile.php?id=100063200290284","https:\/\/x.com\/infoecos"]},{"@type":"Person","@id":"https:\/\/infoecos.com.ar\/#\/schema\/person\/8f5ace5ce73b4b4aac4b7245aee6f191","name":"Jorge Matheus","url":"https:\/\/infoecos.com.ar\/index.php\/author\/jomatheus\/"}]}},"featured_image_urls":{"full":["https:\/\/infoecos.com.ar\/wp-content\/uploads\/2020\/09\/katodopodis.jpg",2000,1333,false],"thumbnail":["https:\/\/infoecos.com.ar\/wp-content\/uploads\/2020\/09\/katodopodis-150x150.jpg",150,150,true],"medium":["https:\/\/infoecos.com.ar\/wp-content\/uploads\/2020\/09\/katodopodis-460x307.jpg",460,307,true],"medium_large":["https:\/\/infoecos.com.ar\/wp-content\/uploads\/2020\/09\/katodopodis-768x512.jpg",640,427,true],"large":["https:\/\/infoecos.com.ar\/wp-content\/uploads\/2020\/09\/katodopodis-920x613.jpg",640,426,true],"1536x1536":["https:\/\/infoecos.com.ar\/wp-content\/uploads\/2020\/09\/katodopodis-1536x1024.jpg",1536,1024,true],"2048x2048":["https:\/\/infoecos.com.ar\/wp-content\/uploads\/2020\/09\/katodopodis.jpg",2000,1333,false],"covernews-slider-full":["https:\/\/infoecos.com.ar\/wp-content\/uploads\/2020\/09\/katodopodis-1536x1020.jpg",1077,715,true],"covernews-slider-center":["https:\/\/infoecos.com.ar\/wp-content\/uploads\/2020\/09\/katodopodis-936x897.jpg",522,500,true],"covernews-featured":["https:\/\/infoecos.com.ar\/wp-content\/uploads\/2020\/09\/katodopodis-1024x682.jpg",1024,682,true],"covernews-medium":["https:\/\/infoecos.com.ar\/wp-content\/uploads\/2020\/09\/katodopodis-720x380.jpg",540,285,true],"covernews-medium-square":["https:\/\/infoecos.com.ar\/wp-content\/uploads\/2020\/09\/katodopodis-675x450.jpg",375,250,true]},"author_info":{"info":["Jorge Matheus"]},"category_info":"<a href=\"https:\/\/infoecos.com.ar\/index.php\/category\/c2nota2\/\" rel=\"category tag\">C2 N2<\/a>","tag_info":"C2 N2","comment_count":"0","_links":{"self":[{"href":"https:\/\/infoecos.com.ar\/index.php\/wp-json\/wp\/v2\/posts\/68648"}],"collection":[{"href":"https:\/\/infoecos.com.ar\/index.php\/wp-json\/wp\/v2\/posts"}],"about":[{"href":"https:\/\/infoecos.com.ar\/index.php\/wp-json\/wp\/v2\/types\/post"}],"author":[{"embeddable":true,"href":"https:\/\/infoecos.com.ar\/index.php\/wp-json\/wp\/v2\/users\/2"}],"replies":[{"embeddable":true,"href":"https:\/\/infoecos.com.ar\/index.php\/wp-json\/wp\/v2\/comments?post=68648"}],"version-history":[{"count":1,"href":"https:\/\/infoecos.com.ar\/index.php\/wp-json\/wp\/v2\/posts\/68648\/revisions"}],"predecessor-version":[{"id":68650,"href":"https:\/\/infoecos.com.ar\/index.php\/wp-json\/wp\/v2\/posts\/68648\/revisions\/68650"}],"wp:featuredmedia":[{"embeddable":true,"href":"https:\/\/infoecos.com.ar\/index.php\/wp-json\/wp\/v2\/media\/68649"}],"wp:attachment":[{"href":"https:\/\/infoecos.com.ar\/index.php\/wp-json\/wp\/v2\/media?parent=68648"}],"wp:term":[{"taxonomy":"category","embeddable":true,"href":"https:\/\/infoecos.com.ar\/index.php\/wp-json\/wp\/v2\/categories?post=68648"},{"taxonomy":"post_tag","embeddable":true,"href":"https:\/\/infoecos.com.ar\/index.php\/wp-json\/wp\/v2\/tags?post=68648"}],"curies":[{"name":"wp","href":"https:\/\/api.w.org\/{rel}","templated":true}]}}