{"id":68689,"date":"2020-09-30T02:24:07","date_gmt":"2020-09-30T05:24:07","guid":{"rendered":"http:\/\/infoecos.com.ar\/?p=68689"},"modified":"2020-09-30T02:24:09","modified_gmt":"2020-09-30T05:24:09","slug":"en-tres-lomas-se-autoriza-la-practica-de-futbol-5-en-lugares-privados-y-habilitados-todos-los-dias-hasta-las-23","status":"publish","type":"post","link":"https:\/\/infoecos.com.ar\/index.php\/en-tres-lomas-se-autoriza-la-practica-de-futbol-5-en-lugares-privados-y-habilitados-todos-los-dias-hasta-las-23\/","title":{"rendered":"En Tres Lomas se autoriza la pr\u00e1ctica de F\u00fatbol 5 en lugares privados y habilitados, todos los d\u00edas, hasta las 23"},"content":{"rendered":"\n<p>Se reuni\u00f3 el Comit\u00e9 de Emergencia COVID 19 del distrito de Tres Lomas.<\/p>\n\n\n\n<p>Se adoptaron las siguientes medidas:<\/p>\n\n\n\n<ol class=\"wp-block-list\" type=\"1\"><li>Se autoriza de manera excepcional, para el pr\u00f3ximo fin de semana, las reuniones familiares, con un m\u00e1ximo de 10 personas y solamente para gente del distrito. Es importante destacar, que esta medida podr\u00eda ser modificada, dependiendo del avance de la situaci\u00f3n sanitaria de nuestro distrito.<br><\/li><li>Se autoriza la pr\u00e1ctica de F\u00fatbol 5 en lugares privados y habilitados para tal fin, todos los d\u00edas hasta las 23 hs. Esta medida, entrar\u00e1 en vigencia luego de la presentaci\u00f3n de protocolos correspondientes en el municipio, por parte de los propietarios del lugar.<br><\/li><li>Se ampl\u00eda el horario hasta las 01.00 hs de restaurantes, pubs, cantinas de clubes y bares.<br><\/li><li>Se ampl\u00eda el horario de visita al Cementerio Local hasta las 19 hs, todos los d\u00edas de la semana.<br><\/li><li>Se ampl\u00eda el horario de gimnasios hasta las 21 hs, todos los d\u00edas de la semana.<br><\/li><li>Cabe destacar, que todas las actividades habilitadas son solamente para personas del distrito y que en ocasi\u00f3n de aparecer alg\u00fan caso positivo de COVID-19 se retroceder\u00e1 autom\u00e1ticamente al aislamiento social que las autoridades determinen.<br><\/li><li>La Directora de Educaci\u00f3n, dio lectura a las diferentes notas recibidas. Las mismas, fueron puestas a consideraci\u00f3n por los miembros del Comit\u00e9 de Emergencia.<br><\/li><li>El Director del Hospital Municipal Dr. Domingo V. Girotti, inform\u00f3 que al d\u00eda de la fecha 27 vecinos realizan el Aislamiento Preventivo por haber salido de nuestro distrito o por haber mantenido contacto estrecho con casos sospechosos.<br><\/li><li>El jefe de Gabinete, inform\u00f3 que al d\u00eda de la fecha se han realizado 7 infracciones a personas y comercios que no han cumplido con las normas establecidas.<br><br><\/li><\/ol>\n","protected":false},"excerpt":{"rendered":"<p>Se autoriza de manera excepcional, para el pr\u00f3ximo fin de semana, las reuniones familiares, con un m\u00e1ximo de 10 personas y solamente para gente del distrito<\/p>\n","protected":false},"author":2,"featured_media":54834,"comment_status":"closed","ping_status":"open","sticky":false,"template":"","format":"standard","meta":{"footnotes":""},"categories":[1326],"tags":[2011],"class_list":["post-68689","post","type-post","status-publish","format-standard","has-post-thumbnail","hentry","category-c2nota6","tag-reunion-del-comite-de-emergencia-covid-19"],"yoast_head":"<!-- This site is optimized with the Yoast SEO plugin v23.4 - https:\/\/yoast.com\/wordpress\/plugins\/seo\/ -->\n<title>En Tres Lomas se autoriza la pr\u00e1ctica de F\u00fatbol 5 en lugares privados y habilitados, todos los d\u00edas, hasta las 23 - Infoecos<\/title>\n<meta name=\"robots\" content=\"index, follow, max-snippet:-1, max-image-preview:large, max-video-preview:-1\" \/>\n<link rel=\"canonical\" href=\"https:\/\/infoecos.com.ar\/index.php\/en-tres-lomas-se-autoriza-la-practica-de-futbol-5-en-lugares-privados-y-habilitados-todos-los-dias-hasta-las-23\/\" \/>\n<meta property=\"og:locale\" content=\"es_ES\" \/>\n<meta property=\"og:type\" content=\"article\" \/>\n<meta property=\"og:title\" content=\"En Tres Lomas se autoriza la pr\u00e1ctica de F\u00fatbol 5 en lugares privados y habilitados, todos los d\u00edas, hasta las 23 - Infoecos\" \/>\n<meta property=\"og:description\" content=\"Se autoriza de manera excepcional, para el pr\u00f3ximo fin de semana, las reuniones familiares, con un m\u00e1ximo de 10 personas y solamente para gente del distrito\" \/>\n<meta property=\"og:url\" content=\"https:\/\/infoecos.com.ar\/index.php\/en-tres-lomas-se-autoriza-la-practica-de-futbol-5-en-lugares-privados-y-habilitados-todos-los-dias-hasta-las-23\/\" \/>\n<meta property=\"og:site_name\" content=\"Infoecos\" \/>\n<meta property=\"article:publisher\" content=\"https:\/\/www.facebook.com\/profile.php?id=100063200290284\" \/>\n<meta property=\"article:published_time\" content=\"2020-09-30T05:24:07+00:00\" \/>\n<meta property=\"article:modified_time\" content=\"2020-09-30T05:24:09+00:00\" \/>\n<meta property=\"og:image\" content=\"https:\/\/infoecos.com.ar\/wp-content\/uploads\/treslomas-1.jpg\" \/>\n\t<meta property=\"og:image:width\" content=\"780\" \/>\n\t<meta property=\"og:image:height\" content=\"405\" \/>\n\t<meta property=\"og:image:type\" content=\"image\/jpeg\" \/>\n<meta name=\"author\" content=\"Jorge Matheus\" \/>\n<meta name=\"twitter:card\" content=\"summary_large_image\" \/>\n<meta name=\"twitter:creator\" content=\"@infoecos\" \/>\n<meta name=\"twitter:site\" content=\"@infoecos\" \/>\n<meta name=\"twitter:label1\" content=\"Escrito por\" \/>\n\t<meta name=\"twitter:data1\" content=\"Jorge Matheus\" \/>\n\t<meta name=\"twitter:label2\" content=\"Tiempo de lectura\" \/>\n\t<meta name=\"twitter:data2\" content=\"1 minuto\" \/>\n<script type=\"application\/ld+json\" class=\"yoast-schema-graph\">{\"@context\":\"https:\/\/schema.org\",\"@graph\":[{\"@type\":\"Article\",\"@id\":\"https:\/\/infoecos.com.ar\/index.php\/en-tres-lomas-se-autoriza-la-practica-de-futbol-5-en-lugares-privados-y-habilitados-todos-los-dias-hasta-las-23\/#article\",\"isPartOf\":{\"@id\":\"https:\/\/infoecos.com.ar\/index.php\/en-tres-lomas-se-autoriza-la-practica-de-futbol-5-en-lugares-privados-y-habilitados-todos-los-dias-hasta-las-23\/\"},\"author\":{\"name\":\"Jorge Matheus\",\"@id\":\"https:\/\/infoecos.com.ar\/#\/schema\/person\/8f5ace5ce73b4b4aac4b7245aee6f191\"},\"headline\":\"En Tres Lomas se autoriza la pr\u00e1ctica de F\u00fatbol 5 en lugares privados y habilitados, todos los d\u00edas, hasta las 23\",\"datePublished\":\"2020-09-30T05:24:07+00:00\",\"dateModified\":\"2020-09-30T05:24:09+00:00\",\"mainEntityOfPage\":{\"@id\":\"https:\/\/infoecos.com.ar\/index.php\/en-tres-lomas-se-autoriza-la-practica-de-futbol-5-en-lugares-privados-y-habilitados-todos-los-dias-hasta-las-23\/\"},\"wordCount\":314,\"publisher\":{\"@id\":\"https:\/\/infoecos.com.ar\/#organization\"},\"image\":{\"@id\":\"https:\/\/infoecos.com.ar\/index.php\/en-tres-lomas-se-autoriza-la-practica-de-futbol-5-en-lugares-privados-y-habilitados-todos-los-dias-hasta-las-23\/#primaryimage\"},\"thumbnailUrl\":\"\",\"keywords\":[\"REUNI\u00d3N DEL COMIT\u00c9 DE EMERGENCIA COVID 19\"],\"articleSection\":[\"C2 N6\"],\"inLanguage\":\"es\"},{\"@type\":\"WebPage\",\"@id\":\"https:\/\/infoecos.com.ar\/index.php\/en-tres-lomas-se-autoriza-la-practica-de-futbol-5-en-lugares-privados-y-habilitados-todos-los-dias-hasta-las-23\/\",\"url\":\"https:\/\/infoecos.com.ar\/index.php\/en-tres-lomas-se-autoriza-la-practica-de-futbol-5-en-lugares-privados-y-habilitados-todos-los-dias-hasta-las-23\/\",\"name\":\"En Tres Lomas se autoriza la pr\u00e1ctica de F\u00fatbol 5 en lugares privados y habilitados, todos los d\u00edas, hasta las 23 - Infoecos\",\"isPartOf\":{\"@id\":\"https:\/\/infoecos.com.ar\/#website\"},\"primaryImageOfPage\":{\"@id\":\"https:\/\/infoecos.com.ar\/index.php\/en-tres-lomas-se-autoriza-la-practica-de-futbol-5-en-lugares-privados-y-habilitados-todos-los-dias-hasta-las-23\/#primaryimage\"},\"image\":{\"@id\":\"https:\/\/infoecos.com.ar\/index.php\/en-tres-lomas-se-autoriza-la-practica-de-futbol-5-en-lugares-privados-y-habilitados-todos-los-dias-hasta-las-23\/#primaryimage\"},\"thumbnailUrl\":\"\",\"datePublished\":\"2020-09-30T05:24:07+00:00\",\"dateModified\":\"2020-09-30T05:24:09+00:00\",\"breadcrumb\":{\"@id\":\"https:\/\/infoecos.com.ar\/index.php\/en-tres-lomas-se-autoriza-la-practica-de-futbol-5-en-lugares-privados-y-habilitados-todos-los-dias-hasta-las-23\/#breadcrumb\"},\"inLanguage\":\"es\",\"potentialAction\":[{\"@type\":\"ReadAction\",\"target\":[\"https:\/\/infoecos.com.ar\/index.php\/en-tres-lomas-se-autoriza-la-practica-de-futbol-5-en-lugares-privados-y-habilitados-todos-los-dias-hasta-las-23\/\"]}]},{\"@type\":\"ImageObject\",\"inLanguage\":\"es\",\"@id\":\"https:\/\/infoecos.com.ar\/index.php\/en-tres-lomas-se-autoriza-la-practica-de-futbol-5-en-lugares-privados-y-habilitados-todos-los-dias-hasta-las-23\/#primaryimage\",\"url\":\"\",\"contentUrl\":\"\"},{\"@type\":\"BreadcrumbList\",\"@id\":\"https:\/\/infoecos.com.ar\/index.php\/en-tres-lomas-se-autoriza-la-practica-de-futbol-5-en-lugares-privados-y-habilitados-todos-los-dias-hasta-las-23\/#breadcrumb\",\"itemListElement\":[{\"@type\":\"ListItem\",\"position\":1,\"name\":\"Portada\",\"item\":\"https:\/\/infoecos.com.ar\/\"},{\"@type\":\"ListItem\",\"position\":2,\"name\":\"En Tres Lomas se autoriza la pr\u00e1ctica de F\u00fatbol 5 en lugares privados y habilitados, todos los d\u00edas, hasta las 23\"}]},{\"@type\":\"WebSite\",\"@id\":\"https:\/\/infoecos.com.ar\/#website\",\"url\":\"https:\/\/infoecos.com.ar\/\",\"name\":\"Infoecos\",\"description\":\"Noticias de trenque lauquen y la zona\",\"publisher\":{\"@id\":\"https:\/\/infoecos.com.ar\/#organization\"},\"alternateName\":\"Noticias\",\"potentialAction\":[{\"@type\":\"SearchAction\",\"target\":{\"@type\":\"EntryPoint\",\"urlTemplate\":\"https:\/\/infoecos.com.ar\/?s={search_term_string}\"},\"query-input\":{\"@type\":\"PropertyValueSpecification\",\"valueRequired\":true,\"valueName\":\"search_term_string\"}}],\"inLanguage\":\"es\"},{\"@type\":\"Organization\",\"@id\":\"https:\/\/infoecos.com.ar\/#organization\",\"name\":\"Infoecos\",\"alternateName\":\"Noticias\",\"url\":\"https:\/\/infoecos.com.ar\/\",\"logo\":{\"@type\":\"ImageObject\",\"inLanguage\":\"es\",\"@id\":\"https:\/\/infoecos.com.ar\/#\/schema\/logo\/image\/\",\"url\":\"https:\/\/infoecos.com.ar\/wp-content\/uploads\/2024\/03\/cropped-logo.png\",\"contentUrl\":\"https:\/\/infoecos.com.ar\/wp-content\/uploads\/2024\/03\/cropped-logo.png\",\"width\":374,\"height\":90,\"caption\":\"Infoecos\"},\"image\":{\"@id\":\"https:\/\/infoecos.com.ar\/#\/schema\/logo\/image\/\"},\"sameAs\":[\"https:\/\/www.facebook.com\/profile.php?id=100063200290284\",\"https:\/\/x.com\/infoecos\"]},{\"@type\":\"Person\",\"@id\":\"https:\/\/infoecos.com.ar\/#\/schema\/person\/8f5ace5ce73b4b4aac4b7245aee6f191\",\"name\":\"Jorge Matheus\",\"url\":\"https:\/\/infoecos.com.ar\/index.php\/author\/jomatheus\/\"}]}<\/script>\n<!-- \/ Yoast SEO plugin. -->","yoast_head_json":{"title":"En Tres Lomas se autoriza la pr\u00e1ctica de F\u00fatbol 5 en lugares privados y habilitados, todos los d\u00edas, hasta las 23 - Infoecos","robots":{"index":"index","follow":"follow","max-snippet":"max-snippet:-1","max-image-preview":"max-image-preview:large","max-video-preview":"max-video-preview:-1"},"canonical":"https:\/\/infoecos.com.ar\/index.php\/en-tres-lomas-se-autoriza-la-practica-de-futbol-5-en-lugares-privados-y-habilitados-todos-los-dias-hasta-las-23\/","og_locale":"es_ES","og_type":"article","og_title":"En Tres Lomas se autoriza la pr\u00e1ctica de F\u00fatbol 5 en lugares privados y habilitados, todos los d\u00edas, hasta las 23 - Infoecos","og_description":"Se autoriza de manera excepcional, para el pr\u00f3ximo fin de semana, las reuniones familiares, con un m\u00e1ximo de 10 personas y solamente para gente del distrito","og_url":"https:\/\/infoecos.com.ar\/index.php\/en-tres-lomas-se-autoriza-la-practica-de-futbol-5-en-lugares-privados-y-habilitados-todos-los-dias-hasta-las-23\/","og_site_name":"Infoecos","article_publisher":"https:\/\/www.facebook.com\/profile.php?id=100063200290284","article_published_time":"2020-09-30T05:24:07+00:00","article_modified_time":"2020-09-30T05:24:09+00:00","og_image":[{"width":780,"height":405,"url":"https:\/\/infoecos.com.ar\/wp-content\/uploads\/treslomas-1.jpg","type":"image\/jpeg"}],"author":"Jorge Matheus","twitter_card":"summary_large_image","twitter_creator":"@infoecos","twitter_site":"@infoecos","twitter_misc":{"Escrito por":"Jorge Matheus","Tiempo de lectura":"1 minuto"},"schema":{"@context":"https:\/\/schema.org","@graph":[{"@type":"Article","@id":"https:\/\/infoecos.com.ar\/index.php\/en-tres-lomas-se-autoriza-la-practica-de-futbol-5-en-lugares-privados-y-habilitados-todos-los-dias-hasta-las-23\/#article","isPartOf":{"@id":"https:\/\/infoecos.com.ar\/index.php\/en-tres-lomas-se-autoriza-la-practica-de-futbol-5-en-lugares-privados-y-habilitados-todos-los-dias-hasta-las-23\/"},"author":{"name":"Jorge Matheus","@id":"https:\/\/infoecos.com.ar\/#\/schema\/person\/8f5ace5ce73b4b4aac4b7245aee6f191"},"headline":"En Tres Lomas se autoriza la pr\u00e1ctica de F\u00fatbol 5 en lugares privados y habilitados, todos los d\u00edas, hasta las 23","datePublished":"2020-09-30T05:24:07+00:00","dateModified":"2020-09-30T05:24:09+00:00","mainEntityOfPage":{"@id":"https:\/\/infoecos.com.ar\/index.php\/en-tres-lomas-se-autoriza-la-practica-de-futbol-5-en-lugares-privados-y-habilitados-todos-los-dias-hasta-las-23\/"},"wordCount":314,"publisher":{"@id":"https:\/\/infoecos.com.ar\/#organization"},"image":{"@id":"https:\/\/infoecos.com.ar\/index.php\/en-tres-lomas-se-autoriza-la-practica-de-futbol-5-en-lugares-privados-y-habilitados-todos-los-dias-hasta-las-23\/#primaryimage"},"thumbnailUrl":"","keywords":["REUNI\u00d3N DEL COMIT\u00c9 DE EMERGENCIA COVID 19"],"articleSection":["C2 N6"],"inLanguage":"es"},{"@type":"WebPage","@id":"https:\/\/infoecos.com.ar\/index.php\/en-tres-lomas-se-autoriza-la-practica-de-futbol-5-en-lugares-privados-y-habilitados-todos-los-dias-hasta-las-23\/","url":"https:\/\/infoecos.com.ar\/index.php\/en-tres-lomas-se-autoriza-la-practica-de-futbol-5-en-lugares-privados-y-habilitados-todos-los-dias-hasta-las-23\/","name":"En Tres Lomas se autoriza la pr\u00e1ctica de F\u00fatbol 5 en lugares privados y habilitados, todos los d\u00edas, hasta las 23 - Infoecos","isPartOf":{"@id":"https:\/\/infoecos.com.ar\/#website"},"primaryImageOfPage":{"@id":"https:\/\/infoecos.com.ar\/index.php\/en-tres-lomas-se-autoriza-la-practica-de-futbol-5-en-lugares-privados-y-habilitados-todos-los-dias-hasta-las-23\/#primaryimage"},"image":{"@id":"https:\/\/infoecos.com.ar\/index.php\/en-tres-lomas-se-autoriza-la-practica-de-futbol-5-en-lugares-privados-y-habilitados-todos-los-dias-hasta-las-23\/#primaryimage"},"thumbnailUrl":"","datePublished":"2020-09-30T05:24:07+00:00","dateModified":"2020-09-30T05:24:09+00:00","breadcrumb":{"@id":"https:\/\/infoecos.com.ar\/index.php\/en-tres-lomas-se-autoriza-la-practica-de-futbol-5-en-lugares-privados-y-habilitados-todos-los-dias-hasta-las-23\/#breadcrumb"},"inLanguage":"es","potentialAction":[{"@type":"ReadAction","target":["https:\/\/infoecos.com.ar\/index.php\/en-tres-lomas-se-autoriza-la-practica-de-futbol-5-en-lugares-privados-y-habilitados-todos-los-dias-hasta-las-23\/"]}]},{"@type":"ImageObject","inLanguage":"es","@id":"https:\/\/infoecos.com.ar\/index.php\/en-tres-lomas-se-autoriza-la-practica-de-futbol-5-en-lugares-privados-y-habilitados-todos-los-dias-hasta-las-23\/#primaryimage","url":"","contentUrl":""},{"@type":"BreadcrumbList","@id":"https:\/\/infoecos.com.ar\/index.php\/en-tres-lomas-se-autoriza-la-practica-de-futbol-5-en-lugares-privados-y-habilitados-todos-los-dias-hasta-las-23\/#breadcrumb","itemListElement":[{"@type":"ListItem","position":1,"name":"Portada","item":"https:\/\/infoecos.com.ar\/"},{"@type":"ListItem","position":2,"name":"En Tres Lomas se autoriza la pr\u00e1ctica de F\u00fatbol 5 en lugares privados y habilitados, todos los d\u00edas, hasta las 23"}]},{"@type":"WebSite","@id":"https:\/\/infoecos.com.ar\/#website","url":"https:\/\/infoecos.com.ar\/","name":"Infoecos","description":"Noticias de trenque lauquen y la zona","publisher":{"@id":"https:\/\/infoecos.com.ar\/#organization"},"alternateName":"Noticias","potentialAction":[{"@type":"SearchAction","target":{"@type":"EntryPoint","urlTemplate":"https:\/\/infoecos.com.ar\/?s={search_term_string}"},"query-input":{"@type":"PropertyValueSpecification","valueRequired":true,"valueName":"search_term_string"}}],"inLanguage":"es"},{"@type":"Organization","@id":"https:\/\/infoecos.com.ar\/#organization","name":"Infoecos","alternateName":"Noticias","url":"https:\/\/infoecos.com.ar\/","logo":{"@type":"ImageObject","inLanguage":"es","@id":"https:\/\/infoecos.com.ar\/#\/schema\/logo\/image\/","url":"https:\/\/infoecos.com.ar\/wp-content\/uploads\/2024\/03\/cropped-logo.png","contentUrl":"https:\/\/infoecos.com.ar\/wp-content\/uploads\/2024\/03\/cropped-logo.png","width":374,"height":90,"caption":"Infoecos"},"image":{"@id":"https:\/\/infoecos.com.ar\/#\/schema\/logo\/image\/"},"sameAs":["https:\/\/www.facebook.com\/profile.php?id=100063200290284","https:\/\/x.com\/infoecos"]},{"@type":"Person","@id":"https:\/\/infoecos.com.ar\/#\/schema\/person\/8f5ace5ce73b4b4aac4b7245aee6f191","name":"Jorge Matheus","url":"https:\/\/infoecos.com.ar\/index.php\/author\/jomatheus\/"}]}},"featured_image_urls":{"full":"","thumbnail":"","medium":"","medium_large":"","large":"","1536x1536":"","2048x2048":"","covernews-slider-full":"","covernews-slider-center":"","covernews-featured":"","covernews-medium":"","covernews-medium-square":""},"author_info":{"info":["Jorge Matheus"]},"category_info":"<a href=\"https:\/\/infoecos.com.ar\/index.php\/category\/c2nota6\/\" rel=\"category tag\">C2 N6<\/a>","tag_info":"C2 N6","comment_count":"0","_links":{"self":[{"href":"https:\/\/infoecos.com.ar\/index.php\/wp-json\/wp\/v2\/posts\/68689"}],"collection":[{"href":"https:\/\/infoecos.com.ar\/index.php\/wp-json\/wp\/v2\/posts"}],"about":[{"href":"https:\/\/infoecos.com.ar\/index.php\/wp-json\/wp\/v2\/types\/post"}],"author":[{"embeddable":true,"href":"https:\/\/infoecos.com.ar\/index.php\/wp-json\/wp\/v2\/users\/2"}],"replies":[{"embeddable":true,"href":"https:\/\/infoecos.com.ar\/index.php\/wp-json\/wp\/v2\/comments?post=68689"}],"version-history":[{"count":1,"href":"https:\/\/infoecos.com.ar\/index.php\/wp-json\/wp\/v2\/posts\/68689\/revisions"}],"predecessor-version":[{"id":68690,"href":"https:\/\/infoecos.com.ar\/index.php\/wp-json\/wp\/v2\/posts\/68689\/revisions\/68690"}],"wp:featuredmedia":[{"embeddable":true,"href":"https:\/\/infoecos.com.ar\/index.php\/wp-json\/"}],"wp:attachment":[{"href":"https:\/\/infoecos.com.ar\/index.php\/wp-json\/wp\/v2\/media?parent=68689"}],"wp:term":[{"taxonomy":"category","embeddable":true,"href":"https:\/\/infoecos.com.ar\/index.php\/wp-json\/wp\/v2\/categories?post=68689"},{"taxonomy":"post_tag","embeddable":true,"href":"https:\/\/infoecos.com.ar\/index.php\/wp-json\/wp\/v2\/tags?post=68689"}],"curies":[{"name":"wp","href":"https:\/\/api.w.org\/{rel}","templated":true}]}}