{"id":68756,"date":"2020-10-01T03:07:29","date_gmt":"2020-10-01T06:07:29","guid":{"rendered":"http:\/\/infoecos.com.ar\/?p=68756"},"modified":"2020-10-01T03:10:20","modified_gmt":"2020-10-01T06:10:20","slug":"68756","status":"publish","type":"post","link":"https:\/\/infoecos.com.ar\/index.php\/68756\/","title":{"rendered":"Coronavirus en Chivilcoy: 22 resultados positivos este mi\u00e9rcoles"},"content":{"rendered":"\n<p>Chivilcoy recibi\u00f3 22 resultados positivos de hisopados en el sistema p\u00fablico de Salud. En tanto, fueron registrados ocho pacientes por criterio m\u00e9dico epidemiol\u00f3gico, se recibieron 39 resultados negativos y se recuperaron 46 nuevos pacientes.<\/p>\n\n\n\n<div class=\"wp-block-image\"><figure class=\"aligncenter size-medium\"><img loading=\"lazy\" decoding=\"async\" width=\"460\" height=\"460\" src=\"http:\/\/infoecos.com.ar\/wp-content\/uploads\/2020\/10\/REPORTECHIVILCOY-460x460.jpg\" alt=\"\" class=\"wp-image-68757\" srcset=\"https:\/\/infoecos.com.ar\/wp-content\/uploads\/2020\/10\/REPORTECHIVILCOY-460x460.jpg 460w, https:\/\/infoecos.com.ar\/wp-content\/uploads\/2020\/10\/REPORTECHIVILCOY-150x150.jpg 150w, https:\/\/infoecos.com.ar\/wp-content\/uploads\/2020\/10\/REPORTECHIVILCOY.jpg 640w\" sizes=\"(max-width: 460px) 100vw, 460px\" \/><\/figure><\/div>\n\n\n\n<p>El anuncio fue llevado a cabo por el intendente Guillermo Britos, acompa\u00f1ado por el secretario de Salud, Dr. Jos\u00e9 Caprara, la Jefa de Gabinete, Marcela Sabella y la directora Asociada del Hospital, Dra. Marcela Conde.<\/p>\n\n\n\n<p>Los casos positivos confirmados en el sistema p\u00fablico de salud corresponden a: Una se\u00f1ora de 43 contacto estrecho, una se\u00f1ora de 55 a\u00f1os que recibe mercader\u00eda de proveedores del AMBA, una se\u00f1ora de 22 a\u00f1os y su padre de 72 contactos estrechos, una se\u00f1ora de 55 a\u00f1os ama a de casa con nexo en investigaci\u00f3n, una se\u00f1ora de 61 a\u00f1os contacto estrecho, una se\u00f1ora de 44 a\u00f1os contacto, un hombre de 71 a\u00f1os contacto, un hombre de 50 con nexo en investigaci\u00f3n, una persona de 40 a\u00f1os contacto estrecho, un hombre de 64 a\u00f1os que tiene nexo laboral, un var\u00f3n de 37 a\u00f1os con nexo en investigaci\u00f3n, una mujer de 47 a\u00f1os contacto estrecho, una mujer de 65 a\u00f1os con nexo en investigaci\u00f3n, una joven de 26 a\u00f1os empleada de hogar de adultos, un var\u00f3n de 38 que viaj\u00f3 al AMBA, un hombre de 36 a\u00f1os contacto estrecho, un var\u00f3n de 40 a\u00f1os con nexo laboral, una mujer de 32 a\u00f1os contacto estrecho, una mujer de 62 a\u00f1os y otra de 71 con nexo en investigaci\u00f3n y una empleada de salud del hospital de Moquehua contacto estrecho de otro positivo\u201d<\/p>\n","protected":false},"excerpt":{"rendered":"<p>El anuncio fue llevado a cabo por el intendente Guillermo Britos, acompa\u00f1ado por el secretario de Salud, Dr. Jos\u00e9 Caprara, la Jefa de Gabinete, Marcela Sabella y la directora Asociada del Hospital, Dra. Marcela Conde<\/p>\n","protected":false},"author":2,"featured_media":68760,"comment_status":"closed","ping_status":"open","sticky":false,"template":"","format":"standard","meta":{"footnotes":""},"categories":[1341],"tags":[2027],"class_list":["post-68756","post","type-post","status-publish","format-standard","has-post-thumbnail","hentry","category-c1nota7","tag-los-numeros-de-contagiados-siguen-siendo-altos"],"yoast_head":"<!-- This site is optimized with the Yoast SEO plugin v23.4 - https:\/\/yoast.com\/wordpress\/plugins\/seo\/ -->\n<title>Coronavirus en Chivilcoy: 22 resultados positivos este mi\u00e9rcoles - Infoecos<\/title>\n<meta name=\"robots\" content=\"index, follow, max-snippet:-1, max-image-preview:large, max-video-preview:-1\" \/>\n<link rel=\"canonical\" href=\"https:\/\/infoecos.com.ar\/index.php\/68756\/\" \/>\n<meta property=\"og:locale\" content=\"es_ES\" \/>\n<meta property=\"og:type\" content=\"article\" \/>\n<meta property=\"og:title\" content=\"Coronavirus en Chivilcoy: 22 resultados positivos este mi\u00e9rcoles - Infoecos\" \/>\n<meta property=\"og:description\" content=\"El anuncio fue llevado a cabo por el intendente Guillermo Britos, acompa\u00f1ado por el secretario de Salud, Dr. Jos\u00e9 Caprara, la Jefa de Gabinete, Marcela Sabella y la directora Asociada del Hospital, Dra. Marcela Conde\" \/>\n<meta property=\"og:url\" content=\"https:\/\/infoecos.com.ar\/index.php\/68756\/\" \/>\n<meta property=\"og:site_name\" content=\"Infoecos\" \/>\n<meta property=\"article:publisher\" content=\"https:\/\/www.facebook.com\/profile.php?id=100063200290284\" \/>\n<meta property=\"article:published_time\" content=\"2020-10-01T06:07:29+00:00\" \/>\n<meta property=\"article:modified_time\" content=\"2020-10-01T06:10:20+00:00\" \/>\n<meta property=\"og:image\" content=\"https:\/\/infoecos.com.ar\/wp-content\/uploads\/2020\/10\/conferencia-covid-britos-chivilcoy-768x512-1.jpg\" \/>\n\t<meta property=\"og:image:width\" content=\"768\" \/>\n\t<meta property=\"og:image:height\" content=\"512\" \/>\n\t<meta property=\"og:image:type\" content=\"image\/jpeg\" \/>\n<meta name=\"author\" content=\"Jorge Matheus\" \/>\n<meta name=\"twitter:card\" content=\"summary_large_image\" \/>\n<meta name=\"twitter:creator\" content=\"@infoecos\" \/>\n<meta name=\"twitter:site\" content=\"@infoecos\" \/>\n<meta name=\"twitter:label1\" content=\"Escrito por\" \/>\n\t<meta name=\"twitter:data1\" content=\"Jorge Matheus\" \/>\n\t<meta name=\"twitter:label2\" content=\"Tiempo de lectura\" \/>\n\t<meta name=\"twitter:data2\" content=\"1 minuto\" \/>\n<script type=\"application\/ld+json\" class=\"yoast-schema-graph\">{\"@context\":\"https:\/\/schema.org\",\"@graph\":[{\"@type\":\"Article\",\"@id\":\"https:\/\/infoecos.com.ar\/index.php\/68756\/#article\",\"isPartOf\":{\"@id\":\"https:\/\/infoecos.com.ar\/index.php\/68756\/\"},\"author\":{\"name\":\"Jorge Matheus\",\"@id\":\"https:\/\/infoecos.com.ar\/#\/schema\/person\/8f5ace5ce73b4b4aac4b7245aee6f191\"},\"headline\":\"Coronavirus en Chivilcoy: 22 resultados positivos este mi\u00e9rcoles\",\"datePublished\":\"2020-10-01T06:07:29+00:00\",\"dateModified\":\"2020-10-01T06:10:20+00:00\",\"mainEntityOfPage\":{\"@id\":\"https:\/\/infoecos.com.ar\/index.php\/68756\/\"},\"wordCount\":279,\"publisher\":{\"@id\":\"https:\/\/infoecos.com.ar\/#organization\"},\"image\":{\"@id\":\"https:\/\/infoecos.com.ar\/index.php\/68756\/#primaryimage\"},\"thumbnailUrl\":\"https:\/\/infoecos.com.ar\/wp-content\/uploads\/2020\/10\/conferencia-covid-britos-chivilcoy-768x512-1.jpg\",\"keywords\":[\"los n\u00fameros de contagiados siguen siendo altos\"],\"articleSection\":[\"C1 nota 7\"],\"inLanguage\":\"es\"},{\"@type\":\"WebPage\",\"@id\":\"https:\/\/infoecos.com.ar\/index.php\/68756\/\",\"url\":\"https:\/\/infoecos.com.ar\/index.php\/68756\/\",\"name\":\"Coronavirus en Chivilcoy: 22 resultados positivos este mi\u00e9rcoles - Infoecos\",\"isPartOf\":{\"@id\":\"https:\/\/infoecos.com.ar\/#website\"},\"primaryImageOfPage\":{\"@id\":\"https:\/\/infoecos.com.ar\/index.php\/68756\/#primaryimage\"},\"image\":{\"@id\":\"https:\/\/infoecos.com.ar\/index.php\/68756\/#primaryimage\"},\"thumbnailUrl\":\"https:\/\/infoecos.com.ar\/wp-content\/uploads\/2020\/10\/conferencia-covid-britos-chivilcoy-768x512-1.jpg\",\"datePublished\":\"2020-10-01T06:07:29+00:00\",\"dateModified\":\"2020-10-01T06:10:20+00:00\",\"breadcrumb\":{\"@id\":\"https:\/\/infoecos.com.ar\/index.php\/68756\/#breadcrumb\"},\"inLanguage\":\"es\",\"potentialAction\":[{\"@type\":\"ReadAction\",\"target\":[\"https:\/\/infoecos.com.ar\/index.php\/68756\/\"]}]},{\"@type\":\"ImageObject\",\"inLanguage\":\"es\",\"@id\":\"https:\/\/infoecos.com.ar\/index.php\/68756\/#primaryimage\",\"url\":\"https:\/\/infoecos.com.ar\/wp-content\/uploads\/2020\/10\/conferencia-covid-britos-chivilcoy-768x512-1.jpg\",\"contentUrl\":\"https:\/\/infoecos.com.ar\/wp-content\/uploads\/2020\/10\/conferencia-covid-britos-chivilcoy-768x512-1.jpg\",\"width\":768,\"height\":512},{\"@type\":\"BreadcrumbList\",\"@id\":\"https:\/\/infoecos.com.ar\/index.php\/68756\/#breadcrumb\",\"itemListElement\":[{\"@type\":\"ListItem\",\"position\":1,\"name\":\"Portada\",\"item\":\"https:\/\/infoecos.com.ar\/\"},{\"@type\":\"ListItem\",\"position\":2,\"name\":\"Coronavirus en Chivilcoy: 22 resultados positivos este mi\u00e9rcoles\"}]},{\"@type\":\"WebSite\",\"@id\":\"https:\/\/infoecos.com.ar\/#website\",\"url\":\"https:\/\/infoecos.com.ar\/\",\"name\":\"Infoecos\",\"description\":\"Noticias de trenque lauquen y la zona\",\"publisher\":{\"@id\":\"https:\/\/infoecos.com.ar\/#organization\"},\"alternateName\":\"Noticias\",\"potentialAction\":[{\"@type\":\"SearchAction\",\"target\":{\"@type\":\"EntryPoint\",\"urlTemplate\":\"https:\/\/infoecos.com.ar\/?s={search_term_string}\"},\"query-input\":{\"@type\":\"PropertyValueSpecification\",\"valueRequired\":true,\"valueName\":\"search_term_string\"}}],\"inLanguage\":\"es\"},{\"@type\":\"Organization\",\"@id\":\"https:\/\/infoecos.com.ar\/#organization\",\"name\":\"Infoecos\",\"alternateName\":\"Noticias\",\"url\":\"https:\/\/infoecos.com.ar\/\",\"logo\":{\"@type\":\"ImageObject\",\"inLanguage\":\"es\",\"@id\":\"https:\/\/infoecos.com.ar\/#\/schema\/logo\/image\/\",\"url\":\"https:\/\/infoecos.com.ar\/wp-content\/uploads\/2024\/03\/cropped-logo.png\",\"contentUrl\":\"https:\/\/infoecos.com.ar\/wp-content\/uploads\/2024\/03\/cropped-logo.png\",\"width\":374,\"height\":90,\"caption\":\"Infoecos\"},\"image\":{\"@id\":\"https:\/\/infoecos.com.ar\/#\/schema\/logo\/image\/\"},\"sameAs\":[\"https:\/\/www.facebook.com\/profile.php?id=100063200290284\",\"https:\/\/x.com\/infoecos\"]},{\"@type\":\"Person\",\"@id\":\"https:\/\/infoecos.com.ar\/#\/schema\/person\/8f5ace5ce73b4b4aac4b7245aee6f191\",\"name\":\"Jorge Matheus\",\"url\":\"https:\/\/infoecos.com.ar\/index.php\/author\/jomatheus\/\"}]}<\/script>\n<!-- \/ Yoast SEO plugin. -->","yoast_head_json":{"title":"Coronavirus en Chivilcoy: 22 resultados positivos este mi\u00e9rcoles - Infoecos","robots":{"index":"index","follow":"follow","max-snippet":"max-snippet:-1","max-image-preview":"max-image-preview:large","max-video-preview":"max-video-preview:-1"},"canonical":"https:\/\/infoecos.com.ar\/index.php\/68756\/","og_locale":"es_ES","og_type":"article","og_title":"Coronavirus en Chivilcoy: 22 resultados positivos este mi\u00e9rcoles - Infoecos","og_description":"El anuncio fue llevado a cabo por el intendente Guillermo Britos, acompa\u00f1ado por el secretario de Salud, Dr. Jos\u00e9 Caprara, la Jefa de Gabinete, Marcela Sabella y la directora Asociada del Hospital, Dra. Marcela Conde","og_url":"https:\/\/infoecos.com.ar\/index.php\/68756\/","og_site_name":"Infoecos","article_publisher":"https:\/\/www.facebook.com\/profile.php?id=100063200290284","article_published_time":"2020-10-01T06:07:29+00:00","article_modified_time":"2020-10-01T06:10:20+00:00","og_image":[{"width":768,"height":512,"url":"https:\/\/infoecos.com.ar\/wp-content\/uploads\/2020\/10\/conferencia-covid-britos-chivilcoy-768x512-1.jpg","type":"image\/jpeg"}],"author":"Jorge Matheus","twitter_card":"summary_large_image","twitter_creator":"@infoecos","twitter_site":"@infoecos","twitter_misc":{"Escrito por":"Jorge Matheus","Tiempo de lectura":"1 minuto"},"schema":{"@context":"https:\/\/schema.org","@graph":[{"@type":"Article","@id":"https:\/\/infoecos.com.ar\/index.php\/68756\/#article","isPartOf":{"@id":"https:\/\/infoecos.com.ar\/index.php\/68756\/"},"author":{"name":"Jorge Matheus","@id":"https:\/\/infoecos.com.ar\/#\/schema\/person\/8f5ace5ce73b4b4aac4b7245aee6f191"},"headline":"Coronavirus en Chivilcoy: 22 resultados positivos este mi\u00e9rcoles","datePublished":"2020-10-01T06:07:29+00:00","dateModified":"2020-10-01T06:10:20+00:00","mainEntityOfPage":{"@id":"https:\/\/infoecos.com.ar\/index.php\/68756\/"},"wordCount":279,"publisher":{"@id":"https:\/\/infoecos.com.ar\/#organization"},"image":{"@id":"https:\/\/infoecos.com.ar\/index.php\/68756\/#primaryimage"},"thumbnailUrl":"https:\/\/infoecos.com.ar\/wp-content\/uploads\/2020\/10\/conferencia-covid-britos-chivilcoy-768x512-1.jpg","keywords":["los n\u00fameros de contagiados siguen siendo altos"],"articleSection":["C1 nota 7"],"inLanguage":"es"},{"@type":"WebPage","@id":"https:\/\/infoecos.com.ar\/index.php\/68756\/","url":"https:\/\/infoecos.com.ar\/index.php\/68756\/","name":"Coronavirus en Chivilcoy: 22 resultados positivos este mi\u00e9rcoles - Infoecos","isPartOf":{"@id":"https:\/\/infoecos.com.ar\/#website"},"primaryImageOfPage":{"@id":"https:\/\/infoecos.com.ar\/index.php\/68756\/#primaryimage"},"image":{"@id":"https:\/\/infoecos.com.ar\/index.php\/68756\/#primaryimage"},"thumbnailUrl":"https:\/\/infoecos.com.ar\/wp-content\/uploads\/2020\/10\/conferencia-covid-britos-chivilcoy-768x512-1.jpg","datePublished":"2020-10-01T06:07:29+00:00","dateModified":"2020-10-01T06:10:20+00:00","breadcrumb":{"@id":"https:\/\/infoecos.com.ar\/index.php\/68756\/#breadcrumb"},"inLanguage":"es","potentialAction":[{"@type":"ReadAction","target":["https:\/\/infoecos.com.ar\/index.php\/68756\/"]}]},{"@type":"ImageObject","inLanguage":"es","@id":"https:\/\/infoecos.com.ar\/index.php\/68756\/#primaryimage","url":"https:\/\/infoecos.com.ar\/wp-content\/uploads\/2020\/10\/conferencia-covid-britos-chivilcoy-768x512-1.jpg","contentUrl":"https:\/\/infoecos.com.ar\/wp-content\/uploads\/2020\/10\/conferencia-covid-britos-chivilcoy-768x512-1.jpg","width":768,"height":512},{"@type":"BreadcrumbList","@id":"https:\/\/infoecos.com.ar\/index.php\/68756\/#breadcrumb","itemListElement":[{"@type":"ListItem","position":1,"name":"Portada","item":"https:\/\/infoecos.com.ar\/"},{"@type":"ListItem","position":2,"name":"Coronavirus en Chivilcoy: 22 resultados positivos este mi\u00e9rcoles"}]},{"@type":"WebSite","@id":"https:\/\/infoecos.com.ar\/#website","url":"https:\/\/infoecos.com.ar\/","name":"Infoecos","description":"Noticias de trenque lauquen y la zona","publisher":{"@id":"https:\/\/infoecos.com.ar\/#organization"},"alternateName":"Noticias","potentialAction":[{"@type":"SearchAction","target":{"@type":"EntryPoint","urlTemplate":"https:\/\/infoecos.com.ar\/?s={search_term_string}"},"query-input":{"@type":"PropertyValueSpecification","valueRequired":true,"valueName":"search_term_string"}}],"inLanguage":"es"},{"@type":"Organization","@id":"https:\/\/infoecos.com.ar\/#organization","name":"Infoecos","alternateName":"Noticias","url":"https:\/\/infoecos.com.ar\/","logo":{"@type":"ImageObject","inLanguage":"es","@id":"https:\/\/infoecos.com.ar\/#\/schema\/logo\/image\/","url":"https:\/\/infoecos.com.ar\/wp-content\/uploads\/2024\/03\/cropped-logo.png","contentUrl":"https:\/\/infoecos.com.ar\/wp-content\/uploads\/2024\/03\/cropped-logo.png","width":374,"height":90,"caption":"Infoecos"},"image":{"@id":"https:\/\/infoecos.com.ar\/#\/schema\/logo\/image\/"},"sameAs":["https:\/\/www.facebook.com\/profile.php?id=100063200290284","https:\/\/x.com\/infoecos"]},{"@type":"Person","@id":"https:\/\/infoecos.com.ar\/#\/schema\/person\/8f5ace5ce73b4b4aac4b7245aee6f191","name":"Jorge Matheus","url":"https:\/\/infoecos.com.ar\/index.php\/author\/jomatheus\/"}]}},"featured_image_urls":{"full":["https:\/\/infoecos.com.ar\/wp-content\/uploads\/2020\/10\/conferencia-covid-britos-chivilcoy-768x512-1.jpg",768,512,false],"thumbnail":["https:\/\/infoecos.com.ar\/wp-content\/uploads\/2020\/10\/conferencia-covid-britos-chivilcoy-768x512-1-150x150.jpg",150,150,true],"medium":["https:\/\/infoecos.com.ar\/wp-content\/uploads\/2020\/10\/conferencia-covid-britos-chivilcoy-768x512-1-460x307.jpg",460,307,true],"medium_large":["https:\/\/infoecos.com.ar\/wp-content\/uploads\/2020\/10\/conferencia-covid-britos-chivilcoy-768x512-1.jpg",640,427,false],"large":["https:\/\/infoecos.com.ar\/wp-content\/uploads\/2020\/10\/conferencia-covid-britos-chivilcoy-768x512-1.jpg",640,427,false],"1536x1536":["https:\/\/infoecos.com.ar\/wp-content\/uploads\/2020\/10\/conferencia-covid-britos-chivilcoy-768x512-1.jpg",768,512,false],"2048x2048":["https:\/\/infoecos.com.ar\/wp-content\/uploads\/2020\/10\/conferencia-covid-britos-chivilcoy-768x512-1.jpg",768,512,false],"covernews-slider-full":["https:\/\/infoecos.com.ar\/wp-content\/uploads\/2020\/10\/conferencia-covid-britos-chivilcoy-768x512-1.jpg",768,512,false],"covernews-slider-center":["https:\/\/infoecos.com.ar\/wp-content\/uploads\/2020\/10\/conferencia-covid-britos-chivilcoy-768x512-1.jpg",750,500,false],"covernews-featured":["https:\/\/infoecos.com.ar\/wp-content\/uploads\/2020\/10\/conferencia-covid-britos-chivilcoy-768x512-1.jpg",768,512,false],"covernews-medium":["https:\/\/infoecos.com.ar\/wp-content\/uploads\/2020\/10\/conferencia-covid-britos-chivilcoy-768x512-1-720x380.jpg",540,285,true],"covernews-medium-square":["https:\/\/infoecos.com.ar\/wp-content\/uploads\/2020\/10\/conferencia-covid-britos-chivilcoy-768x512-1-675x450.jpg",375,250,true]},"author_info":{"info":["Jorge Matheus"]},"category_info":"<a href=\"https:\/\/infoecos.com.ar\/index.php\/category\/c1nota7\/\" rel=\"category tag\">C1 nota 7<\/a>","tag_info":"C1 nota 7","comment_count":"0","_links":{"self":[{"href":"https:\/\/infoecos.com.ar\/index.php\/wp-json\/wp\/v2\/posts\/68756"}],"collection":[{"href":"https:\/\/infoecos.com.ar\/index.php\/wp-json\/wp\/v2\/posts"}],"about":[{"href":"https:\/\/infoecos.com.ar\/index.php\/wp-json\/wp\/v2\/types\/post"}],"author":[{"embeddable":true,"href":"https:\/\/infoecos.com.ar\/index.php\/wp-json\/wp\/v2\/users\/2"}],"replies":[{"embeddable":true,"href":"https:\/\/infoecos.com.ar\/index.php\/wp-json\/wp\/v2\/comments?post=68756"}],"version-history":[{"count":2,"href":"https:\/\/infoecos.com.ar\/index.php\/wp-json\/wp\/v2\/posts\/68756\/revisions"}],"predecessor-version":[{"id":68759,"href":"https:\/\/infoecos.com.ar\/index.php\/wp-json\/wp\/v2\/posts\/68756\/revisions\/68759"}],"wp:featuredmedia":[{"embeddable":true,"href":"https:\/\/infoecos.com.ar\/index.php\/wp-json\/wp\/v2\/media\/68760"}],"wp:attachment":[{"href":"https:\/\/infoecos.com.ar\/index.php\/wp-json\/wp\/v2\/media?parent=68756"}],"wp:term":[{"taxonomy":"category","embeddable":true,"href":"https:\/\/infoecos.com.ar\/index.php\/wp-json\/wp\/v2\/categories?post=68756"},{"taxonomy":"post_tag","embeddable":true,"href":"https:\/\/infoecos.com.ar\/index.php\/wp-json\/wp\/v2\/tags?post=68756"}],"curies":[{"name":"wp","href":"https:\/\/api.w.org\/{rel}","templated":true}]}}