{"id":68781,"date":"2020-10-01T18:44:18","date_gmt":"2020-10-01T21:44:18","guid":{"rendered":"http:\/\/infoecos.com.ar\/?p=68781"},"modified":"2020-10-03T03:31:31","modified_gmt":"2020-10-03T06:31:31","slug":"adecoagro-dejo-cesantes-a-nueve-trabajadores-en-pehuajo-y-uatre-reclama-su-reincorporacion","status":"publish","type":"post","link":"https:\/\/infoecos.com.ar\/index.php\/adecoagro-dejo-cesantes-a-nueve-trabajadores-en-pehuajo-y-uatre-reclama-su-reincorporacion\/","title":{"rendered":"Adecoagro dej\u00f3 cesantes a nueve trabajadores en Pehuaj\u00f3 y UATRE reclama su reincorporaci\u00f3n"},"content":{"rendered":"\n<p>Los operarios de la empresa AdecoAgro, cuya planta se encuentra en el Parque Industrial de la ciudad de Pehuaj\u00f3, decidieron este jueves, por mayor\u00eda, declararse en estado de Asamblea Permanente luego de que la firma resolviera dejar cesantes a nueve&nbsp;trabajadores.<\/p>\n\n\n\n<div class=\"wp-block-image\"><figure class=\"aligncenter size-medium\"><img loading=\"lazy\" decoding=\"async\" width=\"460\" height=\"230\" src=\"http:\/\/infoecos.com.ar\/wp-content\/uploads\/2020\/10\/Adecoagro-3-460x230.jpg\" alt=\"\" class=\"wp-image-68782\" srcset=\"https:\/\/infoecos.com.ar\/wp-content\/uploads\/2020\/10\/Adecoagro-3-460x230.jpg 460w, https:\/\/infoecos.com.ar\/wp-content\/uploads\/2020\/10\/Adecoagro-3-920x460.jpg 920w, https:\/\/infoecos.com.ar\/wp-content\/uploads\/2020\/10\/Adecoagro-3-768x384.jpg 768w, https:\/\/infoecos.com.ar\/wp-content\/uploads\/2020\/10\/Adecoagro-3.jpg 960w\" sizes=\"(max-width: 460px) 100vw, 460px\" \/><\/figure><\/div>\n\n\n\n<p>Acompa\u00f1ados por el Delegado Regional de UATRE Trenque Lauquen, Flavio Cui\u00f1a, y el asesor legal de la organizaci\u00f3n Dr. Gabriel Mart\u00edn, el personal reclama la reincorporaci\u00f3n inmediata de los despedidos y el pago de los salarios acorde a la actividad que realiza la empresa.<\/p>\n\n\n\n<p>Mientras se dio intervenci\u00f3n a la Delegaci\u00f3n Pehuaj\u00f3 del Ministerio de Trabajo de la Provincia de Buenos Aires, a cargo de la delegada Julieta Sosa, el Delegado Regional de UATRE y los empleados, mantienen abierto el canal de di\u00e1logo con la intenci\u00f3n de arribar a un acuerdo con la firma para la reincorporaci\u00f3n de los trabajadores.<\/p>\n\n\n\n<div class=\"wp-block-image\"><figure class=\"aligncenter size-medium\"><img loading=\"lazy\" decoding=\"async\" width=\"460\" height=\"345\" src=\"http:\/\/infoecos.com.ar\/wp-content\/uploads\/2020\/10\/Adecoagro-1-460x345.jpg\" alt=\"\" class=\"wp-image-68783\" srcset=\"https:\/\/infoecos.com.ar\/wp-content\/uploads\/2020\/10\/Adecoagro-1-460x345.jpg 460w, https:\/\/infoecos.com.ar\/wp-content\/uploads\/2020\/10\/Adecoagro-1-920x690.jpg 920w, https:\/\/infoecos.com.ar\/wp-content\/uploads\/2020\/10\/Adecoagro-1-768x576.jpg 768w, https:\/\/infoecos.com.ar\/wp-content\/uploads\/2020\/10\/Adecoagro-1.jpg 960w\" sizes=\"(max-width: 460px) 100vw, 460px\" \/><\/figure><\/div>\n\n\n\n<p>La Asamblea Permanente se desarrolla afuera de la Planta.<\/p>\n\n\n\n<p>Cabe se\u00f1alar que el Gobierno Nacional prorrog\u00f3, d\u00edas pasados, por otros 60 d\u00edas, hasta fines de noviembre la prohibici\u00f3n de despidos.<\/p>\n","protected":false},"excerpt":{"rendered":"<p>El personal reclama la reincorporaci\u00f3n inmediata de los despedidos y el pago de los salarios acorde a la actividad que realiza la empresa<\/p>\n","protected":false},"author":2,"featured_media":68784,"comment_status":"closed","ping_status":"open","sticky":false,"template":"","format":"standard","meta":{"footnotes":""},"categories":[199],"tags":[2031],"class_list":["post-68781","post","type-post","status-publish","format-standard","has-post-thumbnail","hentry","category-inferior7","tag-conflicto-en-importante-compania"],"yoast_head":"<!-- This site is optimized with the Yoast SEO plugin v23.4 - https:\/\/yoast.com\/wordpress\/plugins\/seo\/ -->\n<title>Adecoagro dej\u00f3 cesantes a nueve trabajadores en Pehuaj\u00f3 y UATRE reclama su reincorporaci\u00f3n - Infoecos<\/title>\n<meta name=\"robots\" content=\"index, follow, max-snippet:-1, max-image-preview:large, max-video-preview:-1\" \/>\n<link rel=\"canonical\" href=\"https:\/\/infoecos.com.ar\/index.php\/adecoagro-dejo-cesantes-a-nueve-trabajadores-en-pehuajo-y-uatre-reclama-su-reincorporacion\/\" \/>\n<meta property=\"og:locale\" content=\"es_ES\" \/>\n<meta property=\"og:type\" content=\"article\" \/>\n<meta property=\"og:title\" content=\"Adecoagro dej\u00f3 cesantes a nueve trabajadores en Pehuaj\u00f3 y UATRE reclama su reincorporaci\u00f3n - Infoecos\" \/>\n<meta property=\"og:description\" content=\"El personal reclama la reincorporaci\u00f3n inmediata de los despedidos y el pago de los salarios acorde a la actividad que realiza la empresa\" \/>\n<meta property=\"og:url\" content=\"https:\/\/infoecos.com.ar\/index.php\/adecoagro-dejo-cesantes-a-nueve-trabajadores-en-pehuajo-y-uatre-reclama-su-reincorporacion\/\" \/>\n<meta property=\"og:site_name\" content=\"Infoecos\" \/>\n<meta property=\"article:publisher\" content=\"https:\/\/www.facebook.com\/profile.php?id=100063200290284\" \/>\n<meta property=\"article:published_time\" content=\"2020-10-01T21:44:18+00:00\" \/>\n<meta property=\"article:modified_time\" content=\"2020-10-03T06:31:31+00:00\" \/>\n<meta property=\"og:image\" content=\"https:\/\/infoecos.com.ar\/wp-content\/uploads\/2020\/10\/Adecoagro-2.jpg\" \/>\n\t<meta property=\"og:image:width\" content=\"960\" \/>\n\t<meta property=\"og:image:height\" content=\"480\" \/>\n\t<meta property=\"og:image:type\" content=\"image\/jpeg\" \/>\n<meta name=\"author\" content=\"Jorge Matheus\" \/>\n<meta name=\"twitter:card\" content=\"summary_large_image\" \/>\n<meta name=\"twitter:creator\" content=\"@infoecos\" \/>\n<meta name=\"twitter:site\" content=\"@infoecos\" \/>\n<meta name=\"twitter:label1\" content=\"Escrito por\" \/>\n\t<meta name=\"twitter:data1\" content=\"Jorge Matheus\" \/>\n\t<meta name=\"twitter:label2\" content=\"Tiempo de lectura\" \/>\n\t<meta name=\"twitter:data2\" content=\"1 minuto\" \/>\n<script type=\"application\/ld+json\" class=\"yoast-schema-graph\">{\"@context\":\"https:\/\/schema.org\",\"@graph\":[{\"@type\":\"Article\",\"@id\":\"https:\/\/infoecos.com.ar\/index.php\/adecoagro-dejo-cesantes-a-nueve-trabajadores-en-pehuajo-y-uatre-reclama-su-reincorporacion\/#article\",\"isPartOf\":{\"@id\":\"https:\/\/infoecos.com.ar\/index.php\/adecoagro-dejo-cesantes-a-nueve-trabajadores-en-pehuajo-y-uatre-reclama-su-reincorporacion\/\"},\"author\":{\"name\":\"Jorge Matheus\",\"@id\":\"https:\/\/infoecos.com.ar\/#\/schema\/person\/8f5ace5ce73b4b4aac4b7245aee6f191\"},\"headline\":\"Adecoagro dej\u00f3 cesantes a nueve trabajadores en Pehuaj\u00f3 y UATRE reclama su reincorporaci\u00f3n\",\"datePublished\":\"2020-10-01T21:44:18+00:00\",\"dateModified\":\"2020-10-03T06:31:31+00:00\",\"mainEntityOfPage\":{\"@id\":\"https:\/\/infoecos.com.ar\/index.php\/adecoagro-dejo-cesantes-a-nueve-trabajadores-en-pehuajo-y-uatre-reclama-su-reincorporacion\/\"},\"wordCount\":200,\"publisher\":{\"@id\":\"https:\/\/infoecos.com.ar\/#organization\"},\"image\":{\"@id\":\"https:\/\/infoecos.com.ar\/index.php\/adecoagro-dejo-cesantes-a-nueve-trabajadores-en-pehuajo-y-uatre-reclama-su-reincorporacion\/#primaryimage\"},\"thumbnailUrl\":\"https:\/\/infoecos.com.ar\/wp-content\/uploads\/2020\/10\/Adecoagro-2.jpg\",\"keywords\":[\"conflicto en importante compa\u00f1\u00eda\"],\"articleSection\":[\"Bloque inferior - 7\"],\"inLanguage\":\"es\"},{\"@type\":\"WebPage\",\"@id\":\"https:\/\/infoecos.com.ar\/index.php\/adecoagro-dejo-cesantes-a-nueve-trabajadores-en-pehuajo-y-uatre-reclama-su-reincorporacion\/\",\"url\":\"https:\/\/infoecos.com.ar\/index.php\/adecoagro-dejo-cesantes-a-nueve-trabajadores-en-pehuajo-y-uatre-reclama-su-reincorporacion\/\",\"name\":\"Adecoagro dej\u00f3 cesantes a nueve trabajadores en Pehuaj\u00f3 y UATRE reclama su reincorporaci\u00f3n - Infoecos\",\"isPartOf\":{\"@id\":\"https:\/\/infoecos.com.ar\/#website\"},\"primaryImageOfPage\":{\"@id\":\"https:\/\/infoecos.com.ar\/index.php\/adecoagro-dejo-cesantes-a-nueve-trabajadores-en-pehuajo-y-uatre-reclama-su-reincorporacion\/#primaryimage\"},\"image\":{\"@id\":\"https:\/\/infoecos.com.ar\/index.php\/adecoagro-dejo-cesantes-a-nueve-trabajadores-en-pehuajo-y-uatre-reclama-su-reincorporacion\/#primaryimage\"},\"thumbnailUrl\":\"https:\/\/infoecos.com.ar\/wp-content\/uploads\/2020\/10\/Adecoagro-2.jpg\",\"datePublished\":\"2020-10-01T21:44:18+00:00\",\"dateModified\":\"2020-10-03T06:31:31+00:00\",\"breadcrumb\":{\"@id\":\"https:\/\/infoecos.com.ar\/index.php\/adecoagro-dejo-cesantes-a-nueve-trabajadores-en-pehuajo-y-uatre-reclama-su-reincorporacion\/#breadcrumb\"},\"inLanguage\":\"es\",\"potentialAction\":[{\"@type\":\"ReadAction\",\"target\":[\"https:\/\/infoecos.com.ar\/index.php\/adecoagro-dejo-cesantes-a-nueve-trabajadores-en-pehuajo-y-uatre-reclama-su-reincorporacion\/\"]}]},{\"@type\":\"ImageObject\",\"inLanguage\":\"es\",\"@id\":\"https:\/\/infoecos.com.ar\/index.php\/adecoagro-dejo-cesantes-a-nueve-trabajadores-en-pehuajo-y-uatre-reclama-su-reincorporacion\/#primaryimage\",\"url\":\"https:\/\/infoecos.com.ar\/wp-content\/uploads\/2020\/10\/Adecoagro-2.jpg\",\"contentUrl\":\"https:\/\/infoecos.com.ar\/wp-content\/uploads\/2020\/10\/Adecoagro-2.jpg\",\"width\":960,\"height\":480},{\"@type\":\"BreadcrumbList\",\"@id\":\"https:\/\/infoecos.com.ar\/index.php\/adecoagro-dejo-cesantes-a-nueve-trabajadores-en-pehuajo-y-uatre-reclama-su-reincorporacion\/#breadcrumb\",\"itemListElement\":[{\"@type\":\"ListItem\",\"position\":1,\"name\":\"Portada\",\"item\":\"https:\/\/infoecos.com.ar\/\"},{\"@type\":\"ListItem\",\"position\":2,\"name\":\"Adecoagro dej\u00f3 cesantes a nueve trabajadores en Pehuaj\u00f3 y UATRE reclama su reincorporaci\u00f3n\"}]},{\"@type\":\"WebSite\",\"@id\":\"https:\/\/infoecos.com.ar\/#website\",\"url\":\"https:\/\/infoecos.com.ar\/\",\"name\":\"Infoecos\",\"description\":\"Noticias de trenque lauquen y la zona\",\"publisher\":{\"@id\":\"https:\/\/infoecos.com.ar\/#organization\"},\"alternateName\":\"Noticias\",\"potentialAction\":[{\"@type\":\"SearchAction\",\"target\":{\"@type\":\"EntryPoint\",\"urlTemplate\":\"https:\/\/infoecos.com.ar\/?s={search_term_string}\"},\"query-input\":{\"@type\":\"PropertyValueSpecification\",\"valueRequired\":true,\"valueName\":\"search_term_string\"}}],\"inLanguage\":\"es\"},{\"@type\":\"Organization\",\"@id\":\"https:\/\/infoecos.com.ar\/#organization\",\"name\":\"Infoecos\",\"alternateName\":\"Noticias\",\"url\":\"https:\/\/infoecos.com.ar\/\",\"logo\":{\"@type\":\"ImageObject\",\"inLanguage\":\"es\",\"@id\":\"https:\/\/infoecos.com.ar\/#\/schema\/logo\/image\/\",\"url\":\"https:\/\/infoecos.com.ar\/wp-content\/uploads\/2024\/03\/cropped-logo.png\",\"contentUrl\":\"https:\/\/infoecos.com.ar\/wp-content\/uploads\/2024\/03\/cropped-logo.png\",\"width\":374,\"height\":90,\"caption\":\"Infoecos\"},\"image\":{\"@id\":\"https:\/\/infoecos.com.ar\/#\/schema\/logo\/image\/\"},\"sameAs\":[\"https:\/\/www.facebook.com\/profile.php?id=100063200290284\",\"https:\/\/x.com\/infoecos\"]},{\"@type\":\"Person\",\"@id\":\"https:\/\/infoecos.com.ar\/#\/schema\/person\/8f5ace5ce73b4b4aac4b7245aee6f191\",\"name\":\"Jorge Matheus\",\"url\":\"https:\/\/infoecos.com.ar\/index.php\/author\/jomatheus\/\"}]}<\/script>\n<!-- \/ Yoast SEO plugin. -->","yoast_head_json":{"title":"Adecoagro dej\u00f3 cesantes a nueve trabajadores en Pehuaj\u00f3 y UATRE reclama su reincorporaci\u00f3n - Infoecos","robots":{"index":"index","follow":"follow","max-snippet":"max-snippet:-1","max-image-preview":"max-image-preview:large","max-video-preview":"max-video-preview:-1"},"canonical":"https:\/\/infoecos.com.ar\/index.php\/adecoagro-dejo-cesantes-a-nueve-trabajadores-en-pehuajo-y-uatre-reclama-su-reincorporacion\/","og_locale":"es_ES","og_type":"article","og_title":"Adecoagro dej\u00f3 cesantes a nueve trabajadores en Pehuaj\u00f3 y UATRE reclama su reincorporaci\u00f3n - Infoecos","og_description":"El personal reclama la reincorporaci\u00f3n inmediata de los despedidos y el pago de los salarios acorde a la actividad que realiza la empresa","og_url":"https:\/\/infoecos.com.ar\/index.php\/adecoagro-dejo-cesantes-a-nueve-trabajadores-en-pehuajo-y-uatre-reclama-su-reincorporacion\/","og_site_name":"Infoecos","article_publisher":"https:\/\/www.facebook.com\/profile.php?id=100063200290284","article_published_time":"2020-10-01T21:44:18+00:00","article_modified_time":"2020-10-03T06:31:31+00:00","og_image":[{"width":960,"height":480,"url":"https:\/\/infoecos.com.ar\/wp-content\/uploads\/2020\/10\/Adecoagro-2.jpg","type":"image\/jpeg"}],"author":"Jorge Matheus","twitter_card":"summary_large_image","twitter_creator":"@infoecos","twitter_site":"@infoecos","twitter_misc":{"Escrito por":"Jorge Matheus","Tiempo de lectura":"1 minuto"},"schema":{"@context":"https:\/\/schema.org","@graph":[{"@type":"Article","@id":"https:\/\/infoecos.com.ar\/index.php\/adecoagro-dejo-cesantes-a-nueve-trabajadores-en-pehuajo-y-uatre-reclama-su-reincorporacion\/#article","isPartOf":{"@id":"https:\/\/infoecos.com.ar\/index.php\/adecoagro-dejo-cesantes-a-nueve-trabajadores-en-pehuajo-y-uatre-reclama-su-reincorporacion\/"},"author":{"name":"Jorge Matheus","@id":"https:\/\/infoecos.com.ar\/#\/schema\/person\/8f5ace5ce73b4b4aac4b7245aee6f191"},"headline":"Adecoagro dej\u00f3 cesantes a nueve trabajadores en Pehuaj\u00f3 y UATRE reclama su reincorporaci\u00f3n","datePublished":"2020-10-01T21:44:18+00:00","dateModified":"2020-10-03T06:31:31+00:00","mainEntityOfPage":{"@id":"https:\/\/infoecos.com.ar\/index.php\/adecoagro-dejo-cesantes-a-nueve-trabajadores-en-pehuajo-y-uatre-reclama-su-reincorporacion\/"},"wordCount":200,"publisher":{"@id":"https:\/\/infoecos.com.ar\/#organization"},"image":{"@id":"https:\/\/infoecos.com.ar\/index.php\/adecoagro-dejo-cesantes-a-nueve-trabajadores-en-pehuajo-y-uatre-reclama-su-reincorporacion\/#primaryimage"},"thumbnailUrl":"https:\/\/infoecos.com.ar\/wp-content\/uploads\/2020\/10\/Adecoagro-2.jpg","keywords":["conflicto en importante compa\u00f1\u00eda"],"articleSection":["Bloque inferior - 7"],"inLanguage":"es"},{"@type":"WebPage","@id":"https:\/\/infoecos.com.ar\/index.php\/adecoagro-dejo-cesantes-a-nueve-trabajadores-en-pehuajo-y-uatre-reclama-su-reincorporacion\/","url":"https:\/\/infoecos.com.ar\/index.php\/adecoagro-dejo-cesantes-a-nueve-trabajadores-en-pehuajo-y-uatre-reclama-su-reincorporacion\/","name":"Adecoagro dej\u00f3 cesantes a nueve trabajadores en Pehuaj\u00f3 y UATRE reclama su reincorporaci\u00f3n - Infoecos","isPartOf":{"@id":"https:\/\/infoecos.com.ar\/#website"},"primaryImageOfPage":{"@id":"https:\/\/infoecos.com.ar\/index.php\/adecoagro-dejo-cesantes-a-nueve-trabajadores-en-pehuajo-y-uatre-reclama-su-reincorporacion\/#primaryimage"},"image":{"@id":"https:\/\/infoecos.com.ar\/index.php\/adecoagro-dejo-cesantes-a-nueve-trabajadores-en-pehuajo-y-uatre-reclama-su-reincorporacion\/#primaryimage"},"thumbnailUrl":"https:\/\/infoecos.com.ar\/wp-content\/uploads\/2020\/10\/Adecoagro-2.jpg","datePublished":"2020-10-01T21:44:18+00:00","dateModified":"2020-10-03T06:31:31+00:00","breadcrumb":{"@id":"https:\/\/infoecos.com.ar\/index.php\/adecoagro-dejo-cesantes-a-nueve-trabajadores-en-pehuajo-y-uatre-reclama-su-reincorporacion\/#breadcrumb"},"inLanguage":"es","potentialAction":[{"@type":"ReadAction","target":["https:\/\/infoecos.com.ar\/index.php\/adecoagro-dejo-cesantes-a-nueve-trabajadores-en-pehuajo-y-uatre-reclama-su-reincorporacion\/"]}]},{"@type":"ImageObject","inLanguage":"es","@id":"https:\/\/infoecos.com.ar\/index.php\/adecoagro-dejo-cesantes-a-nueve-trabajadores-en-pehuajo-y-uatre-reclama-su-reincorporacion\/#primaryimage","url":"https:\/\/infoecos.com.ar\/wp-content\/uploads\/2020\/10\/Adecoagro-2.jpg","contentUrl":"https:\/\/infoecos.com.ar\/wp-content\/uploads\/2020\/10\/Adecoagro-2.jpg","width":960,"height":480},{"@type":"BreadcrumbList","@id":"https:\/\/infoecos.com.ar\/index.php\/adecoagro-dejo-cesantes-a-nueve-trabajadores-en-pehuajo-y-uatre-reclama-su-reincorporacion\/#breadcrumb","itemListElement":[{"@type":"ListItem","position":1,"name":"Portada","item":"https:\/\/infoecos.com.ar\/"},{"@type":"ListItem","position":2,"name":"Adecoagro dej\u00f3 cesantes a nueve trabajadores en Pehuaj\u00f3 y UATRE reclama su reincorporaci\u00f3n"}]},{"@type":"WebSite","@id":"https:\/\/infoecos.com.ar\/#website","url":"https:\/\/infoecos.com.ar\/","name":"Infoecos","description":"Noticias de trenque lauquen y la zona","publisher":{"@id":"https:\/\/infoecos.com.ar\/#organization"},"alternateName":"Noticias","potentialAction":[{"@type":"SearchAction","target":{"@type":"EntryPoint","urlTemplate":"https:\/\/infoecos.com.ar\/?s={search_term_string}"},"query-input":{"@type":"PropertyValueSpecification","valueRequired":true,"valueName":"search_term_string"}}],"inLanguage":"es"},{"@type":"Organization","@id":"https:\/\/infoecos.com.ar\/#organization","name":"Infoecos","alternateName":"Noticias","url":"https:\/\/infoecos.com.ar\/","logo":{"@type":"ImageObject","inLanguage":"es","@id":"https:\/\/infoecos.com.ar\/#\/schema\/logo\/image\/","url":"https:\/\/infoecos.com.ar\/wp-content\/uploads\/2024\/03\/cropped-logo.png","contentUrl":"https:\/\/infoecos.com.ar\/wp-content\/uploads\/2024\/03\/cropped-logo.png","width":374,"height":90,"caption":"Infoecos"},"image":{"@id":"https:\/\/infoecos.com.ar\/#\/schema\/logo\/image\/"},"sameAs":["https:\/\/www.facebook.com\/profile.php?id=100063200290284","https:\/\/x.com\/infoecos"]},{"@type":"Person","@id":"https:\/\/infoecos.com.ar\/#\/schema\/person\/8f5ace5ce73b4b4aac4b7245aee6f191","name":"Jorge Matheus","url":"https:\/\/infoecos.com.ar\/index.php\/author\/jomatheus\/"}]}},"featured_image_urls":{"full":["https:\/\/infoecos.com.ar\/wp-content\/uploads\/2020\/10\/Adecoagro-2.jpg",960,480,false],"thumbnail":["https:\/\/infoecos.com.ar\/wp-content\/uploads\/2020\/10\/Adecoagro-2-150x150.jpg",150,150,true],"medium":["https:\/\/infoecos.com.ar\/wp-content\/uploads\/2020\/10\/Adecoagro-2-460x230.jpg",460,230,true],"medium_large":["https:\/\/infoecos.com.ar\/wp-content\/uploads\/2020\/10\/Adecoagro-2-768x384.jpg",640,320,true],"large":["https:\/\/infoecos.com.ar\/wp-content\/uploads\/2020\/10\/Adecoagro-2-920x460.jpg",640,320,true],"1536x1536":["https:\/\/infoecos.com.ar\/wp-content\/uploads\/2020\/10\/Adecoagro-2.jpg",960,480,false],"2048x2048":["https:\/\/infoecos.com.ar\/wp-content\/uploads\/2020\/10\/Adecoagro-2.jpg",960,480,false],"covernews-slider-full":["https:\/\/infoecos.com.ar\/wp-content\/uploads\/2020\/10\/Adecoagro-2.jpg",960,480,false],"covernews-slider-center":["https:\/\/infoecos.com.ar\/wp-content\/uploads\/2020\/10\/Adecoagro-2-936x480.jpg",800,410,true],"covernews-featured":["https:\/\/infoecos.com.ar\/wp-content\/uploads\/2020\/10\/Adecoagro-2.jpg",960,480,false],"covernews-medium":["https:\/\/infoecos.com.ar\/wp-content\/uploads\/2020\/10\/Adecoagro-2-720x380.jpg",540,285,true],"covernews-medium-square":["https:\/\/infoecos.com.ar\/wp-content\/uploads\/2020\/10\/Adecoagro-2-675x450.jpg",375,250,true]},"author_info":{"info":["Jorge Matheus"]},"category_info":"<a href=\"https:\/\/infoecos.com.ar\/index.php\/category\/inferior7\/\" rel=\"category tag\">Bloque inferior - 7<\/a>","tag_info":"Bloque inferior - 7","comment_count":"0","_links":{"self":[{"href":"https:\/\/infoecos.com.ar\/index.php\/wp-json\/wp\/v2\/posts\/68781"}],"collection":[{"href":"https:\/\/infoecos.com.ar\/index.php\/wp-json\/wp\/v2\/posts"}],"about":[{"href":"https:\/\/infoecos.com.ar\/index.php\/wp-json\/wp\/v2\/types\/post"}],"author":[{"embeddable":true,"href":"https:\/\/infoecos.com.ar\/index.php\/wp-json\/wp\/v2\/users\/2"}],"replies":[{"embeddable":true,"href":"https:\/\/infoecos.com.ar\/index.php\/wp-json\/wp\/v2\/comments?post=68781"}],"version-history":[{"count":2,"href":"https:\/\/infoecos.com.ar\/index.php\/wp-json\/wp\/v2\/posts\/68781\/revisions"}],"predecessor-version":[{"id":68915,"href":"https:\/\/infoecos.com.ar\/index.php\/wp-json\/wp\/v2\/posts\/68781\/revisions\/68915"}],"wp:featuredmedia":[{"embeddable":true,"href":"https:\/\/infoecos.com.ar\/index.php\/wp-json\/wp\/v2\/media\/68784"}],"wp:attachment":[{"href":"https:\/\/infoecos.com.ar\/index.php\/wp-json\/wp\/v2\/media?parent=68781"}],"wp:term":[{"taxonomy":"category","embeddable":true,"href":"https:\/\/infoecos.com.ar\/index.php\/wp-json\/wp\/v2\/categories?post=68781"},{"taxonomy":"post_tag","embeddable":true,"href":"https:\/\/infoecos.com.ar\/index.php\/wp-json\/wp\/v2\/tags?post=68781"}],"curies":[{"name":"wp","href":"https:\/\/api.w.org\/{rel}","templated":true}]}}