{"id":68802,"date":"2020-10-02T01:12:17","date_gmt":"2020-10-02T04:12:17","guid":{"rendered":"http:\/\/infoecos.com.ar\/?p=68802"},"modified":"2020-10-02T01:12:21","modified_gmt":"2020-10-02T04:12:21","slug":"no-hay-informacion-oficial-sobre-el-levantamiento-de-controles-en-accesos-a-general-villegas","status":"publish","type":"post","link":"https:\/\/infoecos.com.ar\/index.php\/no-hay-informacion-oficial-sobre-el-levantamiento-de-controles-en-accesos-a-general-villegas\/","title":{"rendered":"No hay informaci\u00f3n oficial sobre el levantamiento de controles en accesos a General Villegas"},"content":{"rendered":"\n<p>Ante la informaci\u00f3n difundida por algunos medios que el municipio de General Villegas habr\u00eda decidido levantar los controles en los accesos, Infoecos se comunic\u00f3 con colegas de ese distrito los que manifestaron no estar en conocimiento de una medida de esa naturaleza. <\/p>\n\n\n\n<p>Por otra parte, el municipio y los medios de comunicaci\u00f3n villeguense dieron a conocer el reporte sanitario de este jueves. En el mismo se da cuenta que hay 18 casos activos, 27 hisopados pendientes de resultado, 12 casos recuperados, 117 personas aisladas. Se agrega que de los 20 casos, 1 corresponde a Bunge, 2 a Ca\u00f1ada Seca y 1 a Villa Sauze.<\/p>\n\n\n\n<p>De acuerdo a lo que se\u00f1ala el sitio distritointerior.com.ar ya hay 20 activos, al conocerse en las \u00faltimas horas de la tarde que se deben agregar 2 m\u00e1s que fueron hisopados y los an\u00e1lisis realizados en laboratorios privados. <\/p>\n\n\n\n<p>El reporte municipal:<\/p>\n\n\n\n<div class=\"wp-block-image\"><figure class=\"aligncenter size-medium\"><img loading=\"lazy\" decoding=\"async\" width=\"460\" height=\"460\" src=\"http:\/\/infoecos.com.ar\/wp-content\/uploads\/2020\/10\/reportegv-460x460.jpg\" alt=\"\" class=\"wp-image-68803\" srcset=\"https:\/\/infoecos.com.ar\/wp-content\/uploads\/2020\/10\/reportegv-460x460.jpg 460w, https:\/\/infoecos.com.ar\/wp-content\/uploads\/2020\/10\/reportegv-920x920.jpg 920w, https:\/\/infoecos.com.ar\/wp-content\/uploads\/2020\/10\/reportegv-150x150.jpg 150w, https:\/\/infoecos.com.ar\/wp-content\/uploads\/2020\/10\/reportegv-768x768.jpg 768w, https:\/\/infoecos.com.ar\/wp-content\/uploads\/2020\/10\/reportegv-1024x1024.jpg 1024w, https:\/\/infoecos.com.ar\/wp-content\/uploads\/2020\/10\/reportegv.jpg 1181w\" sizes=\"(max-width: 460px) 100vw, 460px\" \/><\/figure><\/div>\n\n\n\n<p><\/p>\n","protected":false},"excerpt":{"rendered":"<p>Por otra parte, el municipio y los medios de comunicaci\u00f3n villeguense dieron a conocer el reporte sanitario de este jueves<\/p>\n","protected":false},"author":2,"featured_media":65977,"comment_status":"closed","ping_status":"open","sticky":false,"template":"","format":"standard","meta":{"footnotes":""},"categories":[24],"tags":[2036],"class_list":["post-68802","post","type-post","status-publish","format-standard","has-post-thumbnail","hentry","category-c1nota3","tag-controles-que-si-que-no"],"yoast_head":"<!-- This site is optimized with the Yoast SEO plugin v23.4 - https:\/\/yoast.com\/wordpress\/plugins\/seo\/ -->\n<title>No hay informaci\u00f3n oficial sobre el levantamiento de controles en accesos a General Villegas - Infoecos<\/title>\n<meta name=\"robots\" content=\"index, follow, max-snippet:-1, max-image-preview:large, max-video-preview:-1\" \/>\n<link rel=\"canonical\" href=\"https:\/\/infoecos.com.ar\/index.php\/no-hay-informacion-oficial-sobre-el-levantamiento-de-controles-en-accesos-a-general-villegas\/\" \/>\n<meta property=\"og:locale\" content=\"es_ES\" \/>\n<meta property=\"og:type\" content=\"article\" \/>\n<meta property=\"og:title\" content=\"No hay informaci\u00f3n oficial sobre el levantamiento de controles en accesos a General Villegas - Infoecos\" \/>\n<meta property=\"og:description\" content=\"Por otra parte, el municipio y los medios de comunicaci\u00f3n villeguense dieron a conocer el reporte sanitario de este jueves\" \/>\n<meta property=\"og:url\" content=\"https:\/\/infoecos.com.ar\/index.php\/no-hay-informacion-oficial-sobre-el-levantamiento-de-controles-en-accesos-a-general-villegas\/\" \/>\n<meta property=\"og:site_name\" content=\"Infoecos\" \/>\n<meta property=\"article:publisher\" content=\"https:\/\/www.facebook.com\/profile.php?id=100063200290284\" \/>\n<meta property=\"article:published_time\" content=\"2020-10-02T04:12:17+00:00\" \/>\n<meta property=\"article:modified_time\" content=\"2020-10-02T04:12:21+00:00\" \/>\n<meta property=\"og:image\" content=\"https:\/\/infoecos.com.ar\/wp-content\/uploads\/5f346bf7ba1dd.jpg\" \/>\n\t<meta property=\"og:image:width\" content=\"900\" \/>\n\t<meta property=\"og:image:height\" content=\"507\" \/>\n\t<meta property=\"og:image:type\" content=\"image\/jpeg\" \/>\n<meta name=\"author\" content=\"Jorge Matheus\" \/>\n<meta name=\"twitter:card\" content=\"summary_large_image\" \/>\n<meta name=\"twitter:creator\" content=\"@infoecos\" \/>\n<meta name=\"twitter:site\" content=\"@infoecos\" \/>\n<meta name=\"twitter:label1\" content=\"Escrito por\" \/>\n\t<meta name=\"twitter:data1\" content=\"Jorge Matheus\" \/>\n\t<meta name=\"twitter:label2\" content=\"Tiempo de lectura\" \/>\n\t<meta name=\"twitter:data2\" content=\"1 minuto\" \/>\n<script type=\"application\/ld+json\" class=\"yoast-schema-graph\">{\"@context\":\"https:\/\/schema.org\",\"@graph\":[{\"@type\":\"Article\",\"@id\":\"https:\/\/infoecos.com.ar\/index.php\/no-hay-informacion-oficial-sobre-el-levantamiento-de-controles-en-accesos-a-general-villegas\/#article\",\"isPartOf\":{\"@id\":\"https:\/\/infoecos.com.ar\/index.php\/no-hay-informacion-oficial-sobre-el-levantamiento-de-controles-en-accesos-a-general-villegas\/\"},\"author\":{\"name\":\"Jorge Matheus\",\"@id\":\"https:\/\/infoecos.com.ar\/#\/schema\/person\/8f5ace5ce73b4b4aac4b7245aee6f191\"},\"headline\":\"No hay informaci\u00f3n oficial sobre el levantamiento de controles en accesos a General Villegas\",\"datePublished\":\"2020-10-02T04:12:17+00:00\",\"dateModified\":\"2020-10-02T04:12:21+00:00\",\"mainEntityOfPage\":{\"@id\":\"https:\/\/infoecos.com.ar\/index.php\/no-hay-informacion-oficial-sobre-el-levantamiento-de-controles-en-accesos-a-general-villegas\/\"},\"wordCount\":159,\"publisher\":{\"@id\":\"https:\/\/infoecos.com.ar\/#organization\"},\"image\":{\"@id\":\"https:\/\/infoecos.com.ar\/index.php\/no-hay-informacion-oficial-sobre-el-levantamiento-de-controles-en-accesos-a-general-villegas\/#primaryimage\"},\"thumbnailUrl\":\"https:\/\/infoecos.com.ar\/wp-content\/uploads\/5f346bf7ba1dd.jpg\",\"keywords\":[\"CONTROLES QUE SI - QUE NO\"],\"articleSection\":[\"C1 N3\"],\"inLanguage\":\"es\"},{\"@type\":\"WebPage\",\"@id\":\"https:\/\/infoecos.com.ar\/index.php\/no-hay-informacion-oficial-sobre-el-levantamiento-de-controles-en-accesos-a-general-villegas\/\",\"url\":\"https:\/\/infoecos.com.ar\/index.php\/no-hay-informacion-oficial-sobre-el-levantamiento-de-controles-en-accesos-a-general-villegas\/\",\"name\":\"No hay informaci\u00f3n oficial sobre el levantamiento de controles en accesos a General Villegas - Infoecos\",\"isPartOf\":{\"@id\":\"https:\/\/infoecos.com.ar\/#website\"},\"primaryImageOfPage\":{\"@id\":\"https:\/\/infoecos.com.ar\/index.php\/no-hay-informacion-oficial-sobre-el-levantamiento-de-controles-en-accesos-a-general-villegas\/#primaryimage\"},\"image\":{\"@id\":\"https:\/\/infoecos.com.ar\/index.php\/no-hay-informacion-oficial-sobre-el-levantamiento-de-controles-en-accesos-a-general-villegas\/#primaryimage\"},\"thumbnailUrl\":\"https:\/\/infoecos.com.ar\/wp-content\/uploads\/5f346bf7ba1dd.jpg\",\"datePublished\":\"2020-10-02T04:12:17+00:00\",\"dateModified\":\"2020-10-02T04:12:21+00:00\",\"breadcrumb\":{\"@id\":\"https:\/\/infoecos.com.ar\/index.php\/no-hay-informacion-oficial-sobre-el-levantamiento-de-controles-en-accesos-a-general-villegas\/#breadcrumb\"},\"inLanguage\":\"es\",\"potentialAction\":[{\"@type\":\"ReadAction\",\"target\":[\"https:\/\/infoecos.com.ar\/index.php\/no-hay-informacion-oficial-sobre-el-levantamiento-de-controles-en-accesos-a-general-villegas\/\"]}]},{\"@type\":\"ImageObject\",\"inLanguage\":\"es\",\"@id\":\"https:\/\/infoecos.com.ar\/index.php\/no-hay-informacion-oficial-sobre-el-levantamiento-de-controles-en-accesos-a-general-villegas\/#primaryimage\",\"url\":\"https:\/\/infoecos.com.ar\/wp-content\/uploads\/5f346bf7ba1dd.jpg\",\"contentUrl\":\"https:\/\/infoecos.com.ar\/wp-content\/uploads\/5f346bf7ba1dd.jpg\",\"width\":900,\"height\":507},{\"@type\":\"BreadcrumbList\",\"@id\":\"https:\/\/infoecos.com.ar\/index.php\/no-hay-informacion-oficial-sobre-el-levantamiento-de-controles-en-accesos-a-general-villegas\/#breadcrumb\",\"itemListElement\":[{\"@type\":\"ListItem\",\"position\":1,\"name\":\"Portada\",\"item\":\"https:\/\/infoecos.com.ar\/\"},{\"@type\":\"ListItem\",\"position\":2,\"name\":\"No hay informaci\u00f3n oficial sobre el levantamiento de controles en accesos a General Villegas\"}]},{\"@type\":\"WebSite\",\"@id\":\"https:\/\/infoecos.com.ar\/#website\",\"url\":\"https:\/\/infoecos.com.ar\/\",\"name\":\"Infoecos\",\"description\":\"Noticias de trenque lauquen y la zona\",\"publisher\":{\"@id\":\"https:\/\/infoecos.com.ar\/#organization\"},\"alternateName\":\"Noticias\",\"potentialAction\":[{\"@type\":\"SearchAction\",\"target\":{\"@type\":\"EntryPoint\",\"urlTemplate\":\"https:\/\/infoecos.com.ar\/?s={search_term_string}\"},\"query-input\":{\"@type\":\"PropertyValueSpecification\",\"valueRequired\":true,\"valueName\":\"search_term_string\"}}],\"inLanguage\":\"es\"},{\"@type\":\"Organization\",\"@id\":\"https:\/\/infoecos.com.ar\/#organization\",\"name\":\"Infoecos\",\"alternateName\":\"Noticias\",\"url\":\"https:\/\/infoecos.com.ar\/\",\"logo\":{\"@type\":\"ImageObject\",\"inLanguage\":\"es\",\"@id\":\"https:\/\/infoecos.com.ar\/#\/schema\/logo\/image\/\",\"url\":\"https:\/\/infoecos.com.ar\/wp-content\/uploads\/2024\/03\/cropped-logo.png\",\"contentUrl\":\"https:\/\/infoecos.com.ar\/wp-content\/uploads\/2024\/03\/cropped-logo.png\",\"width\":374,\"height\":90,\"caption\":\"Infoecos\"},\"image\":{\"@id\":\"https:\/\/infoecos.com.ar\/#\/schema\/logo\/image\/\"},\"sameAs\":[\"https:\/\/www.facebook.com\/profile.php?id=100063200290284\",\"https:\/\/x.com\/infoecos\"]},{\"@type\":\"Person\",\"@id\":\"https:\/\/infoecos.com.ar\/#\/schema\/person\/8f5ace5ce73b4b4aac4b7245aee6f191\",\"name\":\"Jorge Matheus\",\"url\":\"https:\/\/infoecos.com.ar\/index.php\/author\/jomatheus\/\"}]}<\/script>\n<!-- \/ Yoast SEO plugin. -->","yoast_head_json":{"title":"No hay informaci\u00f3n oficial sobre el levantamiento de controles en accesos a General Villegas - Infoecos","robots":{"index":"index","follow":"follow","max-snippet":"max-snippet:-1","max-image-preview":"max-image-preview:large","max-video-preview":"max-video-preview:-1"},"canonical":"https:\/\/infoecos.com.ar\/index.php\/no-hay-informacion-oficial-sobre-el-levantamiento-de-controles-en-accesos-a-general-villegas\/","og_locale":"es_ES","og_type":"article","og_title":"No hay informaci\u00f3n oficial sobre el levantamiento de controles en accesos a General Villegas - Infoecos","og_description":"Por otra parte, el municipio y los medios de comunicaci\u00f3n villeguense dieron a conocer el reporte sanitario de este jueves","og_url":"https:\/\/infoecos.com.ar\/index.php\/no-hay-informacion-oficial-sobre-el-levantamiento-de-controles-en-accesos-a-general-villegas\/","og_site_name":"Infoecos","article_publisher":"https:\/\/www.facebook.com\/profile.php?id=100063200290284","article_published_time":"2020-10-02T04:12:17+00:00","article_modified_time":"2020-10-02T04:12:21+00:00","og_image":[{"width":900,"height":507,"url":"https:\/\/infoecos.com.ar\/wp-content\/uploads\/5f346bf7ba1dd.jpg","type":"image\/jpeg"}],"author":"Jorge Matheus","twitter_card":"summary_large_image","twitter_creator":"@infoecos","twitter_site":"@infoecos","twitter_misc":{"Escrito por":"Jorge Matheus","Tiempo de lectura":"1 minuto"},"schema":{"@context":"https:\/\/schema.org","@graph":[{"@type":"Article","@id":"https:\/\/infoecos.com.ar\/index.php\/no-hay-informacion-oficial-sobre-el-levantamiento-de-controles-en-accesos-a-general-villegas\/#article","isPartOf":{"@id":"https:\/\/infoecos.com.ar\/index.php\/no-hay-informacion-oficial-sobre-el-levantamiento-de-controles-en-accesos-a-general-villegas\/"},"author":{"name":"Jorge Matheus","@id":"https:\/\/infoecos.com.ar\/#\/schema\/person\/8f5ace5ce73b4b4aac4b7245aee6f191"},"headline":"No hay informaci\u00f3n oficial sobre el levantamiento de controles en accesos a General Villegas","datePublished":"2020-10-02T04:12:17+00:00","dateModified":"2020-10-02T04:12:21+00:00","mainEntityOfPage":{"@id":"https:\/\/infoecos.com.ar\/index.php\/no-hay-informacion-oficial-sobre-el-levantamiento-de-controles-en-accesos-a-general-villegas\/"},"wordCount":159,"publisher":{"@id":"https:\/\/infoecos.com.ar\/#organization"},"image":{"@id":"https:\/\/infoecos.com.ar\/index.php\/no-hay-informacion-oficial-sobre-el-levantamiento-de-controles-en-accesos-a-general-villegas\/#primaryimage"},"thumbnailUrl":"https:\/\/infoecos.com.ar\/wp-content\/uploads\/5f346bf7ba1dd.jpg","keywords":["CONTROLES QUE SI - QUE NO"],"articleSection":["C1 N3"],"inLanguage":"es"},{"@type":"WebPage","@id":"https:\/\/infoecos.com.ar\/index.php\/no-hay-informacion-oficial-sobre-el-levantamiento-de-controles-en-accesos-a-general-villegas\/","url":"https:\/\/infoecos.com.ar\/index.php\/no-hay-informacion-oficial-sobre-el-levantamiento-de-controles-en-accesos-a-general-villegas\/","name":"No hay informaci\u00f3n oficial sobre el levantamiento de controles en accesos a General Villegas - Infoecos","isPartOf":{"@id":"https:\/\/infoecos.com.ar\/#website"},"primaryImageOfPage":{"@id":"https:\/\/infoecos.com.ar\/index.php\/no-hay-informacion-oficial-sobre-el-levantamiento-de-controles-en-accesos-a-general-villegas\/#primaryimage"},"image":{"@id":"https:\/\/infoecos.com.ar\/index.php\/no-hay-informacion-oficial-sobre-el-levantamiento-de-controles-en-accesos-a-general-villegas\/#primaryimage"},"thumbnailUrl":"https:\/\/infoecos.com.ar\/wp-content\/uploads\/5f346bf7ba1dd.jpg","datePublished":"2020-10-02T04:12:17+00:00","dateModified":"2020-10-02T04:12:21+00:00","breadcrumb":{"@id":"https:\/\/infoecos.com.ar\/index.php\/no-hay-informacion-oficial-sobre-el-levantamiento-de-controles-en-accesos-a-general-villegas\/#breadcrumb"},"inLanguage":"es","potentialAction":[{"@type":"ReadAction","target":["https:\/\/infoecos.com.ar\/index.php\/no-hay-informacion-oficial-sobre-el-levantamiento-de-controles-en-accesos-a-general-villegas\/"]}]},{"@type":"ImageObject","inLanguage":"es","@id":"https:\/\/infoecos.com.ar\/index.php\/no-hay-informacion-oficial-sobre-el-levantamiento-de-controles-en-accesos-a-general-villegas\/#primaryimage","url":"https:\/\/infoecos.com.ar\/wp-content\/uploads\/5f346bf7ba1dd.jpg","contentUrl":"https:\/\/infoecos.com.ar\/wp-content\/uploads\/5f346bf7ba1dd.jpg","width":900,"height":507},{"@type":"BreadcrumbList","@id":"https:\/\/infoecos.com.ar\/index.php\/no-hay-informacion-oficial-sobre-el-levantamiento-de-controles-en-accesos-a-general-villegas\/#breadcrumb","itemListElement":[{"@type":"ListItem","position":1,"name":"Portada","item":"https:\/\/infoecos.com.ar\/"},{"@type":"ListItem","position":2,"name":"No hay informaci\u00f3n oficial sobre el levantamiento de controles en accesos a General Villegas"}]},{"@type":"WebSite","@id":"https:\/\/infoecos.com.ar\/#website","url":"https:\/\/infoecos.com.ar\/","name":"Infoecos","description":"Noticias de trenque lauquen y la zona","publisher":{"@id":"https:\/\/infoecos.com.ar\/#organization"},"alternateName":"Noticias","potentialAction":[{"@type":"SearchAction","target":{"@type":"EntryPoint","urlTemplate":"https:\/\/infoecos.com.ar\/?s={search_term_string}"},"query-input":{"@type":"PropertyValueSpecification","valueRequired":true,"valueName":"search_term_string"}}],"inLanguage":"es"},{"@type":"Organization","@id":"https:\/\/infoecos.com.ar\/#organization","name":"Infoecos","alternateName":"Noticias","url":"https:\/\/infoecos.com.ar\/","logo":{"@type":"ImageObject","inLanguage":"es","@id":"https:\/\/infoecos.com.ar\/#\/schema\/logo\/image\/","url":"https:\/\/infoecos.com.ar\/wp-content\/uploads\/2024\/03\/cropped-logo.png","contentUrl":"https:\/\/infoecos.com.ar\/wp-content\/uploads\/2024\/03\/cropped-logo.png","width":374,"height":90,"caption":"Infoecos"},"image":{"@id":"https:\/\/infoecos.com.ar\/#\/schema\/logo\/image\/"},"sameAs":["https:\/\/www.facebook.com\/profile.php?id=100063200290284","https:\/\/x.com\/infoecos"]},{"@type":"Person","@id":"https:\/\/infoecos.com.ar\/#\/schema\/person\/8f5ace5ce73b4b4aac4b7245aee6f191","name":"Jorge Matheus","url":"https:\/\/infoecos.com.ar\/index.php\/author\/jomatheus\/"}]}},"featured_image_urls":{"full":["https:\/\/infoecos.com.ar\/wp-content\/uploads\/5f346bf7ba1dd.jpg",900,507,false],"thumbnail":["https:\/\/infoecos.com.ar\/wp-content\/uploads\/5f346bf7ba1dd-150x150.jpg",150,150,true],"medium":["https:\/\/infoecos.com.ar\/wp-content\/uploads\/5f346bf7ba1dd-460x259.jpg",460,259,true],"medium_large":["https:\/\/infoecos.com.ar\/wp-content\/uploads\/5f346bf7ba1dd-768x433.jpg",640,361,true],"large":["https:\/\/infoecos.com.ar\/wp-content\/uploads\/5f346bf7ba1dd.jpg",640,361,false],"1536x1536":["https:\/\/infoecos.com.ar\/wp-content\/uploads\/5f346bf7ba1dd.jpg",900,507,false],"2048x2048":["https:\/\/infoecos.com.ar\/wp-content\/uploads\/5f346bf7ba1dd.jpg",900,507,false],"covernews-slider-full":["https:\/\/infoecos.com.ar\/wp-content\/uploads\/5f346bf7ba1dd.jpg",900,507,false],"covernews-slider-center":["https:\/\/infoecos.com.ar\/wp-content\/uploads\/5f346bf7ba1dd.jpg",800,451,false],"covernews-featured":["https:\/\/infoecos.com.ar\/wp-content\/uploads\/5f346bf7ba1dd.jpg",900,507,false],"covernews-medium":["https:\/\/infoecos.com.ar\/wp-content\/uploads\/5f346bf7ba1dd-720x380.jpg",540,285,true],"covernews-medium-square":["https:\/\/infoecos.com.ar\/wp-content\/uploads\/5f346bf7ba1dd-675x450.jpg",375,250,true]},"author_info":{"info":["Jorge Matheus"]},"category_info":"<a href=\"https:\/\/infoecos.com.ar\/index.php\/category\/c1nota3\/\" rel=\"category tag\">C1 N3<\/a>","tag_info":"C1 N3","comment_count":"0","_links":{"self":[{"href":"https:\/\/infoecos.com.ar\/index.php\/wp-json\/wp\/v2\/posts\/68802"}],"collection":[{"href":"https:\/\/infoecos.com.ar\/index.php\/wp-json\/wp\/v2\/posts"}],"about":[{"href":"https:\/\/infoecos.com.ar\/index.php\/wp-json\/wp\/v2\/types\/post"}],"author":[{"embeddable":true,"href":"https:\/\/infoecos.com.ar\/index.php\/wp-json\/wp\/v2\/users\/2"}],"replies":[{"embeddable":true,"href":"https:\/\/infoecos.com.ar\/index.php\/wp-json\/wp\/v2\/comments?post=68802"}],"version-history":[{"count":1,"href":"https:\/\/infoecos.com.ar\/index.php\/wp-json\/wp\/v2\/posts\/68802\/revisions"}],"predecessor-version":[{"id":68804,"href":"https:\/\/infoecos.com.ar\/index.php\/wp-json\/wp\/v2\/posts\/68802\/revisions\/68804"}],"wp:featuredmedia":[{"embeddable":true,"href":"https:\/\/infoecos.com.ar\/index.php\/wp-json\/wp\/v2\/media\/65977"}],"wp:attachment":[{"href":"https:\/\/infoecos.com.ar\/index.php\/wp-json\/wp\/v2\/media?parent=68802"}],"wp:term":[{"taxonomy":"category","embeddable":true,"href":"https:\/\/infoecos.com.ar\/index.php\/wp-json\/wp\/v2\/categories?post=68802"},{"taxonomy":"post_tag","embeddable":true,"href":"https:\/\/infoecos.com.ar\/index.php\/wp-json\/wp\/v2\/tags?post=68802"}],"curies":[{"name":"wp","href":"https:\/\/api.w.org\/{rel}","templated":true}]}}