{"id":68816,"date":"2020-10-02T01:57:55","date_gmt":"2020-10-02T04:57:55","guid":{"rendered":"http:\/\/infoecos.com.ar\/?p=68816"},"modified":"2020-10-03T03:29:10","modified_gmt":"2020-10-03T06:29:10","slug":"el-ministro-arroyo-y-la-pobreza-sin-ayuda-estatal-el-indice-hubiese-sido-mucho-mas-alto","status":"publish","type":"post","link":"https:\/\/infoecos.com.ar\/index.php\/el-ministro-arroyo-y-la-pobreza-sin-ayuda-estatal-el-indice-hubiese-sido-mucho-mas-alto\/","title":{"rendered":"El ministro Arroyo y la pobreza: \u201csin ayuda estatal, el \u00edndice hubiese sido mucho m\u00e1s alto\u201d"},"content":{"rendered":"\n<p>Funcionarios y referentes sociales coincidieron en que \u201cla situaci\u00f3n de la pobreza en Argentina es muy grave\u201d y destacaron que la ayuda del Estado fue determinante para que no sea m\u00e1s alta, luego de conocerse que el \u00edndice confeccionado por el Instituto Nacional de Estad\u00edstica y Censos (Indec) se ubic\u00f3 en 40,9% al cierre del primer semestre.<br><br>El ministro de Desarrollo Social,&nbsp;<strong>Daniel Arroyo<\/strong>, consider\u00f3 que&nbsp;<a rel=\"noreferrer noopener\" href=\"https:\/\/www.telam.com.ar\/notas\/202010\/520389-desarrollo-social-daniel-arroyo-indec-pobreza.html\" target=\"_blank\">\u201csin ayuda estatal, el \u00edndice hubiese sido mucho m\u00e1s alto\u201d<\/a>y se\u00f1al\u00f3 que \u201chay que rescatar a los que cayeron en la pobreza a trav\u00e9s de la generaci\u00f3n de empleo; tambi\u00e9n urbanizando los 4 mil barrios donde viven 4 millones de argentinos, ya que ah\u00ed hay un gran plan de trabajo en ciernes\u201d.<\/p>\n\n\n\n<div class=\"wp-block-image\"><figure class=\"aligncenter size-medium\"><img loading=\"lazy\" decoding=\"async\" width=\"460\" height=\"259\" src=\"http:\/\/infoecos.com.ar\/wp-content\/uploads\/5e71218c9cd17.03.2020-565_1004x565-460x259.jpg\" alt=\"\" class=\"wp-image-59170\" srcset=\"https:\/\/infoecos.com.ar\/wp-content\/uploads\/5e71218c9cd17.03.2020-565_1004x565-460x259.jpg 460w, https:\/\/infoecos.com.ar\/wp-content\/uploads\/5e71218c9cd17.03.2020-565_1004x565-920x518.jpg 920w, https:\/\/infoecos.com.ar\/wp-content\/uploads\/5e71218c9cd17.03.2020-565_1004x565-768x432.jpg 768w, https:\/\/infoecos.com.ar\/wp-content\/uploads\/5e71218c9cd17.03.2020-565_1004x565.jpg 1004w\" sizes=\"(max-width: 460px) 100vw, 460px\" \/><figcaption>Arroyo, Daniel &#8211; ministro de Desarrollo Social<\/figcaption><\/figure><\/div>\n\n\n\n<p>Para el ministro, hay \u201ctres realidades distintas a resolver: la pobreza estructural, la nueva pobreza que gener\u00f3 la pandemia y la pobreza en la infancia, que alcanza al 56% de ni\u00f1os menores de 14 a\u00f1os; este es el dato m\u00e1s duro de la Argentina\u201d.<\/p>\n\n\n\n<p>En declaraciones a El Destape Radio, Arroyo prioriz\u00f3 \u201cencarar nuevas pol\u00edticas para recuperar a los ca\u00eddos en la pobreza a partir del coronavirus\u201d y dijo que en el resto de su gesti\u00f3n pondr\u00e1 el foco en que \u201ctodos los chicos asistan al jard\u00edn y a la escuela\u201d, para lo cual \u201cgeneramos recursos para la construcci\u00f3n de 800 jardines\u201d.<\/p>\n\n\n\n<p>El Indec inform\u00f3 el mi\u00e9rcoles que el \u00edndice de pobreza se ubic\u00f3 en 40,9% al cierre del primer semestre, con un incremento de 5,5 puntos porcentuales respecto al 35,4% de igual per\u00edodo de 2019.<\/p>\n\n\n\n<p>En tanto, el \u00cdndice de Indigencia ascendi\u00f3 al 10,5% al t\u00e9rmino del primer semestre, contra el 7,7% de enero-junio del a\u00f1o pasado.<\/p>\n","protected":false},"excerpt":{"rendered":"<p>El Indec inform\u00f3 el mi\u00e9rcoles que el \u00edndice de pobreza se ubic\u00f3 en 40,9% al cierre del primer semestre, con un incremento de 5,5 puntos porcentuales respecto al 35,4% de igual per\u00edodo de 2019<\/p>\n","protected":false},"author":2,"featured_media":59170,"comment_status":"closed","ping_status":"open","sticky":false,"template":"","format":"standard","meta":{"footnotes":""},"categories":[43],"tags":[2040],"class_list":["post-68816","post","type-post","status-publish","format-standard","has-post-thumbnail","hentry","category-inferior4","tag-porcentaje-preocupante"],"yoast_head":"<!-- This site is optimized with the Yoast SEO plugin v23.4 - https:\/\/yoast.com\/wordpress\/plugins\/seo\/ -->\n<title>El ministro Arroyo y la pobreza: \u201csin ayuda estatal, el \u00edndice hubiese sido mucho m\u00e1s alto\u201d - Infoecos<\/title>\n<meta name=\"robots\" content=\"index, follow, max-snippet:-1, max-image-preview:large, max-video-preview:-1\" \/>\n<link rel=\"canonical\" href=\"https:\/\/infoecos.com.ar\/index.php\/el-ministro-arroyo-y-la-pobreza-sin-ayuda-estatal-el-indice-hubiese-sido-mucho-mas-alto\/\" \/>\n<meta property=\"og:locale\" content=\"es_ES\" \/>\n<meta property=\"og:type\" content=\"article\" \/>\n<meta property=\"og:title\" content=\"El ministro Arroyo y la pobreza: \u201csin ayuda estatal, el \u00edndice hubiese sido mucho m\u00e1s alto\u201d - Infoecos\" \/>\n<meta property=\"og:description\" content=\"El Indec inform\u00f3 el mi\u00e9rcoles que el \u00edndice de pobreza se ubic\u00f3 en 40,9% al cierre del primer semestre, con un incremento de 5,5 puntos porcentuales respecto al 35,4% de igual per\u00edodo de 2019\" \/>\n<meta property=\"og:url\" content=\"https:\/\/infoecos.com.ar\/index.php\/el-ministro-arroyo-y-la-pobreza-sin-ayuda-estatal-el-indice-hubiese-sido-mucho-mas-alto\/\" \/>\n<meta property=\"og:site_name\" content=\"Infoecos\" \/>\n<meta property=\"article:publisher\" content=\"https:\/\/www.facebook.com\/profile.php?id=100063200290284\" \/>\n<meta property=\"article:published_time\" content=\"2020-10-02T04:57:55+00:00\" \/>\n<meta property=\"article:modified_time\" content=\"2020-10-03T06:29:10+00:00\" \/>\n<meta property=\"og:image\" content=\"https:\/\/infoecos.com.ar\/wp-content\/uploads\/5e71218c9cd17.03.2020-565_1004x565.jpg\" \/>\n\t<meta property=\"og:image:width\" content=\"1004\" \/>\n\t<meta property=\"og:image:height\" content=\"565\" \/>\n\t<meta property=\"og:image:type\" content=\"image\/jpeg\" \/>\n<meta name=\"author\" content=\"Jorge Matheus\" \/>\n<meta name=\"twitter:card\" content=\"summary_large_image\" \/>\n<meta name=\"twitter:creator\" content=\"@infoecos\" \/>\n<meta name=\"twitter:site\" content=\"@infoecos\" \/>\n<meta name=\"twitter:label1\" content=\"Escrito por\" \/>\n\t<meta name=\"twitter:data1\" content=\"Jorge Matheus\" \/>\n\t<meta name=\"twitter:label2\" content=\"Tiempo de lectura\" \/>\n\t<meta name=\"twitter:data2\" content=\"1 minuto\" \/>\n<script type=\"application\/ld+json\" class=\"yoast-schema-graph\">{\"@context\":\"https:\/\/schema.org\",\"@graph\":[{\"@type\":\"Article\",\"@id\":\"https:\/\/infoecos.com.ar\/index.php\/el-ministro-arroyo-y-la-pobreza-sin-ayuda-estatal-el-indice-hubiese-sido-mucho-mas-alto\/#article\",\"isPartOf\":{\"@id\":\"https:\/\/infoecos.com.ar\/index.php\/el-ministro-arroyo-y-la-pobreza-sin-ayuda-estatal-el-indice-hubiese-sido-mucho-mas-alto\/\"},\"author\":{\"name\":\"Jorge Matheus\",\"@id\":\"https:\/\/infoecos.com.ar\/#\/schema\/person\/8f5ace5ce73b4b4aac4b7245aee6f191\"},\"headline\":\"El ministro Arroyo y la pobreza: \u201csin ayuda estatal, el \u00edndice hubiese sido mucho m\u00e1s alto\u201d\",\"datePublished\":\"2020-10-02T04:57:55+00:00\",\"dateModified\":\"2020-10-03T06:29:10+00:00\",\"mainEntityOfPage\":{\"@id\":\"https:\/\/infoecos.com.ar\/index.php\/el-ministro-arroyo-y-la-pobreza-sin-ayuda-estatal-el-indice-hubiese-sido-mucho-mas-alto\/\"},\"wordCount\":311,\"publisher\":{\"@id\":\"https:\/\/infoecos.com.ar\/#organization\"},\"image\":{\"@id\":\"https:\/\/infoecos.com.ar\/index.php\/el-ministro-arroyo-y-la-pobreza-sin-ayuda-estatal-el-indice-hubiese-sido-mucho-mas-alto\/#primaryimage\"},\"thumbnailUrl\":\"https:\/\/infoecos.com.ar\/wp-content\/uploads\/5e71218c9cd17.03.2020-565_1004x565.jpg\",\"keywords\":[\"PORCENTAJE PREOCUPANTE\"],\"articleSection\":[\"Bloque inferior - 4\"],\"inLanguage\":\"es\"},{\"@type\":\"WebPage\",\"@id\":\"https:\/\/infoecos.com.ar\/index.php\/el-ministro-arroyo-y-la-pobreza-sin-ayuda-estatal-el-indice-hubiese-sido-mucho-mas-alto\/\",\"url\":\"https:\/\/infoecos.com.ar\/index.php\/el-ministro-arroyo-y-la-pobreza-sin-ayuda-estatal-el-indice-hubiese-sido-mucho-mas-alto\/\",\"name\":\"El ministro Arroyo y la pobreza: \u201csin ayuda estatal, el \u00edndice hubiese sido mucho m\u00e1s alto\u201d - Infoecos\",\"isPartOf\":{\"@id\":\"https:\/\/infoecos.com.ar\/#website\"},\"primaryImageOfPage\":{\"@id\":\"https:\/\/infoecos.com.ar\/index.php\/el-ministro-arroyo-y-la-pobreza-sin-ayuda-estatal-el-indice-hubiese-sido-mucho-mas-alto\/#primaryimage\"},\"image\":{\"@id\":\"https:\/\/infoecos.com.ar\/index.php\/el-ministro-arroyo-y-la-pobreza-sin-ayuda-estatal-el-indice-hubiese-sido-mucho-mas-alto\/#primaryimage\"},\"thumbnailUrl\":\"https:\/\/infoecos.com.ar\/wp-content\/uploads\/5e71218c9cd17.03.2020-565_1004x565.jpg\",\"datePublished\":\"2020-10-02T04:57:55+00:00\",\"dateModified\":\"2020-10-03T06:29:10+00:00\",\"breadcrumb\":{\"@id\":\"https:\/\/infoecos.com.ar\/index.php\/el-ministro-arroyo-y-la-pobreza-sin-ayuda-estatal-el-indice-hubiese-sido-mucho-mas-alto\/#breadcrumb\"},\"inLanguage\":\"es\",\"potentialAction\":[{\"@type\":\"ReadAction\",\"target\":[\"https:\/\/infoecos.com.ar\/index.php\/el-ministro-arroyo-y-la-pobreza-sin-ayuda-estatal-el-indice-hubiese-sido-mucho-mas-alto\/\"]}]},{\"@type\":\"ImageObject\",\"inLanguage\":\"es\",\"@id\":\"https:\/\/infoecos.com.ar\/index.php\/el-ministro-arroyo-y-la-pobreza-sin-ayuda-estatal-el-indice-hubiese-sido-mucho-mas-alto\/#primaryimage\",\"url\":\"https:\/\/infoecos.com.ar\/wp-content\/uploads\/5e71218c9cd17.03.2020-565_1004x565.jpg\",\"contentUrl\":\"https:\/\/infoecos.com.ar\/wp-content\/uploads\/5e71218c9cd17.03.2020-565_1004x565.jpg\",\"width\":1004,\"height\":565,\"caption\":\"Arroyo, Daniel - ministro de Desarrollo Social\"},{\"@type\":\"BreadcrumbList\",\"@id\":\"https:\/\/infoecos.com.ar\/index.php\/el-ministro-arroyo-y-la-pobreza-sin-ayuda-estatal-el-indice-hubiese-sido-mucho-mas-alto\/#breadcrumb\",\"itemListElement\":[{\"@type\":\"ListItem\",\"position\":1,\"name\":\"Portada\",\"item\":\"https:\/\/infoecos.com.ar\/\"},{\"@type\":\"ListItem\",\"position\":2,\"name\":\"El ministro Arroyo y la pobreza: \u201csin ayuda estatal, el \u00edndice hubiese sido mucho m\u00e1s alto\u201d\"}]},{\"@type\":\"WebSite\",\"@id\":\"https:\/\/infoecos.com.ar\/#website\",\"url\":\"https:\/\/infoecos.com.ar\/\",\"name\":\"Infoecos\",\"description\":\"Noticias de trenque lauquen y la zona\",\"publisher\":{\"@id\":\"https:\/\/infoecos.com.ar\/#organization\"},\"alternateName\":\"Noticias\",\"potentialAction\":[{\"@type\":\"SearchAction\",\"target\":{\"@type\":\"EntryPoint\",\"urlTemplate\":\"https:\/\/infoecos.com.ar\/?s={search_term_string}\"},\"query-input\":{\"@type\":\"PropertyValueSpecification\",\"valueRequired\":true,\"valueName\":\"search_term_string\"}}],\"inLanguage\":\"es\"},{\"@type\":\"Organization\",\"@id\":\"https:\/\/infoecos.com.ar\/#organization\",\"name\":\"Infoecos\",\"alternateName\":\"Noticias\",\"url\":\"https:\/\/infoecos.com.ar\/\",\"logo\":{\"@type\":\"ImageObject\",\"inLanguage\":\"es\",\"@id\":\"https:\/\/infoecos.com.ar\/#\/schema\/logo\/image\/\",\"url\":\"https:\/\/infoecos.com.ar\/wp-content\/uploads\/2024\/03\/cropped-logo.png\",\"contentUrl\":\"https:\/\/infoecos.com.ar\/wp-content\/uploads\/2024\/03\/cropped-logo.png\",\"width\":374,\"height\":90,\"caption\":\"Infoecos\"},\"image\":{\"@id\":\"https:\/\/infoecos.com.ar\/#\/schema\/logo\/image\/\"},\"sameAs\":[\"https:\/\/www.facebook.com\/profile.php?id=100063200290284\",\"https:\/\/x.com\/infoecos\"]},{\"@type\":\"Person\",\"@id\":\"https:\/\/infoecos.com.ar\/#\/schema\/person\/8f5ace5ce73b4b4aac4b7245aee6f191\",\"name\":\"Jorge Matheus\",\"url\":\"https:\/\/infoecos.com.ar\/index.php\/author\/jomatheus\/\"}]}<\/script>\n<!-- \/ Yoast SEO plugin. -->","yoast_head_json":{"title":"El ministro Arroyo y la pobreza: \u201csin ayuda estatal, el \u00edndice hubiese sido mucho m\u00e1s alto\u201d - Infoecos","robots":{"index":"index","follow":"follow","max-snippet":"max-snippet:-1","max-image-preview":"max-image-preview:large","max-video-preview":"max-video-preview:-1"},"canonical":"https:\/\/infoecos.com.ar\/index.php\/el-ministro-arroyo-y-la-pobreza-sin-ayuda-estatal-el-indice-hubiese-sido-mucho-mas-alto\/","og_locale":"es_ES","og_type":"article","og_title":"El ministro Arroyo y la pobreza: \u201csin ayuda estatal, el \u00edndice hubiese sido mucho m\u00e1s alto\u201d - Infoecos","og_description":"El Indec inform\u00f3 el mi\u00e9rcoles que el \u00edndice de pobreza se ubic\u00f3 en 40,9% al cierre del primer semestre, con un incremento de 5,5 puntos porcentuales respecto al 35,4% de igual per\u00edodo de 2019","og_url":"https:\/\/infoecos.com.ar\/index.php\/el-ministro-arroyo-y-la-pobreza-sin-ayuda-estatal-el-indice-hubiese-sido-mucho-mas-alto\/","og_site_name":"Infoecos","article_publisher":"https:\/\/www.facebook.com\/profile.php?id=100063200290284","article_published_time":"2020-10-02T04:57:55+00:00","article_modified_time":"2020-10-03T06:29:10+00:00","og_image":[{"width":1004,"height":565,"url":"https:\/\/infoecos.com.ar\/wp-content\/uploads\/5e71218c9cd17.03.2020-565_1004x565.jpg","type":"image\/jpeg"}],"author":"Jorge Matheus","twitter_card":"summary_large_image","twitter_creator":"@infoecos","twitter_site":"@infoecos","twitter_misc":{"Escrito por":"Jorge Matheus","Tiempo de lectura":"1 minuto"},"schema":{"@context":"https:\/\/schema.org","@graph":[{"@type":"Article","@id":"https:\/\/infoecos.com.ar\/index.php\/el-ministro-arroyo-y-la-pobreza-sin-ayuda-estatal-el-indice-hubiese-sido-mucho-mas-alto\/#article","isPartOf":{"@id":"https:\/\/infoecos.com.ar\/index.php\/el-ministro-arroyo-y-la-pobreza-sin-ayuda-estatal-el-indice-hubiese-sido-mucho-mas-alto\/"},"author":{"name":"Jorge Matheus","@id":"https:\/\/infoecos.com.ar\/#\/schema\/person\/8f5ace5ce73b4b4aac4b7245aee6f191"},"headline":"El ministro Arroyo y la pobreza: \u201csin ayuda estatal, el \u00edndice hubiese sido mucho m\u00e1s alto\u201d","datePublished":"2020-10-02T04:57:55+00:00","dateModified":"2020-10-03T06:29:10+00:00","mainEntityOfPage":{"@id":"https:\/\/infoecos.com.ar\/index.php\/el-ministro-arroyo-y-la-pobreza-sin-ayuda-estatal-el-indice-hubiese-sido-mucho-mas-alto\/"},"wordCount":311,"publisher":{"@id":"https:\/\/infoecos.com.ar\/#organization"},"image":{"@id":"https:\/\/infoecos.com.ar\/index.php\/el-ministro-arroyo-y-la-pobreza-sin-ayuda-estatal-el-indice-hubiese-sido-mucho-mas-alto\/#primaryimage"},"thumbnailUrl":"https:\/\/infoecos.com.ar\/wp-content\/uploads\/5e71218c9cd17.03.2020-565_1004x565.jpg","keywords":["PORCENTAJE PREOCUPANTE"],"articleSection":["Bloque inferior - 4"],"inLanguage":"es"},{"@type":"WebPage","@id":"https:\/\/infoecos.com.ar\/index.php\/el-ministro-arroyo-y-la-pobreza-sin-ayuda-estatal-el-indice-hubiese-sido-mucho-mas-alto\/","url":"https:\/\/infoecos.com.ar\/index.php\/el-ministro-arroyo-y-la-pobreza-sin-ayuda-estatal-el-indice-hubiese-sido-mucho-mas-alto\/","name":"El ministro Arroyo y la pobreza: \u201csin ayuda estatal, el \u00edndice hubiese sido mucho m\u00e1s alto\u201d - Infoecos","isPartOf":{"@id":"https:\/\/infoecos.com.ar\/#website"},"primaryImageOfPage":{"@id":"https:\/\/infoecos.com.ar\/index.php\/el-ministro-arroyo-y-la-pobreza-sin-ayuda-estatal-el-indice-hubiese-sido-mucho-mas-alto\/#primaryimage"},"image":{"@id":"https:\/\/infoecos.com.ar\/index.php\/el-ministro-arroyo-y-la-pobreza-sin-ayuda-estatal-el-indice-hubiese-sido-mucho-mas-alto\/#primaryimage"},"thumbnailUrl":"https:\/\/infoecos.com.ar\/wp-content\/uploads\/5e71218c9cd17.03.2020-565_1004x565.jpg","datePublished":"2020-10-02T04:57:55+00:00","dateModified":"2020-10-03T06:29:10+00:00","breadcrumb":{"@id":"https:\/\/infoecos.com.ar\/index.php\/el-ministro-arroyo-y-la-pobreza-sin-ayuda-estatal-el-indice-hubiese-sido-mucho-mas-alto\/#breadcrumb"},"inLanguage":"es","potentialAction":[{"@type":"ReadAction","target":["https:\/\/infoecos.com.ar\/index.php\/el-ministro-arroyo-y-la-pobreza-sin-ayuda-estatal-el-indice-hubiese-sido-mucho-mas-alto\/"]}]},{"@type":"ImageObject","inLanguage":"es","@id":"https:\/\/infoecos.com.ar\/index.php\/el-ministro-arroyo-y-la-pobreza-sin-ayuda-estatal-el-indice-hubiese-sido-mucho-mas-alto\/#primaryimage","url":"https:\/\/infoecos.com.ar\/wp-content\/uploads\/5e71218c9cd17.03.2020-565_1004x565.jpg","contentUrl":"https:\/\/infoecos.com.ar\/wp-content\/uploads\/5e71218c9cd17.03.2020-565_1004x565.jpg","width":1004,"height":565,"caption":"Arroyo, Daniel - ministro de Desarrollo Social"},{"@type":"BreadcrumbList","@id":"https:\/\/infoecos.com.ar\/index.php\/el-ministro-arroyo-y-la-pobreza-sin-ayuda-estatal-el-indice-hubiese-sido-mucho-mas-alto\/#breadcrumb","itemListElement":[{"@type":"ListItem","position":1,"name":"Portada","item":"https:\/\/infoecos.com.ar\/"},{"@type":"ListItem","position":2,"name":"El ministro Arroyo y la pobreza: \u201csin ayuda estatal, el \u00edndice hubiese sido mucho m\u00e1s alto\u201d"}]},{"@type":"WebSite","@id":"https:\/\/infoecos.com.ar\/#website","url":"https:\/\/infoecos.com.ar\/","name":"Infoecos","description":"Noticias de trenque lauquen y la zona","publisher":{"@id":"https:\/\/infoecos.com.ar\/#organization"},"alternateName":"Noticias","potentialAction":[{"@type":"SearchAction","target":{"@type":"EntryPoint","urlTemplate":"https:\/\/infoecos.com.ar\/?s={search_term_string}"},"query-input":{"@type":"PropertyValueSpecification","valueRequired":true,"valueName":"search_term_string"}}],"inLanguage":"es"},{"@type":"Organization","@id":"https:\/\/infoecos.com.ar\/#organization","name":"Infoecos","alternateName":"Noticias","url":"https:\/\/infoecos.com.ar\/","logo":{"@type":"ImageObject","inLanguage":"es","@id":"https:\/\/infoecos.com.ar\/#\/schema\/logo\/image\/","url":"https:\/\/infoecos.com.ar\/wp-content\/uploads\/2024\/03\/cropped-logo.png","contentUrl":"https:\/\/infoecos.com.ar\/wp-content\/uploads\/2024\/03\/cropped-logo.png","width":374,"height":90,"caption":"Infoecos"},"image":{"@id":"https:\/\/infoecos.com.ar\/#\/schema\/logo\/image\/"},"sameAs":["https:\/\/www.facebook.com\/profile.php?id=100063200290284","https:\/\/x.com\/infoecos"]},{"@type":"Person","@id":"https:\/\/infoecos.com.ar\/#\/schema\/person\/8f5ace5ce73b4b4aac4b7245aee6f191","name":"Jorge Matheus","url":"https:\/\/infoecos.com.ar\/index.php\/author\/jomatheus\/"}]}},"featured_image_urls":{"full":["https:\/\/infoecos.com.ar\/wp-content\/uploads\/5e71218c9cd17.03.2020-565_1004x565.jpg",1004,565,false],"thumbnail":["https:\/\/infoecos.com.ar\/wp-content\/uploads\/5e71218c9cd17.03.2020-565_1004x565-150x150.jpg",150,150,true],"medium":["https:\/\/infoecos.com.ar\/wp-content\/uploads\/5e71218c9cd17.03.2020-565_1004x565-460x259.jpg",460,259,true],"medium_large":["https:\/\/infoecos.com.ar\/wp-content\/uploads\/5e71218c9cd17.03.2020-565_1004x565-768x432.jpg",640,360,true],"large":["https:\/\/infoecos.com.ar\/wp-content\/uploads\/5e71218c9cd17.03.2020-565_1004x565-920x518.jpg",640,360,true],"1536x1536":["https:\/\/infoecos.com.ar\/wp-content\/uploads\/5e71218c9cd17.03.2020-565_1004x565.jpg",1004,565,false],"2048x2048":["https:\/\/infoecos.com.ar\/wp-content\/uploads\/5e71218c9cd17.03.2020-565_1004x565.jpg",1004,565,false],"covernews-slider-full":["https:\/\/infoecos.com.ar\/wp-content\/uploads\/5e71218c9cd17.03.2020-565_1004x565.jpg",1004,565,false],"covernews-slider-center":["https:\/\/infoecos.com.ar\/wp-content\/uploads\/5e71218c9cd17.03.2020-565_1004x565-936x565.jpg",800,483,true],"covernews-featured":["https:\/\/infoecos.com.ar\/wp-content\/uploads\/5e71218c9cd17.03.2020-565_1004x565.jpg",1004,565,false],"covernews-medium":["https:\/\/infoecos.com.ar\/wp-content\/uploads\/5e71218c9cd17.03.2020-565_1004x565-720x380.jpg",540,285,true],"covernews-medium-square":["https:\/\/infoecos.com.ar\/wp-content\/uploads\/5e71218c9cd17.03.2020-565_1004x565-675x450.jpg",375,250,true]},"author_info":{"info":["Jorge Matheus"]},"category_info":"<a href=\"https:\/\/infoecos.com.ar\/index.php\/category\/inferior4\/\" rel=\"category tag\">Bloque inferior - 4<\/a>","tag_info":"Bloque inferior - 4","comment_count":"0","_links":{"self":[{"href":"https:\/\/infoecos.com.ar\/index.php\/wp-json\/wp\/v2\/posts\/68816"}],"collection":[{"href":"https:\/\/infoecos.com.ar\/index.php\/wp-json\/wp\/v2\/posts"}],"about":[{"href":"https:\/\/infoecos.com.ar\/index.php\/wp-json\/wp\/v2\/types\/post"}],"author":[{"embeddable":true,"href":"https:\/\/infoecos.com.ar\/index.php\/wp-json\/wp\/v2\/users\/2"}],"replies":[{"embeddable":true,"href":"https:\/\/infoecos.com.ar\/index.php\/wp-json\/wp\/v2\/comments?post=68816"}],"version-history":[{"count":2,"href":"https:\/\/infoecos.com.ar\/index.php\/wp-json\/wp\/v2\/posts\/68816\/revisions"}],"predecessor-version":[{"id":68914,"href":"https:\/\/infoecos.com.ar\/index.php\/wp-json\/wp\/v2\/posts\/68816\/revisions\/68914"}],"wp:featuredmedia":[{"embeddable":true,"href":"https:\/\/infoecos.com.ar\/index.php\/wp-json\/wp\/v2\/media\/59170"}],"wp:attachment":[{"href":"https:\/\/infoecos.com.ar\/index.php\/wp-json\/wp\/v2\/media?parent=68816"}],"wp:term":[{"taxonomy":"category","embeddable":true,"href":"https:\/\/infoecos.com.ar\/index.php\/wp-json\/wp\/v2\/categories?post=68816"},{"taxonomy":"post_tag","embeddable":true,"href":"https:\/\/infoecos.com.ar\/index.php\/wp-json\/wp\/v2\/tags?post=68816"}],"curies":[{"name":"wp","href":"https:\/\/api.w.org\/{rel}","templated":true}]}}