{"id":68835,"date":"2020-10-02T02:41:51","date_gmt":"2020-10-02T05:41:51","guid":{"rendered":"http:\/\/infoecos.com.ar\/?p=68835"},"modified":"2020-10-03T03:27:43","modified_gmt":"2020-10-03T06:27:43","slug":"convenio-pehuajo-incorporara-equipamiento-valuado-en-6-800-000-para-su-politica-ambiental","status":"publish","type":"post","link":"https:\/\/infoecos.com.ar\/index.php\/convenio-pehuajo-incorporara-equipamiento-valuado-en-6-800-000-para-su-politica-ambiental\/","title":{"rendered":"Convenio: Pehuaj\u00f3 incorporar\u00e1 equipamiento valuado en 6.800.000 para su pol\u00edtica ambiental"},"content":{"rendered":"\n<p>Ayer se firm\u00f3 un Convenio de Cooperaci\u00f3n y Financiaci\u00f3n entre la Municipalidad de Pehuaj\u00f3 y el Ministerio de Ambiente y Desarrollo Sostenible de la Naci\u00f3n. <\/p>\n\n\n\n<div class=\"wp-block-image\"><figure class=\"aligncenter size-medium\"><img loading=\"lazy\" decoding=\"async\" width=\"460\" height=\"307\" src=\"http:\/\/infoecos.com.ar\/wp-content\/uploads\/2020\/10\/zurroconvenio1-460x307.jpg\" alt=\"\" class=\"wp-image-68836\" srcset=\"https:\/\/infoecos.com.ar\/wp-content\/uploads\/2020\/10\/zurroconvenio1-460x307.jpg 460w, https:\/\/infoecos.com.ar\/wp-content\/uploads\/2020\/10\/zurroconvenio1-920x613.jpg 920w, https:\/\/infoecos.com.ar\/wp-content\/uploads\/2020\/10\/zurroconvenio1-768x512.jpg 768w, https:\/\/infoecos.com.ar\/wp-content\/uploads\/2020\/10\/zurroconvenio1-675x450.jpg 675w, https:\/\/infoecos.com.ar\/wp-content\/uploads\/2020\/10\/zurroconvenio1.jpg 960w\" sizes=\"(max-width: 460px) 100vw, 460px\" \/><\/figure><\/div>\n\n\n\n<p>La firma virtual cont\u00f3 con la presencia del intendente Pablo Zurro y la directora de Medio Ambiente Julieta Mart\u00edn. Desde la cartera nacional participaron el ministro Juan Cabandi\u00e9 y el secretario de Control y Monitoreo Ambiental, Sergio Gustavo Federovisky. Desde el Ministerio del Interior tambi\u00e9n se sum\u00f3 Avelino Zurro. <\/p>\n\n\n\n<div class=\"wp-block-image\"><figure class=\"aligncenter size-medium\"><img loading=\"lazy\" decoding=\"async\" width=\"460\" height=\"307\" src=\"http:\/\/infoecos.com.ar\/wp-content\/uploads\/2020\/10\/zurroavelino-460x307.jpg\" alt=\"\" class=\"wp-image-68837\" srcset=\"https:\/\/infoecos.com.ar\/wp-content\/uploads\/2020\/10\/zurroavelino-460x307.jpg 460w, https:\/\/infoecos.com.ar\/wp-content\/uploads\/2020\/10\/zurroavelino-920x613.jpg 920w, https:\/\/infoecos.com.ar\/wp-content\/uploads\/2020\/10\/zurroavelino-768x512.jpg 768w, https:\/\/infoecos.com.ar\/wp-content\/uploads\/2020\/10\/zurroavelino-675x450.jpg 675w, https:\/\/infoecos.com.ar\/wp-content\/uploads\/2020\/10\/zurroavelino.jpg 960w\" sizes=\"(max-width: 460px) 100vw, 460px\" \/><\/figure><\/div>\n\n\n\n<p>Participaron Mariano Milazzotto Coordinador de la Cooperativa -Pehua Te quiero- y Adriana Genca del equipo de recicladores.<\/p>\n\n\n\n<p>Pehuaj\u00f3 incorporar\u00e1 equipamiento valuado en 6.800.000 pesos. Puntualmente se trata de una cinta de clasificaci\u00f3n de residuos con capacidad operativa para 3 toneladas por hora y una prensa para el acondicionamiento del material reciclable.<\/p>\n","protected":false},"excerpt":{"rendered":"<p>Ayer se firm\u00f3 un Convenio de Cooperaci\u00f3n y Financiaci\u00f3n entre la Municipalidad de Pehuaj\u00f3 y&#8230;<\/p>\n","protected":false},"author":2,"featured_media":68838,"comment_status":"closed","ping_status":"open","sticky":false,"template":"","format":"standard","meta":{"footnotes":""},"categories":[41,1341],"tags":[2046],"class_list":["post-68835","post","type-post","status-publish","format-standard","has-post-thumbnail","hentry","category-inferior2","category-c1nota7","tag-con-el-ministerio-de-ambiente-y-desarrollo-sostenible"],"yoast_head":"<!-- This site is optimized with the Yoast SEO plugin v23.4 - https:\/\/yoast.com\/wordpress\/plugins\/seo\/ -->\n<title>Convenio: Pehuaj\u00f3 incorporar\u00e1 equipamiento valuado en 6.800.000 para su pol\u00edtica ambiental - Infoecos<\/title>\n<meta name=\"robots\" content=\"index, follow, max-snippet:-1, max-image-preview:large, max-video-preview:-1\" \/>\n<link rel=\"canonical\" href=\"https:\/\/infoecos.com.ar\/index.php\/convenio-pehuajo-incorporara-equipamiento-valuado-en-6-800-000-para-su-politica-ambiental\/\" \/>\n<meta property=\"og:locale\" content=\"es_ES\" \/>\n<meta property=\"og:type\" content=\"article\" \/>\n<meta property=\"og:title\" content=\"Convenio: Pehuaj\u00f3 incorporar\u00e1 equipamiento valuado en 6.800.000 para su pol\u00edtica ambiental - Infoecos\" \/>\n<meta property=\"og:description\" content=\"Ayer se firm\u00f3 un Convenio de Cooperaci\u00f3n y Financiaci\u00f3n entre la Municipalidad de Pehuaj\u00f3 y...\" \/>\n<meta property=\"og:url\" content=\"https:\/\/infoecos.com.ar\/index.php\/convenio-pehuajo-incorporara-equipamiento-valuado-en-6-800-000-para-su-politica-ambiental\/\" \/>\n<meta property=\"og:site_name\" content=\"Infoecos\" \/>\n<meta property=\"article:publisher\" content=\"https:\/\/www.facebook.com\/profile.php?id=100063200290284\" \/>\n<meta property=\"article:published_time\" content=\"2020-10-02T05:41:51+00:00\" \/>\n<meta property=\"article:modified_time\" content=\"2020-10-03T06:27:43+00:00\" \/>\n<meta property=\"og:image\" content=\"https:\/\/infoecos.com.ar\/wp-content\/uploads\/2020\/10\/zurroconvenio.jpg\" \/>\n\t<meta property=\"og:image:width\" content=\"960\" \/>\n\t<meta property=\"og:image:height\" content=\"640\" \/>\n\t<meta property=\"og:image:type\" content=\"image\/jpeg\" \/>\n<meta name=\"author\" content=\"Jorge Matheus\" \/>\n<meta name=\"twitter:card\" content=\"summary_large_image\" \/>\n<meta name=\"twitter:creator\" content=\"@infoecos\" \/>\n<meta name=\"twitter:site\" content=\"@infoecos\" \/>\n<meta name=\"twitter:label1\" content=\"Escrito por\" \/>\n\t<meta name=\"twitter:data1\" content=\"Jorge Matheus\" \/>\n\t<meta name=\"twitter:label2\" content=\"Tiempo de lectura\" \/>\n\t<meta name=\"twitter:data2\" content=\"1 minuto\" \/>\n<script type=\"application\/ld+json\" class=\"yoast-schema-graph\">{\"@context\":\"https:\/\/schema.org\",\"@graph\":[{\"@type\":\"Article\",\"@id\":\"https:\/\/infoecos.com.ar\/index.php\/convenio-pehuajo-incorporara-equipamiento-valuado-en-6-800-000-para-su-politica-ambiental\/#article\",\"isPartOf\":{\"@id\":\"https:\/\/infoecos.com.ar\/index.php\/convenio-pehuajo-incorporara-equipamiento-valuado-en-6-800-000-para-su-politica-ambiental\/\"},\"author\":{\"name\":\"Jorge Matheus\",\"@id\":\"https:\/\/infoecos.com.ar\/#\/schema\/person\/8f5ace5ce73b4b4aac4b7245aee6f191\"},\"headline\":\"Convenio: Pehuaj\u00f3 incorporar\u00e1 equipamiento valuado en 6.800.000 para su pol\u00edtica ambiental\",\"datePublished\":\"2020-10-02T05:41:51+00:00\",\"dateModified\":\"2020-10-03T06:27:43+00:00\",\"mainEntityOfPage\":{\"@id\":\"https:\/\/infoecos.com.ar\/index.php\/convenio-pehuajo-incorporara-equipamiento-valuado-en-6-800-000-para-su-politica-ambiental\/\"},\"wordCount\":140,\"publisher\":{\"@id\":\"https:\/\/infoecos.com.ar\/#organization\"},\"image\":{\"@id\":\"https:\/\/infoecos.com.ar\/index.php\/convenio-pehuajo-incorporara-equipamiento-valuado-en-6-800-000-para-su-politica-ambiental\/#primaryimage\"},\"thumbnailUrl\":\"https:\/\/infoecos.com.ar\/wp-content\/uploads\/2020\/10\/zurroconvenio.jpg\",\"keywords\":[\"CON EL MINISTERIO DE AMBIENTE Y DESARROLLO SOSTENIBLE\"],\"articleSection\":[\"Bloque inferior - 2\",\"C1 nota 7\"],\"inLanguage\":\"es\"},{\"@type\":\"WebPage\",\"@id\":\"https:\/\/infoecos.com.ar\/index.php\/convenio-pehuajo-incorporara-equipamiento-valuado-en-6-800-000-para-su-politica-ambiental\/\",\"url\":\"https:\/\/infoecos.com.ar\/index.php\/convenio-pehuajo-incorporara-equipamiento-valuado-en-6-800-000-para-su-politica-ambiental\/\",\"name\":\"Convenio: Pehuaj\u00f3 incorporar\u00e1 equipamiento valuado en 6.800.000 para su pol\u00edtica ambiental - Infoecos\",\"isPartOf\":{\"@id\":\"https:\/\/infoecos.com.ar\/#website\"},\"primaryImageOfPage\":{\"@id\":\"https:\/\/infoecos.com.ar\/index.php\/convenio-pehuajo-incorporara-equipamiento-valuado-en-6-800-000-para-su-politica-ambiental\/#primaryimage\"},\"image\":{\"@id\":\"https:\/\/infoecos.com.ar\/index.php\/convenio-pehuajo-incorporara-equipamiento-valuado-en-6-800-000-para-su-politica-ambiental\/#primaryimage\"},\"thumbnailUrl\":\"https:\/\/infoecos.com.ar\/wp-content\/uploads\/2020\/10\/zurroconvenio.jpg\",\"datePublished\":\"2020-10-02T05:41:51+00:00\",\"dateModified\":\"2020-10-03T06:27:43+00:00\",\"breadcrumb\":{\"@id\":\"https:\/\/infoecos.com.ar\/index.php\/convenio-pehuajo-incorporara-equipamiento-valuado-en-6-800-000-para-su-politica-ambiental\/#breadcrumb\"},\"inLanguage\":\"es\",\"potentialAction\":[{\"@type\":\"ReadAction\",\"target\":[\"https:\/\/infoecos.com.ar\/index.php\/convenio-pehuajo-incorporara-equipamiento-valuado-en-6-800-000-para-su-politica-ambiental\/\"]}]},{\"@type\":\"ImageObject\",\"inLanguage\":\"es\",\"@id\":\"https:\/\/infoecos.com.ar\/index.php\/convenio-pehuajo-incorporara-equipamiento-valuado-en-6-800-000-para-su-politica-ambiental\/#primaryimage\",\"url\":\"https:\/\/infoecos.com.ar\/wp-content\/uploads\/2020\/10\/zurroconvenio.jpg\",\"contentUrl\":\"https:\/\/infoecos.com.ar\/wp-content\/uploads\/2020\/10\/zurroconvenio.jpg\",\"width\":960,\"height\":640},{\"@type\":\"BreadcrumbList\",\"@id\":\"https:\/\/infoecos.com.ar\/index.php\/convenio-pehuajo-incorporara-equipamiento-valuado-en-6-800-000-para-su-politica-ambiental\/#breadcrumb\",\"itemListElement\":[{\"@type\":\"ListItem\",\"position\":1,\"name\":\"Portada\",\"item\":\"https:\/\/infoecos.com.ar\/\"},{\"@type\":\"ListItem\",\"position\":2,\"name\":\"Convenio: Pehuaj\u00f3 incorporar\u00e1 equipamiento valuado en 6.800.000 para su pol\u00edtica ambiental\"}]},{\"@type\":\"WebSite\",\"@id\":\"https:\/\/infoecos.com.ar\/#website\",\"url\":\"https:\/\/infoecos.com.ar\/\",\"name\":\"Infoecos\",\"description\":\"Noticias de trenque lauquen y la zona\",\"publisher\":{\"@id\":\"https:\/\/infoecos.com.ar\/#organization\"},\"alternateName\":\"Noticias\",\"potentialAction\":[{\"@type\":\"SearchAction\",\"target\":{\"@type\":\"EntryPoint\",\"urlTemplate\":\"https:\/\/infoecos.com.ar\/?s={search_term_string}\"},\"query-input\":{\"@type\":\"PropertyValueSpecification\",\"valueRequired\":true,\"valueName\":\"search_term_string\"}}],\"inLanguage\":\"es\"},{\"@type\":\"Organization\",\"@id\":\"https:\/\/infoecos.com.ar\/#organization\",\"name\":\"Infoecos\",\"alternateName\":\"Noticias\",\"url\":\"https:\/\/infoecos.com.ar\/\",\"logo\":{\"@type\":\"ImageObject\",\"inLanguage\":\"es\",\"@id\":\"https:\/\/infoecos.com.ar\/#\/schema\/logo\/image\/\",\"url\":\"https:\/\/infoecos.com.ar\/wp-content\/uploads\/2024\/03\/cropped-logo.png\",\"contentUrl\":\"https:\/\/infoecos.com.ar\/wp-content\/uploads\/2024\/03\/cropped-logo.png\",\"width\":374,\"height\":90,\"caption\":\"Infoecos\"},\"image\":{\"@id\":\"https:\/\/infoecos.com.ar\/#\/schema\/logo\/image\/\"},\"sameAs\":[\"https:\/\/www.facebook.com\/profile.php?id=100063200290284\",\"https:\/\/x.com\/infoecos\"]},{\"@type\":\"Person\",\"@id\":\"https:\/\/infoecos.com.ar\/#\/schema\/person\/8f5ace5ce73b4b4aac4b7245aee6f191\",\"name\":\"Jorge Matheus\",\"url\":\"https:\/\/infoecos.com.ar\/index.php\/author\/jomatheus\/\"}]}<\/script>\n<!-- \/ Yoast SEO plugin. -->","yoast_head_json":{"title":"Convenio: Pehuaj\u00f3 incorporar\u00e1 equipamiento valuado en 6.800.000 para su pol\u00edtica ambiental - Infoecos","robots":{"index":"index","follow":"follow","max-snippet":"max-snippet:-1","max-image-preview":"max-image-preview:large","max-video-preview":"max-video-preview:-1"},"canonical":"https:\/\/infoecos.com.ar\/index.php\/convenio-pehuajo-incorporara-equipamiento-valuado-en-6-800-000-para-su-politica-ambiental\/","og_locale":"es_ES","og_type":"article","og_title":"Convenio: Pehuaj\u00f3 incorporar\u00e1 equipamiento valuado en 6.800.000 para su pol\u00edtica ambiental - Infoecos","og_description":"Ayer se firm\u00f3 un Convenio de Cooperaci\u00f3n y Financiaci\u00f3n entre la Municipalidad de Pehuaj\u00f3 y...","og_url":"https:\/\/infoecos.com.ar\/index.php\/convenio-pehuajo-incorporara-equipamiento-valuado-en-6-800-000-para-su-politica-ambiental\/","og_site_name":"Infoecos","article_publisher":"https:\/\/www.facebook.com\/profile.php?id=100063200290284","article_published_time":"2020-10-02T05:41:51+00:00","article_modified_time":"2020-10-03T06:27:43+00:00","og_image":[{"width":960,"height":640,"url":"https:\/\/infoecos.com.ar\/wp-content\/uploads\/2020\/10\/zurroconvenio.jpg","type":"image\/jpeg"}],"author":"Jorge Matheus","twitter_card":"summary_large_image","twitter_creator":"@infoecos","twitter_site":"@infoecos","twitter_misc":{"Escrito por":"Jorge Matheus","Tiempo de lectura":"1 minuto"},"schema":{"@context":"https:\/\/schema.org","@graph":[{"@type":"Article","@id":"https:\/\/infoecos.com.ar\/index.php\/convenio-pehuajo-incorporara-equipamiento-valuado-en-6-800-000-para-su-politica-ambiental\/#article","isPartOf":{"@id":"https:\/\/infoecos.com.ar\/index.php\/convenio-pehuajo-incorporara-equipamiento-valuado-en-6-800-000-para-su-politica-ambiental\/"},"author":{"name":"Jorge Matheus","@id":"https:\/\/infoecos.com.ar\/#\/schema\/person\/8f5ace5ce73b4b4aac4b7245aee6f191"},"headline":"Convenio: Pehuaj\u00f3 incorporar\u00e1 equipamiento valuado en 6.800.000 para su pol\u00edtica ambiental","datePublished":"2020-10-02T05:41:51+00:00","dateModified":"2020-10-03T06:27:43+00:00","mainEntityOfPage":{"@id":"https:\/\/infoecos.com.ar\/index.php\/convenio-pehuajo-incorporara-equipamiento-valuado-en-6-800-000-para-su-politica-ambiental\/"},"wordCount":140,"publisher":{"@id":"https:\/\/infoecos.com.ar\/#organization"},"image":{"@id":"https:\/\/infoecos.com.ar\/index.php\/convenio-pehuajo-incorporara-equipamiento-valuado-en-6-800-000-para-su-politica-ambiental\/#primaryimage"},"thumbnailUrl":"https:\/\/infoecos.com.ar\/wp-content\/uploads\/2020\/10\/zurroconvenio.jpg","keywords":["CON EL MINISTERIO DE AMBIENTE Y DESARROLLO SOSTENIBLE"],"articleSection":["Bloque inferior - 2","C1 nota 7"],"inLanguage":"es"},{"@type":"WebPage","@id":"https:\/\/infoecos.com.ar\/index.php\/convenio-pehuajo-incorporara-equipamiento-valuado-en-6-800-000-para-su-politica-ambiental\/","url":"https:\/\/infoecos.com.ar\/index.php\/convenio-pehuajo-incorporara-equipamiento-valuado-en-6-800-000-para-su-politica-ambiental\/","name":"Convenio: Pehuaj\u00f3 incorporar\u00e1 equipamiento valuado en 6.800.000 para su pol\u00edtica ambiental - Infoecos","isPartOf":{"@id":"https:\/\/infoecos.com.ar\/#website"},"primaryImageOfPage":{"@id":"https:\/\/infoecos.com.ar\/index.php\/convenio-pehuajo-incorporara-equipamiento-valuado-en-6-800-000-para-su-politica-ambiental\/#primaryimage"},"image":{"@id":"https:\/\/infoecos.com.ar\/index.php\/convenio-pehuajo-incorporara-equipamiento-valuado-en-6-800-000-para-su-politica-ambiental\/#primaryimage"},"thumbnailUrl":"https:\/\/infoecos.com.ar\/wp-content\/uploads\/2020\/10\/zurroconvenio.jpg","datePublished":"2020-10-02T05:41:51+00:00","dateModified":"2020-10-03T06:27:43+00:00","breadcrumb":{"@id":"https:\/\/infoecos.com.ar\/index.php\/convenio-pehuajo-incorporara-equipamiento-valuado-en-6-800-000-para-su-politica-ambiental\/#breadcrumb"},"inLanguage":"es","potentialAction":[{"@type":"ReadAction","target":["https:\/\/infoecos.com.ar\/index.php\/convenio-pehuajo-incorporara-equipamiento-valuado-en-6-800-000-para-su-politica-ambiental\/"]}]},{"@type":"ImageObject","inLanguage":"es","@id":"https:\/\/infoecos.com.ar\/index.php\/convenio-pehuajo-incorporara-equipamiento-valuado-en-6-800-000-para-su-politica-ambiental\/#primaryimage","url":"https:\/\/infoecos.com.ar\/wp-content\/uploads\/2020\/10\/zurroconvenio.jpg","contentUrl":"https:\/\/infoecos.com.ar\/wp-content\/uploads\/2020\/10\/zurroconvenio.jpg","width":960,"height":640},{"@type":"BreadcrumbList","@id":"https:\/\/infoecos.com.ar\/index.php\/convenio-pehuajo-incorporara-equipamiento-valuado-en-6-800-000-para-su-politica-ambiental\/#breadcrumb","itemListElement":[{"@type":"ListItem","position":1,"name":"Portada","item":"https:\/\/infoecos.com.ar\/"},{"@type":"ListItem","position":2,"name":"Convenio: Pehuaj\u00f3 incorporar\u00e1 equipamiento valuado en 6.800.000 para su pol\u00edtica ambiental"}]},{"@type":"WebSite","@id":"https:\/\/infoecos.com.ar\/#website","url":"https:\/\/infoecos.com.ar\/","name":"Infoecos","description":"Noticias de trenque lauquen y la zona","publisher":{"@id":"https:\/\/infoecos.com.ar\/#organization"},"alternateName":"Noticias","potentialAction":[{"@type":"SearchAction","target":{"@type":"EntryPoint","urlTemplate":"https:\/\/infoecos.com.ar\/?s={search_term_string}"},"query-input":{"@type":"PropertyValueSpecification","valueRequired":true,"valueName":"search_term_string"}}],"inLanguage":"es"},{"@type":"Organization","@id":"https:\/\/infoecos.com.ar\/#organization","name":"Infoecos","alternateName":"Noticias","url":"https:\/\/infoecos.com.ar\/","logo":{"@type":"ImageObject","inLanguage":"es","@id":"https:\/\/infoecos.com.ar\/#\/schema\/logo\/image\/","url":"https:\/\/infoecos.com.ar\/wp-content\/uploads\/2024\/03\/cropped-logo.png","contentUrl":"https:\/\/infoecos.com.ar\/wp-content\/uploads\/2024\/03\/cropped-logo.png","width":374,"height":90,"caption":"Infoecos"},"image":{"@id":"https:\/\/infoecos.com.ar\/#\/schema\/logo\/image\/"},"sameAs":["https:\/\/www.facebook.com\/profile.php?id=100063200290284","https:\/\/x.com\/infoecos"]},{"@type":"Person","@id":"https:\/\/infoecos.com.ar\/#\/schema\/person\/8f5ace5ce73b4b4aac4b7245aee6f191","name":"Jorge Matheus","url":"https:\/\/infoecos.com.ar\/index.php\/author\/jomatheus\/"}]}},"featured_image_urls":{"full":["https:\/\/infoecos.com.ar\/wp-content\/uploads\/2020\/10\/zurroconvenio.jpg",960,640,false],"thumbnail":["https:\/\/infoecos.com.ar\/wp-content\/uploads\/2020\/10\/zurroconvenio-150x150.jpg",150,150,true],"medium":["https:\/\/infoecos.com.ar\/wp-content\/uploads\/2020\/10\/zurroconvenio-460x307.jpg",460,307,true],"medium_large":["https:\/\/infoecos.com.ar\/wp-content\/uploads\/2020\/10\/zurroconvenio-768x512.jpg",640,427,true],"large":["https:\/\/infoecos.com.ar\/wp-content\/uploads\/2020\/10\/zurroconvenio-920x613.jpg",640,426,true],"1536x1536":["https:\/\/infoecos.com.ar\/wp-content\/uploads\/2020\/10\/zurroconvenio.jpg",960,640,false],"2048x2048":["https:\/\/infoecos.com.ar\/wp-content\/uploads\/2020\/10\/zurroconvenio.jpg",960,640,false],"covernews-slider-full":["https:\/\/infoecos.com.ar\/wp-content\/uploads\/2020\/10\/zurroconvenio.jpg",960,640,false],"covernews-slider-center":["https:\/\/infoecos.com.ar\/wp-content\/uploads\/2020\/10\/zurroconvenio-936x640.jpg",731,500,true],"covernews-featured":["https:\/\/infoecos.com.ar\/wp-content\/uploads\/2020\/10\/zurroconvenio.jpg",960,640,false],"covernews-medium":["https:\/\/infoecos.com.ar\/wp-content\/uploads\/2020\/10\/zurroconvenio-720x380.jpg",540,285,true],"covernews-medium-square":["https:\/\/infoecos.com.ar\/wp-content\/uploads\/2020\/10\/zurroconvenio-675x450.jpg",375,250,true]},"author_info":{"info":["Jorge Matheus"]},"category_info":"<a href=\"https:\/\/infoecos.com.ar\/index.php\/category\/inferior2\/\" rel=\"category tag\">Bloque inferior - 2<\/a> <a href=\"https:\/\/infoecos.com.ar\/index.php\/category\/c1nota7\/\" rel=\"category tag\">C1 nota 7<\/a>","tag_info":"C1 nota 7","comment_count":"0","_links":{"self":[{"href":"https:\/\/infoecos.com.ar\/index.php\/wp-json\/wp\/v2\/posts\/68835"}],"collection":[{"href":"https:\/\/infoecos.com.ar\/index.php\/wp-json\/wp\/v2\/posts"}],"about":[{"href":"https:\/\/infoecos.com.ar\/index.php\/wp-json\/wp\/v2\/types\/post"}],"author":[{"embeddable":true,"href":"https:\/\/infoecos.com.ar\/index.php\/wp-json\/wp\/v2\/users\/2"}],"replies":[{"embeddable":true,"href":"https:\/\/infoecos.com.ar\/index.php\/wp-json\/wp\/v2\/comments?post=68835"}],"version-history":[{"count":1,"href":"https:\/\/infoecos.com.ar\/index.php\/wp-json\/wp\/v2\/posts\/68835\/revisions"}],"predecessor-version":[{"id":68839,"href":"https:\/\/infoecos.com.ar\/index.php\/wp-json\/wp\/v2\/posts\/68835\/revisions\/68839"}],"wp:featuredmedia":[{"embeddable":true,"href":"https:\/\/infoecos.com.ar\/index.php\/wp-json\/wp\/v2\/media\/68838"}],"wp:attachment":[{"href":"https:\/\/infoecos.com.ar\/index.php\/wp-json\/wp\/v2\/media?parent=68835"}],"wp:term":[{"taxonomy":"category","embeddable":true,"href":"https:\/\/infoecos.com.ar\/index.php\/wp-json\/wp\/v2\/categories?post=68835"},{"taxonomy":"post_tag","embeddable":true,"href":"https:\/\/infoecos.com.ar\/index.php\/wp-json\/wp\/v2\/tags?post=68835"}],"curies":[{"name":"wp","href":"https:\/\/api.w.org\/{rel}","templated":true}]}}