{"id":68877,"date":"2020-10-03T01:53:51","date_gmt":"2020-10-03T04:53:51","guid":{"rendered":"http:\/\/infoecos.com.ar\/?p=68877"},"modified":"2020-10-03T02:05:35","modified_gmt":"2020-10-03T05:05:35","slug":"este-sabado-habra-una-manifestacion-en-huinca-renanco-para-que-se-permita-la-libre-circulacion-con-la-pampa","status":"publish","type":"post","link":"https:\/\/infoecos.com.ar\/index.php\/este-sabado-habra-una-manifestacion-en-huinca-renanco-para-que-se-permita-la-libre-circulacion-con-la-pampa\/","title":{"rendered":"Este s\u00e1bado habr\u00e1 una manifestaci\u00f3n en Huinca Renanc\u00f3 para que se permita la libre circulaci\u00f3n con La Pampa"},"content":{"rendered":"\n<p>Desde la localidad del sur cordob\u00e9s,&nbsp;Huinca Renanc\u00f3, vecinos convocan a una caravana hacia el l\u00edmite con La Pampa, en Realic\u00f3, por la libre circulaci\u00f3n. &nbsp;<\/p>\n\n\n\n<div class=\"wp-block-image\"><figure class=\"aligncenter size-medium\"><img loading=\"lazy\" decoding=\"async\" width=\"460\" height=\"340\" src=\"http:\/\/infoecos.com.ar\/wp-content\/uploads\/2020\/10\/0000518641-460x340.jpg\" alt=\"\" class=\"wp-image-68878\" srcset=\"https:\/\/infoecos.com.ar\/wp-content\/uploads\/2020\/10\/0000518641-460x340.jpg 460w, https:\/\/infoecos.com.ar\/wp-content\/uploads\/2020\/10\/0000518641-768x567.jpg 768w, https:\/\/infoecos.com.ar\/wp-content\/uploads\/2020\/10\/0000518641.jpg 913w\" sizes=\"(max-width: 460px) 100vw, 460px\" \/><\/figure><\/div>\n\n\n\n<p>Vecinos autoconvocados se reunieron ayer espont\u00e1neamente en el acceso Este de esa localidad cordobesa y resolvieron manifestarse esta s\u00e1bado a las 9,30 horas en el limite con la Provincia de La Pampa.<\/p>\n\n\n\n<p>La convocatoria se viraliza por las redes sociales y es para reclamar \u00ablibre tr\u00e1nsito hacia la vecina provincia que mantiene restricciones de paso que generan mas de una situaci\u00f3n de conflicto en materia de salud y laboral en los \u00faltimos d\u00edas\u00bb, seg\u00fan expresan mensajes que son distribuidos por Whatsapp y en Facebook.<\/p>\n\n\n\n<p>Fuente: la reforma.com.ar (General Pico)<\/p>\n\n\n\n<p><\/p>\n","protected":false},"excerpt":{"rendered":"<p>Desde la localidad del sur cordob\u00e9s, Huinca Renanc\u00f3, vecinos convocan a una caravana hacia el l\u00edmite con La Pampa, en Realic\u00f3, por la libre circulaci\u00f3n<\/p>\n","protected":false},"author":2,"featured_media":68878,"comment_status":"closed","ping_status":"open","sticky":false,"template":"","format":"standard","meta":{"footnotes":""},"categories":[47],"tags":[2056],"class_list":["post-68877","post","type-post","status-publish","format-standard","has-post-thumbnail","hentry","category-c3nota2","tag-caravana-hacia-el-limite-con-la-vecina-provincia"],"yoast_head":"<!-- This site is optimized with the Yoast SEO plugin v23.4 - https:\/\/yoast.com\/wordpress\/plugins\/seo\/ -->\n<title>Este s\u00e1bado habr\u00e1 una manifestaci\u00f3n en Huinca Renanc\u00f3 para que se permita la libre circulaci\u00f3n con La Pampa - Infoecos<\/title>\n<meta name=\"robots\" content=\"index, follow, max-snippet:-1, max-image-preview:large, max-video-preview:-1\" \/>\n<link rel=\"canonical\" href=\"https:\/\/infoecos.com.ar\/index.php\/este-sabado-habra-una-manifestacion-en-huinca-renanco-para-que-se-permita-la-libre-circulacion-con-la-pampa\/\" \/>\n<meta property=\"og:locale\" content=\"es_ES\" \/>\n<meta property=\"og:type\" content=\"article\" \/>\n<meta property=\"og:title\" content=\"Este s\u00e1bado habr\u00e1 una manifestaci\u00f3n en Huinca Renanc\u00f3 para que se permita la libre circulaci\u00f3n con La Pampa - Infoecos\" \/>\n<meta property=\"og:description\" content=\"Desde la localidad del sur cordob\u00e9s, Huinca Renanc\u00f3, vecinos convocan a una caravana hacia el l\u00edmite con La Pampa, en Realic\u00f3, por la libre circulaci\u00f3n\" \/>\n<meta property=\"og:url\" content=\"https:\/\/infoecos.com.ar\/index.php\/este-sabado-habra-una-manifestacion-en-huinca-renanco-para-que-se-permita-la-libre-circulacion-con-la-pampa\/\" \/>\n<meta property=\"og:site_name\" content=\"Infoecos\" \/>\n<meta property=\"article:publisher\" content=\"https:\/\/www.facebook.com\/profile.php?id=100063200290284\" \/>\n<meta property=\"article:published_time\" content=\"2020-10-03T04:53:51+00:00\" \/>\n<meta property=\"article:modified_time\" content=\"2020-10-03T05:05:35+00:00\" \/>\n<meta property=\"og:image\" content=\"https:\/\/infoecos.com.ar\/wp-content\/uploads\/2020\/10\/0000518641.jpg\" \/>\n\t<meta property=\"og:image:width\" content=\"913\" \/>\n\t<meta property=\"og:image:height\" content=\"674\" \/>\n\t<meta property=\"og:image:type\" content=\"image\/jpeg\" \/>\n<meta name=\"author\" content=\"Jorge Matheus\" \/>\n<meta name=\"twitter:card\" content=\"summary_large_image\" \/>\n<meta name=\"twitter:creator\" content=\"@infoecos\" \/>\n<meta name=\"twitter:site\" content=\"@infoecos\" \/>\n<meta name=\"twitter:label1\" content=\"Escrito por\" \/>\n\t<meta name=\"twitter:data1\" content=\"Jorge Matheus\" \/>\n\t<meta name=\"twitter:label2\" content=\"Tiempo de lectura\" \/>\n\t<meta name=\"twitter:data2\" content=\"1 minuto\" \/>\n<script type=\"application\/ld+json\" class=\"yoast-schema-graph\">{\"@context\":\"https:\/\/schema.org\",\"@graph\":[{\"@type\":\"Article\",\"@id\":\"https:\/\/infoecos.com.ar\/index.php\/este-sabado-habra-una-manifestacion-en-huinca-renanco-para-que-se-permita-la-libre-circulacion-con-la-pampa\/#article\",\"isPartOf\":{\"@id\":\"https:\/\/infoecos.com.ar\/index.php\/este-sabado-habra-una-manifestacion-en-huinca-renanco-para-que-se-permita-la-libre-circulacion-con-la-pampa\/\"},\"author\":{\"name\":\"Jorge Matheus\",\"@id\":\"https:\/\/infoecos.com.ar\/#\/schema\/person\/8f5ace5ce73b4b4aac4b7245aee6f191\"},\"headline\":\"Este s\u00e1bado habr\u00e1 una manifestaci\u00f3n en Huinca Renanc\u00f3 para que se permita la libre circulaci\u00f3n con La Pampa\",\"datePublished\":\"2020-10-03T04:53:51+00:00\",\"dateModified\":\"2020-10-03T05:05:35+00:00\",\"mainEntityOfPage\":{\"@id\":\"https:\/\/infoecos.com.ar\/index.php\/este-sabado-habra-una-manifestacion-en-huinca-renanco-para-que-se-permita-la-libre-circulacion-con-la-pampa\/\"},\"wordCount\":147,\"publisher\":{\"@id\":\"https:\/\/infoecos.com.ar\/#organization\"},\"image\":{\"@id\":\"https:\/\/infoecos.com.ar\/index.php\/este-sabado-habra-una-manifestacion-en-huinca-renanco-para-que-se-permita-la-libre-circulacion-con-la-pampa\/#primaryimage\"},\"thumbnailUrl\":\"https:\/\/infoecos.com.ar\/wp-content\/uploads\/2020\/10\/0000518641.jpg\",\"keywords\":[\"CARAVANA HACIA EL L\u00cdMITE CON LA VECINA PROVINCIA\"],\"articleSection\":[\"C3 N2\"],\"inLanguage\":\"es\"},{\"@type\":\"WebPage\",\"@id\":\"https:\/\/infoecos.com.ar\/index.php\/este-sabado-habra-una-manifestacion-en-huinca-renanco-para-que-se-permita-la-libre-circulacion-con-la-pampa\/\",\"url\":\"https:\/\/infoecos.com.ar\/index.php\/este-sabado-habra-una-manifestacion-en-huinca-renanco-para-que-se-permita-la-libre-circulacion-con-la-pampa\/\",\"name\":\"Este s\u00e1bado habr\u00e1 una manifestaci\u00f3n en Huinca Renanc\u00f3 para que se permita la libre circulaci\u00f3n con La Pampa - Infoecos\",\"isPartOf\":{\"@id\":\"https:\/\/infoecos.com.ar\/#website\"},\"primaryImageOfPage\":{\"@id\":\"https:\/\/infoecos.com.ar\/index.php\/este-sabado-habra-una-manifestacion-en-huinca-renanco-para-que-se-permita-la-libre-circulacion-con-la-pampa\/#primaryimage\"},\"image\":{\"@id\":\"https:\/\/infoecos.com.ar\/index.php\/este-sabado-habra-una-manifestacion-en-huinca-renanco-para-que-se-permita-la-libre-circulacion-con-la-pampa\/#primaryimage\"},\"thumbnailUrl\":\"https:\/\/infoecos.com.ar\/wp-content\/uploads\/2020\/10\/0000518641.jpg\",\"datePublished\":\"2020-10-03T04:53:51+00:00\",\"dateModified\":\"2020-10-03T05:05:35+00:00\",\"breadcrumb\":{\"@id\":\"https:\/\/infoecos.com.ar\/index.php\/este-sabado-habra-una-manifestacion-en-huinca-renanco-para-que-se-permita-la-libre-circulacion-con-la-pampa\/#breadcrumb\"},\"inLanguage\":\"es\",\"potentialAction\":[{\"@type\":\"ReadAction\",\"target\":[\"https:\/\/infoecos.com.ar\/index.php\/este-sabado-habra-una-manifestacion-en-huinca-renanco-para-que-se-permita-la-libre-circulacion-con-la-pampa\/\"]}]},{\"@type\":\"ImageObject\",\"inLanguage\":\"es\",\"@id\":\"https:\/\/infoecos.com.ar\/index.php\/este-sabado-habra-una-manifestacion-en-huinca-renanco-para-que-se-permita-la-libre-circulacion-con-la-pampa\/#primaryimage\",\"url\":\"https:\/\/infoecos.com.ar\/wp-content\/uploads\/2020\/10\/0000518641.jpg\",\"contentUrl\":\"https:\/\/infoecos.com.ar\/wp-content\/uploads\/2020\/10\/0000518641.jpg\",\"width\":913,\"height\":674},{\"@type\":\"BreadcrumbList\",\"@id\":\"https:\/\/infoecos.com.ar\/index.php\/este-sabado-habra-una-manifestacion-en-huinca-renanco-para-que-se-permita-la-libre-circulacion-con-la-pampa\/#breadcrumb\",\"itemListElement\":[{\"@type\":\"ListItem\",\"position\":1,\"name\":\"Portada\",\"item\":\"https:\/\/infoecos.com.ar\/\"},{\"@type\":\"ListItem\",\"position\":2,\"name\":\"Este s\u00e1bado habr\u00e1 una manifestaci\u00f3n en Huinca Renanc\u00f3 para que se permita la libre circulaci\u00f3n con La Pampa\"}]},{\"@type\":\"WebSite\",\"@id\":\"https:\/\/infoecos.com.ar\/#website\",\"url\":\"https:\/\/infoecos.com.ar\/\",\"name\":\"Infoecos\",\"description\":\"Noticias de trenque lauquen y la zona\",\"publisher\":{\"@id\":\"https:\/\/infoecos.com.ar\/#organization\"},\"alternateName\":\"Noticias\",\"potentialAction\":[{\"@type\":\"SearchAction\",\"target\":{\"@type\":\"EntryPoint\",\"urlTemplate\":\"https:\/\/infoecos.com.ar\/?s={search_term_string}\"},\"query-input\":{\"@type\":\"PropertyValueSpecification\",\"valueRequired\":true,\"valueName\":\"search_term_string\"}}],\"inLanguage\":\"es\"},{\"@type\":\"Organization\",\"@id\":\"https:\/\/infoecos.com.ar\/#organization\",\"name\":\"Infoecos\",\"alternateName\":\"Noticias\",\"url\":\"https:\/\/infoecos.com.ar\/\",\"logo\":{\"@type\":\"ImageObject\",\"inLanguage\":\"es\",\"@id\":\"https:\/\/infoecos.com.ar\/#\/schema\/logo\/image\/\",\"url\":\"https:\/\/infoecos.com.ar\/wp-content\/uploads\/2024\/03\/cropped-logo.png\",\"contentUrl\":\"https:\/\/infoecos.com.ar\/wp-content\/uploads\/2024\/03\/cropped-logo.png\",\"width\":374,\"height\":90,\"caption\":\"Infoecos\"},\"image\":{\"@id\":\"https:\/\/infoecos.com.ar\/#\/schema\/logo\/image\/\"},\"sameAs\":[\"https:\/\/www.facebook.com\/profile.php?id=100063200290284\",\"https:\/\/x.com\/infoecos\"]},{\"@type\":\"Person\",\"@id\":\"https:\/\/infoecos.com.ar\/#\/schema\/person\/8f5ace5ce73b4b4aac4b7245aee6f191\",\"name\":\"Jorge Matheus\",\"url\":\"https:\/\/infoecos.com.ar\/index.php\/author\/jomatheus\/\"}]}<\/script>\n<!-- \/ Yoast SEO plugin. -->","yoast_head_json":{"title":"Este s\u00e1bado habr\u00e1 una manifestaci\u00f3n en Huinca Renanc\u00f3 para que se permita la libre circulaci\u00f3n con La Pampa - Infoecos","robots":{"index":"index","follow":"follow","max-snippet":"max-snippet:-1","max-image-preview":"max-image-preview:large","max-video-preview":"max-video-preview:-1"},"canonical":"https:\/\/infoecos.com.ar\/index.php\/este-sabado-habra-una-manifestacion-en-huinca-renanco-para-que-se-permita-la-libre-circulacion-con-la-pampa\/","og_locale":"es_ES","og_type":"article","og_title":"Este s\u00e1bado habr\u00e1 una manifestaci\u00f3n en Huinca Renanc\u00f3 para que se permita la libre circulaci\u00f3n con La Pampa - Infoecos","og_description":"Desde la localidad del sur cordob\u00e9s, Huinca Renanc\u00f3, vecinos convocan a una caravana hacia el l\u00edmite con La Pampa, en Realic\u00f3, por la libre circulaci\u00f3n","og_url":"https:\/\/infoecos.com.ar\/index.php\/este-sabado-habra-una-manifestacion-en-huinca-renanco-para-que-se-permita-la-libre-circulacion-con-la-pampa\/","og_site_name":"Infoecos","article_publisher":"https:\/\/www.facebook.com\/profile.php?id=100063200290284","article_published_time":"2020-10-03T04:53:51+00:00","article_modified_time":"2020-10-03T05:05:35+00:00","og_image":[{"width":913,"height":674,"url":"https:\/\/infoecos.com.ar\/wp-content\/uploads\/2020\/10\/0000518641.jpg","type":"image\/jpeg"}],"author":"Jorge Matheus","twitter_card":"summary_large_image","twitter_creator":"@infoecos","twitter_site":"@infoecos","twitter_misc":{"Escrito por":"Jorge Matheus","Tiempo de lectura":"1 minuto"},"schema":{"@context":"https:\/\/schema.org","@graph":[{"@type":"Article","@id":"https:\/\/infoecos.com.ar\/index.php\/este-sabado-habra-una-manifestacion-en-huinca-renanco-para-que-se-permita-la-libre-circulacion-con-la-pampa\/#article","isPartOf":{"@id":"https:\/\/infoecos.com.ar\/index.php\/este-sabado-habra-una-manifestacion-en-huinca-renanco-para-que-se-permita-la-libre-circulacion-con-la-pampa\/"},"author":{"name":"Jorge Matheus","@id":"https:\/\/infoecos.com.ar\/#\/schema\/person\/8f5ace5ce73b4b4aac4b7245aee6f191"},"headline":"Este s\u00e1bado habr\u00e1 una manifestaci\u00f3n en Huinca Renanc\u00f3 para que se permita la libre circulaci\u00f3n con La Pampa","datePublished":"2020-10-03T04:53:51+00:00","dateModified":"2020-10-03T05:05:35+00:00","mainEntityOfPage":{"@id":"https:\/\/infoecos.com.ar\/index.php\/este-sabado-habra-una-manifestacion-en-huinca-renanco-para-que-se-permita-la-libre-circulacion-con-la-pampa\/"},"wordCount":147,"publisher":{"@id":"https:\/\/infoecos.com.ar\/#organization"},"image":{"@id":"https:\/\/infoecos.com.ar\/index.php\/este-sabado-habra-una-manifestacion-en-huinca-renanco-para-que-se-permita-la-libre-circulacion-con-la-pampa\/#primaryimage"},"thumbnailUrl":"https:\/\/infoecos.com.ar\/wp-content\/uploads\/2020\/10\/0000518641.jpg","keywords":["CARAVANA HACIA EL L\u00cdMITE CON LA VECINA PROVINCIA"],"articleSection":["C3 N2"],"inLanguage":"es"},{"@type":"WebPage","@id":"https:\/\/infoecos.com.ar\/index.php\/este-sabado-habra-una-manifestacion-en-huinca-renanco-para-que-se-permita-la-libre-circulacion-con-la-pampa\/","url":"https:\/\/infoecos.com.ar\/index.php\/este-sabado-habra-una-manifestacion-en-huinca-renanco-para-que-se-permita-la-libre-circulacion-con-la-pampa\/","name":"Este s\u00e1bado habr\u00e1 una manifestaci\u00f3n en Huinca Renanc\u00f3 para que se permita la libre circulaci\u00f3n con La Pampa - Infoecos","isPartOf":{"@id":"https:\/\/infoecos.com.ar\/#website"},"primaryImageOfPage":{"@id":"https:\/\/infoecos.com.ar\/index.php\/este-sabado-habra-una-manifestacion-en-huinca-renanco-para-que-se-permita-la-libre-circulacion-con-la-pampa\/#primaryimage"},"image":{"@id":"https:\/\/infoecos.com.ar\/index.php\/este-sabado-habra-una-manifestacion-en-huinca-renanco-para-que-se-permita-la-libre-circulacion-con-la-pampa\/#primaryimage"},"thumbnailUrl":"https:\/\/infoecos.com.ar\/wp-content\/uploads\/2020\/10\/0000518641.jpg","datePublished":"2020-10-03T04:53:51+00:00","dateModified":"2020-10-03T05:05:35+00:00","breadcrumb":{"@id":"https:\/\/infoecos.com.ar\/index.php\/este-sabado-habra-una-manifestacion-en-huinca-renanco-para-que-se-permita-la-libre-circulacion-con-la-pampa\/#breadcrumb"},"inLanguage":"es","potentialAction":[{"@type":"ReadAction","target":["https:\/\/infoecos.com.ar\/index.php\/este-sabado-habra-una-manifestacion-en-huinca-renanco-para-que-se-permita-la-libre-circulacion-con-la-pampa\/"]}]},{"@type":"ImageObject","inLanguage":"es","@id":"https:\/\/infoecos.com.ar\/index.php\/este-sabado-habra-una-manifestacion-en-huinca-renanco-para-que-se-permita-la-libre-circulacion-con-la-pampa\/#primaryimage","url":"https:\/\/infoecos.com.ar\/wp-content\/uploads\/2020\/10\/0000518641.jpg","contentUrl":"https:\/\/infoecos.com.ar\/wp-content\/uploads\/2020\/10\/0000518641.jpg","width":913,"height":674},{"@type":"BreadcrumbList","@id":"https:\/\/infoecos.com.ar\/index.php\/este-sabado-habra-una-manifestacion-en-huinca-renanco-para-que-se-permita-la-libre-circulacion-con-la-pampa\/#breadcrumb","itemListElement":[{"@type":"ListItem","position":1,"name":"Portada","item":"https:\/\/infoecos.com.ar\/"},{"@type":"ListItem","position":2,"name":"Este s\u00e1bado habr\u00e1 una manifestaci\u00f3n en Huinca Renanc\u00f3 para que se permita la libre circulaci\u00f3n con La Pampa"}]},{"@type":"WebSite","@id":"https:\/\/infoecos.com.ar\/#website","url":"https:\/\/infoecos.com.ar\/","name":"Infoecos","description":"Noticias de trenque lauquen y la zona","publisher":{"@id":"https:\/\/infoecos.com.ar\/#organization"},"alternateName":"Noticias","potentialAction":[{"@type":"SearchAction","target":{"@type":"EntryPoint","urlTemplate":"https:\/\/infoecos.com.ar\/?s={search_term_string}"},"query-input":{"@type":"PropertyValueSpecification","valueRequired":true,"valueName":"search_term_string"}}],"inLanguage":"es"},{"@type":"Organization","@id":"https:\/\/infoecos.com.ar\/#organization","name":"Infoecos","alternateName":"Noticias","url":"https:\/\/infoecos.com.ar\/","logo":{"@type":"ImageObject","inLanguage":"es","@id":"https:\/\/infoecos.com.ar\/#\/schema\/logo\/image\/","url":"https:\/\/infoecos.com.ar\/wp-content\/uploads\/2024\/03\/cropped-logo.png","contentUrl":"https:\/\/infoecos.com.ar\/wp-content\/uploads\/2024\/03\/cropped-logo.png","width":374,"height":90,"caption":"Infoecos"},"image":{"@id":"https:\/\/infoecos.com.ar\/#\/schema\/logo\/image\/"},"sameAs":["https:\/\/www.facebook.com\/profile.php?id=100063200290284","https:\/\/x.com\/infoecos"]},{"@type":"Person","@id":"https:\/\/infoecos.com.ar\/#\/schema\/person\/8f5ace5ce73b4b4aac4b7245aee6f191","name":"Jorge Matheus","url":"https:\/\/infoecos.com.ar\/index.php\/author\/jomatheus\/"}]}},"featured_image_urls":{"full":["https:\/\/infoecos.com.ar\/wp-content\/uploads\/2020\/10\/0000518641.jpg",913,674,false],"thumbnail":["https:\/\/infoecos.com.ar\/wp-content\/uploads\/2020\/10\/0000518641-150x150.jpg",150,150,true],"medium":["https:\/\/infoecos.com.ar\/wp-content\/uploads\/2020\/10\/0000518641-460x340.jpg",460,340,true],"medium_large":["https:\/\/infoecos.com.ar\/wp-content\/uploads\/2020\/10\/0000518641-768x567.jpg",640,473,true],"large":["https:\/\/infoecos.com.ar\/wp-content\/uploads\/2020\/10\/0000518641.jpg",640,472,false],"1536x1536":["https:\/\/infoecos.com.ar\/wp-content\/uploads\/2020\/10\/0000518641.jpg",913,674,false],"2048x2048":["https:\/\/infoecos.com.ar\/wp-content\/uploads\/2020\/10\/0000518641.jpg",913,674,false],"covernews-slider-full":["https:\/\/infoecos.com.ar\/wp-content\/uploads\/2020\/10\/0000518641.jpg",913,674,false],"covernews-slider-center":["https:\/\/infoecos.com.ar\/wp-content\/uploads\/2020\/10\/0000518641.jpg",677,500,false],"covernews-featured":["https:\/\/infoecos.com.ar\/wp-content\/uploads\/2020\/10\/0000518641.jpg",913,674,false],"covernews-medium":["https:\/\/infoecos.com.ar\/wp-content\/uploads\/2020\/10\/0000518641-720x380.jpg",540,285,true],"covernews-medium-square":["https:\/\/infoecos.com.ar\/wp-content\/uploads\/2020\/10\/0000518641-675x450.jpg",375,250,true]},"author_info":{"info":["Jorge Matheus"]},"category_info":"<a href=\"https:\/\/infoecos.com.ar\/index.php\/category\/c3nota2\/\" rel=\"category tag\">C3 N2<\/a>","tag_info":"C3 N2","comment_count":"0","_links":{"self":[{"href":"https:\/\/infoecos.com.ar\/index.php\/wp-json\/wp\/v2\/posts\/68877"}],"collection":[{"href":"https:\/\/infoecos.com.ar\/index.php\/wp-json\/wp\/v2\/posts"}],"about":[{"href":"https:\/\/infoecos.com.ar\/index.php\/wp-json\/wp\/v2\/types\/post"}],"author":[{"embeddable":true,"href":"https:\/\/infoecos.com.ar\/index.php\/wp-json\/wp\/v2\/users\/2"}],"replies":[{"embeddable":true,"href":"https:\/\/infoecos.com.ar\/index.php\/wp-json\/wp\/v2\/comments?post=68877"}],"version-history":[{"count":2,"href":"https:\/\/infoecos.com.ar\/index.php\/wp-json\/wp\/v2\/posts\/68877\/revisions"}],"predecessor-version":[{"id":68883,"href":"https:\/\/infoecos.com.ar\/index.php\/wp-json\/wp\/v2\/posts\/68877\/revisions\/68883"}],"wp:featuredmedia":[{"embeddable":true,"href":"https:\/\/infoecos.com.ar\/index.php\/wp-json\/wp\/v2\/media\/68878"}],"wp:attachment":[{"href":"https:\/\/infoecos.com.ar\/index.php\/wp-json\/wp\/v2\/media?parent=68877"}],"wp:term":[{"taxonomy":"category","embeddable":true,"href":"https:\/\/infoecos.com.ar\/index.php\/wp-json\/wp\/v2\/categories?post=68877"},{"taxonomy":"post_tag","embeddable":true,"href":"https:\/\/infoecos.com.ar\/index.php\/wp-json\/wp\/v2\/tags?post=68877"}],"curies":[{"name":"wp","href":"https:\/\/api.w.org\/{rel}","templated":true}]}}