{"id":68949,"date":"2020-10-04T18:26:51","date_gmt":"2020-10-04T21:26:51","guid":{"rendered":"http:\/\/infoecos.com.ar\/?p=68949"},"modified":"2020-10-06T01:50:01","modified_gmt":"2020-10-06T04:50:01","slug":"juegos-regionales-2020-region-x-prorrogaron-la-inscripcion-hasta-el-martes-20","status":"publish","type":"post","link":"https:\/\/infoecos.com.ar\/index.php\/juegos-regionales-2020-region-x-prorrogaron-la-inscripcion-hasta-el-martes-20\/","title":{"rendered":"Juegos Regionales 2020: prorrogaron la inscripci\u00f3n hasta el martes 20"},"content":{"rendered":"\n<p>Hasta el pr\u00f3ximo martes 20 fue prorrogada la inscripci\u00f3n para participar de la primera edici\u00f3n de los \u201cJuegos Regionales 2020 \/ Regi\u00f3n X\u201d, que organizan las direcciones de Deportes de los municipios de Florentino Ameghino, Pellegrini, Rivadavia, Salliquel\u00f3, Carlos Tejedor, Trenque Lauquen, Tres Lomas y General Villegas.<\/p>\n\n\n\n<div class=\"wp-block-image\"><figure class=\"aligncenter size-large\"><img loading=\"lazy\" decoding=\"async\" width=\"295\" height=\"171\" src=\"http:\/\/infoecos.com.ar\/wp-content\/uploads\/2020\/09\/DEPORTES.jpeg\" alt=\"\" class=\"wp-image-68595\"\/><\/figure><\/div>\n\n\n\n<p>En el caso de Trenque Lauquen los interesados pueden para anotarse por la direcci\u00f3n de Deportes, en Oro170, entre Villegas y Roca, de lunes a viernes de 7 a 13.<\/p>\n\n\n\n<p>La inscripci\u00f3n se extendi\u00f3 porque algunos de los municipios participantes, debido a la situaci\u00f3n de emergencia sanitaria por la pandemia, optaron por retrasarla para evitar un mayor movimiento y reci\u00e9n la inciaron hace pocos d\u00edas, coment\u00f3 Jos\u00e9 \u201cCholo\u201d Igart\u00faa, de la direcci\u00f3n de Deportes.<\/p>\n\n\n\n<p>Aunque en Trenque Lauquen la inscripci\u00f3n comenz\u00f3 antes, igual el plazo se extiende en sinton\u00eda con los otros distritos. Hasta ahora hay muy buena repercusi\u00f3n en Artes Marciales, Ajedrez, Arquer\u00eda, Atletismo, Marat\u00f3n y Ciclismo, entre otras disciplinas. La idea, agreg\u00f3 Igart\u00f9a, es hacer en noviembre la actividad regional y algunas distritales.<\/p>\n\n\n\n<p>Los \u201cJuegos Regionales 2020 \/ Regi\u00f3n X\u201d est\u00e1n abiertos a juveniles, personas con discapacidad, adultos y adultos mayores y abarcan las disciplinas Ajedrez, Atletismo, B\u00e1squet, Ciclismo, Futgolf, Karate, Pat\u00edn, Taekwondo y Tiro con arco.<\/p>\n\n\n\n<p>Estos Juegos Regionales fueron pensados como una alternativa a los Juegos Bonaerenses que este a\u00f1o llegaron con un programa reducido debido a la pandemia provocada por el Covid-19.<\/p>\n","protected":false},"excerpt":{"rendered":"<p>Organizan las direcciones de Deportes de los municipios de Florentino Ameghino, Pellegrini, Rivadavia, Salliquel\u00f3, Carlos Tejedor, Trenque Lauquen, Tres Lomas y General Villegas<\/p>\n","protected":false},"author":2,"featured_media":68595,"comment_status":"closed","ping_status":"open","sticky":false,"template":"","format":"standard","meta":{"footnotes":""},"categories":[1341],"tags":[2072],"class_list":["post-68949","post","type-post","status-publish","format-standard","has-post-thumbnail","hentry","category-c1nota7","tag-debido-a-la-situacion-de-emergencia-sanitaria"],"yoast_head":"<!-- This site is optimized with the Yoast SEO plugin v23.4 - https:\/\/yoast.com\/wordpress\/plugins\/seo\/ -->\n<title>Juegos Regionales 2020: prorrogaron la inscripci\u00f3n hasta el martes 20 - Infoecos<\/title>\n<meta name=\"robots\" content=\"index, follow, max-snippet:-1, max-image-preview:large, max-video-preview:-1\" \/>\n<link rel=\"canonical\" href=\"https:\/\/infoecos.com.ar\/index.php\/juegos-regionales-2020-region-x-prorrogaron-la-inscripcion-hasta-el-martes-20\/\" \/>\n<meta property=\"og:locale\" content=\"es_ES\" \/>\n<meta property=\"og:type\" content=\"article\" \/>\n<meta property=\"og:title\" content=\"Juegos Regionales 2020: prorrogaron la inscripci\u00f3n hasta el martes 20 - Infoecos\" \/>\n<meta property=\"og:description\" content=\"Organizan las direcciones de Deportes de los municipios de Florentino Ameghino, Pellegrini, Rivadavia, Salliquel\u00f3, Carlos Tejedor, Trenque Lauquen, Tres Lomas y General Villegas\" \/>\n<meta property=\"og:url\" content=\"https:\/\/infoecos.com.ar\/index.php\/juegos-regionales-2020-region-x-prorrogaron-la-inscripcion-hasta-el-martes-20\/\" \/>\n<meta property=\"og:site_name\" content=\"Infoecos\" \/>\n<meta property=\"article:publisher\" content=\"https:\/\/www.facebook.com\/profile.php?id=100063200290284\" \/>\n<meta property=\"article:published_time\" content=\"2020-10-04T21:26:51+00:00\" \/>\n<meta property=\"article:modified_time\" content=\"2020-10-06T04:50:01+00:00\" \/>\n<meta property=\"og:image\" content=\"https:\/\/infoecos.com.ar\/wp-content\/uploads\/2020\/09\/DEPORTES.jpeg\" \/>\n\t<meta property=\"og:image:width\" content=\"295\" \/>\n\t<meta property=\"og:image:height\" content=\"171\" \/>\n\t<meta property=\"og:image:type\" content=\"image\/jpeg\" \/>\n<meta name=\"author\" content=\"Jorge Matheus\" \/>\n<meta name=\"twitter:card\" content=\"summary_large_image\" \/>\n<meta name=\"twitter:creator\" content=\"@infoecos\" \/>\n<meta name=\"twitter:site\" content=\"@infoecos\" \/>\n<meta name=\"twitter:label1\" content=\"Escrito por\" \/>\n\t<meta name=\"twitter:data1\" content=\"Jorge Matheus\" \/>\n\t<meta name=\"twitter:label2\" content=\"Tiempo de lectura\" \/>\n\t<meta name=\"twitter:data2\" content=\"1 minuto\" \/>\n<script type=\"application\/ld+json\" class=\"yoast-schema-graph\">{\"@context\":\"https:\/\/schema.org\",\"@graph\":[{\"@type\":\"Article\",\"@id\":\"https:\/\/infoecos.com.ar\/index.php\/juegos-regionales-2020-region-x-prorrogaron-la-inscripcion-hasta-el-martes-20\/#article\",\"isPartOf\":{\"@id\":\"https:\/\/infoecos.com.ar\/index.php\/juegos-regionales-2020-region-x-prorrogaron-la-inscripcion-hasta-el-martes-20\/\"},\"author\":{\"name\":\"Jorge Matheus\",\"@id\":\"https:\/\/infoecos.com.ar\/#\/schema\/person\/8f5ace5ce73b4b4aac4b7245aee6f191\"},\"headline\":\"Juegos Regionales 2020: prorrogaron la inscripci\u00f3n hasta el martes 20\",\"datePublished\":\"2020-10-04T21:26:51+00:00\",\"dateModified\":\"2020-10-06T04:50:01+00:00\",\"mainEntityOfPage\":{\"@id\":\"https:\/\/infoecos.com.ar\/index.php\/juegos-regionales-2020-region-x-prorrogaron-la-inscripcion-hasta-el-martes-20\/\"},\"wordCount\":258,\"publisher\":{\"@id\":\"https:\/\/infoecos.com.ar\/#organization\"},\"image\":{\"@id\":\"https:\/\/infoecos.com.ar\/index.php\/juegos-regionales-2020-region-x-prorrogaron-la-inscripcion-hasta-el-martes-20\/#primaryimage\"},\"thumbnailUrl\":\"https:\/\/infoecos.com.ar\/wp-content\/uploads\/2020\/09\/DEPORTES.jpeg\",\"keywords\":[\"DEBIDO A LA SITUACION DE EMERGENCIA SANITARIA\"],\"articleSection\":[\"C1 nota 7\"],\"inLanguage\":\"es\"},{\"@type\":\"WebPage\",\"@id\":\"https:\/\/infoecos.com.ar\/index.php\/juegos-regionales-2020-region-x-prorrogaron-la-inscripcion-hasta-el-martes-20\/\",\"url\":\"https:\/\/infoecos.com.ar\/index.php\/juegos-regionales-2020-region-x-prorrogaron-la-inscripcion-hasta-el-martes-20\/\",\"name\":\"Juegos Regionales 2020: prorrogaron la inscripci\u00f3n hasta el martes 20 - Infoecos\",\"isPartOf\":{\"@id\":\"https:\/\/infoecos.com.ar\/#website\"},\"primaryImageOfPage\":{\"@id\":\"https:\/\/infoecos.com.ar\/index.php\/juegos-regionales-2020-region-x-prorrogaron-la-inscripcion-hasta-el-martes-20\/#primaryimage\"},\"image\":{\"@id\":\"https:\/\/infoecos.com.ar\/index.php\/juegos-regionales-2020-region-x-prorrogaron-la-inscripcion-hasta-el-martes-20\/#primaryimage\"},\"thumbnailUrl\":\"https:\/\/infoecos.com.ar\/wp-content\/uploads\/2020\/09\/DEPORTES.jpeg\",\"datePublished\":\"2020-10-04T21:26:51+00:00\",\"dateModified\":\"2020-10-06T04:50:01+00:00\",\"breadcrumb\":{\"@id\":\"https:\/\/infoecos.com.ar\/index.php\/juegos-regionales-2020-region-x-prorrogaron-la-inscripcion-hasta-el-martes-20\/#breadcrumb\"},\"inLanguage\":\"es\",\"potentialAction\":[{\"@type\":\"ReadAction\",\"target\":[\"https:\/\/infoecos.com.ar\/index.php\/juegos-regionales-2020-region-x-prorrogaron-la-inscripcion-hasta-el-martes-20\/\"]}]},{\"@type\":\"ImageObject\",\"inLanguage\":\"es\",\"@id\":\"https:\/\/infoecos.com.ar\/index.php\/juegos-regionales-2020-region-x-prorrogaron-la-inscripcion-hasta-el-martes-20\/#primaryimage\",\"url\":\"https:\/\/infoecos.com.ar\/wp-content\/uploads\/2020\/09\/DEPORTES.jpeg\",\"contentUrl\":\"https:\/\/infoecos.com.ar\/wp-content\/uploads\/2020\/09\/DEPORTES.jpeg\",\"width\":295,\"height\":171},{\"@type\":\"BreadcrumbList\",\"@id\":\"https:\/\/infoecos.com.ar\/index.php\/juegos-regionales-2020-region-x-prorrogaron-la-inscripcion-hasta-el-martes-20\/#breadcrumb\",\"itemListElement\":[{\"@type\":\"ListItem\",\"position\":1,\"name\":\"Portada\",\"item\":\"https:\/\/infoecos.com.ar\/\"},{\"@type\":\"ListItem\",\"position\":2,\"name\":\"Juegos Regionales 2020: prorrogaron la inscripci\u00f3n hasta el martes 20\"}]},{\"@type\":\"WebSite\",\"@id\":\"https:\/\/infoecos.com.ar\/#website\",\"url\":\"https:\/\/infoecos.com.ar\/\",\"name\":\"Infoecos\",\"description\":\"Noticias de trenque lauquen y la zona\",\"publisher\":{\"@id\":\"https:\/\/infoecos.com.ar\/#organization\"},\"alternateName\":\"Noticias\",\"potentialAction\":[{\"@type\":\"SearchAction\",\"target\":{\"@type\":\"EntryPoint\",\"urlTemplate\":\"https:\/\/infoecos.com.ar\/?s={search_term_string}\"},\"query-input\":{\"@type\":\"PropertyValueSpecification\",\"valueRequired\":true,\"valueName\":\"search_term_string\"}}],\"inLanguage\":\"es\"},{\"@type\":\"Organization\",\"@id\":\"https:\/\/infoecos.com.ar\/#organization\",\"name\":\"Infoecos\",\"alternateName\":\"Noticias\",\"url\":\"https:\/\/infoecos.com.ar\/\",\"logo\":{\"@type\":\"ImageObject\",\"inLanguage\":\"es\",\"@id\":\"https:\/\/infoecos.com.ar\/#\/schema\/logo\/image\/\",\"url\":\"https:\/\/infoecos.com.ar\/wp-content\/uploads\/2024\/03\/cropped-logo.png\",\"contentUrl\":\"https:\/\/infoecos.com.ar\/wp-content\/uploads\/2024\/03\/cropped-logo.png\",\"width\":374,\"height\":90,\"caption\":\"Infoecos\"},\"image\":{\"@id\":\"https:\/\/infoecos.com.ar\/#\/schema\/logo\/image\/\"},\"sameAs\":[\"https:\/\/www.facebook.com\/profile.php?id=100063200290284\",\"https:\/\/x.com\/infoecos\"]},{\"@type\":\"Person\",\"@id\":\"https:\/\/infoecos.com.ar\/#\/schema\/person\/8f5ace5ce73b4b4aac4b7245aee6f191\",\"name\":\"Jorge Matheus\",\"url\":\"https:\/\/infoecos.com.ar\/index.php\/author\/jomatheus\/\"}]}<\/script>\n<!-- \/ Yoast SEO plugin. -->","yoast_head_json":{"title":"Juegos Regionales 2020: prorrogaron la inscripci\u00f3n hasta el martes 20 - Infoecos","robots":{"index":"index","follow":"follow","max-snippet":"max-snippet:-1","max-image-preview":"max-image-preview:large","max-video-preview":"max-video-preview:-1"},"canonical":"https:\/\/infoecos.com.ar\/index.php\/juegos-regionales-2020-region-x-prorrogaron-la-inscripcion-hasta-el-martes-20\/","og_locale":"es_ES","og_type":"article","og_title":"Juegos Regionales 2020: prorrogaron la inscripci\u00f3n hasta el martes 20 - Infoecos","og_description":"Organizan las direcciones de Deportes de los municipios de Florentino Ameghino, Pellegrini, Rivadavia, Salliquel\u00f3, Carlos Tejedor, Trenque Lauquen, Tres Lomas y General Villegas","og_url":"https:\/\/infoecos.com.ar\/index.php\/juegos-regionales-2020-region-x-prorrogaron-la-inscripcion-hasta-el-martes-20\/","og_site_name":"Infoecos","article_publisher":"https:\/\/www.facebook.com\/profile.php?id=100063200290284","article_published_time":"2020-10-04T21:26:51+00:00","article_modified_time":"2020-10-06T04:50:01+00:00","og_image":[{"width":295,"height":171,"url":"https:\/\/infoecos.com.ar\/wp-content\/uploads\/2020\/09\/DEPORTES.jpeg","type":"image\/jpeg"}],"author":"Jorge Matheus","twitter_card":"summary_large_image","twitter_creator":"@infoecos","twitter_site":"@infoecos","twitter_misc":{"Escrito por":"Jorge Matheus","Tiempo de lectura":"1 minuto"},"schema":{"@context":"https:\/\/schema.org","@graph":[{"@type":"Article","@id":"https:\/\/infoecos.com.ar\/index.php\/juegos-regionales-2020-region-x-prorrogaron-la-inscripcion-hasta-el-martes-20\/#article","isPartOf":{"@id":"https:\/\/infoecos.com.ar\/index.php\/juegos-regionales-2020-region-x-prorrogaron-la-inscripcion-hasta-el-martes-20\/"},"author":{"name":"Jorge Matheus","@id":"https:\/\/infoecos.com.ar\/#\/schema\/person\/8f5ace5ce73b4b4aac4b7245aee6f191"},"headline":"Juegos Regionales 2020: prorrogaron la inscripci\u00f3n hasta el martes 20","datePublished":"2020-10-04T21:26:51+00:00","dateModified":"2020-10-06T04:50:01+00:00","mainEntityOfPage":{"@id":"https:\/\/infoecos.com.ar\/index.php\/juegos-regionales-2020-region-x-prorrogaron-la-inscripcion-hasta-el-martes-20\/"},"wordCount":258,"publisher":{"@id":"https:\/\/infoecos.com.ar\/#organization"},"image":{"@id":"https:\/\/infoecos.com.ar\/index.php\/juegos-regionales-2020-region-x-prorrogaron-la-inscripcion-hasta-el-martes-20\/#primaryimage"},"thumbnailUrl":"https:\/\/infoecos.com.ar\/wp-content\/uploads\/2020\/09\/DEPORTES.jpeg","keywords":["DEBIDO A LA SITUACION DE EMERGENCIA SANITARIA"],"articleSection":["C1 nota 7"],"inLanguage":"es"},{"@type":"WebPage","@id":"https:\/\/infoecos.com.ar\/index.php\/juegos-regionales-2020-region-x-prorrogaron-la-inscripcion-hasta-el-martes-20\/","url":"https:\/\/infoecos.com.ar\/index.php\/juegos-regionales-2020-region-x-prorrogaron-la-inscripcion-hasta-el-martes-20\/","name":"Juegos Regionales 2020: prorrogaron la inscripci\u00f3n hasta el martes 20 - Infoecos","isPartOf":{"@id":"https:\/\/infoecos.com.ar\/#website"},"primaryImageOfPage":{"@id":"https:\/\/infoecos.com.ar\/index.php\/juegos-regionales-2020-region-x-prorrogaron-la-inscripcion-hasta-el-martes-20\/#primaryimage"},"image":{"@id":"https:\/\/infoecos.com.ar\/index.php\/juegos-regionales-2020-region-x-prorrogaron-la-inscripcion-hasta-el-martes-20\/#primaryimage"},"thumbnailUrl":"https:\/\/infoecos.com.ar\/wp-content\/uploads\/2020\/09\/DEPORTES.jpeg","datePublished":"2020-10-04T21:26:51+00:00","dateModified":"2020-10-06T04:50:01+00:00","breadcrumb":{"@id":"https:\/\/infoecos.com.ar\/index.php\/juegos-regionales-2020-region-x-prorrogaron-la-inscripcion-hasta-el-martes-20\/#breadcrumb"},"inLanguage":"es","potentialAction":[{"@type":"ReadAction","target":["https:\/\/infoecos.com.ar\/index.php\/juegos-regionales-2020-region-x-prorrogaron-la-inscripcion-hasta-el-martes-20\/"]}]},{"@type":"ImageObject","inLanguage":"es","@id":"https:\/\/infoecos.com.ar\/index.php\/juegos-regionales-2020-region-x-prorrogaron-la-inscripcion-hasta-el-martes-20\/#primaryimage","url":"https:\/\/infoecos.com.ar\/wp-content\/uploads\/2020\/09\/DEPORTES.jpeg","contentUrl":"https:\/\/infoecos.com.ar\/wp-content\/uploads\/2020\/09\/DEPORTES.jpeg","width":295,"height":171},{"@type":"BreadcrumbList","@id":"https:\/\/infoecos.com.ar\/index.php\/juegos-regionales-2020-region-x-prorrogaron-la-inscripcion-hasta-el-martes-20\/#breadcrumb","itemListElement":[{"@type":"ListItem","position":1,"name":"Portada","item":"https:\/\/infoecos.com.ar\/"},{"@type":"ListItem","position":2,"name":"Juegos Regionales 2020: prorrogaron la inscripci\u00f3n hasta el martes 20"}]},{"@type":"WebSite","@id":"https:\/\/infoecos.com.ar\/#website","url":"https:\/\/infoecos.com.ar\/","name":"Infoecos","description":"Noticias de trenque lauquen y la zona","publisher":{"@id":"https:\/\/infoecos.com.ar\/#organization"},"alternateName":"Noticias","potentialAction":[{"@type":"SearchAction","target":{"@type":"EntryPoint","urlTemplate":"https:\/\/infoecos.com.ar\/?s={search_term_string}"},"query-input":{"@type":"PropertyValueSpecification","valueRequired":true,"valueName":"search_term_string"}}],"inLanguage":"es"},{"@type":"Organization","@id":"https:\/\/infoecos.com.ar\/#organization","name":"Infoecos","alternateName":"Noticias","url":"https:\/\/infoecos.com.ar\/","logo":{"@type":"ImageObject","inLanguage":"es","@id":"https:\/\/infoecos.com.ar\/#\/schema\/logo\/image\/","url":"https:\/\/infoecos.com.ar\/wp-content\/uploads\/2024\/03\/cropped-logo.png","contentUrl":"https:\/\/infoecos.com.ar\/wp-content\/uploads\/2024\/03\/cropped-logo.png","width":374,"height":90,"caption":"Infoecos"},"image":{"@id":"https:\/\/infoecos.com.ar\/#\/schema\/logo\/image\/"},"sameAs":["https:\/\/www.facebook.com\/profile.php?id=100063200290284","https:\/\/x.com\/infoecos"]},{"@type":"Person","@id":"https:\/\/infoecos.com.ar\/#\/schema\/person\/8f5ace5ce73b4b4aac4b7245aee6f191","name":"Jorge Matheus","url":"https:\/\/infoecos.com.ar\/index.php\/author\/jomatheus\/"}]}},"featured_image_urls":{"full":["https:\/\/infoecos.com.ar\/wp-content\/uploads\/2020\/09\/DEPORTES.jpeg",295,171,false],"thumbnail":["https:\/\/infoecos.com.ar\/wp-content\/uploads\/2020\/09\/DEPORTES-150x150.jpeg",150,150,true],"medium":["https:\/\/infoecos.com.ar\/wp-content\/uploads\/2020\/09\/DEPORTES.jpeg",295,171,false],"medium_large":["https:\/\/infoecos.com.ar\/wp-content\/uploads\/2020\/09\/DEPORTES.jpeg",295,171,false],"large":["https:\/\/infoecos.com.ar\/wp-content\/uploads\/2020\/09\/DEPORTES.jpeg",295,171,false],"1536x1536":["https:\/\/infoecos.com.ar\/wp-content\/uploads\/2020\/09\/DEPORTES.jpeg",295,171,false],"2048x2048":["https:\/\/infoecos.com.ar\/wp-content\/uploads\/2020\/09\/DEPORTES.jpeg",295,171,false],"covernews-slider-full":["https:\/\/infoecos.com.ar\/wp-content\/uploads\/2020\/09\/DEPORTES.jpeg",295,171,false],"covernews-slider-center":["https:\/\/infoecos.com.ar\/wp-content\/uploads\/2020\/09\/DEPORTES.jpeg",295,171,false],"covernews-featured":["https:\/\/infoecos.com.ar\/wp-content\/uploads\/2020\/09\/DEPORTES.jpeg",295,171,false],"covernews-medium":["https:\/\/infoecos.com.ar\/wp-content\/uploads\/2020\/09\/DEPORTES.jpeg",295,171,false],"covernews-medium-square":["https:\/\/infoecos.com.ar\/wp-content\/uploads\/2020\/09\/DEPORTES.jpeg",295,171,false]},"author_info":{"info":["Jorge Matheus"]},"category_info":"<a href=\"https:\/\/infoecos.com.ar\/index.php\/category\/c1nota7\/\" rel=\"category tag\">C1 nota 7<\/a>","tag_info":"C1 nota 7","comment_count":"0","_links":{"self":[{"href":"https:\/\/infoecos.com.ar\/index.php\/wp-json\/wp\/v2\/posts\/68949"}],"collection":[{"href":"https:\/\/infoecos.com.ar\/index.php\/wp-json\/wp\/v2\/posts"}],"about":[{"href":"https:\/\/infoecos.com.ar\/index.php\/wp-json\/wp\/v2\/types\/post"}],"author":[{"embeddable":true,"href":"https:\/\/infoecos.com.ar\/index.php\/wp-json\/wp\/v2\/users\/2"}],"replies":[{"embeddable":true,"href":"https:\/\/infoecos.com.ar\/index.php\/wp-json\/wp\/v2\/comments?post=68949"}],"version-history":[{"count":2,"href":"https:\/\/infoecos.com.ar\/index.php\/wp-json\/wp\/v2\/posts\/68949\/revisions"}],"predecessor-version":[{"id":68951,"href":"https:\/\/infoecos.com.ar\/index.php\/wp-json\/wp\/v2\/posts\/68949\/revisions\/68951"}],"wp:featuredmedia":[{"embeddable":true,"href":"https:\/\/infoecos.com.ar\/index.php\/wp-json\/wp\/v2\/media\/68595"}],"wp:attachment":[{"href":"https:\/\/infoecos.com.ar\/index.php\/wp-json\/wp\/v2\/media?parent=68949"}],"wp:term":[{"taxonomy":"category","embeddable":true,"href":"https:\/\/infoecos.com.ar\/index.php\/wp-json\/wp\/v2\/categories?post=68949"},{"taxonomy":"post_tag","embeddable":true,"href":"https:\/\/infoecos.com.ar\/index.php\/wp-json\/wp\/v2\/tags?post=68949"}],"curies":[{"name":"wp","href":"https:\/\/api.w.org\/{rel}","templated":true}]}}