{"id":68984,"date":"2020-10-05T01:58:11","date_gmt":"2020-10-05T04:58:11","guid":{"rendered":"http:\/\/infoecos.com.ar\/?p=68984"},"modified":"2020-10-05T01:59:02","modified_gmt":"2020-10-05T04:59:02","slug":"seguira-hoy-en-la-camara-de-diputados-de-la-nacion-la-discusion-del-proyecto-de-presupuesto-2021","status":"publish","type":"post","link":"https:\/\/infoecos.com.ar\/index.php\/seguira-hoy-en-la-camara-de-diputados-de-la-nacion-la-discusion-del-proyecto-de-presupuesto-2021\/","title":{"rendered":"Seguir\u00e1 hoy en la C\u00e1mara de Diputados de la Naci\u00f3n la discusi\u00f3n del proyecto de Presupuesto 2021"},"content":{"rendered":"\n<p>La C\u00e1mara de Diputados reanudar\u00e1 este lunes la discusi\u00f3n en comisi\u00f3n del proyecto de Presupuesto 2021, con las exposiciones que brindar\u00e1n los ministros de Desarrollo Social, Daniel Arroyo; de Obras P\u00fablicas, Gabriel Katapodis; y de Desarrollo Productivo, Mat\u00edas Kulfas, sobre las pol\u00edticas que sus carteras tienen previsto desarrollar el pr\u00f3ximo a\u00f1o.<\/p>\n\n\n\n<div class=\"wp-block-image\"><figure class=\"aligncenter size-medium\"><img loading=\"lazy\" decoding=\"async\" width=\"460\" height=\"259\" src=\"http:\/\/infoecos.com.ar\/wp-content\/uploads\/2020\/10\/diputadosvir-460x259.jpg\" alt=\"\" class=\"wp-image-68985\" srcset=\"https:\/\/infoecos.com.ar\/wp-content\/uploads\/2020\/10\/diputadosvir-460x259.jpg 460w, https:\/\/infoecos.com.ar\/wp-content\/uploads\/2020\/10\/diputadosvir-920x518.jpg 920w, https:\/\/infoecos.com.ar\/wp-content\/uploads\/2020\/10\/diputadosvir-768x432.jpg 768w, https:\/\/infoecos.com.ar\/wp-content\/uploads\/2020\/10\/diputadosvir.jpg 1004w\" sizes=\"(max-width: 460px) 100vw, 460px\" \/><\/figure><\/div>\n\n\n\n<p>Los recursos que tendr\u00e1n las \u00e1reas que conducen esos funcionarios explican m\u00e1s de la mitad del monto total del presupuesto, teniendo en cuenta que solo para gasto social se destinar\u00e1n m\u00e1s de cinco de los ocho billones de pesos previstos para 2021.<\/p>\n\n\n\n<p><strong>Los tres funcionarios expondr\u00e1n a partir de 15<\/strong>&nbsp;en el marco de un plenario de la Comisi\u00f3n de Presupuesto -que conduce Carlos Heller- que se realizar\u00e1&nbsp;<strong>a trav\u00e9s del sistema de videoconferencia<\/strong>.<\/p>\n\n\n\n<p>El esquema prev\u00e9 una presentaci\u00f3n inicial de los funcionarios, para luego pasar a responder las preguntas de los diputados sobre aspectos vinculados a sus \u00e1reas.<\/p>\n\n\n\n<figure class=\"wp-block-embed-youtube wp-block-embed is-type-video is-provider-youtube wp-embed-aspect-4-3 wp-has-aspect-ratio\"><div class=\"wp-block-embed__wrapper\">\n<iframe loading=\"lazy\" title=\"DTV DIPUTADOS TELEVISI\u00d3N - en vivo las 24 hs.\" width=\"640\" height=\"480\" src=\"https:\/\/www.youtube.com\/embed\/mTQcSGeVyFA?feature=oembed\" frameborder=\"0\" allow=\"accelerometer; autoplay; clipboard-write; encrypted-media; gyroscope; picture-in-picture; web-share\" referrerpolicy=\"strict-origin-when-cross-origin\" allowfullscreen><\/iframe>\n<\/div><\/figure>\n\n\n\n<p>En la tercera semana tras las presentaci\u00f3n formal del proyecto de Presupuesto 2021, el oficialismo realizar\u00e1 una nueva reuni\u00f3n informativa con las exposiciones de Arroyo, Katopodis y Kulfas.<\/p>\n\n\n\n<p><strong>La semana pasada fue el turno del viceministro de Econom\u00eda Haroldo Montagu, y los secretarios de Hacienda Ra\u00fal Rigo, y de Finanzas Diego Bastourre, que realizaron sus presentaciones a lo largo de dos jornadas<\/strong>.<\/p>\n","protected":false},"excerpt":{"rendered":"<p>Los tres funcionarios expondr\u00e1n a partir de 15 en el marco de un plenario de la Comisi\u00f3n de Presupuesto -que conduce Carlos Heller- que se realizar\u00e1 a trav\u00e9s del sistema de videoconferencia<\/p>\n","protected":false},"author":2,"featured_media":68985,"comment_status":"closed","ping_status":"open","sticky":false,"template":"","format":"standard","meta":{"footnotes":""},"categories":[1326],"tags":[2082],"class_list":["post-68984","post","type-post","status-publish","format-standard","has-post-thumbnail","hentry","category-c2nota6","tag-expondran-arroyo-katopodis-y-kulfas"],"yoast_head":"<!-- This site is optimized with the Yoast SEO plugin v23.4 - https:\/\/yoast.com\/wordpress\/plugins\/seo\/ -->\n<title>Seguir\u00e1 hoy en la C\u00e1mara de Diputados de la Naci\u00f3n la discusi\u00f3n del proyecto de Presupuesto 2021 - Infoecos<\/title>\n<meta name=\"robots\" content=\"index, follow, max-snippet:-1, max-image-preview:large, max-video-preview:-1\" \/>\n<link rel=\"canonical\" href=\"https:\/\/infoecos.com.ar\/index.php\/seguira-hoy-en-la-camara-de-diputados-de-la-nacion-la-discusion-del-proyecto-de-presupuesto-2021\/\" \/>\n<meta property=\"og:locale\" content=\"es_ES\" \/>\n<meta property=\"og:type\" content=\"article\" \/>\n<meta property=\"og:title\" content=\"Seguir\u00e1 hoy en la C\u00e1mara de Diputados de la Naci\u00f3n la discusi\u00f3n del proyecto de Presupuesto 2021 - Infoecos\" \/>\n<meta property=\"og:description\" content=\"Los tres funcionarios expondr\u00e1n a partir de 15 en el marco de un plenario de la Comisi\u00f3n de Presupuesto -que conduce Carlos Heller- que se realizar\u00e1 a trav\u00e9s del sistema de videoconferencia\" \/>\n<meta property=\"og:url\" content=\"https:\/\/infoecos.com.ar\/index.php\/seguira-hoy-en-la-camara-de-diputados-de-la-nacion-la-discusion-del-proyecto-de-presupuesto-2021\/\" \/>\n<meta property=\"og:site_name\" content=\"Infoecos\" \/>\n<meta property=\"article:publisher\" content=\"https:\/\/www.facebook.com\/profile.php?id=100063200290284\" \/>\n<meta property=\"article:published_time\" content=\"2020-10-05T04:58:11+00:00\" \/>\n<meta property=\"article:modified_time\" content=\"2020-10-05T04:59:02+00:00\" \/>\n<meta property=\"og:image\" content=\"https:\/\/infoecos.com.ar\/wp-content\/uploads\/2020\/10\/diputadosvir.jpg\" \/>\n\t<meta property=\"og:image:width\" content=\"1004\" \/>\n\t<meta property=\"og:image:height\" content=\"565\" \/>\n\t<meta property=\"og:image:type\" content=\"image\/jpeg\" \/>\n<meta name=\"author\" content=\"Jorge Matheus\" \/>\n<meta name=\"twitter:card\" content=\"summary_large_image\" \/>\n<meta name=\"twitter:creator\" content=\"@infoecos\" \/>\n<meta name=\"twitter:site\" content=\"@infoecos\" \/>\n<meta name=\"twitter:label1\" content=\"Escrito por\" \/>\n\t<meta name=\"twitter:data1\" content=\"Jorge Matheus\" \/>\n\t<meta name=\"twitter:label2\" content=\"Tiempo de lectura\" \/>\n\t<meta name=\"twitter:data2\" content=\"1 minuto\" \/>\n<script type=\"application\/ld+json\" class=\"yoast-schema-graph\">{\"@context\":\"https:\/\/schema.org\",\"@graph\":[{\"@type\":\"Article\",\"@id\":\"https:\/\/infoecos.com.ar\/index.php\/seguira-hoy-en-la-camara-de-diputados-de-la-nacion-la-discusion-del-proyecto-de-presupuesto-2021\/#article\",\"isPartOf\":{\"@id\":\"https:\/\/infoecos.com.ar\/index.php\/seguira-hoy-en-la-camara-de-diputados-de-la-nacion-la-discusion-del-proyecto-de-presupuesto-2021\/\"},\"author\":{\"name\":\"Jorge Matheus\",\"@id\":\"https:\/\/infoecos.com.ar\/#\/schema\/person\/8f5ace5ce73b4b4aac4b7245aee6f191\"},\"headline\":\"Seguir\u00e1 hoy en la C\u00e1mara de Diputados de la Naci\u00f3n la discusi\u00f3n del proyecto de Presupuesto 2021\",\"datePublished\":\"2020-10-05T04:58:11+00:00\",\"dateModified\":\"2020-10-05T04:59:02+00:00\",\"mainEntityOfPage\":{\"@id\":\"https:\/\/infoecos.com.ar\/index.php\/seguira-hoy-en-la-camara-de-diputados-de-la-nacion-la-discusion-del-proyecto-de-presupuesto-2021\/\"},\"wordCount\":263,\"publisher\":{\"@id\":\"https:\/\/infoecos.com.ar\/#organization\"},\"image\":{\"@id\":\"https:\/\/infoecos.com.ar\/index.php\/seguira-hoy-en-la-camara-de-diputados-de-la-nacion-la-discusion-del-proyecto-de-presupuesto-2021\/#primaryimage\"},\"thumbnailUrl\":\"https:\/\/infoecos.com.ar\/wp-content\/uploads\/2020\/10\/diputadosvir.jpg\",\"keywords\":[\"expondr\u00e1n Arroyo - Katopodis y Kulfas\"],\"articleSection\":[\"C2 N6\"],\"inLanguage\":\"es\"},{\"@type\":\"WebPage\",\"@id\":\"https:\/\/infoecos.com.ar\/index.php\/seguira-hoy-en-la-camara-de-diputados-de-la-nacion-la-discusion-del-proyecto-de-presupuesto-2021\/\",\"url\":\"https:\/\/infoecos.com.ar\/index.php\/seguira-hoy-en-la-camara-de-diputados-de-la-nacion-la-discusion-del-proyecto-de-presupuesto-2021\/\",\"name\":\"Seguir\u00e1 hoy en la C\u00e1mara de Diputados de la Naci\u00f3n la discusi\u00f3n del proyecto de Presupuesto 2021 - Infoecos\",\"isPartOf\":{\"@id\":\"https:\/\/infoecos.com.ar\/#website\"},\"primaryImageOfPage\":{\"@id\":\"https:\/\/infoecos.com.ar\/index.php\/seguira-hoy-en-la-camara-de-diputados-de-la-nacion-la-discusion-del-proyecto-de-presupuesto-2021\/#primaryimage\"},\"image\":{\"@id\":\"https:\/\/infoecos.com.ar\/index.php\/seguira-hoy-en-la-camara-de-diputados-de-la-nacion-la-discusion-del-proyecto-de-presupuesto-2021\/#primaryimage\"},\"thumbnailUrl\":\"https:\/\/infoecos.com.ar\/wp-content\/uploads\/2020\/10\/diputadosvir.jpg\",\"datePublished\":\"2020-10-05T04:58:11+00:00\",\"dateModified\":\"2020-10-05T04:59:02+00:00\",\"breadcrumb\":{\"@id\":\"https:\/\/infoecos.com.ar\/index.php\/seguira-hoy-en-la-camara-de-diputados-de-la-nacion-la-discusion-del-proyecto-de-presupuesto-2021\/#breadcrumb\"},\"inLanguage\":\"es\",\"potentialAction\":[{\"@type\":\"ReadAction\",\"target\":[\"https:\/\/infoecos.com.ar\/index.php\/seguira-hoy-en-la-camara-de-diputados-de-la-nacion-la-discusion-del-proyecto-de-presupuesto-2021\/\"]}]},{\"@type\":\"ImageObject\",\"inLanguage\":\"es\",\"@id\":\"https:\/\/infoecos.com.ar\/index.php\/seguira-hoy-en-la-camara-de-diputados-de-la-nacion-la-discusion-del-proyecto-de-presupuesto-2021\/#primaryimage\",\"url\":\"https:\/\/infoecos.com.ar\/wp-content\/uploads\/2020\/10\/diputadosvir.jpg\",\"contentUrl\":\"https:\/\/infoecos.com.ar\/wp-content\/uploads\/2020\/10\/diputadosvir.jpg\",\"width\":1004,\"height\":565},{\"@type\":\"BreadcrumbList\",\"@id\":\"https:\/\/infoecos.com.ar\/index.php\/seguira-hoy-en-la-camara-de-diputados-de-la-nacion-la-discusion-del-proyecto-de-presupuesto-2021\/#breadcrumb\",\"itemListElement\":[{\"@type\":\"ListItem\",\"position\":1,\"name\":\"Portada\",\"item\":\"https:\/\/infoecos.com.ar\/\"},{\"@type\":\"ListItem\",\"position\":2,\"name\":\"Seguir\u00e1 hoy en la C\u00e1mara de Diputados de la Naci\u00f3n la discusi\u00f3n del proyecto de Presupuesto 2021\"}]},{\"@type\":\"WebSite\",\"@id\":\"https:\/\/infoecos.com.ar\/#website\",\"url\":\"https:\/\/infoecos.com.ar\/\",\"name\":\"Infoecos\",\"description\":\"Noticias de trenque lauquen y la zona\",\"publisher\":{\"@id\":\"https:\/\/infoecos.com.ar\/#organization\"},\"alternateName\":\"Noticias\",\"potentialAction\":[{\"@type\":\"SearchAction\",\"target\":{\"@type\":\"EntryPoint\",\"urlTemplate\":\"https:\/\/infoecos.com.ar\/?s={search_term_string}\"},\"query-input\":{\"@type\":\"PropertyValueSpecification\",\"valueRequired\":true,\"valueName\":\"search_term_string\"}}],\"inLanguage\":\"es\"},{\"@type\":\"Organization\",\"@id\":\"https:\/\/infoecos.com.ar\/#organization\",\"name\":\"Infoecos\",\"alternateName\":\"Noticias\",\"url\":\"https:\/\/infoecos.com.ar\/\",\"logo\":{\"@type\":\"ImageObject\",\"inLanguage\":\"es\",\"@id\":\"https:\/\/infoecos.com.ar\/#\/schema\/logo\/image\/\",\"url\":\"https:\/\/infoecos.com.ar\/wp-content\/uploads\/2024\/03\/cropped-logo.png\",\"contentUrl\":\"https:\/\/infoecos.com.ar\/wp-content\/uploads\/2024\/03\/cropped-logo.png\",\"width\":374,\"height\":90,\"caption\":\"Infoecos\"},\"image\":{\"@id\":\"https:\/\/infoecos.com.ar\/#\/schema\/logo\/image\/\"},\"sameAs\":[\"https:\/\/www.facebook.com\/profile.php?id=100063200290284\",\"https:\/\/x.com\/infoecos\"]},{\"@type\":\"Person\",\"@id\":\"https:\/\/infoecos.com.ar\/#\/schema\/person\/8f5ace5ce73b4b4aac4b7245aee6f191\",\"name\":\"Jorge Matheus\",\"url\":\"https:\/\/infoecos.com.ar\/index.php\/author\/jomatheus\/\"}]}<\/script>\n<!-- \/ Yoast SEO plugin. -->","yoast_head_json":{"title":"Seguir\u00e1 hoy en la C\u00e1mara de Diputados de la Naci\u00f3n la discusi\u00f3n del proyecto de Presupuesto 2021 - Infoecos","robots":{"index":"index","follow":"follow","max-snippet":"max-snippet:-1","max-image-preview":"max-image-preview:large","max-video-preview":"max-video-preview:-1"},"canonical":"https:\/\/infoecos.com.ar\/index.php\/seguira-hoy-en-la-camara-de-diputados-de-la-nacion-la-discusion-del-proyecto-de-presupuesto-2021\/","og_locale":"es_ES","og_type":"article","og_title":"Seguir\u00e1 hoy en la C\u00e1mara de Diputados de la Naci\u00f3n la discusi\u00f3n del proyecto de Presupuesto 2021 - Infoecos","og_description":"Los tres funcionarios expondr\u00e1n a partir de 15 en el marco de un plenario de la Comisi\u00f3n de Presupuesto -que conduce Carlos Heller- que se realizar\u00e1 a trav\u00e9s del sistema de videoconferencia","og_url":"https:\/\/infoecos.com.ar\/index.php\/seguira-hoy-en-la-camara-de-diputados-de-la-nacion-la-discusion-del-proyecto-de-presupuesto-2021\/","og_site_name":"Infoecos","article_publisher":"https:\/\/www.facebook.com\/profile.php?id=100063200290284","article_published_time":"2020-10-05T04:58:11+00:00","article_modified_time":"2020-10-05T04:59:02+00:00","og_image":[{"width":1004,"height":565,"url":"https:\/\/infoecos.com.ar\/wp-content\/uploads\/2020\/10\/diputadosvir.jpg","type":"image\/jpeg"}],"author":"Jorge Matheus","twitter_card":"summary_large_image","twitter_creator":"@infoecos","twitter_site":"@infoecos","twitter_misc":{"Escrito por":"Jorge Matheus","Tiempo de lectura":"1 minuto"},"schema":{"@context":"https:\/\/schema.org","@graph":[{"@type":"Article","@id":"https:\/\/infoecos.com.ar\/index.php\/seguira-hoy-en-la-camara-de-diputados-de-la-nacion-la-discusion-del-proyecto-de-presupuesto-2021\/#article","isPartOf":{"@id":"https:\/\/infoecos.com.ar\/index.php\/seguira-hoy-en-la-camara-de-diputados-de-la-nacion-la-discusion-del-proyecto-de-presupuesto-2021\/"},"author":{"name":"Jorge Matheus","@id":"https:\/\/infoecos.com.ar\/#\/schema\/person\/8f5ace5ce73b4b4aac4b7245aee6f191"},"headline":"Seguir\u00e1 hoy en la C\u00e1mara de Diputados de la Naci\u00f3n la discusi\u00f3n del proyecto de Presupuesto 2021","datePublished":"2020-10-05T04:58:11+00:00","dateModified":"2020-10-05T04:59:02+00:00","mainEntityOfPage":{"@id":"https:\/\/infoecos.com.ar\/index.php\/seguira-hoy-en-la-camara-de-diputados-de-la-nacion-la-discusion-del-proyecto-de-presupuesto-2021\/"},"wordCount":263,"publisher":{"@id":"https:\/\/infoecos.com.ar\/#organization"},"image":{"@id":"https:\/\/infoecos.com.ar\/index.php\/seguira-hoy-en-la-camara-de-diputados-de-la-nacion-la-discusion-del-proyecto-de-presupuesto-2021\/#primaryimage"},"thumbnailUrl":"https:\/\/infoecos.com.ar\/wp-content\/uploads\/2020\/10\/diputadosvir.jpg","keywords":["expondr\u00e1n Arroyo - Katopodis y Kulfas"],"articleSection":["C2 N6"],"inLanguage":"es"},{"@type":"WebPage","@id":"https:\/\/infoecos.com.ar\/index.php\/seguira-hoy-en-la-camara-de-diputados-de-la-nacion-la-discusion-del-proyecto-de-presupuesto-2021\/","url":"https:\/\/infoecos.com.ar\/index.php\/seguira-hoy-en-la-camara-de-diputados-de-la-nacion-la-discusion-del-proyecto-de-presupuesto-2021\/","name":"Seguir\u00e1 hoy en la C\u00e1mara de Diputados de la Naci\u00f3n la discusi\u00f3n del proyecto de Presupuesto 2021 - Infoecos","isPartOf":{"@id":"https:\/\/infoecos.com.ar\/#website"},"primaryImageOfPage":{"@id":"https:\/\/infoecos.com.ar\/index.php\/seguira-hoy-en-la-camara-de-diputados-de-la-nacion-la-discusion-del-proyecto-de-presupuesto-2021\/#primaryimage"},"image":{"@id":"https:\/\/infoecos.com.ar\/index.php\/seguira-hoy-en-la-camara-de-diputados-de-la-nacion-la-discusion-del-proyecto-de-presupuesto-2021\/#primaryimage"},"thumbnailUrl":"https:\/\/infoecos.com.ar\/wp-content\/uploads\/2020\/10\/diputadosvir.jpg","datePublished":"2020-10-05T04:58:11+00:00","dateModified":"2020-10-05T04:59:02+00:00","breadcrumb":{"@id":"https:\/\/infoecos.com.ar\/index.php\/seguira-hoy-en-la-camara-de-diputados-de-la-nacion-la-discusion-del-proyecto-de-presupuesto-2021\/#breadcrumb"},"inLanguage":"es","potentialAction":[{"@type":"ReadAction","target":["https:\/\/infoecos.com.ar\/index.php\/seguira-hoy-en-la-camara-de-diputados-de-la-nacion-la-discusion-del-proyecto-de-presupuesto-2021\/"]}]},{"@type":"ImageObject","inLanguage":"es","@id":"https:\/\/infoecos.com.ar\/index.php\/seguira-hoy-en-la-camara-de-diputados-de-la-nacion-la-discusion-del-proyecto-de-presupuesto-2021\/#primaryimage","url":"https:\/\/infoecos.com.ar\/wp-content\/uploads\/2020\/10\/diputadosvir.jpg","contentUrl":"https:\/\/infoecos.com.ar\/wp-content\/uploads\/2020\/10\/diputadosvir.jpg","width":1004,"height":565},{"@type":"BreadcrumbList","@id":"https:\/\/infoecos.com.ar\/index.php\/seguira-hoy-en-la-camara-de-diputados-de-la-nacion-la-discusion-del-proyecto-de-presupuesto-2021\/#breadcrumb","itemListElement":[{"@type":"ListItem","position":1,"name":"Portada","item":"https:\/\/infoecos.com.ar\/"},{"@type":"ListItem","position":2,"name":"Seguir\u00e1 hoy en la C\u00e1mara de Diputados de la Naci\u00f3n la discusi\u00f3n del proyecto de Presupuesto 2021"}]},{"@type":"WebSite","@id":"https:\/\/infoecos.com.ar\/#website","url":"https:\/\/infoecos.com.ar\/","name":"Infoecos","description":"Noticias de trenque lauquen y la zona","publisher":{"@id":"https:\/\/infoecos.com.ar\/#organization"},"alternateName":"Noticias","potentialAction":[{"@type":"SearchAction","target":{"@type":"EntryPoint","urlTemplate":"https:\/\/infoecos.com.ar\/?s={search_term_string}"},"query-input":{"@type":"PropertyValueSpecification","valueRequired":true,"valueName":"search_term_string"}}],"inLanguage":"es"},{"@type":"Organization","@id":"https:\/\/infoecos.com.ar\/#organization","name":"Infoecos","alternateName":"Noticias","url":"https:\/\/infoecos.com.ar\/","logo":{"@type":"ImageObject","inLanguage":"es","@id":"https:\/\/infoecos.com.ar\/#\/schema\/logo\/image\/","url":"https:\/\/infoecos.com.ar\/wp-content\/uploads\/2024\/03\/cropped-logo.png","contentUrl":"https:\/\/infoecos.com.ar\/wp-content\/uploads\/2024\/03\/cropped-logo.png","width":374,"height":90,"caption":"Infoecos"},"image":{"@id":"https:\/\/infoecos.com.ar\/#\/schema\/logo\/image\/"},"sameAs":["https:\/\/www.facebook.com\/profile.php?id=100063200290284","https:\/\/x.com\/infoecos"]},{"@type":"Person","@id":"https:\/\/infoecos.com.ar\/#\/schema\/person\/8f5ace5ce73b4b4aac4b7245aee6f191","name":"Jorge Matheus","url":"https:\/\/infoecos.com.ar\/index.php\/author\/jomatheus\/"}]}},"featured_image_urls":{"full":["https:\/\/infoecos.com.ar\/wp-content\/uploads\/2020\/10\/diputadosvir.jpg",1004,565,false],"thumbnail":["https:\/\/infoecos.com.ar\/wp-content\/uploads\/2020\/10\/diputadosvir-150x150.jpg",150,150,true],"medium":["https:\/\/infoecos.com.ar\/wp-content\/uploads\/2020\/10\/diputadosvir-460x259.jpg",460,259,true],"medium_large":["https:\/\/infoecos.com.ar\/wp-content\/uploads\/2020\/10\/diputadosvir-768x432.jpg",640,360,true],"large":["https:\/\/infoecos.com.ar\/wp-content\/uploads\/2020\/10\/diputadosvir-920x518.jpg",640,360,true],"1536x1536":["https:\/\/infoecos.com.ar\/wp-content\/uploads\/2020\/10\/diputadosvir.jpg",1004,565,false],"2048x2048":["https:\/\/infoecos.com.ar\/wp-content\/uploads\/2020\/10\/diputadosvir.jpg",1004,565,false],"covernews-slider-full":["https:\/\/infoecos.com.ar\/wp-content\/uploads\/2020\/10\/diputadosvir.jpg",1004,565,false],"covernews-slider-center":["https:\/\/infoecos.com.ar\/wp-content\/uploads\/2020\/10\/diputadosvir-936x565.jpg",800,483,true],"covernews-featured":["https:\/\/infoecos.com.ar\/wp-content\/uploads\/2020\/10\/diputadosvir.jpg",1004,565,false],"covernews-medium":["https:\/\/infoecos.com.ar\/wp-content\/uploads\/2020\/10\/diputadosvir-720x380.jpg",540,285,true],"covernews-medium-square":["https:\/\/infoecos.com.ar\/wp-content\/uploads\/2020\/10\/diputadosvir-675x450.jpg",375,250,true]},"author_info":{"info":["Jorge Matheus"]},"category_info":"<a href=\"https:\/\/infoecos.com.ar\/index.php\/category\/c2nota6\/\" rel=\"category tag\">C2 N6<\/a>","tag_info":"C2 N6","comment_count":"0","_links":{"self":[{"href":"https:\/\/infoecos.com.ar\/index.php\/wp-json\/wp\/v2\/posts\/68984"}],"collection":[{"href":"https:\/\/infoecos.com.ar\/index.php\/wp-json\/wp\/v2\/posts"}],"about":[{"href":"https:\/\/infoecos.com.ar\/index.php\/wp-json\/wp\/v2\/types\/post"}],"author":[{"embeddable":true,"href":"https:\/\/infoecos.com.ar\/index.php\/wp-json\/wp\/v2\/users\/2"}],"replies":[{"embeddable":true,"href":"https:\/\/infoecos.com.ar\/index.php\/wp-json\/wp\/v2\/comments?post=68984"}],"version-history":[{"count":1,"href":"https:\/\/infoecos.com.ar\/index.php\/wp-json\/wp\/v2\/posts\/68984\/revisions"}],"predecessor-version":[{"id":68986,"href":"https:\/\/infoecos.com.ar\/index.php\/wp-json\/wp\/v2\/posts\/68984\/revisions\/68986"}],"wp:featuredmedia":[{"embeddable":true,"href":"https:\/\/infoecos.com.ar\/index.php\/wp-json\/wp\/v2\/media\/68985"}],"wp:attachment":[{"href":"https:\/\/infoecos.com.ar\/index.php\/wp-json\/wp\/v2\/media?parent=68984"}],"wp:term":[{"taxonomy":"category","embeddable":true,"href":"https:\/\/infoecos.com.ar\/index.php\/wp-json\/wp\/v2\/categories?post=68984"},{"taxonomy":"post_tag","embeddable":true,"href":"https:\/\/infoecos.com.ar\/index.php\/wp-json\/wp\/v2\/tags?post=68984"}],"curies":[{"name":"wp","href":"https:\/\/api.w.org\/{rel}","templated":true}]}}