{"id":69152,"date":"2020-10-07T11:17:29","date_gmt":"2020-10-07T14:17:29","guid":{"rendered":"http:\/\/infoecos.com.ar\/?p=69152"},"modified":"2020-10-07T11:22:49","modified_gmt":"2020-10-07T14:22:49","slug":"fernandez-pidio-la-intervencion-de-la-justicia-por-el-tema-pesca","status":"publish","type":"post","link":"https:\/\/infoecos.com.ar\/index.php\/fernandez-pidio-la-intervencion-de-la-justicia-por-el-tema-pesca\/","title":{"rendered":"Fern\u00e1ndez pidi\u00f3 la intervenci\u00f3n de la justicia por el tema pesca"},"content":{"rendered":"\n<p><em>El intendente de Trenque Lauquen, Miguel Fern\u00e1ndez, anunci\u00f3 el pedido de investigaci\u00f3n ante la justicia de las denuncias que circulan por redes sociales en relaci\u00f3n a la pesca en Beru<\/em>ti<\/p>\n\n\n\n<figure class=\"wp-block-image size-large\"><img loading=\"lazy\" decoding=\"async\" width=\"920\" height=\"575\" src=\"http:\/\/infoecos.com.ar\/wp-content\/uploads\/2020\/10\/Pesca-carpa-Berutti-6-1080x675-1-920x575.jpg\" alt=\"\" class=\"wp-image-69154\" srcset=\"https:\/\/infoecos.com.ar\/wp-content\/uploads\/2020\/10\/Pesca-carpa-Berutti-6-1080x675-1-920x575.jpg 920w, https:\/\/infoecos.com.ar\/wp-content\/uploads\/2020\/10\/Pesca-carpa-Berutti-6-1080x675-1-460x288.jpg 460w, https:\/\/infoecos.com.ar\/wp-content\/uploads\/2020\/10\/Pesca-carpa-Berutti-6-1080x675-1-768x480.jpg 768w, https:\/\/infoecos.com.ar\/wp-content\/uploads\/2020\/10\/Pesca-carpa-Berutti-6-1080x675-1-1024x640.jpg 1024w, https:\/\/infoecos.com.ar\/wp-content\/uploads\/2020\/10\/Pesca-carpa-Berutti-6-1080x675-1.jpg 1080w\" sizes=\"(max-width: 920px) 100vw, 920px\" \/><\/figure>\n\n\n\n<p>El jefe comunal denunci\u00f3 que <strong>existe \u201cuna infamia, que comenz\u00f3 a trav\u00e9s de las redes sociales\u201d<\/strong>. Fern\u00e1ndez se refiere espec\u00edficamente a una serie de publicaciones realizada en el grupo \u00ab<a href=\"https:\/\/www.facebook.com\/groups\/485663509001397\/\">Sin <\/a><a rel=\"noreferrer noopener\" href=\"https:\/\/www.facebook.com\/groups\/485663509001397\/\" target=\"_blank\">Censuras.\u00bb T. Lauquen. BS.A<\/a><a href=\"https:\/\/www.facebook.com\/groups\/485663509001397\/\">S<\/a> a trav\u00e9s de las cuales<strong> se acusa a funcionarios municipales de recibir coimas para no intervenir en caso de mayor extracci\u00f3n de pejerrey que la permitida en el circuito lacustre de Beruti.<\/strong><\/p>\n\n\n\n<p>Es por eso que el intendente consider\u00f3 que los hechos \u201cpresentan una gravedad suficiente para dar intervenci\u00f3n a la justicia y que tome las medidas que considere pertinentes\u201d. Consultado acerca desde qu\u00e9 sector podr\u00edan venir las acusaciones, el funcionario fue contundente: <strong>\u201cAc\u00e1 se est\u00e1n jugando otros intereses <\/strong>-m\u00e1s all\u00e1 de los denunciados-,<strong> intereses que se beneficiaron sistem\u00e1ticamente de la pesca furtiva, que se llevaron el recurso. Intereses que est\u00e1n molestos porque ning\u00fan otro gobierno decidi\u00f3 involucrarse\u201d.\u00a0<\/strong><\/p>\n\n\n\n<figure class=\"wp-block-image size-large\"><img loading=\"lazy\" decoding=\"async\" width=\"480\" height=\"577\" src=\"http:\/\/infoecos.com.ar\/wp-content\/uploads\/2020\/10\/WhatsApp-Image-2020-10-07-at-11.06.17-AM.jpeg\" alt=\"\" class=\"wp-image-69155\" srcset=\"https:\/\/infoecos.com.ar\/wp-content\/uploads\/2020\/10\/WhatsApp-Image-2020-10-07-at-11.06.17-AM.jpeg 480w, https:\/\/infoecos.com.ar\/wp-content\/uploads\/2020\/10\/WhatsApp-Image-2020-10-07-at-11.06.17-AM-383x460.jpeg 383w\" sizes=\"(max-width: 480px) 100vw, 480px\" \/><\/figure>\n\n\n\n<p>Fern\u00e1ndez agreg\u00f3: \u201cDefendemos los intereses de Trenque Lauquen y defendemos los intereses de los pescadores que son de Trenque Lauquen. Queremos que esta actividad sea sustentable y agregue valor, y<strong> la vamos a defender de los p\u00edcaros de afuera o de los c\u00f3mplices locales que quieran llevar su beneficio a otro lado\u201d.\u00a0<\/strong><\/p>\n\n\n\n<p>Respecto a la presentaci\u00f3n ante la justicia, el intendente exclam\u00f3 que \u201ccomo se involucra con nombre y apellido a dos funcionarios de nuestro gobierno pedimos que la persona que denuncia presente las pruebas pertinentes\u201d.<\/p>\n\n\n\n<p>A la denuncia que se refiere Miguel Fern\u00e1ndez es la que comenz\u00f3 a circular desde hace unos d\u00edas en un grupo de Facebook local, en el cual un perfil con el nombre de <strong>Juan Pablo Melgar, acusa a Clarisa Fabris, secretaria de producci\u00f3n, y al delegado de la localidad de Berutti, Daniel Fern\u00e1ndez, de recibir 200 mil pesos por mes por permitir la extracci\u00f3n de m\u00e1s kilos de los que indica la normativa<\/strong>, y que se favorecer\u00eda a un frigor\u00edfico entrerriano con el permiso de extraer m\u00e1s de un mill\u00f3n de kilos de pejerrey.\u00a0<\/p>\n\n\n\n<figure class=\"wp-block-image size-large\"><img loading=\"lazy\" decoding=\"async\" width=\"480\" height=\"796\" src=\"http:\/\/infoecos.com.ar\/wp-content\/uploads\/2020\/10\/WhatsApp-Image-2020-10-07-at-11.04.19-AM.jpeg\" alt=\"\" class=\"wp-image-69156\" srcset=\"https:\/\/infoecos.com.ar\/wp-content\/uploads\/2020\/10\/WhatsApp-Image-2020-10-07-at-11.04.19-AM.jpeg 480w, https:\/\/infoecos.com.ar\/wp-content\/uploads\/2020\/10\/WhatsApp-Image-2020-10-07-at-11.04.19-AM-277x460.jpeg 277w\" sizes=\"(max-width: 480px) 100vw, 480px\" \/><\/figure>\n\n\n\n<p>Reflexion\u00f3 adem\u00e1s que<strong> para las administraciones municipales \u201cSiempre la pesca fue un problema\u201d <\/strong>y que desde su gesti\u00f3n quieren \u201cque Beruti recupere algo de lo que perdi\u00f3. L<strong>e inundamos su cuidad, y encontraron con resiliencia un recurso que es la pesca, y ahora se lo quieren sacar, pero lo vamos a defender\u201d. <\/strong>Agreg\u00f3 que hoy se comunic\u00f3 con el ministro de Producci\u00f3n, Ciencia e Innovaci\u00f3n Tecnol\u00f3gica de la provincia de Buenos Aires, Augusto Costa, para tomar cartas en el asunto.\u00a0<\/p>\n\n\n\n<p>\u201cAlguien dijo que cuando la pesca anda bien, beruti anda bien, y es as\u00ed. En lugar que sea ilegal y en negro, sea en blanco, y la riqueza quede en el distrito\u201d Finaliz\u00f3.<\/p>\n","protected":false},"excerpt":{"rendered":"<p>El intendente de Trenque Lauquen, Miguel Fern\u00e1ndez, anunci\u00f3 el pedido de investigaci\u00f3n ante la justicia&#8230;<\/p>\n","protected":false},"author":3,"featured_media":69154,"comment_status":"closed","ping_status":"open","sticky":false,"template":"","format":"standard","meta":{"footnotes":""},"categories":[1612],"tags":[2116],"class_list":["post-69152","post","type-post","status-publish","format-standard","has-post-thumbnail","hentry","category-noticia-principal","tag-por-una-denuncia-en-redes-sociales"],"yoast_head":"<!-- This site is optimized with the Yoast SEO plugin v23.4 - https:\/\/yoast.com\/wordpress\/plugins\/seo\/ -->\n<title>Fern\u00e1ndez pidi\u00f3 la intervenci\u00f3n de la justicia por el tema pesca - Infoecos<\/title>\n<meta name=\"robots\" content=\"index, follow, max-snippet:-1, max-image-preview:large, max-video-preview:-1\" \/>\n<link rel=\"canonical\" href=\"https:\/\/infoecos.com.ar\/index.php\/fernandez-pidio-la-intervencion-de-la-justicia-por-el-tema-pesca\/\" \/>\n<meta property=\"og:locale\" content=\"es_ES\" \/>\n<meta property=\"og:type\" content=\"article\" \/>\n<meta property=\"og:title\" content=\"Fern\u00e1ndez pidi\u00f3 la intervenci\u00f3n de la justicia por el tema pesca - Infoecos\" \/>\n<meta property=\"og:description\" content=\"El intendente de Trenque Lauquen, Miguel Fern\u00e1ndez, anunci\u00f3 el pedido de investigaci\u00f3n ante la justicia...\" \/>\n<meta property=\"og:url\" content=\"https:\/\/infoecos.com.ar\/index.php\/fernandez-pidio-la-intervencion-de-la-justicia-por-el-tema-pesca\/\" \/>\n<meta property=\"og:site_name\" content=\"Infoecos\" \/>\n<meta property=\"article:publisher\" content=\"https:\/\/www.facebook.com\/profile.php?id=100063200290284\" \/>\n<meta property=\"article:published_time\" content=\"2020-10-07T14:17:29+00:00\" \/>\n<meta property=\"article:modified_time\" content=\"2020-10-07T14:22:49+00:00\" \/>\n<meta property=\"og:image\" content=\"https:\/\/infoecos.com.ar\/wp-content\/uploads\/2020\/10\/Pesca-carpa-Berutti-6-1080x675-1.jpg\" \/>\n\t<meta property=\"og:image:width\" content=\"1080\" \/>\n\t<meta property=\"og:image:height\" content=\"675\" \/>\n\t<meta property=\"og:image:type\" content=\"image\/jpeg\" \/>\n<meta name=\"author\" content=\"Margarita Cisneros\" \/>\n<meta name=\"twitter:card\" content=\"summary_large_image\" \/>\n<meta name=\"twitter:creator\" content=\"@infoecos\" \/>\n<meta name=\"twitter:site\" content=\"@infoecos\" \/>\n<meta name=\"twitter:label1\" content=\"Escrito por\" \/>\n\t<meta name=\"twitter:data1\" content=\"Margarita Cisneros\" \/>\n\t<meta name=\"twitter:label2\" content=\"Tiempo de lectura\" \/>\n\t<meta name=\"twitter:data2\" content=\"2 minutos\" \/>\n<script type=\"application\/ld+json\" class=\"yoast-schema-graph\">{\"@context\":\"https:\/\/schema.org\",\"@graph\":[{\"@type\":\"Article\",\"@id\":\"https:\/\/infoecos.com.ar\/index.php\/fernandez-pidio-la-intervencion-de-la-justicia-por-el-tema-pesca\/#article\",\"isPartOf\":{\"@id\":\"https:\/\/infoecos.com.ar\/index.php\/fernandez-pidio-la-intervencion-de-la-justicia-por-el-tema-pesca\/\"},\"author\":{\"name\":\"Margarita Cisneros\",\"@id\":\"https:\/\/infoecos.com.ar\/#\/schema\/person\/48f2cde645edc65d1d8cf93fa42e0953\"},\"headline\":\"Fern\u00e1ndez pidi\u00f3 la intervenci\u00f3n de la justicia por el tema pesca\",\"datePublished\":\"2020-10-07T14:17:29+00:00\",\"dateModified\":\"2020-10-07T14:22:49+00:00\",\"mainEntityOfPage\":{\"@id\":\"https:\/\/infoecos.com.ar\/index.php\/fernandez-pidio-la-intervencion-de-la-justicia-por-el-tema-pesca\/\"},\"wordCount\":513,\"publisher\":{\"@id\":\"https:\/\/infoecos.com.ar\/#organization\"},\"image\":{\"@id\":\"https:\/\/infoecos.com.ar\/index.php\/fernandez-pidio-la-intervencion-de-la-justicia-por-el-tema-pesca\/#primaryimage\"},\"thumbnailUrl\":\"https:\/\/infoecos.com.ar\/wp-content\/uploads\/2020\/10\/Pesca-carpa-Berutti-6-1080x675-1.jpg\",\"keywords\":[\"POR UNA DENUNCIA EN REDES SOCIALES\"],\"articleSection\":[\"Noticia Principal\"],\"inLanguage\":\"es\"},{\"@type\":\"WebPage\",\"@id\":\"https:\/\/infoecos.com.ar\/index.php\/fernandez-pidio-la-intervencion-de-la-justicia-por-el-tema-pesca\/\",\"url\":\"https:\/\/infoecos.com.ar\/index.php\/fernandez-pidio-la-intervencion-de-la-justicia-por-el-tema-pesca\/\",\"name\":\"Fern\u00e1ndez pidi\u00f3 la intervenci\u00f3n de la justicia por el tema pesca - Infoecos\",\"isPartOf\":{\"@id\":\"https:\/\/infoecos.com.ar\/#website\"},\"primaryImageOfPage\":{\"@id\":\"https:\/\/infoecos.com.ar\/index.php\/fernandez-pidio-la-intervencion-de-la-justicia-por-el-tema-pesca\/#primaryimage\"},\"image\":{\"@id\":\"https:\/\/infoecos.com.ar\/index.php\/fernandez-pidio-la-intervencion-de-la-justicia-por-el-tema-pesca\/#primaryimage\"},\"thumbnailUrl\":\"https:\/\/infoecos.com.ar\/wp-content\/uploads\/2020\/10\/Pesca-carpa-Berutti-6-1080x675-1.jpg\",\"datePublished\":\"2020-10-07T14:17:29+00:00\",\"dateModified\":\"2020-10-07T14:22:49+00:00\",\"breadcrumb\":{\"@id\":\"https:\/\/infoecos.com.ar\/index.php\/fernandez-pidio-la-intervencion-de-la-justicia-por-el-tema-pesca\/#breadcrumb\"},\"inLanguage\":\"es\",\"potentialAction\":[{\"@type\":\"ReadAction\",\"target\":[\"https:\/\/infoecos.com.ar\/index.php\/fernandez-pidio-la-intervencion-de-la-justicia-por-el-tema-pesca\/\"]}]},{\"@type\":\"ImageObject\",\"inLanguage\":\"es\",\"@id\":\"https:\/\/infoecos.com.ar\/index.php\/fernandez-pidio-la-intervencion-de-la-justicia-por-el-tema-pesca\/#primaryimage\",\"url\":\"https:\/\/infoecos.com.ar\/wp-content\/uploads\/2020\/10\/Pesca-carpa-Berutti-6-1080x675-1.jpg\",\"contentUrl\":\"https:\/\/infoecos.com.ar\/wp-content\/uploads\/2020\/10\/Pesca-carpa-Berutti-6-1080x675-1.jpg\",\"width\":1080,\"height\":675},{\"@type\":\"BreadcrumbList\",\"@id\":\"https:\/\/infoecos.com.ar\/index.php\/fernandez-pidio-la-intervencion-de-la-justicia-por-el-tema-pesca\/#breadcrumb\",\"itemListElement\":[{\"@type\":\"ListItem\",\"position\":1,\"name\":\"Portada\",\"item\":\"https:\/\/infoecos.com.ar\/\"},{\"@type\":\"ListItem\",\"position\":2,\"name\":\"Fern\u00e1ndez pidi\u00f3 la intervenci\u00f3n de la justicia por el tema pesca\"}]},{\"@type\":\"WebSite\",\"@id\":\"https:\/\/infoecos.com.ar\/#website\",\"url\":\"https:\/\/infoecos.com.ar\/\",\"name\":\"Infoecos\",\"description\":\"Noticias de trenque lauquen y la zona\",\"publisher\":{\"@id\":\"https:\/\/infoecos.com.ar\/#organization\"},\"alternateName\":\"Noticias\",\"potentialAction\":[{\"@type\":\"SearchAction\",\"target\":{\"@type\":\"EntryPoint\",\"urlTemplate\":\"https:\/\/infoecos.com.ar\/?s={search_term_string}\"},\"query-input\":{\"@type\":\"PropertyValueSpecification\",\"valueRequired\":true,\"valueName\":\"search_term_string\"}}],\"inLanguage\":\"es\"},{\"@type\":\"Organization\",\"@id\":\"https:\/\/infoecos.com.ar\/#organization\",\"name\":\"Infoecos\",\"alternateName\":\"Noticias\",\"url\":\"https:\/\/infoecos.com.ar\/\",\"logo\":{\"@type\":\"ImageObject\",\"inLanguage\":\"es\",\"@id\":\"https:\/\/infoecos.com.ar\/#\/schema\/logo\/image\/\",\"url\":\"https:\/\/infoecos.com.ar\/wp-content\/uploads\/2024\/03\/cropped-logo.png\",\"contentUrl\":\"https:\/\/infoecos.com.ar\/wp-content\/uploads\/2024\/03\/cropped-logo.png\",\"width\":374,\"height\":90,\"caption\":\"Infoecos\"},\"image\":{\"@id\":\"https:\/\/infoecos.com.ar\/#\/schema\/logo\/image\/\"},\"sameAs\":[\"https:\/\/www.facebook.com\/profile.php?id=100063200290284\",\"https:\/\/x.com\/infoecos\"]},{\"@type\":\"Person\",\"@id\":\"https:\/\/infoecos.com.ar\/#\/schema\/person\/48f2cde645edc65d1d8cf93fa42e0953\",\"name\":\"Margarita Cisneros\",\"url\":\"https:\/\/infoecos.com.ar\/index.php\/author\/mcisneros\/\"}]}<\/script>\n<!-- \/ Yoast SEO plugin. -->","yoast_head_json":{"title":"Fern\u00e1ndez pidi\u00f3 la intervenci\u00f3n de la justicia por el tema pesca - Infoecos","robots":{"index":"index","follow":"follow","max-snippet":"max-snippet:-1","max-image-preview":"max-image-preview:large","max-video-preview":"max-video-preview:-1"},"canonical":"https:\/\/infoecos.com.ar\/index.php\/fernandez-pidio-la-intervencion-de-la-justicia-por-el-tema-pesca\/","og_locale":"es_ES","og_type":"article","og_title":"Fern\u00e1ndez pidi\u00f3 la intervenci\u00f3n de la justicia por el tema pesca - Infoecos","og_description":"El intendente de Trenque Lauquen, Miguel Fern\u00e1ndez, anunci\u00f3 el pedido de investigaci\u00f3n ante la justicia...","og_url":"https:\/\/infoecos.com.ar\/index.php\/fernandez-pidio-la-intervencion-de-la-justicia-por-el-tema-pesca\/","og_site_name":"Infoecos","article_publisher":"https:\/\/www.facebook.com\/profile.php?id=100063200290284","article_published_time":"2020-10-07T14:17:29+00:00","article_modified_time":"2020-10-07T14:22:49+00:00","og_image":[{"width":1080,"height":675,"url":"https:\/\/infoecos.com.ar\/wp-content\/uploads\/2020\/10\/Pesca-carpa-Berutti-6-1080x675-1.jpg","type":"image\/jpeg"}],"author":"Margarita Cisneros","twitter_card":"summary_large_image","twitter_creator":"@infoecos","twitter_site":"@infoecos","twitter_misc":{"Escrito por":"Margarita Cisneros","Tiempo de lectura":"2 minutos"},"schema":{"@context":"https:\/\/schema.org","@graph":[{"@type":"Article","@id":"https:\/\/infoecos.com.ar\/index.php\/fernandez-pidio-la-intervencion-de-la-justicia-por-el-tema-pesca\/#article","isPartOf":{"@id":"https:\/\/infoecos.com.ar\/index.php\/fernandez-pidio-la-intervencion-de-la-justicia-por-el-tema-pesca\/"},"author":{"name":"Margarita Cisneros","@id":"https:\/\/infoecos.com.ar\/#\/schema\/person\/48f2cde645edc65d1d8cf93fa42e0953"},"headline":"Fern\u00e1ndez pidi\u00f3 la intervenci\u00f3n de la justicia por el tema pesca","datePublished":"2020-10-07T14:17:29+00:00","dateModified":"2020-10-07T14:22:49+00:00","mainEntityOfPage":{"@id":"https:\/\/infoecos.com.ar\/index.php\/fernandez-pidio-la-intervencion-de-la-justicia-por-el-tema-pesca\/"},"wordCount":513,"publisher":{"@id":"https:\/\/infoecos.com.ar\/#organization"},"image":{"@id":"https:\/\/infoecos.com.ar\/index.php\/fernandez-pidio-la-intervencion-de-la-justicia-por-el-tema-pesca\/#primaryimage"},"thumbnailUrl":"https:\/\/infoecos.com.ar\/wp-content\/uploads\/2020\/10\/Pesca-carpa-Berutti-6-1080x675-1.jpg","keywords":["POR UNA DENUNCIA EN REDES SOCIALES"],"articleSection":["Noticia Principal"],"inLanguage":"es"},{"@type":"WebPage","@id":"https:\/\/infoecos.com.ar\/index.php\/fernandez-pidio-la-intervencion-de-la-justicia-por-el-tema-pesca\/","url":"https:\/\/infoecos.com.ar\/index.php\/fernandez-pidio-la-intervencion-de-la-justicia-por-el-tema-pesca\/","name":"Fern\u00e1ndez pidi\u00f3 la intervenci\u00f3n de la justicia por el tema pesca - Infoecos","isPartOf":{"@id":"https:\/\/infoecos.com.ar\/#website"},"primaryImageOfPage":{"@id":"https:\/\/infoecos.com.ar\/index.php\/fernandez-pidio-la-intervencion-de-la-justicia-por-el-tema-pesca\/#primaryimage"},"image":{"@id":"https:\/\/infoecos.com.ar\/index.php\/fernandez-pidio-la-intervencion-de-la-justicia-por-el-tema-pesca\/#primaryimage"},"thumbnailUrl":"https:\/\/infoecos.com.ar\/wp-content\/uploads\/2020\/10\/Pesca-carpa-Berutti-6-1080x675-1.jpg","datePublished":"2020-10-07T14:17:29+00:00","dateModified":"2020-10-07T14:22:49+00:00","breadcrumb":{"@id":"https:\/\/infoecos.com.ar\/index.php\/fernandez-pidio-la-intervencion-de-la-justicia-por-el-tema-pesca\/#breadcrumb"},"inLanguage":"es","potentialAction":[{"@type":"ReadAction","target":["https:\/\/infoecos.com.ar\/index.php\/fernandez-pidio-la-intervencion-de-la-justicia-por-el-tema-pesca\/"]}]},{"@type":"ImageObject","inLanguage":"es","@id":"https:\/\/infoecos.com.ar\/index.php\/fernandez-pidio-la-intervencion-de-la-justicia-por-el-tema-pesca\/#primaryimage","url":"https:\/\/infoecos.com.ar\/wp-content\/uploads\/2020\/10\/Pesca-carpa-Berutti-6-1080x675-1.jpg","contentUrl":"https:\/\/infoecos.com.ar\/wp-content\/uploads\/2020\/10\/Pesca-carpa-Berutti-6-1080x675-1.jpg","width":1080,"height":675},{"@type":"BreadcrumbList","@id":"https:\/\/infoecos.com.ar\/index.php\/fernandez-pidio-la-intervencion-de-la-justicia-por-el-tema-pesca\/#breadcrumb","itemListElement":[{"@type":"ListItem","position":1,"name":"Portada","item":"https:\/\/infoecos.com.ar\/"},{"@type":"ListItem","position":2,"name":"Fern\u00e1ndez pidi\u00f3 la intervenci\u00f3n de la justicia por el tema pesca"}]},{"@type":"WebSite","@id":"https:\/\/infoecos.com.ar\/#website","url":"https:\/\/infoecos.com.ar\/","name":"Infoecos","description":"Noticias de trenque lauquen y la zona","publisher":{"@id":"https:\/\/infoecos.com.ar\/#organization"},"alternateName":"Noticias","potentialAction":[{"@type":"SearchAction","target":{"@type":"EntryPoint","urlTemplate":"https:\/\/infoecos.com.ar\/?s={search_term_string}"},"query-input":{"@type":"PropertyValueSpecification","valueRequired":true,"valueName":"search_term_string"}}],"inLanguage":"es"},{"@type":"Organization","@id":"https:\/\/infoecos.com.ar\/#organization","name":"Infoecos","alternateName":"Noticias","url":"https:\/\/infoecos.com.ar\/","logo":{"@type":"ImageObject","inLanguage":"es","@id":"https:\/\/infoecos.com.ar\/#\/schema\/logo\/image\/","url":"https:\/\/infoecos.com.ar\/wp-content\/uploads\/2024\/03\/cropped-logo.png","contentUrl":"https:\/\/infoecos.com.ar\/wp-content\/uploads\/2024\/03\/cropped-logo.png","width":374,"height":90,"caption":"Infoecos"},"image":{"@id":"https:\/\/infoecos.com.ar\/#\/schema\/logo\/image\/"},"sameAs":["https:\/\/www.facebook.com\/profile.php?id=100063200290284","https:\/\/x.com\/infoecos"]},{"@type":"Person","@id":"https:\/\/infoecos.com.ar\/#\/schema\/person\/48f2cde645edc65d1d8cf93fa42e0953","name":"Margarita Cisneros","url":"https:\/\/infoecos.com.ar\/index.php\/author\/mcisneros\/"}]}},"featured_image_urls":{"full":["https:\/\/infoecos.com.ar\/wp-content\/uploads\/2020\/10\/Pesca-carpa-Berutti-6-1080x675-1.jpg",1080,675,false],"thumbnail":["https:\/\/infoecos.com.ar\/wp-content\/uploads\/2020\/10\/Pesca-carpa-Berutti-6-1080x675-1-150x150.jpg",150,150,true],"medium":["https:\/\/infoecos.com.ar\/wp-content\/uploads\/2020\/10\/Pesca-carpa-Berutti-6-1080x675-1-460x288.jpg",460,288,true],"medium_large":["https:\/\/infoecos.com.ar\/wp-content\/uploads\/2020\/10\/Pesca-carpa-Berutti-6-1080x675-1-768x480.jpg",640,400,true],"large":["https:\/\/infoecos.com.ar\/wp-content\/uploads\/2020\/10\/Pesca-carpa-Berutti-6-1080x675-1-920x575.jpg",640,400,true],"1536x1536":["https:\/\/infoecos.com.ar\/wp-content\/uploads\/2020\/10\/Pesca-carpa-Berutti-6-1080x675-1.jpg",1080,675,false],"2048x2048":["https:\/\/infoecos.com.ar\/wp-content\/uploads\/2020\/10\/Pesca-carpa-Berutti-6-1080x675-1.jpg",1080,675,false],"covernews-slider-full":["https:\/\/infoecos.com.ar\/wp-content\/uploads\/2020\/10\/Pesca-carpa-Berutti-6-1080x675-1.jpg",1080,675,false],"covernews-slider-center":["https:\/\/infoecos.com.ar\/wp-content\/uploads\/2020\/10\/Pesca-carpa-Berutti-6-1080x675-1-936x675.jpg",693,500,true],"covernews-featured":["https:\/\/infoecos.com.ar\/wp-content\/uploads\/2020\/10\/Pesca-carpa-Berutti-6-1080x675-1-1024x640.jpg",1024,640,true],"covernews-medium":["https:\/\/infoecos.com.ar\/wp-content\/uploads\/2020\/10\/Pesca-carpa-Berutti-6-1080x675-1-720x380.jpg",540,285,true],"covernews-medium-square":["https:\/\/infoecos.com.ar\/wp-content\/uploads\/2020\/10\/Pesca-carpa-Berutti-6-1080x675-1-675x450.jpg",375,250,true]},"author_info":{"info":["Margarita Cisneros"]},"category_info":"<a href=\"https:\/\/infoecos.com.ar\/index.php\/category\/noticia-principal\/\" rel=\"category tag\">Noticia Principal<\/a>","tag_info":"Noticia Principal","comment_count":"0","_links":{"self":[{"href":"https:\/\/infoecos.com.ar\/index.php\/wp-json\/wp\/v2\/posts\/69152"}],"collection":[{"href":"https:\/\/infoecos.com.ar\/index.php\/wp-json\/wp\/v2\/posts"}],"about":[{"href":"https:\/\/infoecos.com.ar\/index.php\/wp-json\/wp\/v2\/types\/post"}],"author":[{"embeddable":true,"href":"https:\/\/infoecos.com.ar\/index.php\/wp-json\/wp\/v2\/users\/3"}],"replies":[{"embeddable":true,"href":"https:\/\/infoecos.com.ar\/index.php\/wp-json\/wp\/v2\/comments?post=69152"}],"version-history":[{"count":1,"href":"https:\/\/infoecos.com.ar\/index.php\/wp-json\/wp\/v2\/posts\/69152\/revisions"}],"predecessor-version":[{"id":69157,"href":"https:\/\/infoecos.com.ar\/index.php\/wp-json\/wp\/v2\/posts\/69152\/revisions\/69157"}],"wp:featuredmedia":[{"embeddable":true,"href":"https:\/\/infoecos.com.ar\/index.php\/wp-json\/wp\/v2\/media\/69154"}],"wp:attachment":[{"href":"https:\/\/infoecos.com.ar\/index.php\/wp-json\/wp\/v2\/media?parent=69152"}],"wp:term":[{"taxonomy":"category","embeddable":true,"href":"https:\/\/infoecos.com.ar\/index.php\/wp-json\/wp\/v2\/categories?post=69152"},{"taxonomy":"post_tag","embeddable":true,"href":"https:\/\/infoecos.com.ar\/index.php\/wp-json\/wp\/v2\/tags?post=69152"}],"curies":[{"name":"wp","href":"https:\/\/api.w.org\/{rel}","templated":true}]}}